{"id":3347,"date":"2021-03-28T19:57:10","date_gmt":"2021-03-28T16:57:10","guid":{"rendered":"https:\/\/hotnewsinworld.com\/pt\/pandemia-agravou-desigualdades-na-reparticao-da-riqueza-em-portugal\/"},"modified":"2021-03-28T19:57:12","modified_gmt":"2021-03-28T16:57:12","slug":"pandemia-agravou-desigualdades-na-reparticao-da-riqueza-em-portugal","status":"publish","type":"post","link":"https:\/\/hotnewsinworld.com\/pt\/pandemia-agravou-desigualdades-na-reparticao-da-riqueza-em-portugal\/","title":{"rendered":"Pandemia agravou desigualdades na reparti\u00e7\u00e3o da riqueza em Portugal"},"content":{"rendered":"<p>JN\/Ag\u00eanciasHoje\u00a0\u00e0s\u00a016:38Um estudo do economista Eug\u00e9nio Rosa concluiu que a crise econ\u00f3mica e social causada pela pandemia est\u00e1 &#8220;a agravar ainda mais as desigualdades&#8221; salariais e na reparti\u00e7\u00e3o da riqueza, que &#8220;j\u00e1 eram enormes&#8221; em Portugal antes da covid-19.&#8221;A grave crise econ\u00f3mica e social causada pela pandemia, que obrigou ao confinamento e ao fecho, nomeadamente dos setores mais d\u00e9beis da economia, com perdas de emprego, de rendimentos e fecho de empresas, est\u00e1 a agravar ainda mais as desigualdades que j\u00e1 eram enormes no nosso pa\u00eds antes da covid&#8221;, l\u00ea-se no estudo, divulgado este domingo.No trabalho, Eug\u00e9nio Rosa analisa &#8220;o aumento da desigualdade na reparti\u00e7\u00e3o da riqueza criada no pa\u00eds (PIB &#8212; Produto Interno Bruto) entre os trabalhadores e os &#8216;donos do capital&#8217; no per\u00edodo 2008\/2019, assim como as profundas desigualdades salariais que existem entre os pr\u00f3prios trabalhadores e trabalhadoras, que n\u00e3o s\u00e3o apenas de g\u00e9nero, e que permitem \u00e0s entidades patronais apropriarem-se de uma parte ainda maior da riqueza criada no pa\u00eds&#8221;.&#8221;\u00c9 este contexto de enormes desigualdades que j\u00e1 existiam antes da pandemia que torna mais grave a situa\u00e7\u00e3o atual&#8221;, sustenta o economista.Tendo por base os dados das contas nacionais divulgados pelo Instituto Nacional de Estat\u00edstica (INE), o investigador &#8212; licenciado em Economia e doutorado pelo Instituto Superior de Economia e Gest\u00e3o (ISEG) &#8212; avan\u00e7a que a diferen\u00e7a entre os sal\u00e1rios recebidos pelos trabalhadores e o Excedente Bruto de Explora\u00e7\u00e3o recebido pelos &#8216;donos do capital&#8217; aumentou 75,6% entre 2008 e 2019, de 7303 milh\u00f5es para 12 828 milh\u00f5es de euros.Isto porque se em 2008 os trabalhadores receberam 65 454 milh\u00f5es de euros (36,5% do PIB) em &#8216;ordenados e sal\u00e1rios&#8217; e os &#8220;donos do capital&#8221; receberam 72 757 milh\u00f5es de euros (40,6% do PIB) em Excedente Bruto de Explora\u00e7\u00e3o, esse valor passou para 74 640 milh\u00f5es de euros (35% do PIB) e 87 468 milh\u00f5es de euros (41% do PIB), respetivamente, em 2019.&#8221;Entre 2008\/2019, o total de &#8216;ordenados e sal\u00e1rios&#8217; recebidos pelos trabalhadores foi inferior ao Excedente Bruto de Explora\u00e7\u00e3o recebido pelos &#8216;donos do capital&#8217; em 149 957 milh\u00f5es de euros, o que agravou enormemente a reparti\u00e7\u00e3o da riqueza criada no nosso pa\u00eds&#8221;, sustenta, precisando que, nesse per\u00edodo, &#8220;a parte do &#8216;trabalho&#8217; no PIB diminuiu de 36,5% para 35% e a do &#8216;capital&#8217; aumentou de 40,6% para 41%&#8221;.Segundo Eug\u00e9nio Rosa, &#8220;esta despropor\u00e7\u00e3o na forma como \u00e9 repartida a riqueza criada no pa\u00eds (PIB) ainda se torna mais clara quando se compara o n\u00famero de trabalhadores com o n\u00famero de &#8216;donos do capital'&#8221;.&#8221;Segundo o INE, no fim do ano de 2020 os &#8216;donos do capital&#8217; &#8211; designados de &#8216;Trabalhadores por conta pr\u00f3pria como empregadores&#8217; &#8211; eram apenas 222,6 mil (4,6% do emprego total), que se apropriavam de 41% da riqueza criada no pa\u00eds (PIB), enquanto o n\u00famero de trabalhadores por conta de outrem eram 4 044 800 (83,2% do emprego total), que recebiam apenas 35% da riqueza criada no pa\u00eds (PIB)&#8221;, refere.No estudo divulgado este domingo, o economista aponta ainda a &#8220;grande desigualdade salarial&#8221; existente entre trabalhadores, sustentando que disso &#8220;se aproveitam as empresas&#8221;.&#8221;Portugal \u00e9 um pa\u00eds de baixos sal\u00e1rios (em 2019, o custo da m\u00e3o de obra no nosso pa\u00eds correspondia apenas a 51% da m\u00e9dia dos pa\u00edses da Uni\u00e3o Europeia e a 46% dos da Zona do Euro, segundo o Eurostat). Para al\u00e9m disso, tamb\u00e9m se verifica uma grande desigualdade salarial entre os pr\u00f3prios trabalhadores, imposta pelos patr\u00f5es para aumentar a explora\u00e7\u00e3o&#8221;, afirma.Recorrendo aos mais recentes dados dispon\u00edveis (referentes a 2018, mas divulgados em 2021) relativos aos ganhos dos quadros das empresas enviados ao Minist\u00e9rio do Trabalho, Eug\u00e9nio Rosa come\u00e7a por comparar os ganhos anuais mais elevados (9.\u00ba decil) com os ganhos anuais mais baixos (1.\u00ba decil), concluindo que &#8220;o ganho mais elevado dos homens \u00e9 3,7 vezes superior ao dos homens com ganho mais baixo&#8221; e &#8220;o ganho das mulheres que recebem mais \u00e9 3,6 vezes superior ao das que ganham menos&#8221;.J\u00e1 comparando os ganhos dos homens com os das mulheres, o investigador d\u00e1 conta de &#8220;desigualdades enormes&#8221;: no escal\u00e3o mais baixo, o ganho do homem \u00e9 superior ao da mulher em 381 euros\/ano, enquanto no escal\u00e3o mais alto este diferencial ascende a 6127 euros\/ano.Analisando o ganho mais frequente (a moda, ou seja, o valor recebido pela maior parte dos trabalhadores e trabalhadoras), verifica-se que o das mulheres era 8500 euros\/ano (607 euros\/m\u00eas) e o dos homens 8881 euros\/ano (634 euros\/m\u00eas), enquanto a mediana era de 13 821 euros\/ano (987 euros\/m\u00eas) para os homens e de 11 891 euros\/ano (849 euros\/m\u00eas) para as mulheres.&#8221;As desigualdades salariais no seio dos pr\u00f3prios trabalhadores\/as e entre trabalhadores e trabalhadoras \u00e9 aproveitada pelos donos do capital para aumentar a explora\u00e7\u00e3o de quem trabalha, para assim aumentar a parcela da riqueza criada de que se apropriam&#8221;, considera Eug\u00e9nio Rosa.A este cen\u00e1rio junta-se uma pol\u00edtica fiscal &#8220;profundamente injusta&#8221;, sublinha.Como exemplos, \u00e9 dado o recente caso da EDP\/Engie &#8211; que, atrav\u00e9s de um planeamento fiscal agressivo, conseguiu n\u00e3o pagar 110 milh\u00f5es de euros de impostos &#8212; e o do n\u00e3o pagamento de IRS pelos reformados dos pa\u00edses ricos, o que levou a ministra das Finan\u00e7as sueca a falar da &#8216;ingenuidade&#8217; portuguesa&#8221;.<br \/>\n<br \/>\n<!--noindex--><br \/>\n<a href=\"http:\/\/feeds.jn.pt\/~r\/JN-ECONOMIA\/~3\/JgT_-268oek\/pandemia-agravou-desigualdades-na-reparticao-da-riqueza-em-portugal--13509779.html\" rel=\"nofollow\">Source link <\/a><br \/>\n<!--\/noindex--><\/p>\n","protected":false},"excerpt":{"rendered":"<p>JN\/Ag\u00eanciasHoje\u00a0\u00e0s\u00a016:38Um estudo do economista Eug\u00e9nio Rosa concluiu que a crise econ\u00f3mica e social causada pela pandemia est\u00e1 &#8220;a agravar ainda mais as desigualdades&#8221; salariais e na reparti\u00e7\u00e3o da riqueza, que &#8220;j\u00e1 eram enormes&#8221; em Portugal antes da covid-19.&#8221;A grave crise econ\u00f3mica e social causada pela pandemia, que obrigou ao confinamento e ao fecho, nomeadamente dos [&hellip;]<\/p>\n","protected":false},"author":2,"featured_media":3348,"comment_status":"open","ping_status":"open","sticky":false,"template":"","format":"standard","meta":{"footnotes":""},"categories":[1],"tags":[],"class_list":["post-3347","post","type-post","status-publish","format-standard","has-post-thumbnail","hentry","category-ultimas-noticias-financeiras"],"yoast_head":"<!-- This site is optimized with the Yoast SEO plugin v27.4 - https:\/\/yoast.com\/product\/yoast-seo-wordpress\/ -->\n<title>Pandemia agravou desigualdades na reparti\u00e7\u00e3o da riqueza em Portugal - Hot News in World<\/title>\n<meta name=\"robots\" content=\"index, follow, max-snippet:-1, max-image-preview:large, max-video-preview:-1\" \/>\n<link rel=\"canonical\" href=\"https:\/\/hotnewsinworld.com\/pt\/pandemia-agravou-desigualdades-na-reparticao-da-riqueza-em-portugal\/\" \/>\n<meta property=\"og:locale\" content=\"pt_PT\" \/>\n<meta property=\"og:type\" content=\"article\" \/>\n<meta property=\"og:title\" content=\"Pandemia agravou desigualdades na reparti\u00e7\u00e3o da riqueza em Portugal - Hot News in World\" \/>\n<meta property=\"og:description\" content=\"JN\/Ag\u00eanciasHoje\u00a0\u00e0s\u00a016:38Um estudo do economista Eug\u00e9nio Rosa concluiu que a crise econ\u00f3mica e social causada pela pandemia est\u00e1 &#8220;a agravar ainda mais as desigualdades&#8221; salariais e na reparti\u00e7\u00e3o da riqueza, que &#8220;j\u00e1 eram enormes&#8221; em Portugal antes da covid-19.&#8221;A grave crise econ\u00f3mica e social causada pela pandemia, que obrigou ao confinamento e ao fecho, nomeadamente dos [&hellip;]\" \/>\n<meta property=\"og:url\" content=\"https:\/\/hotnewsinworld.com\/pt\/pandemia-agravou-desigualdades-na-reparticao-da-riqueza-em-portugal\/\" \/>\n<meta property=\"og:site_name\" content=\"Hot News in World\" \/>\n<meta property=\"article:published_time\" content=\"2021-03-28T16:57:10+00:00\" \/>\n<meta property=\"article:modified_time\" content=\"2021-03-28T16:57:12+00:00\" \/>\n<meta property=\"og:image\" content=\"https:\/\/hotnewsinworld.com\/pt\/wp-content\/uploads\/sites\/2\/2021\/03\/Pandemia-agravou-desigualdades-na-reparticao-da-riqueza-em-Portugal.jpg\" \/>\n\t<meta property=\"og:image:width\" content=\"800\" \/>\n\t<meta property=\"og:image:height\" content=\"420\" \/>\n\t<meta property=\"og:image:type\" content=\"image\/jpeg\" \/>\n<meta name=\"author\" content=\"hotnewsinworld\" \/>\n<meta name=\"twitter:card\" content=\"summary_large_image\" \/>\n<meta name=\"twitter:label1\" content=\"Escrito por\" \/>\n\t<meta name=\"twitter:data1\" content=\"hotnewsinworld\" \/>\n\t<meta name=\"twitter:label2\" content=\"Tempo estimado de leitura\" \/>\n\t<meta name=\"twitter:data2\" content=\"4 minutos\" \/>\n<script type=\"application\/ld+json\" class=\"yoast-schema-graph\">{\"@context\":\"https:\\\/\\\/schema.org\",\"@graph\":[{\"@type\":\"Article\",\"@id\":\"https:\\\/\\\/hotnewsinworld.com\\\/pt\\\/pandemia-agravou-desigualdades-na-reparticao-da-riqueza-em-portugal\\\/#article\",\"isPartOf\":{\"@id\":\"https:\\\/\\\/hotnewsinworld.com\\\/pt\\\/pandemia-agravou-desigualdades-na-reparticao-da-riqueza-em-portugal\\\/\"},\"author\":{\"name\":\"hotnewsinworld\",\"@id\":\"https:\\\/\\\/hotnewsinworld.com\\\/pt\\\/#\\\/schema\\\/person\\\/fe61448b21c0d59086e75fcc1f9d8f6b\"},\"headline\":\"Pandemia agravou desigualdades na reparti\u00e7\u00e3o da riqueza em Portugal\",\"datePublished\":\"2021-03-28T16:57:10+00:00\",\"dateModified\":\"2021-03-28T16:57:12+00:00\",\"mainEntityOfPage\":{\"@id\":\"https:\\\/\\\/hotnewsinworld.com\\\/pt\\\/pandemia-agravou-desigualdades-na-reparticao-da-riqueza-em-portugal\\\/\"},\"wordCount\":900,\"commentCount\":0,\"image\":{\"@id\":\"https:\\\/\\\/hotnewsinworld.com\\\/pt\\\/pandemia-agravou-desigualdades-na-reparticao-da-riqueza-em-portugal\\\/#primaryimage\"},\"thumbnailUrl\":\"https:\\\/\\\/hotnewsinworld.com\\\/pt\\\/wp-content\\\/uploads\\\/sites\\\/2\\\/2021\\\/03\\\/Pandemia-agravou-desigualdades-na-reparticao-da-riqueza-em-Portugal.jpg\",\"articleSection\":[\"\u00daLTIMAS NOT\u00cdCIAS FINANCEIRAS\"],\"inLanguage\":\"pt-PT\",\"potentialAction\":[{\"@type\":\"CommentAction\",\"name\":\"Comment\",\"target\":[\"https:\\\/\\\/hotnewsinworld.com\\\/pt\\\/pandemia-agravou-desigualdades-na-reparticao-da-riqueza-em-portugal\\\/#respond\"]}]},{\"@type\":\"WebPage\",\"@id\":\"https:\\\/\\\/hotnewsinworld.com\\\/pt\\\/pandemia-agravou-desigualdades-na-reparticao-da-riqueza-em-portugal\\\/\",\"url\":\"https:\\\/\\\/hotnewsinworld.com\\\/pt\\\/pandemia-agravou-desigualdades-na-reparticao-da-riqueza-em-portugal\\\/\",\"name\":\"Pandemia agravou desigualdades na reparti\u00e7\u00e3o da riqueza em Portugal - Hot News in World\",\"isPartOf\":{\"@id\":\"https:\\\/\\\/hotnewsinworld.com\\\/pt\\\/#website\"},\"primaryImageOfPage\":{\"@id\":\"https:\\\/\\\/hotnewsinworld.com\\\/pt\\\/pandemia-agravou-desigualdades-na-reparticao-da-riqueza-em-portugal\\\/#primaryimage\"},\"image\":{\"@id\":\"https:\\\/\\\/hotnewsinworld.com\\\/pt\\\/pandemia-agravou-desigualdades-na-reparticao-da-riqueza-em-portugal\\\/#primaryimage\"},\"thumbnailUrl\":\"https:\\\/\\\/hotnewsinworld.com\\\/pt\\\/wp-content\\\/uploads\\\/sites\\\/2\\\/2021\\\/03\\\/Pandemia-agravou-desigualdades-na-reparticao-da-riqueza-em-Portugal.jpg\",\"datePublished\":\"2021-03-28T16:57:10+00:00\",\"dateModified\":\"2021-03-28T16:57:12+00:00\",\"author\":{\"@id\":\"https:\\\/\\\/hotnewsinworld.com\\\/pt\\\/#\\\/schema\\\/person\\\/fe61448b21c0d59086e75fcc1f9d8f6b\"},\"breadcrumb\":{\"@id\":\"https:\\\/\\\/hotnewsinworld.com\\\/pt\\\/pandemia-agravou-desigualdades-na-reparticao-da-riqueza-em-portugal\\\/#breadcrumb\"},\"inLanguage\":\"pt-PT\",\"potentialAction\":[{\"@type\":\"ReadAction\",\"target\":[\"https:\\\/\\\/hotnewsinworld.com\\\/pt\\\/pandemia-agravou-desigualdades-na-reparticao-da-riqueza-em-portugal\\\/\"]}]},{\"@type\":\"ImageObject\",\"inLanguage\":\"pt-PT\",\"@id\":\"https:\\\/\\\/hotnewsinworld.com\\\/pt\\\/pandemia-agravou-desigualdades-na-reparticao-da-riqueza-em-portugal\\\/#primaryimage\",\"url\":\"https:\\\/\\\/hotnewsinworld.com\\\/pt\\\/wp-content\\\/uploads\\\/sites\\\/2\\\/2021\\\/03\\\/Pandemia-agravou-desigualdades-na-reparticao-da-riqueza-em-Portugal.jpg\",\"contentUrl\":\"https:\\\/\\\/hotnewsinworld.com\\\/pt\\\/wp-content\\\/uploads\\\/sites\\\/2\\\/2021\\\/03\\\/Pandemia-agravou-desigualdades-na-reparticao-da-riqueza-em-Portugal.jpg\",\"width\":800,\"height\":420,\"caption\":\"Pandemia agravou desigualdades na reparti\u00e7\u00e3o da riqueza em Portugal\"},{\"@type\":\"BreadcrumbList\",\"@id\":\"https:\\\/\\\/hotnewsinworld.com\\\/pt\\\/pandemia-agravou-desigualdades-na-reparticao-da-riqueza-em-portugal\\\/#breadcrumb\",\"itemListElement\":[{\"@type\":\"ListItem\",\"position\":1,\"name\":\"\u0413\u043b\u0430\u0432\u043d\u0430\u044f \u0441\u0442\u0440\u0430\u043d\u0438\u0446\u0430\",\"item\":\"https:\\\/\\\/hotnewsinworld.com\\\/pt\\\/\"},{\"@type\":\"ListItem\",\"position\":2,\"name\":\"Pandemia agravou desigualdades na reparti\u00e7\u00e3o da riqueza em Portugal\"}]},{\"@type\":\"WebSite\",\"@id\":\"https:\\\/\\\/hotnewsinworld.com\\\/pt\\\/#website\",\"url\":\"https:\\\/\\\/hotnewsinworld.com\\\/pt\\\/\",\"name\":\"Hot News in World\",\"description\":\"Hot News in World Portugal\",\"potentialAction\":[{\"@type\":\"SearchAction\",\"target\":{\"@type\":\"EntryPoint\",\"urlTemplate\":\"https:\\\/\\\/hotnewsinworld.com\\\/pt\\\/?s={search_term_string}\"},\"query-input\":{\"@type\":\"PropertyValueSpecification\",\"valueRequired\":true,\"valueName\":\"search_term_string\"}}],\"inLanguage\":\"pt-PT\"},{\"@type\":\"Person\",\"@id\":\"https:\\\/\\\/hotnewsinworld.com\\\/pt\\\/#\\\/schema\\\/person\\\/fe61448b21c0d59086e75fcc1f9d8f6b\",\"name\":\"hotnewsinworld\",\"image\":{\"@type\":\"ImageObject\",\"inLanguage\":\"pt-PT\",\"@id\":\"https:\\\/\\\/secure.gravatar.com\\\/avatar\\\/8a09ac165600ce2e1c38fe593c63928eb1e6e7ba5c5a907d67787c41b3d00c14?s=96&d=mm&r=g\",\"url\":\"https:\\\/\\\/secure.gravatar.com\\\/avatar\\\/8a09ac165600ce2e1c38fe593c63928eb1e6e7ba5c5a907d67787c41b3d00c14?s=96&d=mm&r=g\",\"contentUrl\":\"https:\\\/\\\/secure.gravatar.com\\\/avatar\\\/8a09ac165600ce2e1c38fe593c63928eb1e6e7ba5c5a907d67787c41b3d00c14?s=96&d=mm&r=g\",\"caption\":\"hotnewsinworld\"},\"url\":\"https:\\\/\\\/hotnewsinworld.com\\\/pt\\\/author\\\/pt\\\/\"}]}<\/script>\n<!-- \/ Yoast SEO plugin. -->","yoast_head_json":{"title":"Pandemia agravou desigualdades na reparti\u00e7\u00e3o da riqueza em Portugal - Hot News in World","robots":{"index":"index","follow":"follow","max-snippet":"max-snippet:-1","max-image-preview":"max-image-preview:large","max-video-preview":"max-video-preview:-1"},"canonical":"https:\/\/hotnewsinworld.com\/pt\/pandemia-agravou-desigualdades-na-reparticao-da-riqueza-em-portugal\/","og_locale":"pt_PT","og_type":"article","og_title":"Pandemia agravou desigualdades na reparti\u00e7\u00e3o da riqueza em Portugal - Hot News in World","og_description":"JN\/Ag\u00eanciasHoje\u00a0\u00e0s\u00a016:38Um estudo do economista Eug\u00e9nio Rosa concluiu que a crise econ\u00f3mica e social causada pela pandemia est\u00e1 &#8220;a agravar ainda mais as desigualdades&#8221; salariais e na reparti\u00e7\u00e3o da riqueza, que &#8220;j\u00e1 eram enormes&#8221; em Portugal antes da covid-19.&#8221;A grave crise econ\u00f3mica e social causada pela pandemia, que obrigou ao confinamento e ao fecho, nomeadamente dos [&hellip;]","og_url":"https:\/\/hotnewsinworld.com\/pt\/pandemia-agravou-desigualdades-na-reparticao-da-riqueza-em-portugal\/","og_site_name":"Hot News in World","article_published_time":"2021-03-28T16:57:10+00:00","article_modified_time":"2021-03-28T16:57:12+00:00","og_image":[{"width":800,"height":420,"url":"https:\/\/hotnewsinworld.com\/pt\/wp-content\/uploads\/sites\/2\/2021\/03\/Pandemia-agravou-desigualdades-na-reparticao-da-riqueza-em-Portugal.jpg","type":"image\/jpeg"}],"author":"hotnewsinworld","twitter_card":"summary_large_image","twitter_misc":{"Escrito por":"hotnewsinworld","Tempo estimado de leitura":"4 minutos"},"schema":{"@context":"https:\/\/schema.org","@graph":[{"@type":"Article","@id":"https:\/\/hotnewsinworld.com\/pt\/pandemia-agravou-desigualdades-na-reparticao-da-riqueza-em-portugal\/#article","isPartOf":{"@id":"https:\/\/hotnewsinworld.com\/pt\/pandemia-agravou-desigualdades-na-reparticao-da-riqueza-em-portugal\/"},"author":{"name":"hotnewsinworld","@id":"https:\/\/hotnewsinworld.com\/pt\/#\/schema\/person\/fe61448b21c0d59086e75fcc1f9d8f6b"},"headline":"Pandemia agravou desigualdades na reparti\u00e7\u00e3o da riqueza em Portugal","datePublished":"2021-03-28T16:57:10+00:00","dateModified":"2021-03-28T16:57:12+00:00","mainEntityOfPage":{"@id":"https:\/\/hotnewsinworld.com\/pt\/pandemia-agravou-desigualdades-na-reparticao-da-riqueza-em-portugal\/"},"wordCount":900,"commentCount":0,"image":{"@id":"https:\/\/hotnewsinworld.com\/pt\/pandemia-agravou-desigualdades-na-reparticao-da-riqueza-em-portugal\/#primaryimage"},"thumbnailUrl":"https:\/\/hotnewsinworld.com\/pt\/wp-content\/uploads\/sites\/2\/2021\/03\/Pandemia-agravou-desigualdades-na-reparticao-da-riqueza-em-Portugal.jpg","articleSection":["\u00daLTIMAS NOT\u00cdCIAS FINANCEIRAS"],"inLanguage":"pt-PT","potentialAction":[{"@type":"CommentAction","name":"Comment","target":["https:\/\/hotnewsinworld.com\/pt\/pandemia-agravou-desigualdades-na-reparticao-da-riqueza-em-portugal\/#respond"]}]},{"@type":"WebPage","@id":"https:\/\/hotnewsinworld.com\/pt\/pandemia-agravou-desigualdades-na-reparticao-da-riqueza-em-portugal\/","url":"https:\/\/hotnewsinworld.com\/pt\/pandemia-agravou-desigualdades-na-reparticao-da-riqueza-em-portugal\/","name":"Pandemia agravou desigualdades na reparti\u00e7\u00e3o da riqueza em Portugal - Hot News in World","isPartOf":{"@id":"https:\/\/hotnewsinworld.com\/pt\/#website"},"primaryImageOfPage":{"@id":"https:\/\/hotnewsinworld.com\/pt\/pandemia-agravou-desigualdades-na-reparticao-da-riqueza-em-portugal\/#primaryimage"},"image":{"@id":"https:\/\/hotnewsinworld.com\/pt\/pandemia-agravou-desigualdades-na-reparticao-da-riqueza-em-portugal\/#primaryimage"},"thumbnailUrl":"https:\/\/hotnewsinworld.com\/pt\/wp-content\/uploads\/sites\/2\/2021\/03\/Pandemia-agravou-desigualdades-na-reparticao-da-riqueza-em-Portugal.jpg","datePublished":"2021-03-28T16:57:10+00:00","dateModified":"2021-03-28T16:57:12+00:00","author":{"@id":"https:\/\/hotnewsinworld.com\/pt\/#\/schema\/person\/fe61448b21c0d59086e75fcc1f9d8f6b"},"breadcrumb":{"@id":"https:\/\/hotnewsinworld.com\/pt\/pandemia-agravou-desigualdades-na-reparticao-da-riqueza-em-portugal\/#breadcrumb"},"inLanguage":"pt-PT","potentialAction":[{"@type":"ReadAction","target":["https:\/\/hotnewsinworld.com\/pt\/pandemia-agravou-desigualdades-na-reparticao-da-riqueza-em-portugal\/"]}]},{"@type":"ImageObject","inLanguage":"pt-PT","@id":"https:\/\/hotnewsinworld.com\/pt\/pandemia-agravou-desigualdades-na-reparticao-da-riqueza-em-portugal\/#primaryimage","url":"https:\/\/hotnewsinworld.com\/pt\/wp-content\/uploads\/sites\/2\/2021\/03\/Pandemia-agravou-desigualdades-na-reparticao-da-riqueza-em-Portugal.jpg","contentUrl":"https:\/\/hotnewsinworld.com\/pt\/wp-content\/uploads\/sites\/2\/2021\/03\/Pandemia-agravou-desigualdades-na-reparticao-da-riqueza-em-Portugal.jpg","width":800,"height":420,"caption":"Pandemia agravou desigualdades na reparti\u00e7\u00e3o da riqueza em Portugal"},{"@type":"BreadcrumbList","@id":"https:\/\/hotnewsinworld.com\/pt\/pandemia-agravou-desigualdades-na-reparticao-da-riqueza-em-portugal\/#breadcrumb","itemListElement":[{"@type":"ListItem","position":1,"name":"\u0413\u043b\u0430\u0432\u043d\u0430\u044f \u0441\u0442\u0440\u0430\u043d\u0438\u0446\u0430","item":"https:\/\/hotnewsinworld.com\/pt\/"},{"@type":"ListItem","position":2,"name":"Pandemia agravou desigualdades na reparti\u00e7\u00e3o da riqueza em Portugal"}]},{"@type":"WebSite","@id":"https:\/\/hotnewsinworld.com\/pt\/#website","url":"https:\/\/hotnewsinworld.com\/pt\/","name":"Hot News in World","description":"Hot News in World Portugal","potentialAction":[{"@type":"SearchAction","target":{"@type":"EntryPoint","urlTemplate":"https:\/\/hotnewsinworld.com\/pt\/?s={search_term_string}"},"query-input":{"@type":"PropertyValueSpecification","valueRequired":true,"valueName":"search_term_string"}}],"inLanguage":"pt-PT"},{"@type":"Person","@id":"https:\/\/hotnewsinworld.com\/pt\/#\/schema\/person\/fe61448b21c0d59086e75fcc1f9d8f6b","name":"hotnewsinworld","image":{"@type":"ImageObject","inLanguage":"pt-PT","@id":"https:\/\/secure.gravatar.com\/avatar\/8a09ac165600ce2e1c38fe593c63928eb1e6e7ba5c5a907d67787c41b3d00c14?s=96&d=mm&r=g","url":"https:\/\/secure.gravatar.com\/avatar\/8a09ac165600ce2e1c38fe593c63928eb1e6e7ba5c5a907d67787c41b3d00c14?s=96&d=mm&r=g","contentUrl":"https:\/\/secure.gravatar.com\/avatar\/8a09ac165600ce2e1c38fe593c63928eb1e6e7ba5c5a907d67787c41b3d00c14?s=96&d=mm&r=g","caption":"hotnewsinworld"},"url":"https:\/\/hotnewsinworld.com\/pt\/author\/pt\/"}]}},"_links":{"self":[{"href":"https:\/\/hotnewsinworld.com\/pt\/wp-json\/wp\/v2\/posts\/3347","targetHints":{"allow":["GET"]}}],"collection":[{"href":"https:\/\/hotnewsinworld.com\/pt\/wp-json\/wp\/v2\/posts"}],"about":[{"href":"https:\/\/hotnewsinworld.com\/pt\/wp-json\/wp\/v2\/types\/post"}],"author":[{"embeddable":true,"href":"https:\/\/hotnewsinworld.com\/pt\/wp-json\/wp\/v2\/users\/2"}],"replies":[{"embeddable":true,"href":"https:\/\/hotnewsinworld.com\/pt\/wp-json\/wp\/v2\/comments?post=3347"}],"version-history":[{"count":1,"href":"https:\/\/hotnewsinworld.com\/pt\/wp-json\/wp\/v2\/posts\/3347\/revisions"}],"predecessor-version":[{"id":3349,"href":"https:\/\/hotnewsinworld.com\/pt\/wp-json\/wp\/v2\/posts\/3347\/revisions\/3349"}],"wp:featuredmedia":[{"embeddable":true,"href":"https:\/\/hotnewsinworld.com\/pt\/wp-json\/wp\/v2\/media\/3348"}],"wp:attachment":[{"href":"https:\/\/hotnewsinworld.com\/pt\/wp-json\/wp\/v2\/media?parent=3347"}],"wp:term":[{"taxonomy":"category","embeddable":true,"href":"https:\/\/hotnewsinworld.com\/pt\/wp-json\/wp\/v2\/categories?post=3347"},{"taxonomy":"post_tag","embeddable":true,"href":"https:\/\/hotnewsinworld.com\/pt\/wp-json\/wp\/v2\/tags?post=3347"}],"curies":[{"name":"wp","href":"https:\/\/api.w.org\/{rel}","templated":true}]}}