{"id":3362,"date":"2021-03-31T08:25:38","date_gmt":"2021-03-31T05:25:38","guid":{"rendered":"https:\/\/hotnewsinworld.com\/pt\/envio-dos-apoios-promulgados-ao-constitucional-esta-%e2%80%b3em-ponderacao%e2%80%b3\/"},"modified":"2021-03-31T08:25:44","modified_gmt":"2021-03-31T05:25:44","slug":"envio-dos-apoios-promulgados-ao-constitucional-esta-%e2%80%b3em-ponderacao%e2%80%b3","status":"publish","type":"post","link":"https:\/\/hotnewsinworld.com\/pt\/envio-dos-apoios-promulgados-ao-constitucional-esta-%e2%80%b3em-ponderacao%e2%80%b3\/","title":{"rendered":"Envio dos apoios promulgados ao\u00a0Constitucional est\u00e1 \u2033em pondera\u00e7\u00e3o\u2033"},"content":{"rendered":"<p>JN\/Ag\u00eanciasHoje\u00a0\u00e0s\u00a000:45O Ministro de Estado e das Finan\u00e7as, Jo\u00e3o Le\u00e3o, disse que o envio para o Tribunal Constitucional dos diplomas promulgados pelo Presidente da Rep\u00fablica, Marcelo Rebelo de Sousa, est\u00e1 &#8220;em pondera\u00e7\u00e3o&#8221; por parte do Governo.Questionado na ter\u00e7a-feira durante o programa &#8220;Tudo \u00e9 Economia&#8221;, da RTP3, se o Governo vai enviar para o Tribunal Constitucional os diplomas aprovados por Bel\u00e9m, Jo\u00e3o Le\u00e3o disse que a quest\u00e3o est\u00e1 &#8220;em pondera\u00e7\u00e3o&#8221;. &#8220;O Governo est\u00e1 a avaliar qual \u00e9 a decis\u00e3o que vai tomar&#8221;, adiantou o ministro, depois de ter alertado que &#8220;estar a violar uma norma da Constitui\u00e7\u00e3o e uma norma que serve para garantir a estabilidade financeira do pa\u00eds, em nosso entender \u00e9 um precedente que pode ser muito grave&#8221;. No domingo, o Presidente da Rep\u00fablica, Marcelo Rebelo de Sousa, promulgou tr\u00eas diplomas aprovados pelo parlamento de refor\u00e7o de apoios no \u00e2mbito da pandemia por considerar que n\u00e3o existe uma viola\u00e7\u00e3o indiscut\u00edvel da Constitui\u00e7\u00e3o e as medidas s\u00e3o urgentes &#8211; posi\u00e7\u00e3o que contrariou frontalmente a interpreta\u00e7\u00e3o do Governo.&#8221;O que est\u00e1 aqui em causa n\u00e3o \u00e9 tanto o impacto financeiro da medida, \u00e9 sobretudo o princ\u00edpio. Porque a Constitui\u00e7\u00e3o \u00e9 muito clara ao dizer que o parlamento n\u00e3o pode, durante a execu\u00e7\u00e3o or\u00e7amental, aprovar medidas com impacto na despesa ou na receita&#8221;, disse o ministro das Finan\u00e7as na RTP.Jo\u00e3o Le\u00e3o vincou que a Constitui\u00e7\u00e3o n\u00e3o especifica casos em que a medida em causa tenha &#8220;ou n\u00e3o enquadramento no or\u00e7amento&#8221;, dizendo &#8220;de forma muito clara e taxativa&#8221; que tem uma aplica\u00e7\u00e3o geral. &#8220;Esse \u00e9 um entendimento n\u00e3o s\u00f3 seguido por muitos constitucionalistas mas tamb\u00e9m no Minist\u00e9rio das Finan\u00e7as e nos servi\u00e7os do Minist\u00e9rio das Finan\u00e7as&#8221;, referiu.Quanto ao impacto financeiro da medida, estimado em cerca de 40 milh\u00f5es de euros mensais, Jo\u00e3o Le\u00e3o disse que n\u00e3o ser\u00e1 necess\u00e1rio elaborar um or\u00e7amento retificativo por causa da aprova\u00e7\u00e3o das medidas.&#8221;Vamos tentar enquadrar isso dentro do or\u00e7amento que existe, da Seguran\u00e7a Social&#8221;, referiu, acrescentando que caso haja novos confinamentos a medida poder\u00e1 ter um impacto duradouro nas contas p\u00fablicas.&#8221;N\u00e3o antevemos para j\u00e1 a necessidade de fazer um or\u00e7amento retificativo. Mas chamo \u00e0 aten\u00e7\u00e3o que o mais importante aqui \u00e9 a quest\u00e3o do precedente que \u00e9 criado. As institui\u00e7\u00f5es do pa\u00eds s\u00e3o muito importantes, a sua Constitui\u00e7\u00e3o \u00e9 muito importante, e \u00e9 com boas institui\u00e7\u00f5es que os pa\u00edses conseguem boas pol\u00edticas e promover o seu crescimento&#8221;, concluiu Jo\u00e3o Le\u00e3o.Em rela\u00e7\u00e3o \u00e0 decis\u00e3o do chefe de Estado de promulgar tr\u00eas diplomas aprovados apenas com a oposi\u00e7\u00e3o do PS, o primeiro-ministro, Ant\u00f3nio Costa, apontou na segunda-feira que &#8220;o senhor Presidente da Rep\u00fablica diz na sua mensagem que n\u00e3o h\u00e1 preto e branco, n\u00e3o h\u00e1 normas que violem a lei trav\u00e3o e normas que n\u00e3o violem a lei trav\u00e3o&#8221;.&#8221;Diz expressamente que o Governo aplicar\u00e1 a lei na estrita medida do que est\u00e1 previsto no Or\u00e7amento. Ora, isso \u00e9 algo bastante inovador do ponto de vista da ci\u00eancia jur\u00eddica e o Governo tem o dever de meditar nesta mensagem antes de decidir o que fazer. Essa medita\u00e7\u00e3o ter\u00e1 o tempo que for necess\u00e1rio&#8221;, declarou.&#8221;A mensagem \u00e9 rica do ponto de vista de ser complexa, porque tem v\u00e1rios elementos e inovadora. \u00c9 muito criativa, efetivamente&#8221;, acrescentou.Em causa est\u00e3o tr\u00eas diplomas: um alarga o universo e o \u00e2mbito dos apoios sociais previstos para trabalhadores independentes, gerentes e empres\u00e1rios em nome individual; outro aumenta os apoios para os pais em teletrabalho; e um terceiro que estende o \u00e2mbito das medidas excecionais para os profissionais de sa\u00fade no \u00e2mbito da pandemia tamb\u00e9m \u00e0 recupera\u00e7\u00e3o dos cuidados prim\u00e1rios e hospitalares n\u00e3o relacionados com covid-19.<br \/>\n<br \/>\n<!--noindex--><br \/>\n<a href=\"http:\/\/feeds.jn.pt\/~r\/JN-ECONOMIA\/~3\/JV06HpQRAHs\/envio-dos-apoios-promulgados-ao-constitucional-esta-em-ponderacao-13518923.html\" rel=\"nofollow\">Source link <\/a><br \/>\n<!--\/noindex--><\/p>\n","protected":false},"excerpt":{"rendered":"<p>JN\/Ag\u00eanciasHoje\u00a0\u00e0s\u00a000:45O Ministro de Estado e das Finan\u00e7as, Jo\u00e3o Le\u00e3o, disse que o envio para o Tribunal Constitucional dos diplomas promulgados pelo Presidente da Rep\u00fablica, Marcelo Rebelo de Sousa, est\u00e1 &#8220;em pondera\u00e7\u00e3o&#8221; por parte do Governo.Questionado na ter\u00e7a-feira durante o programa &#8220;Tudo \u00e9 Economia&#8221;, da RTP3, se o Governo vai enviar para o Tribunal Constitucional os [&hellip;]<\/p>\n","protected":false},"author":2,"featured_media":3363,"comment_status":"open","ping_status":"open","sticky":false,"template":"","format":"standard","meta":{"footnotes":""},"categories":[1],"tags":[],"class_list":["post-3362","post","type-post","status-publish","format-standard","has-post-thumbnail","hentry","category-ultimas-noticias-financeiras"],"yoast_head":"<!-- This site is optimized with the Yoast SEO plugin v27.4 - https:\/\/yoast.com\/product\/yoast-seo-wordpress\/ -->\n<title>Envio dos apoios promulgados ao\u00a0Constitucional est\u00e1 \u2033em pondera\u00e7\u00e3o\u2033 - Hot News in World<\/title>\n<meta name=\"robots\" content=\"index, follow, max-snippet:-1, max-image-preview:large, max-video-preview:-1\" \/>\n<link rel=\"canonical\" href=\"https:\/\/hotnewsinworld.com\/pt\/envio-dos-apoios-promulgados-ao-constitucional-esta-\u2033em-ponderacao\u2033\/\" \/>\n<meta property=\"og:locale\" content=\"pt_PT\" \/>\n<meta property=\"og:type\" content=\"article\" \/>\n<meta property=\"og:title\" content=\"Envio dos apoios promulgados ao\u00a0Constitucional est\u00e1 \u2033em pondera\u00e7\u00e3o\u2033 - Hot News in World\" \/>\n<meta property=\"og:description\" content=\"JN\/Ag\u00eanciasHoje\u00a0\u00e0s\u00a000:45O Ministro de Estado e das Finan\u00e7as, Jo\u00e3o Le\u00e3o, disse que o envio para o Tribunal Constitucional dos diplomas promulgados pelo Presidente da Rep\u00fablica, Marcelo Rebelo de Sousa, est\u00e1 &#8220;em pondera\u00e7\u00e3o&#8221; por parte do Governo.Questionado na ter\u00e7a-feira durante o programa &#8220;Tudo \u00e9 Economia&#8221;, da RTP3, se o Governo vai enviar para o Tribunal Constitucional os [&hellip;]\" \/>\n<meta property=\"og:url\" content=\"https:\/\/hotnewsinworld.com\/pt\/envio-dos-apoios-promulgados-ao-constitucional-esta-\u2033em-ponderacao\u2033\/\" \/>\n<meta property=\"og:site_name\" content=\"Hot News in World\" \/>\n<meta property=\"article:published_time\" content=\"2021-03-31T05:25:38+00:00\" \/>\n<meta property=\"article:modified_time\" content=\"2021-03-31T05:25:44+00:00\" \/>\n<meta property=\"og:image\" content=\"https:\/\/hotnewsinworld.com\/pt\/wp-content\/uploads\/sites\/2\/2021\/03\/Envio-dos-apoios-promulgados-ao-Constitucional-esta-\u2033em-ponderacao\u2033.jpg\" \/>\n\t<meta property=\"og:image:width\" content=\"800\" \/>\n\t<meta property=\"og:image:height\" content=\"420\" \/>\n\t<meta property=\"og:image:type\" content=\"image\/jpeg\" \/>\n<meta name=\"author\" content=\"hotnewsinworld\" \/>\n<meta name=\"twitter:card\" content=\"summary_large_image\" \/>\n<meta name=\"twitter:label1\" content=\"Escrito por\" \/>\n\t<meta name=\"twitter:data1\" content=\"hotnewsinworld\" \/>\n\t<meta name=\"twitter:label2\" content=\"Tempo estimado de leitura\" \/>\n\t<meta name=\"twitter:data2\" content=\"3 minutos\" \/>\n<script type=\"application\/ld+json\" class=\"yoast-schema-graph\">{\"@context\":\"https:\\\/\\\/schema.org\",\"@graph\":[{\"@type\":\"Article\",\"@id\":\"https:\\\/\\\/hotnewsinworld.com\\\/pt\\\/envio-dos-apoios-promulgados-ao-constitucional-esta-%e2%80%b3em-ponderacao%e2%80%b3\\\/#article\",\"isPartOf\":{\"@id\":\"https:\\\/\\\/hotnewsinworld.com\\\/pt\\\/envio-dos-apoios-promulgados-ao-constitucional-esta-%e2%80%b3em-ponderacao%e2%80%b3\\\/\"},\"author\":{\"name\":\"hotnewsinworld\",\"@id\":\"https:\\\/\\\/hotnewsinworld.com\\\/pt\\\/#\\\/schema\\\/person\\\/fe61448b21c0d59086e75fcc1f9d8f6b\"},\"headline\":\"Envio dos apoios promulgados ao\u00a0Constitucional est\u00e1 \u2033em pondera\u00e7\u00e3o\u2033\",\"datePublished\":\"2021-03-31T05:25:38+00:00\",\"dateModified\":\"2021-03-31T05:25:44+00:00\",\"mainEntityOfPage\":{\"@id\":\"https:\\\/\\\/hotnewsinworld.com\\\/pt\\\/envio-dos-apoios-promulgados-ao-constitucional-esta-%e2%80%b3em-ponderacao%e2%80%b3\\\/\"},\"wordCount\":687,\"commentCount\":0,\"image\":{\"@id\":\"https:\\\/\\\/hotnewsinworld.com\\\/pt\\\/envio-dos-apoios-promulgados-ao-constitucional-esta-%e2%80%b3em-ponderacao%e2%80%b3\\\/#primaryimage\"},\"thumbnailUrl\":\"https:\\\/\\\/hotnewsinworld.com\\\/pt\\\/wp-content\\\/uploads\\\/sites\\\/2\\\/2021\\\/03\\\/Envio-dos-apoios-promulgados-ao-Constitucional-esta-\u2033em-ponderacao\u2033.jpg\",\"articleSection\":[\"\u00daLTIMAS NOT\u00cdCIAS FINANCEIRAS\"],\"inLanguage\":\"pt-PT\",\"potentialAction\":[{\"@type\":\"CommentAction\",\"name\":\"Comment\",\"target\":[\"https:\\\/\\\/hotnewsinworld.com\\\/pt\\\/envio-dos-apoios-promulgados-ao-constitucional-esta-%e2%80%b3em-ponderacao%e2%80%b3\\\/#respond\"]}]},{\"@type\":\"WebPage\",\"@id\":\"https:\\\/\\\/hotnewsinworld.com\\\/pt\\\/envio-dos-apoios-promulgados-ao-constitucional-esta-%e2%80%b3em-ponderacao%e2%80%b3\\\/\",\"url\":\"https:\\\/\\\/hotnewsinworld.com\\\/pt\\\/envio-dos-apoios-promulgados-ao-constitucional-esta-%e2%80%b3em-ponderacao%e2%80%b3\\\/\",\"name\":\"Envio dos apoios promulgados ao\u00a0Constitucional est\u00e1 \u2033em pondera\u00e7\u00e3o\u2033 - Hot News in World\",\"isPartOf\":{\"@id\":\"https:\\\/\\\/hotnewsinworld.com\\\/pt\\\/#website\"},\"primaryImageOfPage\":{\"@id\":\"https:\\\/\\\/hotnewsinworld.com\\\/pt\\\/envio-dos-apoios-promulgados-ao-constitucional-esta-%e2%80%b3em-ponderacao%e2%80%b3\\\/#primaryimage\"},\"image\":{\"@id\":\"https:\\\/\\\/hotnewsinworld.com\\\/pt\\\/envio-dos-apoios-promulgados-ao-constitucional-esta-%e2%80%b3em-ponderacao%e2%80%b3\\\/#primaryimage\"},\"thumbnailUrl\":\"https:\\\/\\\/hotnewsinworld.com\\\/pt\\\/wp-content\\\/uploads\\\/sites\\\/2\\\/2021\\\/03\\\/Envio-dos-apoios-promulgados-ao-Constitucional-esta-\u2033em-ponderacao\u2033.jpg\",\"datePublished\":\"2021-03-31T05:25:38+00:00\",\"dateModified\":\"2021-03-31T05:25:44+00:00\",\"author\":{\"@id\":\"https:\\\/\\\/hotnewsinworld.com\\\/pt\\\/#\\\/schema\\\/person\\\/fe61448b21c0d59086e75fcc1f9d8f6b\"},\"breadcrumb\":{\"@id\":\"https:\\\/\\\/hotnewsinworld.com\\\/pt\\\/envio-dos-apoios-promulgados-ao-constitucional-esta-%e2%80%b3em-ponderacao%e2%80%b3\\\/#breadcrumb\"},\"inLanguage\":\"pt-PT\",\"potentialAction\":[{\"@type\":\"ReadAction\",\"target\":[\"https:\\\/\\\/hotnewsinworld.com\\\/pt\\\/envio-dos-apoios-promulgados-ao-constitucional-esta-%e2%80%b3em-ponderacao%e2%80%b3\\\/\"]}]},{\"@type\":\"ImageObject\",\"inLanguage\":\"pt-PT\",\"@id\":\"https:\\\/\\\/hotnewsinworld.com\\\/pt\\\/envio-dos-apoios-promulgados-ao-constitucional-esta-%e2%80%b3em-ponderacao%e2%80%b3\\\/#primaryimage\",\"url\":\"https:\\\/\\\/hotnewsinworld.com\\\/pt\\\/wp-content\\\/uploads\\\/sites\\\/2\\\/2021\\\/03\\\/Envio-dos-apoios-promulgados-ao-Constitucional-esta-\u2033em-ponderacao\u2033.jpg\",\"contentUrl\":\"https:\\\/\\\/hotnewsinworld.com\\\/pt\\\/wp-content\\\/uploads\\\/sites\\\/2\\\/2021\\\/03\\\/Envio-dos-apoios-promulgados-ao-Constitucional-esta-\u2033em-ponderacao\u2033.jpg\",\"width\":800,\"height\":420,\"caption\":\"Envio dos apoios promulgados ao\u00a0Constitucional est\u00e1 \u2033em pondera\u00e7\u00e3o\u2033\"},{\"@type\":\"BreadcrumbList\",\"@id\":\"https:\\\/\\\/hotnewsinworld.com\\\/pt\\\/envio-dos-apoios-promulgados-ao-constitucional-esta-%e2%80%b3em-ponderacao%e2%80%b3\\\/#breadcrumb\",\"itemListElement\":[{\"@type\":\"ListItem\",\"position\":1,\"name\":\"\u0413\u043b\u0430\u0432\u043d\u0430\u044f \u0441\u0442\u0440\u0430\u043d\u0438\u0446\u0430\",\"item\":\"https:\\\/\\\/hotnewsinworld.com\\\/pt\\\/\"},{\"@type\":\"ListItem\",\"position\":2,\"name\":\"Envio dos apoios promulgados ao\u00a0Constitucional est\u00e1 \u2033em pondera\u00e7\u00e3o\u2033\"}]},{\"@type\":\"WebSite\",\"@id\":\"https:\\\/\\\/hotnewsinworld.com\\\/pt\\\/#website\",\"url\":\"https:\\\/\\\/hotnewsinworld.com\\\/pt\\\/\",\"name\":\"Hot News in World\",\"description\":\"Hot News in World Portugal\",\"potentialAction\":[{\"@type\":\"SearchAction\",\"target\":{\"@type\":\"EntryPoint\",\"urlTemplate\":\"https:\\\/\\\/hotnewsinworld.com\\\/pt\\\/?s={search_term_string}\"},\"query-input\":{\"@type\":\"PropertyValueSpecification\",\"valueRequired\":true,\"valueName\":\"search_term_string\"}}],\"inLanguage\":\"pt-PT\"},{\"@type\":\"Person\",\"@id\":\"https:\\\/\\\/hotnewsinworld.com\\\/pt\\\/#\\\/schema\\\/person\\\/fe61448b21c0d59086e75fcc1f9d8f6b\",\"name\":\"hotnewsinworld\",\"image\":{\"@type\":\"ImageObject\",\"inLanguage\":\"pt-PT\",\"@id\":\"https:\\\/\\\/secure.gravatar.com\\\/avatar\\\/8a09ac165600ce2e1c38fe593c63928eb1e6e7ba5c5a907d67787c41b3d00c14?s=96&d=mm&r=g\",\"url\":\"https:\\\/\\\/secure.gravatar.com\\\/avatar\\\/8a09ac165600ce2e1c38fe593c63928eb1e6e7ba5c5a907d67787c41b3d00c14?s=96&d=mm&r=g\",\"contentUrl\":\"https:\\\/\\\/secure.gravatar.com\\\/avatar\\\/8a09ac165600ce2e1c38fe593c63928eb1e6e7ba5c5a907d67787c41b3d00c14?s=96&d=mm&r=g\",\"caption\":\"hotnewsinworld\"},\"url\":\"https:\\\/\\\/hotnewsinworld.com\\\/pt\\\/author\\\/pt\\\/\"}]}<\/script>\n<!-- \/ Yoast SEO plugin. -->","yoast_head_json":{"title":"Envio dos apoios promulgados ao\u00a0Constitucional est\u00e1 \u2033em pondera\u00e7\u00e3o\u2033 - Hot News in World","robots":{"index":"index","follow":"follow","max-snippet":"max-snippet:-1","max-image-preview":"max-image-preview:large","max-video-preview":"max-video-preview:-1"},"canonical":"https:\/\/hotnewsinworld.com\/pt\/envio-dos-apoios-promulgados-ao-constitucional-esta-\u2033em-ponderacao\u2033\/","og_locale":"pt_PT","og_type":"article","og_title":"Envio dos apoios promulgados ao\u00a0Constitucional est\u00e1 \u2033em pondera\u00e7\u00e3o\u2033 - Hot News in World","og_description":"JN\/Ag\u00eanciasHoje\u00a0\u00e0s\u00a000:45O Ministro de Estado e das Finan\u00e7as, Jo\u00e3o Le\u00e3o, disse que o envio para o Tribunal Constitucional dos diplomas promulgados pelo Presidente da Rep\u00fablica, Marcelo Rebelo de Sousa, est\u00e1 &#8220;em pondera\u00e7\u00e3o&#8221; por parte do Governo.Questionado na ter\u00e7a-feira durante o programa &#8220;Tudo \u00e9 Economia&#8221;, da RTP3, se o Governo vai enviar para o Tribunal Constitucional os [&hellip;]","og_url":"https:\/\/hotnewsinworld.com\/pt\/envio-dos-apoios-promulgados-ao-constitucional-esta-\u2033em-ponderacao\u2033\/","og_site_name":"Hot News in World","article_published_time":"2021-03-31T05:25:38+00:00","article_modified_time":"2021-03-31T05:25:44+00:00","og_image":[{"width":800,"height":420,"url":"https:\/\/hotnewsinworld.com\/pt\/wp-content\/uploads\/sites\/2\/2021\/03\/Envio-dos-apoios-promulgados-ao-Constitucional-esta-\u2033em-ponderacao\u2033.jpg","type":"image\/jpeg"}],"author":"hotnewsinworld","twitter_card":"summary_large_image","twitter_misc":{"Escrito por":"hotnewsinworld","Tempo estimado de leitura":"3 minutos"},"schema":{"@context":"https:\/\/schema.org","@graph":[{"@type":"Article","@id":"https:\/\/hotnewsinworld.com\/pt\/envio-dos-apoios-promulgados-ao-constitucional-esta-%e2%80%b3em-ponderacao%e2%80%b3\/#article","isPartOf":{"@id":"https:\/\/hotnewsinworld.com\/pt\/envio-dos-apoios-promulgados-ao-constitucional-esta-%e2%80%b3em-ponderacao%e2%80%b3\/"},"author":{"name":"hotnewsinworld","@id":"https:\/\/hotnewsinworld.com\/pt\/#\/schema\/person\/fe61448b21c0d59086e75fcc1f9d8f6b"},"headline":"Envio dos apoios promulgados ao\u00a0Constitucional est\u00e1 \u2033em pondera\u00e7\u00e3o\u2033","datePublished":"2021-03-31T05:25:38+00:00","dateModified":"2021-03-31T05:25:44+00:00","mainEntityOfPage":{"@id":"https:\/\/hotnewsinworld.com\/pt\/envio-dos-apoios-promulgados-ao-constitucional-esta-%e2%80%b3em-ponderacao%e2%80%b3\/"},"wordCount":687,"commentCount":0,"image":{"@id":"https:\/\/hotnewsinworld.com\/pt\/envio-dos-apoios-promulgados-ao-constitucional-esta-%e2%80%b3em-ponderacao%e2%80%b3\/#primaryimage"},"thumbnailUrl":"https:\/\/hotnewsinworld.com\/pt\/wp-content\/uploads\/sites\/2\/2021\/03\/Envio-dos-apoios-promulgados-ao-Constitucional-esta-\u2033em-ponderacao\u2033.jpg","articleSection":["\u00daLTIMAS NOT\u00cdCIAS FINANCEIRAS"],"inLanguage":"pt-PT","potentialAction":[{"@type":"CommentAction","name":"Comment","target":["https:\/\/hotnewsinworld.com\/pt\/envio-dos-apoios-promulgados-ao-constitucional-esta-%e2%80%b3em-ponderacao%e2%80%b3\/#respond"]}]},{"@type":"WebPage","@id":"https:\/\/hotnewsinworld.com\/pt\/envio-dos-apoios-promulgados-ao-constitucional-esta-%e2%80%b3em-ponderacao%e2%80%b3\/","url":"https:\/\/hotnewsinworld.com\/pt\/envio-dos-apoios-promulgados-ao-constitucional-esta-%e2%80%b3em-ponderacao%e2%80%b3\/","name":"Envio dos apoios promulgados ao\u00a0Constitucional est\u00e1 \u2033em pondera\u00e7\u00e3o\u2033 - Hot News in World","isPartOf":{"@id":"https:\/\/hotnewsinworld.com\/pt\/#website"},"primaryImageOfPage":{"@id":"https:\/\/hotnewsinworld.com\/pt\/envio-dos-apoios-promulgados-ao-constitucional-esta-%e2%80%b3em-ponderacao%e2%80%b3\/#primaryimage"},"image":{"@id":"https:\/\/hotnewsinworld.com\/pt\/envio-dos-apoios-promulgados-ao-constitucional-esta-%e2%80%b3em-ponderacao%e2%80%b3\/#primaryimage"},"thumbnailUrl":"https:\/\/hotnewsinworld.com\/pt\/wp-content\/uploads\/sites\/2\/2021\/03\/Envio-dos-apoios-promulgados-ao-Constitucional-esta-\u2033em-ponderacao\u2033.jpg","datePublished":"2021-03-31T05:25:38+00:00","dateModified":"2021-03-31T05:25:44+00:00","author":{"@id":"https:\/\/hotnewsinworld.com\/pt\/#\/schema\/person\/fe61448b21c0d59086e75fcc1f9d8f6b"},"breadcrumb":{"@id":"https:\/\/hotnewsinworld.com\/pt\/envio-dos-apoios-promulgados-ao-constitucional-esta-%e2%80%b3em-ponderacao%e2%80%b3\/#breadcrumb"},"inLanguage":"pt-PT","potentialAction":[{"@type":"ReadAction","target":["https:\/\/hotnewsinworld.com\/pt\/envio-dos-apoios-promulgados-ao-constitucional-esta-%e2%80%b3em-ponderacao%e2%80%b3\/"]}]},{"@type":"ImageObject","inLanguage":"pt-PT","@id":"https:\/\/hotnewsinworld.com\/pt\/envio-dos-apoios-promulgados-ao-constitucional-esta-%e2%80%b3em-ponderacao%e2%80%b3\/#primaryimage","url":"https:\/\/hotnewsinworld.com\/pt\/wp-content\/uploads\/sites\/2\/2021\/03\/Envio-dos-apoios-promulgados-ao-Constitucional-esta-\u2033em-ponderacao\u2033.jpg","contentUrl":"https:\/\/hotnewsinworld.com\/pt\/wp-content\/uploads\/sites\/2\/2021\/03\/Envio-dos-apoios-promulgados-ao-Constitucional-esta-\u2033em-ponderacao\u2033.jpg","width":800,"height":420,"caption":"Envio dos apoios promulgados ao\u00a0Constitucional est\u00e1 \u2033em pondera\u00e7\u00e3o\u2033"},{"@type":"BreadcrumbList","@id":"https:\/\/hotnewsinworld.com\/pt\/envio-dos-apoios-promulgados-ao-constitucional-esta-%e2%80%b3em-ponderacao%e2%80%b3\/#breadcrumb","itemListElement":[{"@type":"ListItem","position":1,"name":"\u0413\u043b\u0430\u0432\u043d\u0430\u044f \u0441\u0442\u0440\u0430\u043d\u0438\u0446\u0430","item":"https:\/\/hotnewsinworld.com\/pt\/"},{"@type":"ListItem","position":2,"name":"Envio dos apoios promulgados ao\u00a0Constitucional est\u00e1 \u2033em pondera\u00e7\u00e3o\u2033"}]},{"@type":"WebSite","@id":"https:\/\/hotnewsinworld.com\/pt\/#website","url":"https:\/\/hotnewsinworld.com\/pt\/","name":"Hot News in World","description":"Hot News in World Portugal","potentialAction":[{"@type":"SearchAction","target":{"@type":"EntryPoint","urlTemplate":"https:\/\/hotnewsinworld.com\/pt\/?s={search_term_string}"},"query-input":{"@type":"PropertyValueSpecification","valueRequired":true,"valueName":"search_term_string"}}],"inLanguage":"pt-PT"},{"@type":"Person","@id":"https:\/\/hotnewsinworld.com\/pt\/#\/schema\/person\/fe61448b21c0d59086e75fcc1f9d8f6b","name":"hotnewsinworld","image":{"@type":"ImageObject","inLanguage":"pt-PT","@id":"https:\/\/secure.gravatar.com\/avatar\/8a09ac165600ce2e1c38fe593c63928eb1e6e7ba5c5a907d67787c41b3d00c14?s=96&d=mm&r=g","url":"https:\/\/secure.gravatar.com\/avatar\/8a09ac165600ce2e1c38fe593c63928eb1e6e7ba5c5a907d67787c41b3d00c14?s=96&d=mm&r=g","contentUrl":"https:\/\/secure.gravatar.com\/avatar\/8a09ac165600ce2e1c38fe593c63928eb1e6e7ba5c5a907d67787c41b3d00c14?s=96&d=mm&r=g","caption":"hotnewsinworld"},"url":"https:\/\/hotnewsinworld.com\/pt\/author\/pt\/"}]}},"_links":{"self":[{"href":"https:\/\/hotnewsinworld.com\/pt\/wp-json\/wp\/v2\/posts\/3362","targetHints":{"allow":["GET"]}}],"collection":[{"href":"https:\/\/hotnewsinworld.com\/pt\/wp-json\/wp\/v2\/posts"}],"about":[{"href":"https:\/\/hotnewsinworld.com\/pt\/wp-json\/wp\/v2\/types\/post"}],"author":[{"embeddable":true,"href":"https:\/\/hotnewsinworld.com\/pt\/wp-json\/wp\/v2\/users\/2"}],"replies":[{"embeddable":true,"href":"https:\/\/hotnewsinworld.com\/pt\/wp-json\/wp\/v2\/comments?post=3362"}],"version-history":[{"count":1,"href":"https:\/\/hotnewsinworld.com\/pt\/wp-json\/wp\/v2\/posts\/3362\/revisions"}],"predecessor-version":[{"id":3364,"href":"https:\/\/hotnewsinworld.com\/pt\/wp-json\/wp\/v2\/posts\/3362\/revisions\/3364"}],"wp:featuredmedia":[{"embeddable":true,"href":"https:\/\/hotnewsinworld.com\/pt\/wp-json\/wp\/v2\/media\/3363"}],"wp:attachment":[{"href":"https:\/\/hotnewsinworld.com\/pt\/wp-json\/wp\/v2\/media?parent=3362"}],"wp:term":[{"taxonomy":"category","embeddable":true,"href":"https:\/\/hotnewsinworld.com\/pt\/wp-json\/wp\/v2\/categories?post=3362"},{"taxonomy":"post_tag","embeddable":true,"href":"https:\/\/hotnewsinworld.com\/pt\/wp-json\/wp\/v2\/tags?post=3362"}],"curies":[{"name":"wp","href":"https:\/\/api.w.org\/{rel}","templated":true}]}}