{"id":3365,"date":"2021-03-31T20:28:13","date_gmt":"2021-03-31T17:28:13","guid":{"rendered":"https:\/\/hotnewsinworld.com\/pt\/ministra-considera-livro-verde-um-investimento-estrutural-no-trabalho-digno\/"},"modified":"2021-03-31T20:28:15","modified_gmt":"2021-03-31T17:28:15","slug":"ministra-considera-livro-verde-um-investimento-estrutural-no-trabalho-digno","status":"publish","type":"post","link":"https:\/\/hotnewsinworld.com\/pt\/ministra-considera-livro-verde-um-investimento-estrutural-no-trabalho-digno\/","title":{"rendered":"Ministra considera Livro Verde um investimento estrutural no trabalho digno"},"content":{"rendered":"<p>JN\/Ag\u00eanciasHoje\u00a0\u00e0s\u00a015:48A ministra do Trabalho, Ana Mendes Godinho, esclareceu esta quarta-feira que o Livro Verde sobre o Futuro do Trabalho n\u00e3o \u00e9 uma proposta de regulamenta\u00e7\u00e3o, mas sim um investimento estrutural na agenda do trabalho digno que tem de contar com o envolvimento de todos.&#8221;Este \u00e9 um documento chave de investimento estrutural, (&#8230;) que tem que ter o compromisso social de todos nas v\u00e1rias dimens\u00f5es. No fundo isto \u00e9 um caderno de encargos&#8221;, disse Ana Mendes Godinho aos jornalistas ap\u00f3s uma reuni\u00e3o de concerta\u00e7\u00e3o Social.A ministra do Trabalho, Solidariedade e Seguran\u00e7a Social apresentou aos parceiros sociais a proposta de Livro Verde sobre o Futuro do Trabalho, que ir\u00e1 ser discutido no \u00e2mbito da Comiss\u00e3o de Concerta\u00e7\u00e3o Social ao longo do m\u00eas de abril, para ser colocado \u00e0 discuss\u00e3o p\u00fablica em maio.Ana Mendes Godinho disse que este documento, de 170 p\u00e1ginas, &#8220;n\u00e3o \u00e9 uma proposta de regulamenta\u00e7\u00e3o, pois vai muito al\u00e9m&#8221; e que o Governo ir\u00e1 procurar o consenso para as iniciativas legislativas que assumir\u00e1 na sequ\u00eancia do seu debate.Assumindo que se trata de um livro de diagn\u00f3stico e de defini\u00e7\u00e3o de linhas de reflex\u00e3o, a ministra considerou o documento como uma forma de estabelecer as prioridades do que tem de ser feito nas \u00e1reas consideradas estrat\u00e9gicas, como a \u00e1rea digital e de intelig\u00eancia artificial, ambiental e social.O Livro Verde defende, entre outras medidas, o alargamento do teletrabalho, independentemente de acordo com o empregador, a situa\u00e7\u00f5es &#8220;no \u00e2mbito da promo\u00e7\u00e3o da concilia\u00e7\u00e3o entre trabalho e vida pessoal e familiar&#8221; e &#8220;em caso de trabalhador com defici\u00eancia ou incapacidade&#8221;.Mas, segundo a ministra do Trabalho salientou, o documento tamb\u00e9m diz que a regula\u00e7\u00e3o do teletrabalho deve ser aprofundada &#8220;com salvaguarda dos princ\u00edpios basilares do acordo entre empregador e trabalhador&#8221;.Deve ainda ficar assegurado que &#8220;n\u00e3o existe acr\u00e9scimo de custos para os trabalhadores&#8221; em teletrabalho, uma garantia tamb\u00e9m defendida no parlamento nas propostas do BE e do PCP, nomeadamente quanto aos gastos com telecomunica\u00e7\u00f5es, \u00e1gua e energia.A ministra do Trabalho considerou, no entanto, que este tipo de despesa n\u00e3o \u00e9 normalmente regulada atrav\u00e9s de lei, como tal deve ser um situa\u00e7\u00e3o a analisar em contrata\u00e7\u00e3o coletiva.<br \/>\n<br \/>\n<!--noindex--><br \/>\n<a href=\"http:\/\/feeds.jn.pt\/~r\/JN-ECONOMIA\/~3\/gEoK7StkCBw\/ministra-considera-livro-verde-um-investimento-estrutural-no-trabalho-digno-13521281.html\" rel=\"nofollow\">Source link <\/a><br \/>\n<!--\/noindex--><\/p>\n","protected":false},"excerpt":{"rendered":"<p>JN\/Ag\u00eanciasHoje\u00a0\u00e0s\u00a015:48A ministra do Trabalho, Ana Mendes Godinho, esclareceu esta quarta-feira que o Livro Verde sobre o Futuro do Trabalho n\u00e3o \u00e9 uma proposta de regulamenta\u00e7\u00e3o, mas sim um investimento estrutural na agenda do trabalho digno que tem de contar com o envolvimento de todos.&#8221;Este \u00e9 um documento chave de investimento estrutural, (&#8230;) que tem que [&hellip;]<\/p>\n","protected":false},"author":2,"featured_media":3366,"comment_status":"open","ping_status":"open","sticky":false,"template":"","format":"standard","meta":{"footnotes":""},"categories":[1],"tags":[],"class_list":["post-3365","post","type-post","status-publish","format-standard","has-post-thumbnail","hentry","category-ultimas-noticias-financeiras"],"yoast_head":"<!-- This site is optimized with the Yoast SEO plugin v27.4 - https:\/\/yoast.com\/product\/yoast-seo-wordpress\/ -->\n<title>Ministra considera Livro Verde um investimento estrutural no trabalho digno - Hot News in World<\/title>\n<meta name=\"robots\" content=\"index, follow, max-snippet:-1, max-image-preview:large, max-video-preview:-1\" \/>\n<link rel=\"canonical\" href=\"https:\/\/hotnewsinworld.com\/pt\/ministra-considera-livro-verde-um-investimento-estrutural-no-trabalho-digno\/\" \/>\n<meta property=\"og:locale\" content=\"pt_PT\" \/>\n<meta property=\"og:type\" content=\"article\" \/>\n<meta property=\"og:title\" content=\"Ministra considera Livro Verde um investimento estrutural no trabalho digno - Hot News in World\" \/>\n<meta property=\"og:description\" content=\"JN\/Ag\u00eanciasHoje\u00a0\u00e0s\u00a015:48A ministra do Trabalho, Ana Mendes Godinho, esclareceu esta quarta-feira que o Livro Verde sobre o Futuro do Trabalho n\u00e3o \u00e9 uma proposta de regulamenta\u00e7\u00e3o, mas sim um investimento estrutural na agenda do trabalho digno que tem de contar com o envolvimento de todos.&#8221;Este \u00e9 um documento chave de investimento estrutural, (&#8230;) que tem que [&hellip;]\" \/>\n<meta property=\"og:url\" content=\"https:\/\/hotnewsinworld.com\/pt\/ministra-considera-livro-verde-um-investimento-estrutural-no-trabalho-digno\/\" \/>\n<meta property=\"og:site_name\" content=\"Hot News in World\" \/>\n<meta property=\"article:published_time\" content=\"2021-03-31T17:28:13+00:00\" \/>\n<meta property=\"article:modified_time\" content=\"2021-03-31T17:28:15+00:00\" \/>\n<meta property=\"og:image\" content=\"https:\/\/hotnewsinworld.com\/pt\/wp-content\/uploads\/sites\/2\/2021\/03\/Ministra-considera-Livro-Verde-um-investimento-estrutural-no-trabalho-digno.jpg\" \/>\n\t<meta property=\"og:image:width\" content=\"800\" \/>\n\t<meta property=\"og:image:height\" content=\"420\" \/>\n\t<meta property=\"og:image:type\" content=\"image\/jpeg\" \/>\n<meta name=\"author\" content=\"hotnewsinworld\" \/>\n<meta name=\"twitter:card\" content=\"summary_large_image\" \/>\n<meta name=\"twitter:label1\" content=\"Escrito por\" \/>\n\t<meta name=\"twitter:data1\" content=\"hotnewsinworld\" \/>\n\t<meta name=\"twitter:label2\" content=\"Tempo estimado de leitura\" \/>\n\t<meta name=\"twitter:data2\" content=\"2 minutos\" \/>\n<script type=\"application\/ld+json\" class=\"yoast-schema-graph\">{\"@context\":\"https:\\\/\\\/schema.org\",\"@graph\":[{\"@type\":\"Article\",\"@id\":\"https:\\\/\\\/hotnewsinworld.com\\\/pt\\\/ministra-considera-livro-verde-um-investimento-estrutural-no-trabalho-digno\\\/#article\",\"isPartOf\":{\"@id\":\"https:\\\/\\\/hotnewsinworld.com\\\/pt\\\/ministra-considera-livro-verde-um-investimento-estrutural-no-trabalho-digno\\\/\"},\"author\":{\"name\":\"hotnewsinworld\",\"@id\":\"https:\\\/\\\/hotnewsinworld.com\\\/pt\\\/#\\\/schema\\\/person\\\/fe61448b21c0d59086e75fcc1f9d8f6b\"},\"headline\":\"Ministra considera Livro Verde um investimento estrutural no trabalho digno\",\"datePublished\":\"2021-03-31T17:28:13+00:00\",\"dateModified\":\"2021-03-31T17:28:15+00:00\",\"mainEntityOfPage\":{\"@id\":\"https:\\\/\\\/hotnewsinworld.com\\\/pt\\\/ministra-considera-livro-verde-um-investimento-estrutural-no-trabalho-digno\\\/\"},\"wordCount\":404,\"commentCount\":0,\"image\":{\"@id\":\"https:\\\/\\\/hotnewsinworld.com\\\/pt\\\/ministra-considera-livro-verde-um-investimento-estrutural-no-trabalho-digno\\\/#primaryimage\"},\"thumbnailUrl\":\"https:\\\/\\\/hotnewsinworld.com\\\/pt\\\/wp-content\\\/uploads\\\/sites\\\/2\\\/2021\\\/03\\\/Ministra-considera-Livro-Verde-um-investimento-estrutural-no-trabalho-digno.jpg\",\"articleSection\":[\"\u00daLTIMAS NOT\u00cdCIAS FINANCEIRAS\"],\"inLanguage\":\"pt-PT\",\"potentialAction\":[{\"@type\":\"CommentAction\",\"name\":\"Comment\",\"target\":[\"https:\\\/\\\/hotnewsinworld.com\\\/pt\\\/ministra-considera-livro-verde-um-investimento-estrutural-no-trabalho-digno\\\/#respond\"]}]},{\"@type\":\"WebPage\",\"@id\":\"https:\\\/\\\/hotnewsinworld.com\\\/pt\\\/ministra-considera-livro-verde-um-investimento-estrutural-no-trabalho-digno\\\/\",\"url\":\"https:\\\/\\\/hotnewsinworld.com\\\/pt\\\/ministra-considera-livro-verde-um-investimento-estrutural-no-trabalho-digno\\\/\",\"name\":\"Ministra considera Livro Verde um investimento estrutural no trabalho digno - Hot News in World\",\"isPartOf\":{\"@id\":\"https:\\\/\\\/hotnewsinworld.com\\\/pt\\\/#website\"},\"primaryImageOfPage\":{\"@id\":\"https:\\\/\\\/hotnewsinworld.com\\\/pt\\\/ministra-considera-livro-verde-um-investimento-estrutural-no-trabalho-digno\\\/#primaryimage\"},\"image\":{\"@id\":\"https:\\\/\\\/hotnewsinworld.com\\\/pt\\\/ministra-considera-livro-verde-um-investimento-estrutural-no-trabalho-digno\\\/#primaryimage\"},\"thumbnailUrl\":\"https:\\\/\\\/hotnewsinworld.com\\\/pt\\\/wp-content\\\/uploads\\\/sites\\\/2\\\/2021\\\/03\\\/Ministra-considera-Livro-Verde-um-investimento-estrutural-no-trabalho-digno.jpg\",\"datePublished\":\"2021-03-31T17:28:13+00:00\",\"dateModified\":\"2021-03-31T17:28:15+00:00\",\"author\":{\"@id\":\"https:\\\/\\\/hotnewsinworld.com\\\/pt\\\/#\\\/schema\\\/person\\\/fe61448b21c0d59086e75fcc1f9d8f6b\"},\"breadcrumb\":{\"@id\":\"https:\\\/\\\/hotnewsinworld.com\\\/pt\\\/ministra-considera-livro-verde-um-investimento-estrutural-no-trabalho-digno\\\/#breadcrumb\"},\"inLanguage\":\"pt-PT\",\"potentialAction\":[{\"@type\":\"ReadAction\",\"target\":[\"https:\\\/\\\/hotnewsinworld.com\\\/pt\\\/ministra-considera-livro-verde-um-investimento-estrutural-no-trabalho-digno\\\/\"]}]},{\"@type\":\"ImageObject\",\"inLanguage\":\"pt-PT\",\"@id\":\"https:\\\/\\\/hotnewsinworld.com\\\/pt\\\/ministra-considera-livro-verde-um-investimento-estrutural-no-trabalho-digno\\\/#primaryimage\",\"url\":\"https:\\\/\\\/hotnewsinworld.com\\\/pt\\\/wp-content\\\/uploads\\\/sites\\\/2\\\/2021\\\/03\\\/Ministra-considera-Livro-Verde-um-investimento-estrutural-no-trabalho-digno.jpg\",\"contentUrl\":\"https:\\\/\\\/hotnewsinworld.com\\\/pt\\\/wp-content\\\/uploads\\\/sites\\\/2\\\/2021\\\/03\\\/Ministra-considera-Livro-Verde-um-investimento-estrutural-no-trabalho-digno.jpg\",\"width\":800,\"height\":420,\"caption\":\"Ministra considera Livro Verde um investimento estrutural no trabalho digno\"},{\"@type\":\"BreadcrumbList\",\"@id\":\"https:\\\/\\\/hotnewsinworld.com\\\/pt\\\/ministra-considera-livro-verde-um-investimento-estrutural-no-trabalho-digno\\\/#breadcrumb\",\"itemListElement\":[{\"@type\":\"ListItem\",\"position\":1,\"name\":\"\u0413\u043b\u0430\u0432\u043d\u0430\u044f \u0441\u0442\u0440\u0430\u043d\u0438\u0446\u0430\",\"item\":\"https:\\\/\\\/hotnewsinworld.com\\\/pt\\\/\"},{\"@type\":\"ListItem\",\"position\":2,\"name\":\"Ministra considera Livro Verde um investimento estrutural no trabalho digno\"}]},{\"@type\":\"WebSite\",\"@id\":\"https:\\\/\\\/hotnewsinworld.com\\\/pt\\\/#website\",\"url\":\"https:\\\/\\\/hotnewsinworld.com\\\/pt\\\/\",\"name\":\"Hot News in World\",\"description\":\"Hot News in World Portugal\",\"potentialAction\":[{\"@type\":\"SearchAction\",\"target\":{\"@type\":\"EntryPoint\",\"urlTemplate\":\"https:\\\/\\\/hotnewsinworld.com\\\/pt\\\/?s={search_term_string}\"},\"query-input\":{\"@type\":\"PropertyValueSpecification\",\"valueRequired\":true,\"valueName\":\"search_term_string\"}}],\"inLanguage\":\"pt-PT\"},{\"@type\":\"Person\",\"@id\":\"https:\\\/\\\/hotnewsinworld.com\\\/pt\\\/#\\\/schema\\\/person\\\/fe61448b21c0d59086e75fcc1f9d8f6b\",\"name\":\"hotnewsinworld\",\"image\":{\"@type\":\"ImageObject\",\"inLanguage\":\"pt-PT\",\"@id\":\"https:\\\/\\\/secure.gravatar.com\\\/avatar\\\/8a09ac165600ce2e1c38fe593c63928eb1e6e7ba5c5a907d67787c41b3d00c14?s=96&d=mm&r=g\",\"url\":\"https:\\\/\\\/secure.gravatar.com\\\/avatar\\\/8a09ac165600ce2e1c38fe593c63928eb1e6e7ba5c5a907d67787c41b3d00c14?s=96&d=mm&r=g\",\"contentUrl\":\"https:\\\/\\\/secure.gravatar.com\\\/avatar\\\/8a09ac165600ce2e1c38fe593c63928eb1e6e7ba5c5a907d67787c41b3d00c14?s=96&d=mm&r=g\",\"caption\":\"hotnewsinworld\"},\"url\":\"https:\\\/\\\/hotnewsinworld.com\\\/pt\\\/author\\\/pt\\\/\"}]}<\/script>\n<!-- \/ Yoast SEO plugin. -->","yoast_head_json":{"title":"Ministra considera Livro Verde um investimento estrutural no trabalho digno - Hot News in World","robots":{"index":"index","follow":"follow","max-snippet":"max-snippet:-1","max-image-preview":"max-image-preview:large","max-video-preview":"max-video-preview:-1"},"canonical":"https:\/\/hotnewsinworld.com\/pt\/ministra-considera-livro-verde-um-investimento-estrutural-no-trabalho-digno\/","og_locale":"pt_PT","og_type":"article","og_title":"Ministra considera Livro Verde um investimento estrutural no trabalho digno - Hot News in World","og_description":"JN\/Ag\u00eanciasHoje\u00a0\u00e0s\u00a015:48A ministra do Trabalho, Ana Mendes Godinho, esclareceu esta quarta-feira que o Livro Verde sobre o Futuro do Trabalho n\u00e3o \u00e9 uma proposta de regulamenta\u00e7\u00e3o, mas sim um investimento estrutural na agenda do trabalho digno que tem de contar com o envolvimento de todos.&#8221;Este \u00e9 um documento chave de investimento estrutural, (&#8230;) que tem que [&hellip;]","og_url":"https:\/\/hotnewsinworld.com\/pt\/ministra-considera-livro-verde-um-investimento-estrutural-no-trabalho-digno\/","og_site_name":"Hot News in World","article_published_time":"2021-03-31T17:28:13+00:00","article_modified_time":"2021-03-31T17:28:15+00:00","og_image":[{"width":800,"height":420,"url":"https:\/\/hotnewsinworld.com\/pt\/wp-content\/uploads\/sites\/2\/2021\/03\/Ministra-considera-Livro-Verde-um-investimento-estrutural-no-trabalho-digno.jpg","type":"image\/jpeg"}],"author":"hotnewsinworld","twitter_card":"summary_large_image","twitter_misc":{"Escrito por":"hotnewsinworld","Tempo estimado de leitura":"2 minutos"},"schema":{"@context":"https:\/\/schema.org","@graph":[{"@type":"Article","@id":"https:\/\/hotnewsinworld.com\/pt\/ministra-considera-livro-verde-um-investimento-estrutural-no-trabalho-digno\/#article","isPartOf":{"@id":"https:\/\/hotnewsinworld.com\/pt\/ministra-considera-livro-verde-um-investimento-estrutural-no-trabalho-digno\/"},"author":{"name":"hotnewsinworld","@id":"https:\/\/hotnewsinworld.com\/pt\/#\/schema\/person\/fe61448b21c0d59086e75fcc1f9d8f6b"},"headline":"Ministra considera Livro Verde um investimento estrutural no trabalho digno","datePublished":"2021-03-31T17:28:13+00:00","dateModified":"2021-03-31T17:28:15+00:00","mainEntityOfPage":{"@id":"https:\/\/hotnewsinworld.com\/pt\/ministra-considera-livro-verde-um-investimento-estrutural-no-trabalho-digno\/"},"wordCount":404,"commentCount":0,"image":{"@id":"https:\/\/hotnewsinworld.com\/pt\/ministra-considera-livro-verde-um-investimento-estrutural-no-trabalho-digno\/#primaryimage"},"thumbnailUrl":"https:\/\/hotnewsinworld.com\/pt\/wp-content\/uploads\/sites\/2\/2021\/03\/Ministra-considera-Livro-Verde-um-investimento-estrutural-no-trabalho-digno.jpg","articleSection":["\u00daLTIMAS NOT\u00cdCIAS FINANCEIRAS"],"inLanguage":"pt-PT","potentialAction":[{"@type":"CommentAction","name":"Comment","target":["https:\/\/hotnewsinworld.com\/pt\/ministra-considera-livro-verde-um-investimento-estrutural-no-trabalho-digno\/#respond"]}]},{"@type":"WebPage","@id":"https:\/\/hotnewsinworld.com\/pt\/ministra-considera-livro-verde-um-investimento-estrutural-no-trabalho-digno\/","url":"https:\/\/hotnewsinworld.com\/pt\/ministra-considera-livro-verde-um-investimento-estrutural-no-trabalho-digno\/","name":"Ministra considera Livro Verde um investimento estrutural no trabalho digno - Hot News in World","isPartOf":{"@id":"https:\/\/hotnewsinworld.com\/pt\/#website"},"primaryImageOfPage":{"@id":"https:\/\/hotnewsinworld.com\/pt\/ministra-considera-livro-verde-um-investimento-estrutural-no-trabalho-digno\/#primaryimage"},"image":{"@id":"https:\/\/hotnewsinworld.com\/pt\/ministra-considera-livro-verde-um-investimento-estrutural-no-trabalho-digno\/#primaryimage"},"thumbnailUrl":"https:\/\/hotnewsinworld.com\/pt\/wp-content\/uploads\/sites\/2\/2021\/03\/Ministra-considera-Livro-Verde-um-investimento-estrutural-no-trabalho-digno.jpg","datePublished":"2021-03-31T17:28:13+00:00","dateModified":"2021-03-31T17:28:15+00:00","author":{"@id":"https:\/\/hotnewsinworld.com\/pt\/#\/schema\/person\/fe61448b21c0d59086e75fcc1f9d8f6b"},"breadcrumb":{"@id":"https:\/\/hotnewsinworld.com\/pt\/ministra-considera-livro-verde-um-investimento-estrutural-no-trabalho-digno\/#breadcrumb"},"inLanguage":"pt-PT","potentialAction":[{"@type":"ReadAction","target":["https:\/\/hotnewsinworld.com\/pt\/ministra-considera-livro-verde-um-investimento-estrutural-no-trabalho-digno\/"]}]},{"@type":"ImageObject","inLanguage":"pt-PT","@id":"https:\/\/hotnewsinworld.com\/pt\/ministra-considera-livro-verde-um-investimento-estrutural-no-trabalho-digno\/#primaryimage","url":"https:\/\/hotnewsinworld.com\/pt\/wp-content\/uploads\/sites\/2\/2021\/03\/Ministra-considera-Livro-Verde-um-investimento-estrutural-no-trabalho-digno.jpg","contentUrl":"https:\/\/hotnewsinworld.com\/pt\/wp-content\/uploads\/sites\/2\/2021\/03\/Ministra-considera-Livro-Verde-um-investimento-estrutural-no-trabalho-digno.jpg","width":800,"height":420,"caption":"Ministra considera Livro Verde um investimento estrutural no trabalho digno"},{"@type":"BreadcrumbList","@id":"https:\/\/hotnewsinworld.com\/pt\/ministra-considera-livro-verde-um-investimento-estrutural-no-trabalho-digno\/#breadcrumb","itemListElement":[{"@type":"ListItem","position":1,"name":"\u0413\u043b\u0430\u0432\u043d\u0430\u044f \u0441\u0442\u0440\u0430\u043d\u0438\u0446\u0430","item":"https:\/\/hotnewsinworld.com\/pt\/"},{"@type":"ListItem","position":2,"name":"Ministra considera Livro Verde um investimento estrutural no trabalho digno"}]},{"@type":"WebSite","@id":"https:\/\/hotnewsinworld.com\/pt\/#website","url":"https:\/\/hotnewsinworld.com\/pt\/","name":"Hot News in World","description":"Hot News in World Portugal","potentialAction":[{"@type":"SearchAction","target":{"@type":"EntryPoint","urlTemplate":"https:\/\/hotnewsinworld.com\/pt\/?s={search_term_string}"},"query-input":{"@type":"PropertyValueSpecification","valueRequired":true,"valueName":"search_term_string"}}],"inLanguage":"pt-PT"},{"@type":"Person","@id":"https:\/\/hotnewsinworld.com\/pt\/#\/schema\/person\/fe61448b21c0d59086e75fcc1f9d8f6b","name":"hotnewsinworld","image":{"@type":"ImageObject","inLanguage":"pt-PT","@id":"https:\/\/secure.gravatar.com\/avatar\/8a09ac165600ce2e1c38fe593c63928eb1e6e7ba5c5a907d67787c41b3d00c14?s=96&d=mm&r=g","url":"https:\/\/secure.gravatar.com\/avatar\/8a09ac165600ce2e1c38fe593c63928eb1e6e7ba5c5a907d67787c41b3d00c14?s=96&d=mm&r=g","contentUrl":"https:\/\/secure.gravatar.com\/avatar\/8a09ac165600ce2e1c38fe593c63928eb1e6e7ba5c5a907d67787c41b3d00c14?s=96&d=mm&r=g","caption":"hotnewsinworld"},"url":"https:\/\/hotnewsinworld.com\/pt\/author\/pt\/"}]}},"_links":{"self":[{"href":"https:\/\/hotnewsinworld.com\/pt\/wp-json\/wp\/v2\/posts\/3365","targetHints":{"allow":["GET"]}}],"collection":[{"href":"https:\/\/hotnewsinworld.com\/pt\/wp-json\/wp\/v2\/posts"}],"about":[{"href":"https:\/\/hotnewsinworld.com\/pt\/wp-json\/wp\/v2\/types\/post"}],"author":[{"embeddable":true,"href":"https:\/\/hotnewsinworld.com\/pt\/wp-json\/wp\/v2\/users\/2"}],"replies":[{"embeddable":true,"href":"https:\/\/hotnewsinworld.com\/pt\/wp-json\/wp\/v2\/comments?post=3365"}],"version-history":[{"count":1,"href":"https:\/\/hotnewsinworld.com\/pt\/wp-json\/wp\/v2\/posts\/3365\/revisions"}],"predecessor-version":[{"id":3367,"href":"https:\/\/hotnewsinworld.com\/pt\/wp-json\/wp\/v2\/posts\/3365\/revisions\/3367"}],"wp:featuredmedia":[{"embeddable":true,"href":"https:\/\/hotnewsinworld.com\/pt\/wp-json\/wp\/v2\/media\/3366"}],"wp:attachment":[{"href":"https:\/\/hotnewsinworld.com\/pt\/wp-json\/wp\/v2\/media?parent=3365"}],"wp:term":[{"taxonomy":"category","embeddable":true,"href":"https:\/\/hotnewsinworld.com\/pt\/wp-json\/wp\/v2\/categories?post=3365"},{"taxonomy":"post_tag","embeddable":true,"href":"https:\/\/hotnewsinworld.com\/pt\/wp-json\/wp\/v2\/tags?post=3365"}],"curies":[{"name":"wp","href":"https:\/\/api.w.org\/{rel}","templated":true}]}}