{"id":3386,"date":"2021-04-04T08:59:04","date_gmt":"2021-04-04T05:59:04","guid":{"rendered":"https:\/\/hotnewsinworld.com\/pt\/frigorificos-e-ares-condicionados-ja-nao-tem-de-provocar-efeito-de-estufa\/"},"modified":"2021-04-04T08:59:23","modified_gmt":"2021-04-04T05:59:23","slug":"frigorificos-e-ares-condicionados-ja-nao-tem-de-provocar-efeito-de-estufa","status":"publish","type":"post","link":"https:\/\/hotnewsinworld.com\/pt\/frigorificos-e-ares-condicionados-ja-nao-tem-de-provocar-efeito-de-estufa\/","title":{"rendered":"Frigor\u00edficos e ares condicionados j\u00e1 n\u00e3o t\u00eam de provocar efeito de estufa"},"content":{"rendered":"<p>JN\/Ag\u00eanciasOntem\u00a0\u00e0s\u00a009:35Os gases usados em equipamentos como frigor\u00edficos e ares condicionados provocam elevado efeito de estufa, mas j\u00e1 h\u00e1 marcas a usar gases com baixo ou nenhum potencial de aquecimento global, alerta um relat\u00f3rio divulgado este s\u00e1bado.Da responsabilidade da &#8220;Environmental Investigation Agency&#8221; (EIA), uma organiza\u00e7\u00e3o n\u00e3o governamental internacional que investiga e divulga crimes e abusos ambientais, o relat\u00f3rio inclui a lista de marcas de produtos, dom\u00e9sticos ou industriais, que j\u00e1 n\u00e3o usam gases com efeito de estufa.Num comunicado sobre o relat\u00f3rio, a organiza\u00e7\u00e3o ambientalista portuguesa Zero lembra que com o aumento m\u00e9dio das temperaturas globais prev\u00ea-se um aumento tamb\u00e9m do uso de ar condicionado para arrefecer casas e locais de trabalho e industriais, o que &#8220;coloca um problema grave&#8221;.&#8221;O impacto clim\u00e1tico dos equipamentos de refrigera\u00e7\u00e3o atualmente utilizados, incluindo frigor\u00edficos e ar condicionado, \u00e9 duplo: t\u00eam um peso significativo no consumo de eletricidade e dependem frequentemente de gases refrigerantes altamente poluentes, como os hidrofluorocarbonetos (HFC), que contribuem para as altera\u00e7\u00f5es clim\u00e1ticas&#8221;, alerta a Zero, acrescentando que em 2018 estes gases representavam 05% dos gases com efeito de estufa e que \u00e9 &#8220;fundamental&#8221; deixarem de ser usados.As duas organiza\u00e7\u00f5es defendem a necessidade de haver uma transi\u00e7\u00e3o para equipamentos de refrigera\u00e7\u00e3o que n\u00e3o utilizam os HFC e a EIA apresenta no relat\u00f3rio os equipamentos de refrigera\u00e7\u00e3o que j\u00e1 utilizam gases com pouco ou nenhum efeito de estufa (em https:\/\/eia-international.org\/report\/pathway-to-net-zero-cooling-product-list\/ ).&#8221;Este relat\u00f3rio pretende ajudar os particulares e as empresas, que est\u00e3o cada vez mais conscientes da import\u00e2ncia de fazer a sua parte na luta contra as altera\u00e7\u00f5es clim\u00e1ticas, a identificar os equipamentos que menos contribuem para as altera\u00e7\u00f5es clim\u00e1ticas, e assim fazer escolhas mais sustent\u00e1veis&#8221;, diz a Zero no comunicado.Os setores abrangidos no documento para os quais h\u00e1 solu\u00e7\u00f5es sustent\u00e1veis s\u00e3o os equipamentos de refrigera\u00e7\u00e3o e os ares condicionados dom\u00e9sticos, comerciais e industriais, os ve\u00edculos de transporte de mercadorias refrigeradas e ainda as bombas de calor dom\u00e9sticas, comerciais e industriais.A Zero lembra que o Regulamento dos Gases fluorados est\u00e1 em fase de revis\u00e3o, pretendendo-se uma legisla\u00e7\u00e3o mais ambiciosa, e diz que \u00e9 necess\u00e1rio a evolu\u00e7\u00e3o nas tecnologias nos diferentes segmentos de mercado, e a sua aplica\u00e7\u00e3o no terreno, sendo para isso importante que os cidad\u00e3os e as empresas fa\u00e7am as escolhas mais sustent\u00e1veis.<br \/>\n<br \/>\n<!--noindex--><br \/>\n<a href=\"http:\/\/feeds.jn.pt\/~r\/JN-ECONOMIA\/~3\/tTa03F2UuRI\/frigorificos-e-ares-condicionados-ja-nao-tem-de-provocar-efeito-de-estufa-13529683.html\" rel=\"nofollow\">Source link <\/a><br \/>\n<!--\/noindex--><\/p>\n","protected":false},"excerpt":{"rendered":"<p>JN\/Ag\u00eanciasOntem\u00a0\u00e0s\u00a009:35Os gases usados em equipamentos como frigor\u00edficos e ares condicionados provocam elevado efeito de estufa, mas j\u00e1 h\u00e1 marcas a usar gases com baixo ou nenhum potencial de aquecimento global, alerta um relat\u00f3rio divulgado este s\u00e1bado.Da responsabilidade da &#8220;Environmental Investigation Agency&#8221; (EIA), uma organiza\u00e7\u00e3o n\u00e3o governamental internacional que investiga e divulga crimes e abusos ambientais, [&hellip;]<\/p>\n","protected":false},"author":2,"featured_media":3387,"comment_status":"open","ping_status":"open","sticky":false,"template":"","format":"standard","meta":{"footnotes":""},"categories":[1],"tags":[],"class_list":["post-3386","post","type-post","status-publish","format-standard","has-post-thumbnail","hentry","category-ultimas-noticias-financeiras"],"yoast_head":"<!-- This site is optimized with the Yoast SEO plugin v27.4 - https:\/\/yoast.com\/product\/yoast-seo-wordpress\/ -->\n<title>Frigor\u00edficos e ares condicionados j\u00e1 n\u00e3o t\u00eam de provocar efeito de estufa - Hot News in World<\/title>\n<meta name=\"robots\" content=\"index, follow, max-snippet:-1, max-image-preview:large, max-video-preview:-1\" \/>\n<link rel=\"canonical\" href=\"https:\/\/hotnewsinworld.com\/pt\/frigorificos-e-ares-condicionados-ja-nao-tem-de-provocar-efeito-de-estufa\/\" \/>\n<meta property=\"og:locale\" content=\"pt_PT\" \/>\n<meta property=\"og:type\" content=\"article\" \/>\n<meta property=\"og:title\" content=\"Frigor\u00edficos e ares condicionados j\u00e1 n\u00e3o t\u00eam de provocar efeito de estufa - Hot News in World\" \/>\n<meta property=\"og:description\" content=\"JN\/Ag\u00eanciasOntem\u00a0\u00e0s\u00a009:35Os gases usados em equipamentos como frigor\u00edficos e ares condicionados provocam elevado efeito de estufa, mas j\u00e1 h\u00e1 marcas a usar gases com baixo ou nenhum potencial de aquecimento global, alerta um relat\u00f3rio divulgado este s\u00e1bado.Da responsabilidade da &#8220;Environmental Investigation Agency&#8221; (EIA), uma organiza\u00e7\u00e3o n\u00e3o governamental internacional que investiga e divulga crimes e abusos ambientais, [&hellip;]\" \/>\n<meta property=\"og:url\" content=\"https:\/\/hotnewsinworld.com\/pt\/frigorificos-e-ares-condicionados-ja-nao-tem-de-provocar-efeito-de-estufa\/\" \/>\n<meta property=\"og:site_name\" content=\"Hot News in World\" \/>\n<meta property=\"article:published_time\" content=\"2021-04-04T05:59:04+00:00\" \/>\n<meta property=\"article:modified_time\" content=\"2021-04-04T05:59:23+00:00\" \/>\n<meta property=\"og:image\" content=\"https:\/\/hotnewsinworld.com\/pt\/wp-content\/uploads\/sites\/2\/2021\/04\/Frigorificos-e-ares-condicionados-ja-nao-tem-de-provocar-efeito.jpg\" \/>\n\t<meta property=\"og:image:width\" content=\"799\" \/>\n\t<meta property=\"og:image:height\" content=\"420\" \/>\n\t<meta property=\"og:image:type\" content=\"image\/jpeg\" \/>\n<meta name=\"author\" content=\"hotnewsinworld\" \/>\n<meta name=\"twitter:card\" content=\"summary_large_image\" \/>\n<meta name=\"twitter:label1\" content=\"Escrito por\" \/>\n\t<meta name=\"twitter:data1\" content=\"hotnewsinworld\" \/>\n\t<meta name=\"twitter:label2\" content=\"Tempo estimado de leitura\" \/>\n\t<meta name=\"twitter:data2\" content=\"2 minutos\" \/>\n<script type=\"application\/ld+json\" class=\"yoast-schema-graph\">{\"@context\":\"https:\\\/\\\/schema.org\",\"@graph\":[{\"@type\":\"Article\",\"@id\":\"https:\\\/\\\/hotnewsinworld.com\\\/pt\\\/frigorificos-e-ares-condicionados-ja-nao-tem-de-provocar-efeito-de-estufa\\\/#article\",\"isPartOf\":{\"@id\":\"https:\\\/\\\/hotnewsinworld.com\\\/pt\\\/frigorificos-e-ares-condicionados-ja-nao-tem-de-provocar-efeito-de-estufa\\\/\"},\"author\":{\"name\":\"hotnewsinworld\",\"@id\":\"https:\\\/\\\/hotnewsinworld.com\\\/pt\\\/#\\\/schema\\\/person\\\/fe61448b21c0d59086e75fcc1f9d8f6b\"},\"headline\":\"Frigor\u00edficos e ares condicionados j\u00e1 n\u00e3o t\u00eam de provocar efeito de estufa\",\"datePublished\":\"2021-04-04T05:59:04+00:00\",\"dateModified\":\"2021-04-04T05:59:23+00:00\",\"mainEntityOfPage\":{\"@id\":\"https:\\\/\\\/hotnewsinworld.com\\\/pt\\\/frigorificos-e-ares-condicionados-ja-nao-tem-de-provocar-efeito-de-estufa\\\/\"},\"wordCount\":442,\"commentCount\":0,\"image\":{\"@id\":\"https:\\\/\\\/hotnewsinworld.com\\\/pt\\\/frigorificos-e-ares-condicionados-ja-nao-tem-de-provocar-efeito-de-estufa\\\/#primaryimage\"},\"thumbnailUrl\":\"https:\\\/\\\/hotnewsinworld.com\\\/pt\\\/wp-content\\\/uploads\\\/sites\\\/2\\\/2021\\\/04\\\/Frigorificos-e-ares-condicionados-ja-nao-tem-de-provocar-efeito.jpg\",\"articleSection\":[\"\u00daLTIMAS NOT\u00cdCIAS FINANCEIRAS\"],\"inLanguage\":\"pt-PT\",\"potentialAction\":[{\"@type\":\"CommentAction\",\"name\":\"Comment\",\"target\":[\"https:\\\/\\\/hotnewsinworld.com\\\/pt\\\/frigorificos-e-ares-condicionados-ja-nao-tem-de-provocar-efeito-de-estufa\\\/#respond\"]}]},{\"@type\":\"WebPage\",\"@id\":\"https:\\\/\\\/hotnewsinworld.com\\\/pt\\\/frigorificos-e-ares-condicionados-ja-nao-tem-de-provocar-efeito-de-estufa\\\/\",\"url\":\"https:\\\/\\\/hotnewsinworld.com\\\/pt\\\/frigorificos-e-ares-condicionados-ja-nao-tem-de-provocar-efeito-de-estufa\\\/\",\"name\":\"Frigor\u00edficos e ares condicionados j\u00e1 n\u00e3o t\u00eam de provocar efeito de estufa - Hot News in World\",\"isPartOf\":{\"@id\":\"https:\\\/\\\/hotnewsinworld.com\\\/pt\\\/#website\"},\"primaryImageOfPage\":{\"@id\":\"https:\\\/\\\/hotnewsinworld.com\\\/pt\\\/frigorificos-e-ares-condicionados-ja-nao-tem-de-provocar-efeito-de-estufa\\\/#primaryimage\"},\"image\":{\"@id\":\"https:\\\/\\\/hotnewsinworld.com\\\/pt\\\/frigorificos-e-ares-condicionados-ja-nao-tem-de-provocar-efeito-de-estufa\\\/#primaryimage\"},\"thumbnailUrl\":\"https:\\\/\\\/hotnewsinworld.com\\\/pt\\\/wp-content\\\/uploads\\\/sites\\\/2\\\/2021\\\/04\\\/Frigorificos-e-ares-condicionados-ja-nao-tem-de-provocar-efeito.jpg\",\"datePublished\":\"2021-04-04T05:59:04+00:00\",\"dateModified\":\"2021-04-04T05:59:23+00:00\",\"author\":{\"@id\":\"https:\\\/\\\/hotnewsinworld.com\\\/pt\\\/#\\\/schema\\\/person\\\/fe61448b21c0d59086e75fcc1f9d8f6b\"},\"breadcrumb\":{\"@id\":\"https:\\\/\\\/hotnewsinworld.com\\\/pt\\\/frigorificos-e-ares-condicionados-ja-nao-tem-de-provocar-efeito-de-estufa\\\/#breadcrumb\"},\"inLanguage\":\"pt-PT\",\"potentialAction\":[{\"@type\":\"ReadAction\",\"target\":[\"https:\\\/\\\/hotnewsinworld.com\\\/pt\\\/frigorificos-e-ares-condicionados-ja-nao-tem-de-provocar-efeito-de-estufa\\\/\"]}]},{\"@type\":\"ImageObject\",\"inLanguage\":\"pt-PT\",\"@id\":\"https:\\\/\\\/hotnewsinworld.com\\\/pt\\\/frigorificos-e-ares-condicionados-ja-nao-tem-de-provocar-efeito-de-estufa\\\/#primaryimage\",\"url\":\"https:\\\/\\\/hotnewsinworld.com\\\/pt\\\/wp-content\\\/uploads\\\/sites\\\/2\\\/2021\\\/04\\\/Frigorificos-e-ares-condicionados-ja-nao-tem-de-provocar-efeito.jpg\",\"contentUrl\":\"https:\\\/\\\/hotnewsinworld.com\\\/pt\\\/wp-content\\\/uploads\\\/sites\\\/2\\\/2021\\\/04\\\/Frigorificos-e-ares-condicionados-ja-nao-tem-de-provocar-efeito.jpg\",\"width\":799,\"height\":420,\"caption\":\"Frigor\u00edficos e ares condicionados j\u00e1 n\u00e3o t\u00eam de provocar efeito de estufa\"},{\"@type\":\"BreadcrumbList\",\"@id\":\"https:\\\/\\\/hotnewsinworld.com\\\/pt\\\/frigorificos-e-ares-condicionados-ja-nao-tem-de-provocar-efeito-de-estufa\\\/#breadcrumb\",\"itemListElement\":[{\"@type\":\"ListItem\",\"position\":1,\"name\":\"\u0413\u043b\u0430\u0432\u043d\u0430\u044f \u0441\u0442\u0440\u0430\u043d\u0438\u0446\u0430\",\"item\":\"https:\\\/\\\/hotnewsinworld.com\\\/pt\\\/\"},{\"@type\":\"ListItem\",\"position\":2,\"name\":\"Frigor\u00edficos e ares condicionados j\u00e1 n\u00e3o t\u00eam de provocar efeito de estufa\"}]},{\"@type\":\"WebSite\",\"@id\":\"https:\\\/\\\/hotnewsinworld.com\\\/pt\\\/#website\",\"url\":\"https:\\\/\\\/hotnewsinworld.com\\\/pt\\\/\",\"name\":\"Hot News in World\",\"description\":\"Hot News in World Portugal\",\"potentialAction\":[{\"@type\":\"SearchAction\",\"target\":{\"@type\":\"EntryPoint\",\"urlTemplate\":\"https:\\\/\\\/hotnewsinworld.com\\\/pt\\\/?s={search_term_string}\"},\"query-input\":{\"@type\":\"PropertyValueSpecification\",\"valueRequired\":true,\"valueName\":\"search_term_string\"}}],\"inLanguage\":\"pt-PT\"},{\"@type\":\"Person\",\"@id\":\"https:\\\/\\\/hotnewsinworld.com\\\/pt\\\/#\\\/schema\\\/person\\\/fe61448b21c0d59086e75fcc1f9d8f6b\",\"name\":\"hotnewsinworld\",\"image\":{\"@type\":\"ImageObject\",\"inLanguage\":\"pt-PT\",\"@id\":\"https:\\\/\\\/secure.gravatar.com\\\/avatar\\\/8a09ac165600ce2e1c38fe593c63928eb1e6e7ba5c5a907d67787c41b3d00c14?s=96&d=mm&r=g\",\"url\":\"https:\\\/\\\/secure.gravatar.com\\\/avatar\\\/8a09ac165600ce2e1c38fe593c63928eb1e6e7ba5c5a907d67787c41b3d00c14?s=96&d=mm&r=g\",\"contentUrl\":\"https:\\\/\\\/secure.gravatar.com\\\/avatar\\\/8a09ac165600ce2e1c38fe593c63928eb1e6e7ba5c5a907d67787c41b3d00c14?s=96&d=mm&r=g\",\"caption\":\"hotnewsinworld\"},\"url\":\"https:\\\/\\\/hotnewsinworld.com\\\/pt\\\/author\\\/pt\\\/\"}]}<\/script>\n<!-- \/ Yoast SEO plugin. -->","yoast_head_json":{"title":"Frigor\u00edficos e ares condicionados j\u00e1 n\u00e3o t\u00eam de provocar efeito de estufa - Hot News in World","robots":{"index":"index","follow":"follow","max-snippet":"max-snippet:-1","max-image-preview":"max-image-preview:large","max-video-preview":"max-video-preview:-1"},"canonical":"https:\/\/hotnewsinworld.com\/pt\/frigorificos-e-ares-condicionados-ja-nao-tem-de-provocar-efeito-de-estufa\/","og_locale":"pt_PT","og_type":"article","og_title":"Frigor\u00edficos e ares condicionados j\u00e1 n\u00e3o t\u00eam de provocar efeito de estufa - Hot News in World","og_description":"JN\/Ag\u00eanciasOntem\u00a0\u00e0s\u00a009:35Os gases usados em equipamentos como frigor\u00edficos e ares condicionados provocam elevado efeito de estufa, mas j\u00e1 h\u00e1 marcas a usar gases com baixo ou nenhum potencial de aquecimento global, alerta um relat\u00f3rio divulgado este s\u00e1bado.Da responsabilidade da &#8220;Environmental Investigation Agency&#8221; (EIA), uma organiza\u00e7\u00e3o n\u00e3o governamental internacional que investiga e divulga crimes e abusos ambientais, [&hellip;]","og_url":"https:\/\/hotnewsinworld.com\/pt\/frigorificos-e-ares-condicionados-ja-nao-tem-de-provocar-efeito-de-estufa\/","og_site_name":"Hot News in World","article_published_time":"2021-04-04T05:59:04+00:00","article_modified_time":"2021-04-04T05:59:23+00:00","og_image":[{"width":799,"height":420,"url":"https:\/\/hotnewsinworld.com\/pt\/wp-content\/uploads\/sites\/2\/2021\/04\/Frigorificos-e-ares-condicionados-ja-nao-tem-de-provocar-efeito.jpg","type":"image\/jpeg"}],"author":"hotnewsinworld","twitter_card":"summary_large_image","twitter_misc":{"Escrito por":"hotnewsinworld","Tempo estimado de leitura":"2 minutos"},"schema":{"@context":"https:\/\/schema.org","@graph":[{"@type":"Article","@id":"https:\/\/hotnewsinworld.com\/pt\/frigorificos-e-ares-condicionados-ja-nao-tem-de-provocar-efeito-de-estufa\/#article","isPartOf":{"@id":"https:\/\/hotnewsinworld.com\/pt\/frigorificos-e-ares-condicionados-ja-nao-tem-de-provocar-efeito-de-estufa\/"},"author":{"name":"hotnewsinworld","@id":"https:\/\/hotnewsinworld.com\/pt\/#\/schema\/person\/fe61448b21c0d59086e75fcc1f9d8f6b"},"headline":"Frigor\u00edficos e ares condicionados j\u00e1 n\u00e3o t\u00eam de provocar efeito de estufa","datePublished":"2021-04-04T05:59:04+00:00","dateModified":"2021-04-04T05:59:23+00:00","mainEntityOfPage":{"@id":"https:\/\/hotnewsinworld.com\/pt\/frigorificos-e-ares-condicionados-ja-nao-tem-de-provocar-efeito-de-estufa\/"},"wordCount":442,"commentCount":0,"image":{"@id":"https:\/\/hotnewsinworld.com\/pt\/frigorificos-e-ares-condicionados-ja-nao-tem-de-provocar-efeito-de-estufa\/#primaryimage"},"thumbnailUrl":"https:\/\/hotnewsinworld.com\/pt\/wp-content\/uploads\/sites\/2\/2021\/04\/Frigorificos-e-ares-condicionados-ja-nao-tem-de-provocar-efeito.jpg","articleSection":["\u00daLTIMAS NOT\u00cdCIAS FINANCEIRAS"],"inLanguage":"pt-PT","potentialAction":[{"@type":"CommentAction","name":"Comment","target":["https:\/\/hotnewsinworld.com\/pt\/frigorificos-e-ares-condicionados-ja-nao-tem-de-provocar-efeito-de-estufa\/#respond"]}]},{"@type":"WebPage","@id":"https:\/\/hotnewsinworld.com\/pt\/frigorificos-e-ares-condicionados-ja-nao-tem-de-provocar-efeito-de-estufa\/","url":"https:\/\/hotnewsinworld.com\/pt\/frigorificos-e-ares-condicionados-ja-nao-tem-de-provocar-efeito-de-estufa\/","name":"Frigor\u00edficos e ares condicionados j\u00e1 n\u00e3o t\u00eam de provocar efeito de estufa - Hot News in World","isPartOf":{"@id":"https:\/\/hotnewsinworld.com\/pt\/#website"},"primaryImageOfPage":{"@id":"https:\/\/hotnewsinworld.com\/pt\/frigorificos-e-ares-condicionados-ja-nao-tem-de-provocar-efeito-de-estufa\/#primaryimage"},"image":{"@id":"https:\/\/hotnewsinworld.com\/pt\/frigorificos-e-ares-condicionados-ja-nao-tem-de-provocar-efeito-de-estufa\/#primaryimage"},"thumbnailUrl":"https:\/\/hotnewsinworld.com\/pt\/wp-content\/uploads\/sites\/2\/2021\/04\/Frigorificos-e-ares-condicionados-ja-nao-tem-de-provocar-efeito.jpg","datePublished":"2021-04-04T05:59:04+00:00","dateModified":"2021-04-04T05:59:23+00:00","author":{"@id":"https:\/\/hotnewsinworld.com\/pt\/#\/schema\/person\/fe61448b21c0d59086e75fcc1f9d8f6b"},"breadcrumb":{"@id":"https:\/\/hotnewsinworld.com\/pt\/frigorificos-e-ares-condicionados-ja-nao-tem-de-provocar-efeito-de-estufa\/#breadcrumb"},"inLanguage":"pt-PT","potentialAction":[{"@type":"ReadAction","target":["https:\/\/hotnewsinworld.com\/pt\/frigorificos-e-ares-condicionados-ja-nao-tem-de-provocar-efeito-de-estufa\/"]}]},{"@type":"ImageObject","inLanguage":"pt-PT","@id":"https:\/\/hotnewsinworld.com\/pt\/frigorificos-e-ares-condicionados-ja-nao-tem-de-provocar-efeito-de-estufa\/#primaryimage","url":"https:\/\/hotnewsinworld.com\/pt\/wp-content\/uploads\/sites\/2\/2021\/04\/Frigorificos-e-ares-condicionados-ja-nao-tem-de-provocar-efeito.jpg","contentUrl":"https:\/\/hotnewsinworld.com\/pt\/wp-content\/uploads\/sites\/2\/2021\/04\/Frigorificos-e-ares-condicionados-ja-nao-tem-de-provocar-efeito.jpg","width":799,"height":420,"caption":"Frigor\u00edficos e ares condicionados j\u00e1 n\u00e3o t\u00eam de provocar efeito de estufa"},{"@type":"BreadcrumbList","@id":"https:\/\/hotnewsinworld.com\/pt\/frigorificos-e-ares-condicionados-ja-nao-tem-de-provocar-efeito-de-estufa\/#breadcrumb","itemListElement":[{"@type":"ListItem","position":1,"name":"\u0413\u043b\u0430\u0432\u043d\u0430\u044f \u0441\u0442\u0440\u0430\u043d\u0438\u0446\u0430","item":"https:\/\/hotnewsinworld.com\/pt\/"},{"@type":"ListItem","position":2,"name":"Frigor\u00edficos e ares condicionados j\u00e1 n\u00e3o t\u00eam de provocar efeito de estufa"}]},{"@type":"WebSite","@id":"https:\/\/hotnewsinworld.com\/pt\/#website","url":"https:\/\/hotnewsinworld.com\/pt\/","name":"Hot News in World","description":"Hot News in World Portugal","potentialAction":[{"@type":"SearchAction","target":{"@type":"EntryPoint","urlTemplate":"https:\/\/hotnewsinworld.com\/pt\/?s={search_term_string}"},"query-input":{"@type":"PropertyValueSpecification","valueRequired":true,"valueName":"search_term_string"}}],"inLanguage":"pt-PT"},{"@type":"Person","@id":"https:\/\/hotnewsinworld.com\/pt\/#\/schema\/person\/fe61448b21c0d59086e75fcc1f9d8f6b","name":"hotnewsinworld","image":{"@type":"ImageObject","inLanguage":"pt-PT","@id":"https:\/\/secure.gravatar.com\/avatar\/8a09ac165600ce2e1c38fe593c63928eb1e6e7ba5c5a907d67787c41b3d00c14?s=96&d=mm&r=g","url":"https:\/\/secure.gravatar.com\/avatar\/8a09ac165600ce2e1c38fe593c63928eb1e6e7ba5c5a907d67787c41b3d00c14?s=96&d=mm&r=g","contentUrl":"https:\/\/secure.gravatar.com\/avatar\/8a09ac165600ce2e1c38fe593c63928eb1e6e7ba5c5a907d67787c41b3d00c14?s=96&d=mm&r=g","caption":"hotnewsinworld"},"url":"https:\/\/hotnewsinworld.com\/pt\/author\/pt\/"}]}},"_links":{"self":[{"href":"https:\/\/hotnewsinworld.com\/pt\/wp-json\/wp\/v2\/posts\/3386","targetHints":{"allow":["GET"]}}],"collection":[{"href":"https:\/\/hotnewsinworld.com\/pt\/wp-json\/wp\/v2\/posts"}],"about":[{"href":"https:\/\/hotnewsinworld.com\/pt\/wp-json\/wp\/v2\/types\/post"}],"author":[{"embeddable":true,"href":"https:\/\/hotnewsinworld.com\/pt\/wp-json\/wp\/v2\/users\/2"}],"replies":[{"embeddable":true,"href":"https:\/\/hotnewsinworld.com\/pt\/wp-json\/wp\/v2\/comments?post=3386"}],"version-history":[{"count":1,"href":"https:\/\/hotnewsinworld.com\/pt\/wp-json\/wp\/v2\/posts\/3386\/revisions"}],"predecessor-version":[{"id":3388,"href":"https:\/\/hotnewsinworld.com\/pt\/wp-json\/wp\/v2\/posts\/3386\/revisions\/3388"}],"wp:featuredmedia":[{"embeddable":true,"href":"https:\/\/hotnewsinworld.com\/pt\/wp-json\/wp\/v2\/media\/3387"}],"wp:attachment":[{"href":"https:\/\/hotnewsinworld.com\/pt\/wp-json\/wp\/v2\/media?parent=3386"}],"wp:term":[{"taxonomy":"category","embeddable":true,"href":"https:\/\/hotnewsinworld.com\/pt\/wp-json\/wp\/v2\/categories?post=3386"},{"taxonomy":"post_tag","embeddable":true,"href":"https:\/\/hotnewsinworld.com\/pt\/wp-json\/wp\/v2\/tags?post=3386"}],"curies":[{"name":"wp","href":"https:\/\/api.w.org\/{rel}","templated":true}]}}