{"id":3392,"date":"2021-04-05T09:25:09","date_gmt":"2021-04-05T06:25:09","guid":{"rendered":"https:\/\/hotnewsinworld.com\/pt\/venda-de-automoveis-com-o-pior-trimestre-desde-os-tempos-da-troika\/"},"modified":"2021-04-05T09:25:19","modified_gmt":"2021-04-05T06:25:19","slug":"venda-de-automoveis-com-o-pior-trimestre-desde-os-tempos-da-troika","status":"publish","type":"post","link":"https:\/\/hotnewsinworld.com\/pt\/venda-de-automoveis-com-o-pior-trimestre-desde-os-tempos-da-troika\/","title":{"rendered":"Venda de autom\u00f3veis com o pior trimestre desde os tempos da troika"},"content":{"rendered":"<p>Teresa Costa (JN\/DV)02\u00a0Abril\u00a02021\u00a0\u00e0s\u00a009:03\u00c9 preciso recuar a 2013 para encontrar um 1.\u00ba trimestre mais d\u00e9bil nas vendas de carros ligeiros de passageiros do que o ocorrido nos tr\u00eas primeiros meses de 2021. H\u00e1 oito anos, o pa\u00eds vivia sob o programa de ajustamento da troika.Nesse trimestre, venderam-se 24 162 ligeiros contra os 31 039 agora contabilizados, de acordo com dados da Associa\u00e7\u00e3o Autom\u00f3vel de Portugal (ACAP).De janeiro a mar\u00e7o do ano em curso, o com\u00e9rcio de ligeiros de passageiros caiu 31,5% face h\u00e1 um ano, uma descida acentuada na compara\u00e7\u00e3o com os meses de 2020 ainda quase sem o efeito da covid. S\u00f3 em meados de mar\u00e7o do ano passado \u00e9 que o pa\u00eds come\u00e7ou a confinar e a atividade econ\u00f3mica a parar, recorda H\u00e9lder Pedro, secret\u00e1rio-geral da ACAP.Neste ano, os stands autom\u00f3veis fecharam no dia 15 de janeiro e s\u00f3 tiveram autoriza\u00e7\u00e3o para reabrir no dia 15 de mar\u00e7o. Essa reabertura pode ajudar a explicar a subida nas vendas registada no m\u00eas: as 12 699 unidades ligeiras transacionadas superaram as ocorridas em janeiro ou fevereiro, e cresceram 19,8% em rela\u00e7\u00e3o a mar\u00e7o de 2020, embora tenham ficado abaixo das comercializadas em cada m\u00eas desde agosto at\u00e9 dezembro do ano passado.No entanto, H\u00e9lder Pedro entende que a subida mensal \u00e9 &#8220;residual&#8221; no contexto das quebras acumuladas no mercado. Juntando todos os segmentos (ligeiros e pesados, de passageiros e de mercadorias), o recuo foi de 25,7% no trimestre, para um total de 39 310 ve\u00edculos.Maior queda na EuropaH\u00e9lder Pedro recordou que, em fevereiro, m\u00eas de total confinamento, o pa\u00eds apresentou a maior queda nas vendas autom\u00f3veis novos na Europa (menos 59%).Apesar de os comerciantes de autom\u00f3veis, mesmo com os stands fechados, terem podido fazer as entregas ao domic\u00edlio dos ve\u00edculos encomendados, permaneceu fechado um mercado importante para o setor que representa 30% das vendas: o rent-a-car, penalizado sobretudo pela aus\u00eancia de turistas.Setor pede &#8220;est\u00edmulos&#8221;No contexto dos constrangimentos, H\u00e9lder Pedro lamenta que o poder pol\u00edtico n\u00e3o tenha atendido os pedidos da associa\u00e7\u00e3o. &#8220;O Governo n\u00e3o criou est\u00edmulos \u00e0 procura de autom\u00f3veis como se fez em Espanha, nem no Or\u00e7amento do Estado nem no Programa de Recupera\u00e7\u00e3o e Resili\u00eancia.&#8221;Reconhece que o desconfinamento poder\u00e1 ditar o futuro pr\u00f3ximo do desempenho do setor, mas &#8220;sem est\u00edmulos&#8221;, admite, &#8220;a atividade n\u00e3o poder\u00e1 ser retomada&#8221;.Por marcas, o com\u00e9rcio de ligeiros de passageiros continuou, no acumulado de janeiro a mar\u00e7o, liderado pela Peugeot, com 4594 unidades (-5,9%). Seguiram-se a Mercedes-Benz e a BMW. A 4.\u00aa posi\u00e7\u00e3o voltou a ser ocupada pela Renault, deixando \u00e0 Citro\u00ebn o 5.\u00ba lugar.<br \/>\n<br \/>\n<!--noindex--><br \/>\n<a href=\"http:\/\/feeds.jn.pt\/~r\/JN-ECONOMIA\/~3\/gToZioIjKmw\/venda-de-automoveis-com-o-pior-trimestre-desde-os-tempos-da-troika-13527309.html\" rel=\"nofollow\">Source link <\/a><br \/>\n<!--\/noindex--><\/p>\n","protected":false},"excerpt":{"rendered":"<p>Teresa Costa (JN\/DV)02\u00a0Abril\u00a02021\u00a0\u00e0s\u00a009:03\u00c9 preciso recuar a 2013 para encontrar um 1.\u00ba trimestre mais d\u00e9bil nas vendas de carros ligeiros de passageiros do que o ocorrido nos tr\u00eas primeiros meses de 2021. H\u00e1 oito anos, o pa\u00eds vivia sob o programa de ajustamento da troika.Nesse trimestre, venderam-se 24 162 ligeiros contra os 31 039 agora contabilizados, [&hellip;]<\/p>\n","protected":false},"author":2,"featured_media":3393,"comment_status":"open","ping_status":"open","sticky":false,"template":"","format":"standard","meta":{"footnotes":""},"categories":[1],"tags":[],"class_list":["post-3392","post","type-post","status-publish","format-standard","has-post-thumbnail","hentry","category-ultimas-noticias-financeiras"],"yoast_head":"<!-- This site is optimized with the Yoast SEO plugin v27.4 - https:\/\/yoast.com\/product\/yoast-seo-wordpress\/ -->\n<title>Venda de autom\u00f3veis com o pior trimestre desde os tempos da troika - Hot News in World<\/title>\n<meta name=\"robots\" content=\"index, follow, max-snippet:-1, max-image-preview:large, max-video-preview:-1\" \/>\n<link rel=\"canonical\" href=\"https:\/\/hotnewsinworld.com\/pt\/venda-de-automoveis-com-o-pior-trimestre-desde-os-tempos-da-troika\/\" \/>\n<meta property=\"og:locale\" content=\"pt_PT\" \/>\n<meta property=\"og:type\" content=\"article\" \/>\n<meta property=\"og:title\" content=\"Venda de autom\u00f3veis com o pior trimestre desde os tempos da troika - Hot News in World\" \/>\n<meta property=\"og:description\" content=\"Teresa Costa (JN\/DV)02\u00a0Abril\u00a02021\u00a0\u00e0s\u00a009:03\u00c9 preciso recuar a 2013 para encontrar um 1.\u00ba trimestre mais d\u00e9bil nas vendas de carros ligeiros de passageiros do que o ocorrido nos tr\u00eas primeiros meses de 2021. H\u00e1 oito anos, o pa\u00eds vivia sob o programa de ajustamento da troika.Nesse trimestre, venderam-se 24 162 ligeiros contra os 31 039 agora contabilizados, [&hellip;]\" \/>\n<meta property=\"og:url\" content=\"https:\/\/hotnewsinworld.com\/pt\/venda-de-automoveis-com-o-pior-trimestre-desde-os-tempos-da-troika\/\" \/>\n<meta property=\"og:site_name\" content=\"Hot News in World\" \/>\n<meta property=\"article:published_time\" content=\"2021-04-05T06:25:09+00:00\" \/>\n<meta property=\"article:modified_time\" content=\"2021-04-05T06:25:19+00:00\" \/>\n<meta property=\"og:image\" content=\"https:\/\/hotnewsinworld.com\/pt\/wp-content\/uploads\/sites\/2\/2021\/04\/Venda-de-automoveis-com-o-pior-trimestre-desde-os-tempos.jpg\" \/>\n\t<meta property=\"og:image:width\" content=\"800\" \/>\n\t<meta property=\"og:image:height\" content=\"420\" \/>\n\t<meta property=\"og:image:type\" content=\"image\/jpeg\" \/>\n<meta name=\"author\" content=\"hotnewsinworld\" \/>\n<meta name=\"twitter:card\" content=\"summary_large_image\" \/>\n<meta name=\"twitter:label1\" content=\"Escrito por\" \/>\n\t<meta name=\"twitter:data1\" content=\"hotnewsinworld\" \/>\n\t<meta name=\"twitter:label2\" content=\"Tempo estimado de leitura\" \/>\n\t<meta name=\"twitter:data2\" content=\"2 minutos\" \/>\n<script type=\"application\/ld+json\" class=\"yoast-schema-graph\">{\"@context\":\"https:\\\/\\\/schema.org\",\"@graph\":[{\"@type\":\"Article\",\"@id\":\"https:\\\/\\\/hotnewsinworld.com\\\/pt\\\/venda-de-automoveis-com-o-pior-trimestre-desde-os-tempos-da-troika\\\/#article\",\"isPartOf\":{\"@id\":\"https:\\\/\\\/hotnewsinworld.com\\\/pt\\\/venda-de-automoveis-com-o-pior-trimestre-desde-os-tempos-da-troika\\\/\"},\"author\":{\"name\":\"hotnewsinworld\",\"@id\":\"https:\\\/\\\/hotnewsinworld.com\\\/pt\\\/#\\\/schema\\\/person\\\/fe61448b21c0d59086e75fcc1f9d8f6b\"},\"headline\":\"Venda de autom\u00f3veis com o pior trimestre desde os tempos da troika\",\"datePublished\":\"2021-04-05T06:25:09+00:00\",\"dateModified\":\"2021-04-05T06:25:19+00:00\",\"mainEntityOfPage\":{\"@id\":\"https:\\\/\\\/hotnewsinworld.com\\\/pt\\\/venda-de-automoveis-com-o-pior-trimestre-desde-os-tempos-da-troika\\\/\"},\"wordCount\":469,\"commentCount\":0,\"image\":{\"@id\":\"https:\\\/\\\/hotnewsinworld.com\\\/pt\\\/venda-de-automoveis-com-o-pior-trimestre-desde-os-tempos-da-troika\\\/#primaryimage\"},\"thumbnailUrl\":\"https:\\\/\\\/hotnewsinworld.com\\\/pt\\\/wp-content\\\/uploads\\\/sites\\\/2\\\/2021\\\/04\\\/Venda-de-automoveis-com-o-pior-trimestre-desde-os-tempos.jpg\",\"articleSection\":[\"\u00daLTIMAS NOT\u00cdCIAS FINANCEIRAS\"],\"inLanguage\":\"pt-PT\",\"potentialAction\":[{\"@type\":\"CommentAction\",\"name\":\"Comment\",\"target\":[\"https:\\\/\\\/hotnewsinworld.com\\\/pt\\\/venda-de-automoveis-com-o-pior-trimestre-desde-os-tempos-da-troika\\\/#respond\"]}]},{\"@type\":\"WebPage\",\"@id\":\"https:\\\/\\\/hotnewsinworld.com\\\/pt\\\/venda-de-automoveis-com-o-pior-trimestre-desde-os-tempos-da-troika\\\/\",\"url\":\"https:\\\/\\\/hotnewsinworld.com\\\/pt\\\/venda-de-automoveis-com-o-pior-trimestre-desde-os-tempos-da-troika\\\/\",\"name\":\"Venda de autom\u00f3veis com o pior trimestre desde os tempos da troika - Hot News in World\",\"isPartOf\":{\"@id\":\"https:\\\/\\\/hotnewsinworld.com\\\/pt\\\/#website\"},\"primaryImageOfPage\":{\"@id\":\"https:\\\/\\\/hotnewsinworld.com\\\/pt\\\/venda-de-automoveis-com-o-pior-trimestre-desde-os-tempos-da-troika\\\/#primaryimage\"},\"image\":{\"@id\":\"https:\\\/\\\/hotnewsinworld.com\\\/pt\\\/venda-de-automoveis-com-o-pior-trimestre-desde-os-tempos-da-troika\\\/#primaryimage\"},\"thumbnailUrl\":\"https:\\\/\\\/hotnewsinworld.com\\\/pt\\\/wp-content\\\/uploads\\\/sites\\\/2\\\/2021\\\/04\\\/Venda-de-automoveis-com-o-pior-trimestre-desde-os-tempos.jpg\",\"datePublished\":\"2021-04-05T06:25:09+00:00\",\"dateModified\":\"2021-04-05T06:25:19+00:00\",\"author\":{\"@id\":\"https:\\\/\\\/hotnewsinworld.com\\\/pt\\\/#\\\/schema\\\/person\\\/fe61448b21c0d59086e75fcc1f9d8f6b\"},\"breadcrumb\":{\"@id\":\"https:\\\/\\\/hotnewsinworld.com\\\/pt\\\/venda-de-automoveis-com-o-pior-trimestre-desde-os-tempos-da-troika\\\/#breadcrumb\"},\"inLanguage\":\"pt-PT\",\"potentialAction\":[{\"@type\":\"ReadAction\",\"target\":[\"https:\\\/\\\/hotnewsinworld.com\\\/pt\\\/venda-de-automoveis-com-o-pior-trimestre-desde-os-tempos-da-troika\\\/\"]}]},{\"@type\":\"ImageObject\",\"inLanguage\":\"pt-PT\",\"@id\":\"https:\\\/\\\/hotnewsinworld.com\\\/pt\\\/venda-de-automoveis-com-o-pior-trimestre-desde-os-tempos-da-troika\\\/#primaryimage\",\"url\":\"https:\\\/\\\/hotnewsinworld.com\\\/pt\\\/wp-content\\\/uploads\\\/sites\\\/2\\\/2021\\\/04\\\/Venda-de-automoveis-com-o-pior-trimestre-desde-os-tempos.jpg\",\"contentUrl\":\"https:\\\/\\\/hotnewsinworld.com\\\/pt\\\/wp-content\\\/uploads\\\/sites\\\/2\\\/2021\\\/04\\\/Venda-de-automoveis-com-o-pior-trimestre-desde-os-tempos.jpg\",\"width\":800,\"height\":420,\"caption\":\"Venda de autom\u00f3veis com o pior trimestre desde os tempos da troika\"},{\"@type\":\"BreadcrumbList\",\"@id\":\"https:\\\/\\\/hotnewsinworld.com\\\/pt\\\/venda-de-automoveis-com-o-pior-trimestre-desde-os-tempos-da-troika\\\/#breadcrumb\",\"itemListElement\":[{\"@type\":\"ListItem\",\"position\":1,\"name\":\"\u0413\u043b\u0430\u0432\u043d\u0430\u044f \u0441\u0442\u0440\u0430\u043d\u0438\u0446\u0430\",\"item\":\"https:\\\/\\\/hotnewsinworld.com\\\/pt\\\/\"},{\"@type\":\"ListItem\",\"position\":2,\"name\":\"Venda de autom\u00f3veis com o pior trimestre desde os tempos da troika\"}]},{\"@type\":\"WebSite\",\"@id\":\"https:\\\/\\\/hotnewsinworld.com\\\/pt\\\/#website\",\"url\":\"https:\\\/\\\/hotnewsinworld.com\\\/pt\\\/\",\"name\":\"Hot News in World\",\"description\":\"Hot News in World Portugal\",\"potentialAction\":[{\"@type\":\"SearchAction\",\"target\":{\"@type\":\"EntryPoint\",\"urlTemplate\":\"https:\\\/\\\/hotnewsinworld.com\\\/pt\\\/?s={search_term_string}\"},\"query-input\":{\"@type\":\"PropertyValueSpecification\",\"valueRequired\":true,\"valueName\":\"search_term_string\"}}],\"inLanguage\":\"pt-PT\"},{\"@type\":\"Person\",\"@id\":\"https:\\\/\\\/hotnewsinworld.com\\\/pt\\\/#\\\/schema\\\/person\\\/fe61448b21c0d59086e75fcc1f9d8f6b\",\"name\":\"hotnewsinworld\",\"image\":{\"@type\":\"ImageObject\",\"inLanguage\":\"pt-PT\",\"@id\":\"https:\\\/\\\/secure.gravatar.com\\\/avatar\\\/8a09ac165600ce2e1c38fe593c63928eb1e6e7ba5c5a907d67787c41b3d00c14?s=96&d=mm&r=g\",\"url\":\"https:\\\/\\\/secure.gravatar.com\\\/avatar\\\/8a09ac165600ce2e1c38fe593c63928eb1e6e7ba5c5a907d67787c41b3d00c14?s=96&d=mm&r=g\",\"contentUrl\":\"https:\\\/\\\/secure.gravatar.com\\\/avatar\\\/8a09ac165600ce2e1c38fe593c63928eb1e6e7ba5c5a907d67787c41b3d00c14?s=96&d=mm&r=g\",\"caption\":\"hotnewsinworld\"},\"url\":\"https:\\\/\\\/hotnewsinworld.com\\\/pt\\\/author\\\/pt\\\/\"}]}<\/script>\n<!-- \/ Yoast SEO plugin. -->","yoast_head_json":{"title":"Venda de autom\u00f3veis com o pior trimestre desde os tempos da troika - Hot News in World","robots":{"index":"index","follow":"follow","max-snippet":"max-snippet:-1","max-image-preview":"max-image-preview:large","max-video-preview":"max-video-preview:-1"},"canonical":"https:\/\/hotnewsinworld.com\/pt\/venda-de-automoveis-com-o-pior-trimestre-desde-os-tempos-da-troika\/","og_locale":"pt_PT","og_type":"article","og_title":"Venda de autom\u00f3veis com o pior trimestre desde os tempos da troika - Hot News in World","og_description":"Teresa Costa (JN\/DV)02\u00a0Abril\u00a02021\u00a0\u00e0s\u00a009:03\u00c9 preciso recuar a 2013 para encontrar um 1.\u00ba trimestre mais d\u00e9bil nas vendas de carros ligeiros de passageiros do que o ocorrido nos tr\u00eas primeiros meses de 2021. H\u00e1 oito anos, o pa\u00eds vivia sob o programa de ajustamento da troika.Nesse trimestre, venderam-se 24 162 ligeiros contra os 31 039 agora contabilizados, [&hellip;]","og_url":"https:\/\/hotnewsinworld.com\/pt\/venda-de-automoveis-com-o-pior-trimestre-desde-os-tempos-da-troika\/","og_site_name":"Hot News in World","article_published_time":"2021-04-05T06:25:09+00:00","article_modified_time":"2021-04-05T06:25:19+00:00","og_image":[{"width":800,"height":420,"url":"https:\/\/hotnewsinworld.com\/pt\/wp-content\/uploads\/sites\/2\/2021\/04\/Venda-de-automoveis-com-o-pior-trimestre-desde-os-tempos.jpg","type":"image\/jpeg"}],"author":"hotnewsinworld","twitter_card":"summary_large_image","twitter_misc":{"Escrito por":"hotnewsinworld","Tempo estimado de leitura":"2 minutos"},"schema":{"@context":"https:\/\/schema.org","@graph":[{"@type":"Article","@id":"https:\/\/hotnewsinworld.com\/pt\/venda-de-automoveis-com-o-pior-trimestre-desde-os-tempos-da-troika\/#article","isPartOf":{"@id":"https:\/\/hotnewsinworld.com\/pt\/venda-de-automoveis-com-o-pior-trimestre-desde-os-tempos-da-troika\/"},"author":{"name":"hotnewsinworld","@id":"https:\/\/hotnewsinworld.com\/pt\/#\/schema\/person\/fe61448b21c0d59086e75fcc1f9d8f6b"},"headline":"Venda de autom\u00f3veis com o pior trimestre desde os tempos da troika","datePublished":"2021-04-05T06:25:09+00:00","dateModified":"2021-04-05T06:25:19+00:00","mainEntityOfPage":{"@id":"https:\/\/hotnewsinworld.com\/pt\/venda-de-automoveis-com-o-pior-trimestre-desde-os-tempos-da-troika\/"},"wordCount":469,"commentCount":0,"image":{"@id":"https:\/\/hotnewsinworld.com\/pt\/venda-de-automoveis-com-o-pior-trimestre-desde-os-tempos-da-troika\/#primaryimage"},"thumbnailUrl":"https:\/\/hotnewsinworld.com\/pt\/wp-content\/uploads\/sites\/2\/2021\/04\/Venda-de-automoveis-com-o-pior-trimestre-desde-os-tempos.jpg","articleSection":["\u00daLTIMAS NOT\u00cdCIAS FINANCEIRAS"],"inLanguage":"pt-PT","potentialAction":[{"@type":"CommentAction","name":"Comment","target":["https:\/\/hotnewsinworld.com\/pt\/venda-de-automoveis-com-o-pior-trimestre-desde-os-tempos-da-troika\/#respond"]}]},{"@type":"WebPage","@id":"https:\/\/hotnewsinworld.com\/pt\/venda-de-automoveis-com-o-pior-trimestre-desde-os-tempos-da-troika\/","url":"https:\/\/hotnewsinworld.com\/pt\/venda-de-automoveis-com-o-pior-trimestre-desde-os-tempos-da-troika\/","name":"Venda de autom\u00f3veis com o pior trimestre desde os tempos da troika - Hot News in World","isPartOf":{"@id":"https:\/\/hotnewsinworld.com\/pt\/#website"},"primaryImageOfPage":{"@id":"https:\/\/hotnewsinworld.com\/pt\/venda-de-automoveis-com-o-pior-trimestre-desde-os-tempos-da-troika\/#primaryimage"},"image":{"@id":"https:\/\/hotnewsinworld.com\/pt\/venda-de-automoveis-com-o-pior-trimestre-desde-os-tempos-da-troika\/#primaryimage"},"thumbnailUrl":"https:\/\/hotnewsinworld.com\/pt\/wp-content\/uploads\/sites\/2\/2021\/04\/Venda-de-automoveis-com-o-pior-trimestre-desde-os-tempos.jpg","datePublished":"2021-04-05T06:25:09+00:00","dateModified":"2021-04-05T06:25:19+00:00","author":{"@id":"https:\/\/hotnewsinworld.com\/pt\/#\/schema\/person\/fe61448b21c0d59086e75fcc1f9d8f6b"},"breadcrumb":{"@id":"https:\/\/hotnewsinworld.com\/pt\/venda-de-automoveis-com-o-pior-trimestre-desde-os-tempos-da-troika\/#breadcrumb"},"inLanguage":"pt-PT","potentialAction":[{"@type":"ReadAction","target":["https:\/\/hotnewsinworld.com\/pt\/venda-de-automoveis-com-o-pior-trimestre-desde-os-tempos-da-troika\/"]}]},{"@type":"ImageObject","inLanguage":"pt-PT","@id":"https:\/\/hotnewsinworld.com\/pt\/venda-de-automoveis-com-o-pior-trimestre-desde-os-tempos-da-troika\/#primaryimage","url":"https:\/\/hotnewsinworld.com\/pt\/wp-content\/uploads\/sites\/2\/2021\/04\/Venda-de-automoveis-com-o-pior-trimestre-desde-os-tempos.jpg","contentUrl":"https:\/\/hotnewsinworld.com\/pt\/wp-content\/uploads\/sites\/2\/2021\/04\/Venda-de-automoveis-com-o-pior-trimestre-desde-os-tempos.jpg","width":800,"height":420,"caption":"Venda de autom\u00f3veis com o pior trimestre desde os tempos da troika"},{"@type":"BreadcrumbList","@id":"https:\/\/hotnewsinworld.com\/pt\/venda-de-automoveis-com-o-pior-trimestre-desde-os-tempos-da-troika\/#breadcrumb","itemListElement":[{"@type":"ListItem","position":1,"name":"\u0413\u043b\u0430\u0432\u043d\u0430\u044f \u0441\u0442\u0440\u0430\u043d\u0438\u0446\u0430","item":"https:\/\/hotnewsinworld.com\/pt\/"},{"@type":"ListItem","position":2,"name":"Venda de autom\u00f3veis com o pior trimestre desde os tempos da troika"}]},{"@type":"WebSite","@id":"https:\/\/hotnewsinworld.com\/pt\/#website","url":"https:\/\/hotnewsinworld.com\/pt\/","name":"Hot News in World","description":"Hot News in World Portugal","potentialAction":[{"@type":"SearchAction","target":{"@type":"EntryPoint","urlTemplate":"https:\/\/hotnewsinworld.com\/pt\/?s={search_term_string}"},"query-input":{"@type":"PropertyValueSpecification","valueRequired":true,"valueName":"search_term_string"}}],"inLanguage":"pt-PT"},{"@type":"Person","@id":"https:\/\/hotnewsinworld.com\/pt\/#\/schema\/person\/fe61448b21c0d59086e75fcc1f9d8f6b","name":"hotnewsinworld","image":{"@type":"ImageObject","inLanguage":"pt-PT","@id":"https:\/\/secure.gravatar.com\/avatar\/8a09ac165600ce2e1c38fe593c63928eb1e6e7ba5c5a907d67787c41b3d00c14?s=96&d=mm&r=g","url":"https:\/\/secure.gravatar.com\/avatar\/8a09ac165600ce2e1c38fe593c63928eb1e6e7ba5c5a907d67787c41b3d00c14?s=96&d=mm&r=g","contentUrl":"https:\/\/secure.gravatar.com\/avatar\/8a09ac165600ce2e1c38fe593c63928eb1e6e7ba5c5a907d67787c41b3d00c14?s=96&d=mm&r=g","caption":"hotnewsinworld"},"url":"https:\/\/hotnewsinworld.com\/pt\/author\/pt\/"}]}},"_links":{"self":[{"href":"https:\/\/hotnewsinworld.com\/pt\/wp-json\/wp\/v2\/posts\/3392","targetHints":{"allow":["GET"]}}],"collection":[{"href":"https:\/\/hotnewsinworld.com\/pt\/wp-json\/wp\/v2\/posts"}],"about":[{"href":"https:\/\/hotnewsinworld.com\/pt\/wp-json\/wp\/v2\/types\/post"}],"author":[{"embeddable":true,"href":"https:\/\/hotnewsinworld.com\/pt\/wp-json\/wp\/v2\/users\/2"}],"replies":[{"embeddable":true,"href":"https:\/\/hotnewsinworld.com\/pt\/wp-json\/wp\/v2\/comments?post=3392"}],"version-history":[{"count":1,"href":"https:\/\/hotnewsinworld.com\/pt\/wp-json\/wp\/v2\/posts\/3392\/revisions"}],"predecessor-version":[{"id":3394,"href":"https:\/\/hotnewsinworld.com\/pt\/wp-json\/wp\/v2\/posts\/3392\/revisions\/3394"}],"wp:featuredmedia":[{"embeddable":true,"href":"https:\/\/hotnewsinworld.com\/pt\/wp-json\/wp\/v2\/media\/3393"}],"wp:attachment":[{"href":"https:\/\/hotnewsinworld.com\/pt\/wp-json\/wp\/v2\/media?parent=3392"}],"wp:term":[{"taxonomy":"category","embeddable":true,"href":"https:\/\/hotnewsinworld.com\/pt\/wp-json\/wp\/v2\/categories?post=3392"},{"taxonomy":"post_tag","embeddable":true,"href":"https:\/\/hotnewsinworld.com\/pt\/wp-json\/wp\/v2\/tags?post=3392"}],"curies":[{"name":"wp","href":"https:\/\/api.w.org\/{rel}","templated":true}]}}