{"id":3401,"date":"2021-04-06T21:38:21","date_gmt":"2021-04-06T18:38:21","guid":{"rendered":"https:\/\/hotnewsinworld.com\/pt\/ministra-diz-que-parlamento-deve-clarificar-alteracoes-aos-apoios-sociais\/"},"modified":"2021-04-06T21:38:24","modified_gmt":"2021-04-06T18:38:24","slug":"ministra-diz-que-parlamento-deve-clarificar-alteracoes-aos-apoios-sociais","status":"publish","type":"post","link":"https:\/\/hotnewsinworld.com\/pt\/ministra-diz-que-parlamento-deve-clarificar-alteracoes-aos-apoios-sociais\/","title":{"rendered":"Ministra diz que Parlamento deve clarificar altera\u00e7\u00f5es aos apoios sociais"},"content":{"rendered":"<p>JN\/Ag\u00eanciasHoje\u00a0\u00e0s\u00a017:47O Governo defendeu esta ter\u00e7a-feira que o parlamento deve clarificar a altera\u00e7\u00e3o aos apoios sociais, j\u00e1 promulgada pelo Presidente da Rep\u00fablica e que o executivo decidiu enviar para o Tribunal Constitucional, sublinhando que esta implica uma mudan\u00e7a &#8220;estrutural&#8221; no sistema.A ideia foi defendida pela ministra do Trabalho, Solidariedade e Seguran\u00e7a Social, Ana Mendes Godinho, e pelo ministro de Estado, da Economia e da Transi\u00e7\u00e3o Digital, Pedro Siza Vieira, durante uma audi\u00e7\u00e3o parlamentar conjunta sobre a resposta econ\u00f3mica e social \u00e0 pandemia da covid-19, realizada a pedido do PSD.Segundo Ana Mendes Godinho, as altera\u00e7\u00f5es aos apoios aprovadas no parlamento com os votos contra apenas do PS, promulgadas pelo Presidente da Rep\u00fablica e que o Governo decidiu enviar para o Tribunal Constitucional, criam uma mudan\u00e7a &#8220;estrutural&#8221; na base do c\u00e1lculo dos apoios e para o sistema inform\u00e1tico da Seguran\u00e7a Social, al\u00e9m de terem &#8220;efeitos injustos&#8221; para os trabalhadores.A ministra do Trabalho entende que, com as altera\u00e7\u00f5es, o apoio passa a considerar a fatura\u00e7\u00e3o, incluindo o volume de vendas de presta\u00e7\u00e3o de servi\u00e7os e de bens, em vez do rendimento relevante para a Seguran\u00e7a Social, deixando de ter em conta toda a carreira contributiva.O deputado do BE Jos\u00e9 Soeiro assegurou que a mudan\u00e7a legislativa n\u00e3o implica &#8220;nenhuma altera\u00e7\u00e3o estrutural&#8221; do sistema nem das f\u00f3rmulas de c\u00e1lculo, sublinhando que apenas muda o ano do rendimento de refer\u00eancia do apoio dirigido aos trabalhadores independentes, uma ideia que tamb\u00e9m foi defendida pelo deputado do CDS-PP Jo\u00e3o Almeida.Perante as declara\u00e7\u00f5es dos deputados, a ministra considerou ent\u00e3o ser &#8220;importante clarificar qual a inten\u00e7\u00e3o&#8221; das altera\u00e7\u00f5es aprovadas na aprecia\u00e7\u00e3o parlamentar.O ministro da Economia considerou que, tendo em conta as interven\u00e7\u00f5es dos deputados, &#8220;na verdade a inten\u00e7\u00e3o da Assembleia da Rep\u00fablica n\u00e3o foi estabelecer que o c\u00e1lculo do apoio a atribuir aos trabalhadores independentes se fa\u00e7a em fun\u00e7\u00e3o da sua fatura\u00e7\u00e3o, mas exclusivamente em fun\u00e7\u00e3o da remunera\u00e7\u00e3o relevante para c\u00e1lculo de apoio&#8221;.&#8221;Percebemos agora que houve na parte do trabalho fino de reda\u00e7\u00e3o por parte da Assembleia da Rep\u00fablica um equ\u00edvoco que agora est\u00e1 aqui esclarecido e que havemos de ver se a Assembleia da Rep\u00fablica est\u00e1 dispon\u00edvel para o esclarecer de maneira a podermos tamb\u00e9m executar com rapidez &#8211; ainda que em viola\u00e7\u00e3o da Constitui\u00e7\u00e3o &#8211; a lei que a Assembleia aprovou&#8221;, afirmou Siza Vieira.Em causa est\u00e3o as altera\u00e7\u00f5es aos apoios dos trabalhadores independentes que preveem que o apoio passe a ser calculado com base no rendimento m\u00e9dio anual mensualizado de 2019 em vez de ter em conta a base de incid\u00eancia contributiva dos 12 meses anteriores.Na quarta-feira, o primeiro-ministro anunciou que o Governo vai suscitar a fiscaliza\u00e7\u00e3o sucessiva junto do Tribunal Constitucional dos diplomas aprovados pelo parlamento.<br \/>\n<br \/>\n<!--noindex--><br \/>\n<a href=\"http:\/\/feeds.jn.pt\/~r\/JN-ECONOMIA\/~3\/9DySwc0bpLk\/ministra-diz-que-parlamento-deve-clarificar-alteracoes-aos-apoios-sociais-13539481.html\" rel=\"nofollow\">Source link <\/a><br \/>\n<!--\/noindex--><\/p>\n","protected":false},"excerpt":{"rendered":"<p>JN\/Ag\u00eanciasHoje\u00a0\u00e0s\u00a017:47O Governo defendeu esta ter\u00e7a-feira que o parlamento deve clarificar a altera\u00e7\u00e3o aos apoios sociais, j\u00e1 promulgada pelo Presidente da Rep\u00fablica e que o executivo decidiu enviar para o Tribunal Constitucional, sublinhando que esta implica uma mudan\u00e7a &#8220;estrutural&#8221; no sistema.A ideia foi defendida pela ministra do Trabalho, Solidariedade e Seguran\u00e7a Social, Ana Mendes Godinho, e [&hellip;]<\/p>\n","protected":false},"author":2,"featured_media":3402,"comment_status":"open","ping_status":"open","sticky":false,"template":"","format":"standard","meta":{"footnotes":""},"categories":[1],"tags":[],"class_list":["post-3401","post","type-post","status-publish","format-standard","has-post-thumbnail","hentry","category-ultimas-noticias-financeiras"],"yoast_head":"<!-- This site is optimized with the Yoast SEO plugin v27.4 - https:\/\/yoast.com\/product\/yoast-seo-wordpress\/ -->\n<title>Ministra diz que Parlamento deve clarificar altera\u00e7\u00f5es aos apoios sociais - Hot News in World<\/title>\n<meta name=\"robots\" content=\"index, follow, max-snippet:-1, max-image-preview:large, max-video-preview:-1\" \/>\n<link rel=\"canonical\" href=\"https:\/\/hotnewsinworld.com\/pt\/ministra-diz-que-parlamento-deve-clarificar-alteracoes-aos-apoios-sociais\/\" \/>\n<meta property=\"og:locale\" content=\"pt_PT\" \/>\n<meta property=\"og:type\" content=\"article\" \/>\n<meta property=\"og:title\" content=\"Ministra diz que Parlamento deve clarificar altera\u00e7\u00f5es aos apoios sociais - Hot News in World\" \/>\n<meta property=\"og:description\" content=\"JN\/Ag\u00eanciasHoje\u00a0\u00e0s\u00a017:47O Governo defendeu esta ter\u00e7a-feira que o parlamento deve clarificar a altera\u00e7\u00e3o aos apoios sociais, j\u00e1 promulgada pelo Presidente da Rep\u00fablica e que o executivo decidiu enviar para o Tribunal Constitucional, sublinhando que esta implica uma mudan\u00e7a &#8220;estrutural&#8221; no sistema.A ideia foi defendida pela ministra do Trabalho, Solidariedade e Seguran\u00e7a Social, Ana Mendes Godinho, e [&hellip;]\" \/>\n<meta property=\"og:url\" content=\"https:\/\/hotnewsinworld.com\/pt\/ministra-diz-que-parlamento-deve-clarificar-alteracoes-aos-apoios-sociais\/\" \/>\n<meta property=\"og:site_name\" content=\"Hot News in World\" \/>\n<meta property=\"article:published_time\" content=\"2021-04-06T18:38:21+00:00\" \/>\n<meta property=\"article:modified_time\" content=\"2021-04-06T18:38:24+00:00\" \/>\n<meta property=\"og:image\" content=\"https:\/\/hotnewsinworld.com\/pt\/wp-content\/uploads\/sites\/2\/2021\/04\/Ministra-diz-que-Parlamento-deve-clarificar-alteracoes-aos-apoios-sociais.jpg\" \/>\n\t<meta property=\"og:image:width\" content=\"800\" \/>\n\t<meta property=\"og:image:height\" content=\"420\" \/>\n\t<meta property=\"og:image:type\" content=\"image\/jpeg\" \/>\n<meta name=\"author\" content=\"hotnewsinworld\" \/>\n<meta name=\"twitter:card\" content=\"summary_large_image\" \/>\n<meta name=\"twitter:label1\" content=\"Escrito por\" \/>\n\t<meta name=\"twitter:data1\" content=\"hotnewsinworld\" \/>\n\t<meta name=\"twitter:label2\" content=\"Tempo estimado de leitura\" \/>\n\t<meta name=\"twitter:data2\" content=\"3 minutos\" \/>\n<script type=\"application\/ld+json\" class=\"yoast-schema-graph\">{\"@context\":\"https:\\\/\\\/schema.org\",\"@graph\":[{\"@type\":\"Article\",\"@id\":\"https:\\\/\\\/hotnewsinworld.com\\\/pt\\\/ministra-diz-que-parlamento-deve-clarificar-alteracoes-aos-apoios-sociais\\\/#article\",\"isPartOf\":{\"@id\":\"https:\\\/\\\/hotnewsinworld.com\\\/pt\\\/ministra-diz-que-parlamento-deve-clarificar-alteracoes-aos-apoios-sociais\\\/\"},\"author\":{\"name\":\"hotnewsinworld\",\"@id\":\"https:\\\/\\\/hotnewsinworld.com\\\/pt\\\/#\\\/schema\\\/person\\\/fe61448b21c0d59086e75fcc1f9d8f6b\"},\"headline\":\"Ministra diz que Parlamento deve clarificar altera\u00e7\u00f5es aos apoios sociais\",\"datePublished\":\"2021-04-06T18:38:21+00:00\",\"dateModified\":\"2021-04-06T18:38:24+00:00\",\"mainEntityOfPage\":{\"@id\":\"https:\\\/\\\/hotnewsinworld.com\\\/pt\\\/ministra-diz-que-parlamento-deve-clarificar-alteracoes-aos-apoios-sociais\\\/\"},\"wordCount\":518,\"commentCount\":0,\"image\":{\"@id\":\"https:\\\/\\\/hotnewsinworld.com\\\/pt\\\/ministra-diz-que-parlamento-deve-clarificar-alteracoes-aos-apoios-sociais\\\/#primaryimage\"},\"thumbnailUrl\":\"https:\\\/\\\/hotnewsinworld.com\\\/pt\\\/wp-content\\\/uploads\\\/sites\\\/2\\\/2021\\\/04\\\/Ministra-diz-que-Parlamento-deve-clarificar-alteracoes-aos-apoios-sociais.jpg\",\"articleSection\":[\"\u00daLTIMAS NOT\u00cdCIAS FINANCEIRAS\"],\"inLanguage\":\"pt-PT\",\"potentialAction\":[{\"@type\":\"CommentAction\",\"name\":\"Comment\",\"target\":[\"https:\\\/\\\/hotnewsinworld.com\\\/pt\\\/ministra-diz-que-parlamento-deve-clarificar-alteracoes-aos-apoios-sociais\\\/#respond\"]}]},{\"@type\":\"WebPage\",\"@id\":\"https:\\\/\\\/hotnewsinworld.com\\\/pt\\\/ministra-diz-que-parlamento-deve-clarificar-alteracoes-aos-apoios-sociais\\\/\",\"url\":\"https:\\\/\\\/hotnewsinworld.com\\\/pt\\\/ministra-diz-que-parlamento-deve-clarificar-alteracoes-aos-apoios-sociais\\\/\",\"name\":\"Ministra diz que Parlamento deve clarificar altera\u00e7\u00f5es aos apoios sociais - Hot News in World\",\"isPartOf\":{\"@id\":\"https:\\\/\\\/hotnewsinworld.com\\\/pt\\\/#website\"},\"primaryImageOfPage\":{\"@id\":\"https:\\\/\\\/hotnewsinworld.com\\\/pt\\\/ministra-diz-que-parlamento-deve-clarificar-alteracoes-aos-apoios-sociais\\\/#primaryimage\"},\"image\":{\"@id\":\"https:\\\/\\\/hotnewsinworld.com\\\/pt\\\/ministra-diz-que-parlamento-deve-clarificar-alteracoes-aos-apoios-sociais\\\/#primaryimage\"},\"thumbnailUrl\":\"https:\\\/\\\/hotnewsinworld.com\\\/pt\\\/wp-content\\\/uploads\\\/sites\\\/2\\\/2021\\\/04\\\/Ministra-diz-que-Parlamento-deve-clarificar-alteracoes-aos-apoios-sociais.jpg\",\"datePublished\":\"2021-04-06T18:38:21+00:00\",\"dateModified\":\"2021-04-06T18:38:24+00:00\",\"author\":{\"@id\":\"https:\\\/\\\/hotnewsinworld.com\\\/pt\\\/#\\\/schema\\\/person\\\/fe61448b21c0d59086e75fcc1f9d8f6b\"},\"breadcrumb\":{\"@id\":\"https:\\\/\\\/hotnewsinworld.com\\\/pt\\\/ministra-diz-que-parlamento-deve-clarificar-alteracoes-aos-apoios-sociais\\\/#breadcrumb\"},\"inLanguage\":\"pt-PT\",\"potentialAction\":[{\"@type\":\"ReadAction\",\"target\":[\"https:\\\/\\\/hotnewsinworld.com\\\/pt\\\/ministra-diz-que-parlamento-deve-clarificar-alteracoes-aos-apoios-sociais\\\/\"]}]},{\"@type\":\"ImageObject\",\"inLanguage\":\"pt-PT\",\"@id\":\"https:\\\/\\\/hotnewsinworld.com\\\/pt\\\/ministra-diz-que-parlamento-deve-clarificar-alteracoes-aos-apoios-sociais\\\/#primaryimage\",\"url\":\"https:\\\/\\\/hotnewsinworld.com\\\/pt\\\/wp-content\\\/uploads\\\/sites\\\/2\\\/2021\\\/04\\\/Ministra-diz-que-Parlamento-deve-clarificar-alteracoes-aos-apoios-sociais.jpg\",\"contentUrl\":\"https:\\\/\\\/hotnewsinworld.com\\\/pt\\\/wp-content\\\/uploads\\\/sites\\\/2\\\/2021\\\/04\\\/Ministra-diz-que-Parlamento-deve-clarificar-alteracoes-aos-apoios-sociais.jpg\",\"width\":800,\"height\":420,\"caption\":\"Ministra diz que Parlamento deve clarificar altera\u00e7\u00f5es aos apoios sociais\"},{\"@type\":\"BreadcrumbList\",\"@id\":\"https:\\\/\\\/hotnewsinworld.com\\\/pt\\\/ministra-diz-que-parlamento-deve-clarificar-alteracoes-aos-apoios-sociais\\\/#breadcrumb\",\"itemListElement\":[{\"@type\":\"ListItem\",\"position\":1,\"name\":\"\u0413\u043b\u0430\u0432\u043d\u0430\u044f \u0441\u0442\u0440\u0430\u043d\u0438\u0446\u0430\",\"item\":\"https:\\\/\\\/hotnewsinworld.com\\\/pt\\\/\"},{\"@type\":\"ListItem\",\"position\":2,\"name\":\"Ministra diz que Parlamento deve clarificar altera\u00e7\u00f5es aos apoios sociais\"}]},{\"@type\":\"WebSite\",\"@id\":\"https:\\\/\\\/hotnewsinworld.com\\\/pt\\\/#website\",\"url\":\"https:\\\/\\\/hotnewsinworld.com\\\/pt\\\/\",\"name\":\"Hot News in World\",\"description\":\"Hot News in World Portugal\",\"potentialAction\":[{\"@type\":\"SearchAction\",\"target\":{\"@type\":\"EntryPoint\",\"urlTemplate\":\"https:\\\/\\\/hotnewsinworld.com\\\/pt\\\/?s={search_term_string}\"},\"query-input\":{\"@type\":\"PropertyValueSpecification\",\"valueRequired\":true,\"valueName\":\"search_term_string\"}}],\"inLanguage\":\"pt-PT\"},{\"@type\":\"Person\",\"@id\":\"https:\\\/\\\/hotnewsinworld.com\\\/pt\\\/#\\\/schema\\\/person\\\/fe61448b21c0d59086e75fcc1f9d8f6b\",\"name\":\"hotnewsinworld\",\"image\":{\"@type\":\"ImageObject\",\"inLanguage\":\"pt-PT\",\"@id\":\"https:\\\/\\\/secure.gravatar.com\\\/avatar\\\/8a09ac165600ce2e1c38fe593c63928eb1e6e7ba5c5a907d67787c41b3d00c14?s=96&d=mm&r=g\",\"url\":\"https:\\\/\\\/secure.gravatar.com\\\/avatar\\\/8a09ac165600ce2e1c38fe593c63928eb1e6e7ba5c5a907d67787c41b3d00c14?s=96&d=mm&r=g\",\"contentUrl\":\"https:\\\/\\\/secure.gravatar.com\\\/avatar\\\/8a09ac165600ce2e1c38fe593c63928eb1e6e7ba5c5a907d67787c41b3d00c14?s=96&d=mm&r=g\",\"caption\":\"hotnewsinworld\"},\"url\":\"https:\\\/\\\/hotnewsinworld.com\\\/pt\\\/author\\\/pt\\\/\"}]}<\/script>\n<!-- \/ Yoast SEO plugin. -->","yoast_head_json":{"title":"Ministra diz que Parlamento deve clarificar altera\u00e7\u00f5es aos apoios sociais - Hot News in World","robots":{"index":"index","follow":"follow","max-snippet":"max-snippet:-1","max-image-preview":"max-image-preview:large","max-video-preview":"max-video-preview:-1"},"canonical":"https:\/\/hotnewsinworld.com\/pt\/ministra-diz-que-parlamento-deve-clarificar-alteracoes-aos-apoios-sociais\/","og_locale":"pt_PT","og_type":"article","og_title":"Ministra diz que Parlamento deve clarificar altera\u00e7\u00f5es aos apoios sociais - Hot News in World","og_description":"JN\/Ag\u00eanciasHoje\u00a0\u00e0s\u00a017:47O Governo defendeu esta ter\u00e7a-feira que o parlamento deve clarificar a altera\u00e7\u00e3o aos apoios sociais, j\u00e1 promulgada pelo Presidente da Rep\u00fablica e que o executivo decidiu enviar para o Tribunal Constitucional, sublinhando que esta implica uma mudan\u00e7a &#8220;estrutural&#8221; no sistema.A ideia foi defendida pela ministra do Trabalho, Solidariedade e Seguran\u00e7a Social, Ana Mendes Godinho, e [&hellip;]","og_url":"https:\/\/hotnewsinworld.com\/pt\/ministra-diz-que-parlamento-deve-clarificar-alteracoes-aos-apoios-sociais\/","og_site_name":"Hot News in World","article_published_time":"2021-04-06T18:38:21+00:00","article_modified_time":"2021-04-06T18:38:24+00:00","og_image":[{"width":800,"height":420,"url":"https:\/\/hotnewsinworld.com\/pt\/wp-content\/uploads\/sites\/2\/2021\/04\/Ministra-diz-que-Parlamento-deve-clarificar-alteracoes-aos-apoios-sociais.jpg","type":"image\/jpeg"}],"author":"hotnewsinworld","twitter_card":"summary_large_image","twitter_misc":{"Escrito por":"hotnewsinworld","Tempo estimado de leitura":"3 minutos"},"schema":{"@context":"https:\/\/schema.org","@graph":[{"@type":"Article","@id":"https:\/\/hotnewsinworld.com\/pt\/ministra-diz-que-parlamento-deve-clarificar-alteracoes-aos-apoios-sociais\/#article","isPartOf":{"@id":"https:\/\/hotnewsinworld.com\/pt\/ministra-diz-que-parlamento-deve-clarificar-alteracoes-aos-apoios-sociais\/"},"author":{"name":"hotnewsinworld","@id":"https:\/\/hotnewsinworld.com\/pt\/#\/schema\/person\/fe61448b21c0d59086e75fcc1f9d8f6b"},"headline":"Ministra diz que Parlamento deve clarificar altera\u00e7\u00f5es aos apoios sociais","datePublished":"2021-04-06T18:38:21+00:00","dateModified":"2021-04-06T18:38:24+00:00","mainEntityOfPage":{"@id":"https:\/\/hotnewsinworld.com\/pt\/ministra-diz-que-parlamento-deve-clarificar-alteracoes-aos-apoios-sociais\/"},"wordCount":518,"commentCount":0,"image":{"@id":"https:\/\/hotnewsinworld.com\/pt\/ministra-diz-que-parlamento-deve-clarificar-alteracoes-aos-apoios-sociais\/#primaryimage"},"thumbnailUrl":"https:\/\/hotnewsinworld.com\/pt\/wp-content\/uploads\/sites\/2\/2021\/04\/Ministra-diz-que-Parlamento-deve-clarificar-alteracoes-aos-apoios-sociais.jpg","articleSection":["\u00daLTIMAS NOT\u00cdCIAS FINANCEIRAS"],"inLanguage":"pt-PT","potentialAction":[{"@type":"CommentAction","name":"Comment","target":["https:\/\/hotnewsinworld.com\/pt\/ministra-diz-que-parlamento-deve-clarificar-alteracoes-aos-apoios-sociais\/#respond"]}]},{"@type":"WebPage","@id":"https:\/\/hotnewsinworld.com\/pt\/ministra-diz-que-parlamento-deve-clarificar-alteracoes-aos-apoios-sociais\/","url":"https:\/\/hotnewsinworld.com\/pt\/ministra-diz-que-parlamento-deve-clarificar-alteracoes-aos-apoios-sociais\/","name":"Ministra diz que Parlamento deve clarificar altera\u00e7\u00f5es aos apoios sociais - Hot News in World","isPartOf":{"@id":"https:\/\/hotnewsinworld.com\/pt\/#website"},"primaryImageOfPage":{"@id":"https:\/\/hotnewsinworld.com\/pt\/ministra-diz-que-parlamento-deve-clarificar-alteracoes-aos-apoios-sociais\/#primaryimage"},"image":{"@id":"https:\/\/hotnewsinworld.com\/pt\/ministra-diz-que-parlamento-deve-clarificar-alteracoes-aos-apoios-sociais\/#primaryimage"},"thumbnailUrl":"https:\/\/hotnewsinworld.com\/pt\/wp-content\/uploads\/sites\/2\/2021\/04\/Ministra-diz-que-Parlamento-deve-clarificar-alteracoes-aos-apoios-sociais.jpg","datePublished":"2021-04-06T18:38:21+00:00","dateModified":"2021-04-06T18:38:24+00:00","author":{"@id":"https:\/\/hotnewsinworld.com\/pt\/#\/schema\/person\/fe61448b21c0d59086e75fcc1f9d8f6b"},"breadcrumb":{"@id":"https:\/\/hotnewsinworld.com\/pt\/ministra-diz-que-parlamento-deve-clarificar-alteracoes-aos-apoios-sociais\/#breadcrumb"},"inLanguage":"pt-PT","potentialAction":[{"@type":"ReadAction","target":["https:\/\/hotnewsinworld.com\/pt\/ministra-diz-que-parlamento-deve-clarificar-alteracoes-aos-apoios-sociais\/"]}]},{"@type":"ImageObject","inLanguage":"pt-PT","@id":"https:\/\/hotnewsinworld.com\/pt\/ministra-diz-que-parlamento-deve-clarificar-alteracoes-aos-apoios-sociais\/#primaryimage","url":"https:\/\/hotnewsinworld.com\/pt\/wp-content\/uploads\/sites\/2\/2021\/04\/Ministra-diz-que-Parlamento-deve-clarificar-alteracoes-aos-apoios-sociais.jpg","contentUrl":"https:\/\/hotnewsinworld.com\/pt\/wp-content\/uploads\/sites\/2\/2021\/04\/Ministra-diz-que-Parlamento-deve-clarificar-alteracoes-aos-apoios-sociais.jpg","width":800,"height":420,"caption":"Ministra diz que Parlamento deve clarificar altera\u00e7\u00f5es aos apoios sociais"},{"@type":"BreadcrumbList","@id":"https:\/\/hotnewsinworld.com\/pt\/ministra-diz-que-parlamento-deve-clarificar-alteracoes-aos-apoios-sociais\/#breadcrumb","itemListElement":[{"@type":"ListItem","position":1,"name":"\u0413\u043b\u0430\u0432\u043d\u0430\u044f \u0441\u0442\u0440\u0430\u043d\u0438\u0446\u0430","item":"https:\/\/hotnewsinworld.com\/pt\/"},{"@type":"ListItem","position":2,"name":"Ministra diz que Parlamento deve clarificar altera\u00e7\u00f5es aos apoios sociais"}]},{"@type":"WebSite","@id":"https:\/\/hotnewsinworld.com\/pt\/#website","url":"https:\/\/hotnewsinworld.com\/pt\/","name":"Hot News in World","description":"Hot News in World Portugal","potentialAction":[{"@type":"SearchAction","target":{"@type":"EntryPoint","urlTemplate":"https:\/\/hotnewsinworld.com\/pt\/?s={search_term_string}"},"query-input":{"@type":"PropertyValueSpecification","valueRequired":true,"valueName":"search_term_string"}}],"inLanguage":"pt-PT"},{"@type":"Person","@id":"https:\/\/hotnewsinworld.com\/pt\/#\/schema\/person\/fe61448b21c0d59086e75fcc1f9d8f6b","name":"hotnewsinworld","image":{"@type":"ImageObject","inLanguage":"pt-PT","@id":"https:\/\/secure.gravatar.com\/avatar\/8a09ac165600ce2e1c38fe593c63928eb1e6e7ba5c5a907d67787c41b3d00c14?s=96&d=mm&r=g","url":"https:\/\/secure.gravatar.com\/avatar\/8a09ac165600ce2e1c38fe593c63928eb1e6e7ba5c5a907d67787c41b3d00c14?s=96&d=mm&r=g","contentUrl":"https:\/\/secure.gravatar.com\/avatar\/8a09ac165600ce2e1c38fe593c63928eb1e6e7ba5c5a907d67787c41b3d00c14?s=96&d=mm&r=g","caption":"hotnewsinworld"},"url":"https:\/\/hotnewsinworld.com\/pt\/author\/pt\/"}]}},"_links":{"self":[{"href":"https:\/\/hotnewsinworld.com\/pt\/wp-json\/wp\/v2\/posts\/3401","targetHints":{"allow":["GET"]}}],"collection":[{"href":"https:\/\/hotnewsinworld.com\/pt\/wp-json\/wp\/v2\/posts"}],"about":[{"href":"https:\/\/hotnewsinworld.com\/pt\/wp-json\/wp\/v2\/types\/post"}],"author":[{"embeddable":true,"href":"https:\/\/hotnewsinworld.com\/pt\/wp-json\/wp\/v2\/users\/2"}],"replies":[{"embeddable":true,"href":"https:\/\/hotnewsinworld.com\/pt\/wp-json\/wp\/v2\/comments?post=3401"}],"version-history":[{"count":1,"href":"https:\/\/hotnewsinworld.com\/pt\/wp-json\/wp\/v2\/posts\/3401\/revisions"}],"predecessor-version":[{"id":3403,"href":"https:\/\/hotnewsinworld.com\/pt\/wp-json\/wp\/v2\/posts\/3401\/revisions\/3403"}],"wp:featuredmedia":[{"embeddable":true,"href":"https:\/\/hotnewsinworld.com\/pt\/wp-json\/wp\/v2\/media\/3402"}],"wp:attachment":[{"href":"https:\/\/hotnewsinworld.com\/pt\/wp-json\/wp\/v2\/media?parent=3401"}],"wp:term":[{"taxonomy":"category","embeddable":true,"href":"https:\/\/hotnewsinworld.com\/pt\/wp-json\/wp\/v2\/categories?post=3401"},{"taxonomy":"post_tag","embeddable":true,"href":"https:\/\/hotnewsinworld.com\/pt\/wp-json\/wp\/v2\/tags?post=3401"}],"curies":[{"name":"wp","href":"https:\/\/api.w.org\/{rel}","templated":true}]}}