{"id":3410,"date":"2021-04-08T09:44:41","date_gmt":"2021-04-08T06:44:41","guid":{"rendered":"https:\/\/hotnewsinworld.com\/pt\/reforco-dos-apoios-aos-trabalhadores-independentes-pago-em-maio\/"},"modified":"2021-04-08T09:44:44","modified_gmt":"2021-04-08T06:44:44","slug":"reforco-dos-apoios-aos-trabalhadores-independentes-pago-em-maio","status":"publish","type":"post","link":"https:\/\/hotnewsinworld.com\/pt\/reforco-dos-apoios-aos-trabalhadores-independentes-pago-em-maio\/","title":{"rendered":"Refor\u00e7o dos apoios aos trabalhadores independentes pago em maio"},"content":{"rendered":"<p>JN\/Ag\u00eanciasOntem\u00a0\u00e0s\u00a020:47As altera\u00e7\u00f5es ao apoio \u00e0 redu\u00e7\u00e3o da atividade dos trabalhadores independentes e s\u00f3cios-gerentes que entram em vigor na quinta-feira v\u00e3o refletir-se no pagamento de maio, disse esta quarta-feira fonte oficial do Minist\u00e9rio do Trabalho, Solidariedade e Seguran\u00e7a Social.&#8221;A Seguran\u00e7a Social vai implementar estas altera\u00e7\u00f5es, com a consequente adapta\u00e7\u00e3o do sistema inform\u00e1tico, o que implicar\u00e1 mudan\u00e7as estruturais&#8221;, indica \u00e0 Lusa o gabinete da ministra Ana Mendes Godinho.&#8221;Estas mudan\u00e7as ter\u00e3o impacto no m\u00eas de refer\u00eancia de abril, que \u00e9 pago em maio&#8221;, acrescenta a mesma fonte.O Minist\u00e9rio refere ainda que a Seguran\u00e7a Social &#8220;aplicar\u00e1 a legisla\u00e7\u00e3o aprovada pelo parlamento nos exatos termos em que foi aprovada&#8221; pelo que o diploma produz efeitos a partir de quinta-feira.O apoio \u00e0 redu\u00e7\u00e3o da atividade econ\u00f3mica foi reativado em janeiro pelo Governo com o novo confinamento, devido \u00e0 covid-19, mas foi alterado pelo parlamento, numa vota\u00e7\u00e3o em que apenas o PS votou contra.O diploma foi promulgado pelo Presidente da Rep\u00fablica, Marcelo Rebelo de Sousa, e publicado esta quarta-feira em Di\u00e1rio da Rep\u00fablica, mas o Governo vai pedir a fiscaliza\u00e7\u00e3o sucessiva ao Tribunal Constitucional por considerar que as altera\u00e7\u00f5es violam a lei-trav\u00e3o, aumentando despesa n\u00e3o or\u00e7amentada.Com as altera\u00e7\u00f5es, a base de c\u00e1lculo do apoio passa a considerar &#8220;o rendimento m\u00e9dio anual mensualizado do ano de 2019&#8221; (ano anterior \u00e0 crise causada pela pandemia) em vez m\u00e9dia da remunera\u00e7\u00e3o registada como base de incid\u00eancia contributiva dos \u00faltimos 12 meses.Segundo o Governo, esta altera\u00e7\u00e3o poder\u00e1 levar a um aumento da despesa em 40 milh\u00f5es de euros por m\u00eas e implica uma mudan\u00e7a estrutural e altera\u00e7\u00f5es profundas no sistema inform\u00e1tico da Seguran\u00e7a Social, uma ideia que os partidos da oposi\u00e7\u00e3o refutam.O apoio \u00e9 conferido a trabalhadores independentes, aos empres\u00e1rios em nome individual, com e sem contabilidade organizada e independentemente de terem trabalhadores a cargo, aos gerentes, e aos membros de \u00f3rg\u00e3os estatut\u00e1rios com fun\u00e7\u00f5es de dire\u00e7\u00e3o, cujas atividades tenham sido suspensas ou encerradas.Este apoio varia entre 219,4 euros e os 665 euros para os trabalhadores independentes.Neste momento os requerimentos que permitem pedir o apoio extraordin\u00e1rio \u00e0 redu\u00e7\u00e3o da atividade econ\u00f3mica relativos a mar\u00e7o est\u00e3o dispon\u00edveis na Seguran\u00e7a Social at\u00e9 dia 12.<br \/>\n<br \/>\n<!--noindex--><br \/>\n<a href=\"http:\/\/feeds.jn.pt\/~r\/JN-ECONOMIA\/~3\/O0l9l5OCJZY\/reforco-dos-apoios-aos-trabalhadores-independentes-pago-em-maio-13544799.html\" rel=\"nofollow\">Source link <\/a><br \/>\n<!--\/noindex--><\/p>\n","protected":false},"excerpt":{"rendered":"<p>JN\/Ag\u00eanciasOntem\u00a0\u00e0s\u00a020:47As altera\u00e7\u00f5es ao apoio \u00e0 redu\u00e7\u00e3o da atividade dos trabalhadores independentes e s\u00f3cios-gerentes que entram em vigor na quinta-feira v\u00e3o refletir-se no pagamento de maio, disse esta quarta-feira fonte oficial do Minist\u00e9rio do Trabalho, Solidariedade e Seguran\u00e7a Social.&#8221;A Seguran\u00e7a Social vai implementar estas altera\u00e7\u00f5es, com a consequente adapta\u00e7\u00e3o do sistema inform\u00e1tico, o que implicar\u00e1 mudan\u00e7as [&hellip;]<\/p>\n","protected":false},"author":2,"featured_media":3411,"comment_status":"open","ping_status":"open","sticky":false,"template":"","format":"standard","meta":{"footnotes":""},"categories":[1],"tags":[],"class_list":["post-3410","post","type-post","status-publish","format-standard","has-post-thumbnail","hentry","category-ultimas-noticias-financeiras"],"yoast_head":"<!-- This site is optimized with the Yoast SEO plugin v27.4 - https:\/\/yoast.com\/product\/yoast-seo-wordpress\/ -->\n<title>Refor\u00e7o dos apoios aos trabalhadores independentes pago em maio - Hot News in World<\/title>\n<meta name=\"robots\" content=\"index, follow, max-snippet:-1, max-image-preview:large, max-video-preview:-1\" \/>\n<link rel=\"canonical\" href=\"https:\/\/hotnewsinworld.com\/pt\/reforco-dos-apoios-aos-trabalhadores-independentes-pago-em-maio\/\" \/>\n<meta property=\"og:locale\" content=\"pt_PT\" \/>\n<meta property=\"og:type\" content=\"article\" \/>\n<meta property=\"og:title\" content=\"Refor\u00e7o dos apoios aos trabalhadores independentes pago em maio - Hot News in World\" \/>\n<meta property=\"og:description\" content=\"JN\/Ag\u00eanciasOntem\u00a0\u00e0s\u00a020:47As altera\u00e7\u00f5es ao apoio \u00e0 redu\u00e7\u00e3o da atividade dos trabalhadores independentes e s\u00f3cios-gerentes que entram em vigor na quinta-feira v\u00e3o refletir-se no pagamento de maio, disse esta quarta-feira fonte oficial do Minist\u00e9rio do Trabalho, Solidariedade e Seguran\u00e7a Social.&#8221;A Seguran\u00e7a Social vai implementar estas altera\u00e7\u00f5es, com a consequente adapta\u00e7\u00e3o do sistema inform\u00e1tico, o que implicar\u00e1 mudan\u00e7as [&hellip;]\" \/>\n<meta property=\"og:url\" content=\"https:\/\/hotnewsinworld.com\/pt\/reforco-dos-apoios-aos-trabalhadores-independentes-pago-em-maio\/\" \/>\n<meta property=\"og:site_name\" content=\"Hot News in World\" \/>\n<meta property=\"article:published_time\" content=\"2021-04-08T06:44:41+00:00\" \/>\n<meta property=\"article:modified_time\" content=\"2021-04-08T06:44:44+00:00\" \/>\n<meta property=\"og:image\" content=\"https:\/\/hotnewsinworld.com\/pt\/wp-content\/uploads\/sites\/2\/2021\/04\/Reforco-dos-apoios-aos-trabalhadores-independentes-pago-em-maio.jpg\" \/>\n\t<meta property=\"og:image:width\" content=\"800\" \/>\n\t<meta property=\"og:image:height\" content=\"420\" \/>\n\t<meta property=\"og:image:type\" content=\"image\/jpeg\" \/>\n<meta name=\"author\" content=\"hotnewsinworld\" \/>\n<meta name=\"twitter:card\" content=\"summary_large_image\" \/>\n<meta name=\"twitter:label1\" content=\"Escrito por\" \/>\n\t<meta name=\"twitter:data1\" content=\"hotnewsinworld\" \/>\n\t<meta name=\"twitter:label2\" content=\"Tempo estimado de leitura\" \/>\n\t<meta name=\"twitter:data2\" content=\"2 minutos\" \/>\n<script type=\"application\/ld+json\" class=\"yoast-schema-graph\">{\"@context\":\"https:\\\/\\\/schema.org\",\"@graph\":[{\"@type\":\"Article\",\"@id\":\"https:\\\/\\\/hotnewsinworld.com\\\/pt\\\/reforco-dos-apoios-aos-trabalhadores-independentes-pago-em-maio\\\/#article\",\"isPartOf\":{\"@id\":\"https:\\\/\\\/hotnewsinworld.com\\\/pt\\\/reforco-dos-apoios-aos-trabalhadores-independentes-pago-em-maio\\\/\"},\"author\":{\"name\":\"hotnewsinworld\",\"@id\":\"https:\\\/\\\/hotnewsinworld.com\\\/pt\\\/#\\\/schema\\\/person\\\/fe61448b21c0d59086e75fcc1f9d8f6b\"},\"headline\":\"Refor\u00e7o dos apoios aos trabalhadores independentes pago em maio\",\"datePublished\":\"2021-04-08T06:44:41+00:00\",\"dateModified\":\"2021-04-08T06:44:44+00:00\",\"mainEntityOfPage\":{\"@id\":\"https:\\\/\\\/hotnewsinworld.com\\\/pt\\\/reforco-dos-apoios-aos-trabalhadores-independentes-pago-em-maio\\\/\"},\"wordCount\":418,\"commentCount\":0,\"image\":{\"@id\":\"https:\\\/\\\/hotnewsinworld.com\\\/pt\\\/reforco-dos-apoios-aos-trabalhadores-independentes-pago-em-maio\\\/#primaryimage\"},\"thumbnailUrl\":\"https:\\\/\\\/hotnewsinworld.com\\\/pt\\\/wp-content\\\/uploads\\\/sites\\\/2\\\/2021\\\/04\\\/Reforco-dos-apoios-aos-trabalhadores-independentes-pago-em-maio.jpg\",\"articleSection\":[\"\u00daLTIMAS NOT\u00cdCIAS FINANCEIRAS\"],\"inLanguage\":\"pt-PT\",\"potentialAction\":[{\"@type\":\"CommentAction\",\"name\":\"Comment\",\"target\":[\"https:\\\/\\\/hotnewsinworld.com\\\/pt\\\/reforco-dos-apoios-aos-trabalhadores-independentes-pago-em-maio\\\/#respond\"]}]},{\"@type\":\"WebPage\",\"@id\":\"https:\\\/\\\/hotnewsinworld.com\\\/pt\\\/reforco-dos-apoios-aos-trabalhadores-independentes-pago-em-maio\\\/\",\"url\":\"https:\\\/\\\/hotnewsinworld.com\\\/pt\\\/reforco-dos-apoios-aos-trabalhadores-independentes-pago-em-maio\\\/\",\"name\":\"Refor\u00e7o dos apoios aos trabalhadores independentes pago em maio - Hot News in World\",\"isPartOf\":{\"@id\":\"https:\\\/\\\/hotnewsinworld.com\\\/pt\\\/#website\"},\"primaryImageOfPage\":{\"@id\":\"https:\\\/\\\/hotnewsinworld.com\\\/pt\\\/reforco-dos-apoios-aos-trabalhadores-independentes-pago-em-maio\\\/#primaryimage\"},\"image\":{\"@id\":\"https:\\\/\\\/hotnewsinworld.com\\\/pt\\\/reforco-dos-apoios-aos-trabalhadores-independentes-pago-em-maio\\\/#primaryimage\"},\"thumbnailUrl\":\"https:\\\/\\\/hotnewsinworld.com\\\/pt\\\/wp-content\\\/uploads\\\/sites\\\/2\\\/2021\\\/04\\\/Reforco-dos-apoios-aos-trabalhadores-independentes-pago-em-maio.jpg\",\"datePublished\":\"2021-04-08T06:44:41+00:00\",\"dateModified\":\"2021-04-08T06:44:44+00:00\",\"author\":{\"@id\":\"https:\\\/\\\/hotnewsinworld.com\\\/pt\\\/#\\\/schema\\\/person\\\/fe61448b21c0d59086e75fcc1f9d8f6b\"},\"breadcrumb\":{\"@id\":\"https:\\\/\\\/hotnewsinworld.com\\\/pt\\\/reforco-dos-apoios-aos-trabalhadores-independentes-pago-em-maio\\\/#breadcrumb\"},\"inLanguage\":\"pt-PT\",\"potentialAction\":[{\"@type\":\"ReadAction\",\"target\":[\"https:\\\/\\\/hotnewsinworld.com\\\/pt\\\/reforco-dos-apoios-aos-trabalhadores-independentes-pago-em-maio\\\/\"]}]},{\"@type\":\"ImageObject\",\"inLanguage\":\"pt-PT\",\"@id\":\"https:\\\/\\\/hotnewsinworld.com\\\/pt\\\/reforco-dos-apoios-aos-trabalhadores-independentes-pago-em-maio\\\/#primaryimage\",\"url\":\"https:\\\/\\\/hotnewsinworld.com\\\/pt\\\/wp-content\\\/uploads\\\/sites\\\/2\\\/2021\\\/04\\\/Reforco-dos-apoios-aos-trabalhadores-independentes-pago-em-maio.jpg\",\"contentUrl\":\"https:\\\/\\\/hotnewsinworld.com\\\/pt\\\/wp-content\\\/uploads\\\/sites\\\/2\\\/2021\\\/04\\\/Reforco-dos-apoios-aos-trabalhadores-independentes-pago-em-maio.jpg\",\"width\":800,\"height\":420,\"caption\":\"Refor\u00e7o dos apoios aos trabalhadores independentes pago em maio\"},{\"@type\":\"BreadcrumbList\",\"@id\":\"https:\\\/\\\/hotnewsinworld.com\\\/pt\\\/reforco-dos-apoios-aos-trabalhadores-independentes-pago-em-maio\\\/#breadcrumb\",\"itemListElement\":[{\"@type\":\"ListItem\",\"position\":1,\"name\":\"\u0413\u043b\u0430\u0432\u043d\u0430\u044f \u0441\u0442\u0440\u0430\u043d\u0438\u0446\u0430\",\"item\":\"https:\\\/\\\/hotnewsinworld.com\\\/pt\\\/\"},{\"@type\":\"ListItem\",\"position\":2,\"name\":\"Refor\u00e7o dos apoios aos trabalhadores independentes pago em maio\"}]},{\"@type\":\"WebSite\",\"@id\":\"https:\\\/\\\/hotnewsinworld.com\\\/pt\\\/#website\",\"url\":\"https:\\\/\\\/hotnewsinworld.com\\\/pt\\\/\",\"name\":\"Hot News in World\",\"description\":\"Hot News in World Portugal\",\"potentialAction\":[{\"@type\":\"SearchAction\",\"target\":{\"@type\":\"EntryPoint\",\"urlTemplate\":\"https:\\\/\\\/hotnewsinworld.com\\\/pt\\\/?s={search_term_string}\"},\"query-input\":{\"@type\":\"PropertyValueSpecification\",\"valueRequired\":true,\"valueName\":\"search_term_string\"}}],\"inLanguage\":\"pt-PT\"},{\"@type\":\"Person\",\"@id\":\"https:\\\/\\\/hotnewsinworld.com\\\/pt\\\/#\\\/schema\\\/person\\\/fe61448b21c0d59086e75fcc1f9d8f6b\",\"name\":\"hotnewsinworld\",\"image\":{\"@type\":\"ImageObject\",\"inLanguage\":\"pt-PT\",\"@id\":\"https:\\\/\\\/secure.gravatar.com\\\/avatar\\\/8a09ac165600ce2e1c38fe593c63928eb1e6e7ba5c5a907d67787c41b3d00c14?s=96&d=mm&r=g\",\"url\":\"https:\\\/\\\/secure.gravatar.com\\\/avatar\\\/8a09ac165600ce2e1c38fe593c63928eb1e6e7ba5c5a907d67787c41b3d00c14?s=96&d=mm&r=g\",\"contentUrl\":\"https:\\\/\\\/secure.gravatar.com\\\/avatar\\\/8a09ac165600ce2e1c38fe593c63928eb1e6e7ba5c5a907d67787c41b3d00c14?s=96&d=mm&r=g\",\"caption\":\"hotnewsinworld\"},\"url\":\"https:\\\/\\\/hotnewsinworld.com\\\/pt\\\/author\\\/pt\\\/\"}]}<\/script>\n<!-- \/ Yoast SEO plugin. -->","yoast_head_json":{"title":"Refor\u00e7o dos apoios aos trabalhadores independentes pago em maio - Hot News in World","robots":{"index":"index","follow":"follow","max-snippet":"max-snippet:-1","max-image-preview":"max-image-preview:large","max-video-preview":"max-video-preview:-1"},"canonical":"https:\/\/hotnewsinworld.com\/pt\/reforco-dos-apoios-aos-trabalhadores-independentes-pago-em-maio\/","og_locale":"pt_PT","og_type":"article","og_title":"Refor\u00e7o dos apoios aos trabalhadores independentes pago em maio - Hot News in World","og_description":"JN\/Ag\u00eanciasOntem\u00a0\u00e0s\u00a020:47As altera\u00e7\u00f5es ao apoio \u00e0 redu\u00e7\u00e3o da atividade dos trabalhadores independentes e s\u00f3cios-gerentes que entram em vigor na quinta-feira v\u00e3o refletir-se no pagamento de maio, disse esta quarta-feira fonte oficial do Minist\u00e9rio do Trabalho, Solidariedade e Seguran\u00e7a Social.&#8221;A Seguran\u00e7a Social vai implementar estas altera\u00e7\u00f5es, com a consequente adapta\u00e7\u00e3o do sistema inform\u00e1tico, o que implicar\u00e1 mudan\u00e7as [&hellip;]","og_url":"https:\/\/hotnewsinworld.com\/pt\/reforco-dos-apoios-aos-trabalhadores-independentes-pago-em-maio\/","og_site_name":"Hot News in World","article_published_time":"2021-04-08T06:44:41+00:00","article_modified_time":"2021-04-08T06:44:44+00:00","og_image":[{"width":800,"height":420,"url":"https:\/\/hotnewsinworld.com\/pt\/wp-content\/uploads\/sites\/2\/2021\/04\/Reforco-dos-apoios-aos-trabalhadores-independentes-pago-em-maio.jpg","type":"image\/jpeg"}],"author":"hotnewsinworld","twitter_card":"summary_large_image","twitter_misc":{"Escrito por":"hotnewsinworld","Tempo estimado de leitura":"2 minutos"},"schema":{"@context":"https:\/\/schema.org","@graph":[{"@type":"Article","@id":"https:\/\/hotnewsinworld.com\/pt\/reforco-dos-apoios-aos-trabalhadores-independentes-pago-em-maio\/#article","isPartOf":{"@id":"https:\/\/hotnewsinworld.com\/pt\/reforco-dos-apoios-aos-trabalhadores-independentes-pago-em-maio\/"},"author":{"name":"hotnewsinworld","@id":"https:\/\/hotnewsinworld.com\/pt\/#\/schema\/person\/fe61448b21c0d59086e75fcc1f9d8f6b"},"headline":"Refor\u00e7o dos apoios aos trabalhadores independentes pago em maio","datePublished":"2021-04-08T06:44:41+00:00","dateModified":"2021-04-08T06:44:44+00:00","mainEntityOfPage":{"@id":"https:\/\/hotnewsinworld.com\/pt\/reforco-dos-apoios-aos-trabalhadores-independentes-pago-em-maio\/"},"wordCount":418,"commentCount":0,"image":{"@id":"https:\/\/hotnewsinworld.com\/pt\/reforco-dos-apoios-aos-trabalhadores-independentes-pago-em-maio\/#primaryimage"},"thumbnailUrl":"https:\/\/hotnewsinworld.com\/pt\/wp-content\/uploads\/sites\/2\/2021\/04\/Reforco-dos-apoios-aos-trabalhadores-independentes-pago-em-maio.jpg","articleSection":["\u00daLTIMAS NOT\u00cdCIAS FINANCEIRAS"],"inLanguage":"pt-PT","potentialAction":[{"@type":"CommentAction","name":"Comment","target":["https:\/\/hotnewsinworld.com\/pt\/reforco-dos-apoios-aos-trabalhadores-independentes-pago-em-maio\/#respond"]}]},{"@type":"WebPage","@id":"https:\/\/hotnewsinworld.com\/pt\/reforco-dos-apoios-aos-trabalhadores-independentes-pago-em-maio\/","url":"https:\/\/hotnewsinworld.com\/pt\/reforco-dos-apoios-aos-trabalhadores-independentes-pago-em-maio\/","name":"Refor\u00e7o dos apoios aos trabalhadores independentes pago em maio - Hot News in World","isPartOf":{"@id":"https:\/\/hotnewsinworld.com\/pt\/#website"},"primaryImageOfPage":{"@id":"https:\/\/hotnewsinworld.com\/pt\/reforco-dos-apoios-aos-trabalhadores-independentes-pago-em-maio\/#primaryimage"},"image":{"@id":"https:\/\/hotnewsinworld.com\/pt\/reforco-dos-apoios-aos-trabalhadores-independentes-pago-em-maio\/#primaryimage"},"thumbnailUrl":"https:\/\/hotnewsinworld.com\/pt\/wp-content\/uploads\/sites\/2\/2021\/04\/Reforco-dos-apoios-aos-trabalhadores-independentes-pago-em-maio.jpg","datePublished":"2021-04-08T06:44:41+00:00","dateModified":"2021-04-08T06:44:44+00:00","author":{"@id":"https:\/\/hotnewsinworld.com\/pt\/#\/schema\/person\/fe61448b21c0d59086e75fcc1f9d8f6b"},"breadcrumb":{"@id":"https:\/\/hotnewsinworld.com\/pt\/reforco-dos-apoios-aos-trabalhadores-independentes-pago-em-maio\/#breadcrumb"},"inLanguage":"pt-PT","potentialAction":[{"@type":"ReadAction","target":["https:\/\/hotnewsinworld.com\/pt\/reforco-dos-apoios-aos-trabalhadores-independentes-pago-em-maio\/"]}]},{"@type":"ImageObject","inLanguage":"pt-PT","@id":"https:\/\/hotnewsinworld.com\/pt\/reforco-dos-apoios-aos-trabalhadores-independentes-pago-em-maio\/#primaryimage","url":"https:\/\/hotnewsinworld.com\/pt\/wp-content\/uploads\/sites\/2\/2021\/04\/Reforco-dos-apoios-aos-trabalhadores-independentes-pago-em-maio.jpg","contentUrl":"https:\/\/hotnewsinworld.com\/pt\/wp-content\/uploads\/sites\/2\/2021\/04\/Reforco-dos-apoios-aos-trabalhadores-independentes-pago-em-maio.jpg","width":800,"height":420,"caption":"Refor\u00e7o dos apoios aos trabalhadores independentes pago em maio"},{"@type":"BreadcrumbList","@id":"https:\/\/hotnewsinworld.com\/pt\/reforco-dos-apoios-aos-trabalhadores-independentes-pago-em-maio\/#breadcrumb","itemListElement":[{"@type":"ListItem","position":1,"name":"\u0413\u043b\u0430\u0432\u043d\u0430\u044f \u0441\u0442\u0440\u0430\u043d\u0438\u0446\u0430","item":"https:\/\/hotnewsinworld.com\/pt\/"},{"@type":"ListItem","position":2,"name":"Refor\u00e7o dos apoios aos trabalhadores independentes pago em maio"}]},{"@type":"WebSite","@id":"https:\/\/hotnewsinworld.com\/pt\/#website","url":"https:\/\/hotnewsinworld.com\/pt\/","name":"Hot News in World","description":"Hot News in World Portugal","potentialAction":[{"@type":"SearchAction","target":{"@type":"EntryPoint","urlTemplate":"https:\/\/hotnewsinworld.com\/pt\/?s={search_term_string}"},"query-input":{"@type":"PropertyValueSpecification","valueRequired":true,"valueName":"search_term_string"}}],"inLanguage":"pt-PT"},{"@type":"Person","@id":"https:\/\/hotnewsinworld.com\/pt\/#\/schema\/person\/fe61448b21c0d59086e75fcc1f9d8f6b","name":"hotnewsinworld","image":{"@type":"ImageObject","inLanguage":"pt-PT","@id":"https:\/\/secure.gravatar.com\/avatar\/8a09ac165600ce2e1c38fe593c63928eb1e6e7ba5c5a907d67787c41b3d00c14?s=96&d=mm&r=g","url":"https:\/\/secure.gravatar.com\/avatar\/8a09ac165600ce2e1c38fe593c63928eb1e6e7ba5c5a907d67787c41b3d00c14?s=96&d=mm&r=g","contentUrl":"https:\/\/secure.gravatar.com\/avatar\/8a09ac165600ce2e1c38fe593c63928eb1e6e7ba5c5a907d67787c41b3d00c14?s=96&d=mm&r=g","caption":"hotnewsinworld"},"url":"https:\/\/hotnewsinworld.com\/pt\/author\/pt\/"}]}},"_links":{"self":[{"href":"https:\/\/hotnewsinworld.com\/pt\/wp-json\/wp\/v2\/posts\/3410","targetHints":{"allow":["GET"]}}],"collection":[{"href":"https:\/\/hotnewsinworld.com\/pt\/wp-json\/wp\/v2\/posts"}],"about":[{"href":"https:\/\/hotnewsinworld.com\/pt\/wp-json\/wp\/v2\/types\/post"}],"author":[{"embeddable":true,"href":"https:\/\/hotnewsinworld.com\/pt\/wp-json\/wp\/v2\/users\/2"}],"replies":[{"embeddable":true,"href":"https:\/\/hotnewsinworld.com\/pt\/wp-json\/wp\/v2\/comments?post=3410"}],"version-history":[{"count":1,"href":"https:\/\/hotnewsinworld.com\/pt\/wp-json\/wp\/v2\/posts\/3410\/revisions"}],"predecessor-version":[{"id":3412,"href":"https:\/\/hotnewsinworld.com\/pt\/wp-json\/wp\/v2\/posts\/3410\/revisions\/3412"}],"wp:featuredmedia":[{"embeddable":true,"href":"https:\/\/hotnewsinworld.com\/pt\/wp-json\/wp\/v2\/media\/3411"}],"wp:attachment":[{"href":"https:\/\/hotnewsinworld.com\/pt\/wp-json\/wp\/v2\/media?parent=3410"}],"wp:term":[{"taxonomy":"category","embeddable":true,"href":"https:\/\/hotnewsinworld.com\/pt\/wp-json\/wp\/v2\/categories?post=3410"},{"taxonomy":"post_tag","embeddable":true,"href":"https:\/\/hotnewsinworld.com\/pt\/wp-json\/wp\/v2\/tags?post=3410"}],"curies":[{"name":"wp","href":"https:\/\/api.w.org\/{rel}","templated":true}]}}