{"id":3413,"date":"2021-04-08T21:53:39","date_gmt":"2021-04-08T18:53:39","guid":{"rendered":"https:\/\/hotnewsinworld.com\/pt\/governo-altera-condicao-de-recursos-para-acesso-ao-novo-apoio-social\/"},"modified":"2021-04-08T21:53:42","modified_gmt":"2021-04-08T18:53:42","slug":"governo-altera-condicao-de-recursos-para-acesso-ao-novo-apoio-social","status":"publish","type":"post","link":"https:\/\/hotnewsinworld.com\/pt\/governo-altera-condicao-de-recursos-para-acesso-ao-novo-apoio-social\/","title":{"rendered":"Governo altera condi\u00e7\u00e3o de recursos para acesso ao novo apoio social"},"content":{"rendered":"<p>JN\/Ag\u00eanciasHoje\u00a0\u00e0s\u00a018:46O Conselho de Ministros aprovou esta quinta-feira altera\u00e7\u00f5es ao Apoio Extraordin\u00e1rio ao Rendimento dos Trabalhadores (AERT) que alargam a medida a um maior n\u00famero de benefici\u00e1rios, com mudan\u00e7as na condi\u00e7\u00e3o de recursos, anunciou a ministra Ana Mendes Godinho.O an\u00fancio foi feito pela ministra do Trabalho, Solidariedade e Seguran\u00e7a Social, Ana Mendes Godinho, na confer\u00eancia de imprensa ap\u00f3s a reuni\u00e3o do Conselho de Ministros.De acordo com a governante, a condi\u00e7\u00e3o de recursos (conjunto de condi\u00e7\u00f5es que o agregado familiar deve reunir para poder ter acesso ao apoio) deixa de considerar patrim\u00f3nio imobili\u00e1rio at\u00e9 ao valor de 450 Indexantes de Apoios Sociais, ou seja, at\u00e9 197.464,5 euros, excluindo habita\u00e7\u00e3o pr\u00f3pria.Esta medida permitir\u00e1 &#8220;um alargamento para que mais pessoas possam aceder ao apoio&#8221;, real\u00e7ou a ministra do Trabalho.Al\u00e9m disso, o AERT passar\u00e1 a considerar as quebras de fatura\u00e7\u00e3o do primeiro trimestre do ano, passando assim a ter em conta os efeitos do confinamento decretado em janeiro devido \u00e0 pandemia de covid-19, tal como a ministra tinha anunciado na ter\u00e7a-feira no parlamento.&#8221;Deixam de haver requisitos cumulativos de queda [de fatura\u00e7\u00e3o] e passa a verificar-se s\u00f3 de acordo com a quebra de rendimento que aconteceu no \u00faltimo trimestre&#8221;, disse Ana Mendes Godinho.Com as altera\u00e7\u00f5es, o apoio passa tamb\u00e9m a incluir os trabalhadores independentes sem atividade aberta.A ministra apelou &#8220;a todas as pessoas que apresentaram o pedido&#8221; ao AERT para que preencham a declara\u00e7\u00e3o de rendimentos relativa ao primeiro trimestre para que a Seguran\u00e7a Social j\u00e1 tenha em considera\u00e7\u00e3o o novo c\u00e1lculo.Na ter\u00e7a-feira, no parlamento, a ministra avan\u00e7ou que a Seguran\u00e7a Social recebeu 60 mil pedidos para o AERT, 39 mil dos quais foram aprovados e 21 mil est\u00e3o pendentes, pelo que o universo potencial de abrangidos ser\u00e1 este \u00faltimo.Por\u00e9m, o n\u00famero de abrangidos pelo alargamento do apoio &#8220;depender\u00e1 essencialmente dos rendimentos que agora forem declarados pelos trabalhadores relativamente ao primeiro trimestre&#8221;, assim como o impacto financeiro, indicou Ana Mendes Godinho.De acordo com as explica\u00e7\u00f5es dadas no parlamento, dos 21 mil pedidos pendentes 60% n\u00e3o cumprem a quebra de rendimentos de 40% no \u00faltimo trimestre de 2020 face a 2019 nem de 2020 face a 2019, um dos requisitos para aceder ao apoio.A Seguran\u00e7a Social j\u00e1 enviou &#8216;e-mails&#8217; aos potenciais abrangidos para que antecipem a declara\u00e7\u00e3o de rendimentos do primeiro trimestre no sentido de serem reavaliados, sendo o apoio retroativo a janeiro.O AERT entrou em vigor em janeiro com o Or\u00e7amento do Estado para 2021 (OE2021) e destina-se aos trabalhadores sem prote\u00e7\u00e3o econ\u00f3mica devido \u00e0 pandemia de covid-19 e prev\u00ea um apoio entre 50 euros e 501,16 euros, sujeito a condi\u00e7\u00e3o de recursos, na maioria dos casos.<br \/>\n<br \/>\n<!--noindex--><br \/>\n<a href=\"http:\/\/feeds.jn.pt\/~r\/JN-ECONOMIA\/~3\/Czqf4hAhvBA\/governo-altera-condicao-de-recursos-para-acesso-ao-novo-apoio-social-13548491.html\" rel=\"nofollow\">Source link <\/a><br \/>\n<!--\/noindex--><\/p>\n","protected":false},"excerpt":{"rendered":"<p>JN\/Ag\u00eanciasHoje\u00a0\u00e0s\u00a018:46O Conselho de Ministros aprovou esta quinta-feira altera\u00e7\u00f5es ao Apoio Extraordin\u00e1rio ao Rendimento dos Trabalhadores (AERT) que alargam a medida a um maior n\u00famero de benefici\u00e1rios, com mudan\u00e7as na condi\u00e7\u00e3o de recursos, anunciou a ministra Ana Mendes Godinho.O an\u00fancio foi feito pela ministra do Trabalho, Solidariedade e Seguran\u00e7a Social, Ana Mendes Godinho, na confer\u00eancia de [&hellip;]<\/p>\n","protected":false},"author":2,"featured_media":3414,"comment_status":"open","ping_status":"open","sticky":false,"template":"","format":"standard","meta":{"footnotes":""},"categories":[1],"tags":[],"class_list":["post-3413","post","type-post","status-publish","format-standard","has-post-thumbnail","hentry","category-ultimas-noticias-financeiras"],"yoast_head":"<!-- This site is optimized with the Yoast SEO plugin v27.4 - https:\/\/yoast.com\/product\/yoast-seo-wordpress\/ -->\n<title>Governo altera condi\u00e7\u00e3o de recursos para acesso ao novo apoio social - Hot News in World<\/title>\n<meta name=\"robots\" content=\"index, follow, max-snippet:-1, max-image-preview:large, max-video-preview:-1\" \/>\n<link rel=\"canonical\" href=\"https:\/\/hotnewsinworld.com\/pt\/governo-altera-condicao-de-recursos-para-acesso-ao-novo-apoio-social\/\" \/>\n<meta property=\"og:locale\" content=\"pt_PT\" \/>\n<meta property=\"og:type\" content=\"article\" \/>\n<meta property=\"og:title\" content=\"Governo altera condi\u00e7\u00e3o de recursos para acesso ao novo apoio social - Hot News in World\" \/>\n<meta property=\"og:description\" content=\"JN\/Ag\u00eanciasHoje\u00a0\u00e0s\u00a018:46O Conselho de Ministros aprovou esta quinta-feira altera\u00e7\u00f5es ao Apoio Extraordin\u00e1rio ao Rendimento dos Trabalhadores (AERT) que alargam a medida a um maior n\u00famero de benefici\u00e1rios, com mudan\u00e7as na condi\u00e7\u00e3o de recursos, anunciou a ministra Ana Mendes Godinho.O an\u00fancio foi feito pela ministra do Trabalho, Solidariedade e Seguran\u00e7a Social, Ana Mendes Godinho, na confer\u00eancia de [&hellip;]\" \/>\n<meta property=\"og:url\" content=\"https:\/\/hotnewsinworld.com\/pt\/governo-altera-condicao-de-recursos-para-acesso-ao-novo-apoio-social\/\" \/>\n<meta property=\"og:site_name\" content=\"Hot News in World\" \/>\n<meta property=\"article:published_time\" content=\"2021-04-08T18:53:39+00:00\" \/>\n<meta property=\"article:modified_time\" content=\"2021-04-08T18:53:42+00:00\" \/>\n<meta property=\"og:image\" content=\"https:\/\/hotnewsinworld.com\/pt\/wp-content\/uploads\/sites\/2\/2021\/04\/Governo-altera-condicao-de-recursos-para-acesso-ao-novo-apoio.jpg\" \/>\n\t<meta property=\"og:image:width\" content=\"800\" \/>\n\t<meta property=\"og:image:height\" content=\"420\" \/>\n\t<meta property=\"og:image:type\" content=\"image\/jpeg\" \/>\n<meta name=\"author\" content=\"hotnewsinworld\" \/>\n<meta name=\"twitter:card\" content=\"summary_large_image\" \/>\n<meta name=\"twitter:label1\" content=\"Escrito por\" \/>\n\t<meta name=\"twitter:data1\" content=\"hotnewsinworld\" \/>\n\t<meta name=\"twitter:label2\" content=\"Tempo estimado de leitura\" \/>\n\t<meta name=\"twitter:data2\" content=\"2 minutos\" \/>\n<script type=\"application\/ld+json\" class=\"yoast-schema-graph\">{\"@context\":\"https:\\\/\\\/schema.org\",\"@graph\":[{\"@type\":\"Article\",\"@id\":\"https:\\\/\\\/hotnewsinworld.com\\\/pt\\\/governo-altera-condicao-de-recursos-para-acesso-ao-novo-apoio-social\\\/#article\",\"isPartOf\":{\"@id\":\"https:\\\/\\\/hotnewsinworld.com\\\/pt\\\/governo-altera-condicao-de-recursos-para-acesso-ao-novo-apoio-social\\\/\"},\"author\":{\"name\":\"hotnewsinworld\",\"@id\":\"https:\\\/\\\/hotnewsinworld.com\\\/pt\\\/#\\\/schema\\\/person\\\/fe61448b21c0d59086e75fcc1f9d8f6b\"},\"headline\":\"Governo altera condi\u00e7\u00e3o de recursos para acesso ao novo apoio social\",\"datePublished\":\"2021-04-08T18:53:39+00:00\",\"dateModified\":\"2021-04-08T18:53:42+00:00\",\"mainEntityOfPage\":{\"@id\":\"https:\\\/\\\/hotnewsinworld.com\\\/pt\\\/governo-altera-condicao-de-recursos-para-acesso-ao-novo-apoio-social\\\/\"},\"wordCount\":486,\"commentCount\":0,\"image\":{\"@id\":\"https:\\\/\\\/hotnewsinworld.com\\\/pt\\\/governo-altera-condicao-de-recursos-para-acesso-ao-novo-apoio-social\\\/#primaryimage\"},\"thumbnailUrl\":\"https:\\\/\\\/hotnewsinworld.com\\\/pt\\\/wp-content\\\/uploads\\\/sites\\\/2\\\/2021\\\/04\\\/Governo-altera-condicao-de-recursos-para-acesso-ao-novo-apoio.jpg\",\"articleSection\":[\"\u00daLTIMAS NOT\u00cdCIAS FINANCEIRAS\"],\"inLanguage\":\"pt-PT\",\"potentialAction\":[{\"@type\":\"CommentAction\",\"name\":\"Comment\",\"target\":[\"https:\\\/\\\/hotnewsinworld.com\\\/pt\\\/governo-altera-condicao-de-recursos-para-acesso-ao-novo-apoio-social\\\/#respond\"]}]},{\"@type\":\"WebPage\",\"@id\":\"https:\\\/\\\/hotnewsinworld.com\\\/pt\\\/governo-altera-condicao-de-recursos-para-acesso-ao-novo-apoio-social\\\/\",\"url\":\"https:\\\/\\\/hotnewsinworld.com\\\/pt\\\/governo-altera-condicao-de-recursos-para-acesso-ao-novo-apoio-social\\\/\",\"name\":\"Governo altera condi\u00e7\u00e3o de recursos para acesso ao novo apoio social - Hot News in World\",\"isPartOf\":{\"@id\":\"https:\\\/\\\/hotnewsinworld.com\\\/pt\\\/#website\"},\"primaryImageOfPage\":{\"@id\":\"https:\\\/\\\/hotnewsinworld.com\\\/pt\\\/governo-altera-condicao-de-recursos-para-acesso-ao-novo-apoio-social\\\/#primaryimage\"},\"image\":{\"@id\":\"https:\\\/\\\/hotnewsinworld.com\\\/pt\\\/governo-altera-condicao-de-recursos-para-acesso-ao-novo-apoio-social\\\/#primaryimage\"},\"thumbnailUrl\":\"https:\\\/\\\/hotnewsinworld.com\\\/pt\\\/wp-content\\\/uploads\\\/sites\\\/2\\\/2021\\\/04\\\/Governo-altera-condicao-de-recursos-para-acesso-ao-novo-apoio.jpg\",\"datePublished\":\"2021-04-08T18:53:39+00:00\",\"dateModified\":\"2021-04-08T18:53:42+00:00\",\"author\":{\"@id\":\"https:\\\/\\\/hotnewsinworld.com\\\/pt\\\/#\\\/schema\\\/person\\\/fe61448b21c0d59086e75fcc1f9d8f6b\"},\"breadcrumb\":{\"@id\":\"https:\\\/\\\/hotnewsinworld.com\\\/pt\\\/governo-altera-condicao-de-recursos-para-acesso-ao-novo-apoio-social\\\/#breadcrumb\"},\"inLanguage\":\"pt-PT\",\"potentialAction\":[{\"@type\":\"ReadAction\",\"target\":[\"https:\\\/\\\/hotnewsinworld.com\\\/pt\\\/governo-altera-condicao-de-recursos-para-acesso-ao-novo-apoio-social\\\/\"]}]},{\"@type\":\"ImageObject\",\"inLanguage\":\"pt-PT\",\"@id\":\"https:\\\/\\\/hotnewsinworld.com\\\/pt\\\/governo-altera-condicao-de-recursos-para-acesso-ao-novo-apoio-social\\\/#primaryimage\",\"url\":\"https:\\\/\\\/hotnewsinworld.com\\\/pt\\\/wp-content\\\/uploads\\\/sites\\\/2\\\/2021\\\/04\\\/Governo-altera-condicao-de-recursos-para-acesso-ao-novo-apoio.jpg\",\"contentUrl\":\"https:\\\/\\\/hotnewsinworld.com\\\/pt\\\/wp-content\\\/uploads\\\/sites\\\/2\\\/2021\\\/04\\\/Governo-altera-condicao-de-recursos-para-acesso-ao-novo-apoio.jpg\",\"width\":800,\"height\":420,\"caption\":\"Governo altera condi\u00e7\u00e3o de recursos para acesso ao novo apoio social\"},{\"@type\":\"BreadcrumbList\",\"@id\":\"https:\\\/\\\/hotnewsinworld.com\\\/pt\\\/governo-altera-condicao-de-recursos-para-acesso-ao-novo-apoio-social\\\/#breadcrumb\",\"itemListElement\":[{\"@type\":\"ListItem\",\"position\":1,\"name\":\"\u0413\u043b\u0430\u0432\u043d\u0430\u044f \u0441\u0442\u0440\u0430\u043d\u0438\u0446\u0430\",\"item\":\"https:\\\/\\\/hotnewsinworld.com\\\/pt\\\/\"},{\"@type\":\"ListItem\",\"position\":2,\"name\":\"Governo altera condi\u00e7\u00e3o de recursos para acesso ao novo apoio social\"}]},{\"@type\":\"WebSite\",\"@id\":\"https:\\\/\\\/hotnewsinworld.com\\\/pt\\\/#website\",\"url\":\"https:\\\/\\\/hotnewsinworld.com\\\/pt\\\/\",\"name\":\"Hot News in World\",\"description\":\"Hot News in World Portugal\",\"potentialAction\":[{\"@type\":\"SearchAction\",\"target\":{\"@type\":\"EntryPoint\",\"urlTemplate\":\"https:\\\/\\\/hotnewsinworld.com\\\/pt\\\/?s={search_term_string}\"},\"query-input\":{\"@type\":\"PropertyValueSpecification\",\"valueRequired\":true,\"valueName\":\"search_term_string\"}}],\"inLanguage\":\"pt-PT\"},{\"@type\":\"Person\",\"@id\":\"https:\\\/\\\/hotnewsinworld.com\\\/pt\\\/#\\\/schema\\\/person\\\/fe61448b21c0d59086e75fcc1f9d8f6b\",\"name\":\"hotnewsinworld\",\"image\":{\"@type\":\"ImageObject\",\"inLanguage\":\"pt-PT\",\"@id\":\"https:\\\/\\\/secure.gravatar.com\\\/avatar\\\/8a09ac165600ce2e1c38fe593c63928eb1e6e7ba5c5a907d67787c41b3d00c14?s=96&d=mm&r=g\",\"url\":\"https:\\\/\\\/secure.gravatar.com\\\/avatar\\\/8a09ac165600ce2e1c38fe593c63928eb1e6e7ba5c5a907d67787c41b3d00c14?s=96&d=mm&r=g\",\"contentUrl\":\"https:\\\/\\\/secure.gravatar.com\\\/avatar\\\/8a09ac165600ce2e1c38fe593c63928eb1e6e7ba5c5a907d67787c41b3d00c14?s=96&d=mm&r=g\",\"caption\":\"hotnewsinworld\"},\"url\":\"https:\\\/\\\/hotnewsinworld.com\\\/pt\\\/author\\\/pt\\\/\"}]}<\/script>\n<!-- \/ Yoast SEO plugin. -->","yoast_head_json":{"title":"Governo altera condi\u00e7\u00e3o de recursos para acesso ao novo apoio social - Hot News in World","robots":{"index":"index","follow":"follow","max-snippet":"max-snippet:-1","max-image-preview":"max-image-preview:large","max-video-preview":"max-video-preview:-1"},"canonical":"https:\/\/hotnewsinworld.com\/pt\/governo-altera-condicao-de-recursos-para-acesso-ao-novo-apoio-social\/","og_locale":"pt_PT","og_type":"article","og_title":"Governo altera condi\u00e7\u00e3o de recursos para acesso ao novo apoio social - Hot News in World","og_description":"JN\/Ag\u00eanciasHoje\u00a0\u00e0s\u00a018:46O Conselho de Ministros aprovou esta quinta-feira altera\u00e7\u00f5es ao Apoio Extraordin\u00e1rio ao Rendimento dos Trabalhadores (AERT) que alargam a medida a um maior n\u00famero de benefici\u00e1rios, com mudan\u00e7as na condi\u00e7\u00e3o de recursos, anunciou a ministra Ana Mendes Godinho.O an\u00fancio foi feito pela ministra do Trabalho, Solidariedade e Seguran\u00e7a Social, Ana Mendes Godinho, na confer\u00eancia de [&hellip;]","og_url":"https:\/\/hotnewsinworld.com\/pt\/governo-altera-condicao-de-recursos-para-acesso-ao-novo-apoio-social\/","og_site_name":"Hot News in World","article_published_time":"2021-04-08T18:53:39+00:00","article_modified_time":"2021-04-08T18:53:42+00:00","og_image":[{"width":800,"height":420,"url":"https:\/\/hotnewsinworld.com\/pt\/wp-content\/uploads\/sites\/2\/2021\/04\/Governo-altera-condicao-de-recursos-para-acesso-ao-novo-apoio.jpg","type":"image\/jpeg"}],"author":"hotnewsinworld","twitter_card":"summary_large_image","twitter_misc":{"Escrito por":"hotnewsinworld","Tempo estimado de leitura":"2 minutos"},"schema":{"@context":"https:\/\/schema.org","@graph":[{"@type":"Article","@id":"https:\/\/hotnewsinworld.com\/pt\/governo-altera-condicao-de-recursos-para-acesso-ao-novo-apoio-social\/#article","isPartOf":{"@id":"https:\/\/hotnewsinworld.com\/pt\/governo-altera-condicao-de-recursos-para-acesso-ao-novo-apoio-social\/"},"author":{"name":"hotnewsinworld","@id":"https:\/\/hotnewsinworld.com\/pt\/#\/schema\/person\/fe61448b21c0d59086e75fcc1f9d8f6b"},"headline":"Governo altera condi\u00e7\u00e3o de recursos para acesso ao novo apoio social","datePublished":"2021-04-08T18:53:39+00:00","dateModified":"2021-04-08T18:53:42+00:00","mainEntityOfPage":{"@id":"https:\/\/hotnewsinworld.com\/pt\/governo-altera-condicao-de-recursos-para-acesso-ao-novo-apoio-social\/"},"wordCount":486,"commentCount":0,"image":{"@id":"https:\/\/hotnewsinworld.com\/pt\/governo-altera-condicao-de-recursos-para-acesso-ao-novo-apoio-social\/#primaryimage"},"thumbnailUrl":"https:\/\/hotnewsinworld.com\/pt\/wp-content\/uploads\/sites\/2\/2021\/04\/Governo-altera-condicao-de-recursos-para-acesso-ao-novo-apoio.jpg","articleSection":["\u00daLTIMAS NOT\u00cdCIAS FINANCEIRAS"],"inLanguage":"pt-PT","potentialAction":[{"@type":"CommentAction","name":"Comment","target":["https:\/\/hotnewsinworld.com\/pt\/governo-altera-condicao-de-recursos-para-acesso-ao-novo-apoio-social\/#respond"]}]},{"@type":"WebPage","@id":"https:\/\/hotnewsinworld.com\/pt\/governo-altera-condicao-de-recursos-para-acesso-ao-novo-apoio-social\/","url":"https:\/\/hotnewsinworld.com\/pt\/governo-altera-condicao-de-recursos-para-acesso-ao-novo-apoio-social\/","name":"Governo altera condi\u00e7\u00e3o de recursos para acesso ao novo apoio social - Hot News in World","isPartOf":{"@id":"https:\/\/hotnewsinworld.com\/pt\/#website"},"primaryImageOfPage":{"@id":"https:\/\/hotnewsinworld.com\/pt\/governo-altera-condicao-de-recursos-para-acesso-ao-novo-apoio-social\/#primaryimage"},"image":{"@id":"https:\/\/hotnewsinworld.com\/pt\/governo-altera-condicao-de-recursos-para-acesso-ao-novo-apoio-social\/#primaryimage"},"thumbnailUrl":"https:\/\/hotnewsinworld.com\/pt\/wp-content\/uploads\/sites\/2\/2021\/04\/Governo-altera-condicao-de-recursos-para-acesso-ao-novo-apoio.jpg","datePublished":"2021-04-08T18:53:39+00:00","dateModified":"2021-04-08T18:53:42+00:00","author":{"@id":"https:\/\/hotnewsinworld.com\/pt\/#\/schema\/person\/fe61448b21c0d59086e75fcc1f9d8f6b"},"breadcrumb":{"@id":"https:\/\/hotnewsinworld.com\/pt\/governo-altera-condicao-de-recursos-para-acesso-ao-novo-apoio-social\/#breadcrumb"},"inLanguage":"pt-PT","potentialAction":[{"@type":"ReadAction","target":["https:\/\/hotnewsinworld.com\/pt\/governo-altera-condicao-de-recursos-para-acesso-ao-novo-apoio-social\/"]}]},{"@type":"ImageObject","inLanguage":"pt-PT","@id":"https:\/\/hotnewsinworld.com\/pt\/governo-altera-condicao-de-recursos-para-acesso-ao-novo-apoio-social\/#primaryimage","url":"https:\/\/hotnewsinworld.com\/pt\/wp-content\/uploads\/sites\/2\/2021\/04\/Governo-altera-condicao-de-recursos-para-acesso-ao-novo-apoio.jpg","contentUrl":"https:\/\/hotnewsinworld.com\/pt\/wp-content\/uploads\/sites\/2\/2021\/04\/Governo-altera-condicao-de-recursos-para-acesso-ao-novo-apoio.jpg","width":800,"height":420,"caption":"Governo altera condi\u00e7\u00e3o de recursos para acesso ao novo apoio social"},{"@type":"BreadcrumbList","@id":"https:\/\/hotnewsinworld.com\/pt\/governo-altera-condicao-de-recursos-para-acesso-ao-novo-apoio-social\/#breadcrumb","itemListElement":[{"@type":"ListItem","position":1,"name":"\u0413\u043b\u0430\u0432\u043d\u0430\u044f \u0441\u0442\u0440\u0430\u043d\u0438\u0446\u0430","item":"https:\/\/hotnewsinworld.com\/pt\/"},{"@type":"ListItem","position":2,"name":"Governo altera condi\u00e7\u00e3o de recursos para acesso ao novo apoio social"}]},{"@type":"WebSite","@id":"https:\/\/hotnewsinworld.com\/pt\/#website","url":"https:\/\/hotnewsinworld.com\/pt\/","name":"Hot News in World","description":"Hot News in World Portugal","potentialAction":[{"@type":"SearchAction","target":{"@type":"EntryPoint","urlTemplate":"https:\/\/hotnewsinworld.com\/pt\/?s={search_term_string}"},"query-input":{"@type":"PropertyValueSpecification","valueRequired":true,"valueName":"search_term_string"}}],"inLanguage":"pt-PT"},{"@type":"Person","@id":"https:\/\/hotnewsinworld.com\/pt\/#\/schema\/person\/fe61448b21c0d59086e75fcc1f9d8f6b","name":"hotnewsinworld","image":{"@type":"ImageObject","inLanguage":"pt-PT","@id":"https:\/\/secure.gravatar.com\/avatar\/8a09ac165600ce2e1c38fe593c63928eb1e6e7ba5c5a907d67787c41b3d00c14?s=96&d=mm&r=g","url":"https:\/\/secure.gravatar.com\/avatar\/8a09ac165600ce2e1c38fe593c63928eb1e6e7ba5c5a907d67787c41b3d00c14?s=96&d=mm&r=g","contentUrl":"https:\/\/secure.gravatar.com\/avatar\/8a09ac165600ce2e1c38fe593c63928eb1e6e7ba5c5a907d67787c41b3d00c14?s=96&d=mm&r=g","caption":"hotnewsinworld"},"url":"https:\/\/hotnewsinworld.com\/pt\/author\/pt\/"}]}},"_links":{"self":[{"href":"https:\/\/hotnewsinworld.com\/pt\/wp-json\/wp\/v2\/posts\/3413","targetHints":{"allow":["GET"]}}],"collection":[{"href":"https:\/\/hotnewsinworld.com\/pt\/wp-json\/wp\/v2\/posts"}],"about":[{"href":"https:\/\/hotnewsinworld.com\/pt\/wp-json\/wp\/v2\/types\/post"}],"author":[{"embeddable":true,"href":"https:\/\/hotnewsinworld.com\/pt\/wp-json\/wp\/v2\/users\/2"}],"replies":[{"embeddable":true,"href":"https:\/\/hotnewsinworld.com\/pt\/wp-json\/wp\/v2\/comments?post=3413"}],"version-history":[{"count":1,"href":"https:\/\/hotnewsinworld.com\/pt\/wp-json\/wp\/v2\/posts\/3413\/revisions"}],"predecessor-version":[{"id":3415,"href":"https:\/\/hotnewsinworld.com\/pt\/wp-json\/wp\/v2\/posts\/3413\/revisions\/3415"}],"wp:featuredmedia":[{"embeddable":true,"href":"https:\/\/hotnewsinworld.com\/pt\/wp-json\/wp\/v2\/media\/3414"}],"wp:attachment":[{"href":"https:\/\/hotnewsinworld.com\/pt\/wp-json\/wp\/v2\/media?parent=3413"}],"wp:term":[{"taxonomy":"category","embeddable":true,"href":"https:\/\/hotnewsinworld.com\/pt\/wp-json\/wp\/v2\/categories?post=3413"},{"taxonomy":"post_tag","embeddable":true,"href":"https:\/\/hotnewsinworld.com\/pt\/wp-json\/wp\/v2\/tags?post=3413"}],"curies":[{"name":"wp","href":"https:\/\/api.w.org\/{rel}","templated":true}]}}