{"id":3425,"date":"2021-04-10T22:06:06","date_gmt":"2021-04-10T19:06:06","guid":{"rendered":"https:\/\/hotnewsinworld.com\/pt\/novo-mercedes-eqa-com-autonomia-de-426-quilometros\/"},"modified":"2021-04-10T22:06:09","modified_gmt":"2021-04-10T19:06:09","slug":"novo-mercedes-eqa-com-autonomia-de-426-quilometros","status":"publish","type":"post","link":"https:\/\/hotnewsinworld.com\/pt\/novo-mercedes-eqa-com-autonomia-de-426-quilometros\/","title":{"rendered":"Novo Mercedes EQA com autonomia de 426 quil\u00f3metros"},"content":{"rendered":"<p>Reis PintoHoje\u00a0\u00e0s\u00a015:08O novo Mercedes EQA, a vers\u00e3o el\u00e9trica do GLA, j\u00e1 est\u00e1 \u00e0 venda em Portugal. Tem uma autonomia de 426 quil\u00f3metros e est\u00e1 dispon\u00edvel a partir dos 53.750 euros.Novo EQA tem uma autonomia de 426 quil\u00f3metrosFoto:\u00a0DRO SUV, apresentado no Porto pela Sociedade Comercial C. Santos, est\u00e1 dispon\u00edvel, para j\u00e1, apenas na vers\u00e3o 250, com uma pot\u00eancia de 190 cv (140kW), uma acelera\u00e7\u00e3o dos zero aos 100 km\/h em 8,9 segundos e uma velocidade m\u00e1xima de 160 km\/h (limitada eletronicamente).O novo modelo, &#8220;irm\u00e3o&#8221; do bem-sucedido GLA, tem a grelha frontal em &#8220;painel preto&#8221; com estrela central, que \u00e9 uma refer\u00eancia da marca Mercedes-EQ. Outro elemento de design distintivo do mundo dos modelos el\u00e9tricos do fabricante alem\u00e3o \u00e9 a faixa de luz cont\u00ednua nas sec\u00e7\u00f5es dianteira e traseira do ve\u00edculo.Realce para as jantes de liga leve de duas ou tr\u00eas cores exclusivas do modelo, que est\u00e3o dispon\u00edveis com dimens\u00f5es de at\u00e9 20 polegadas. Em algumas vers\u00f5es, podem ter revestimento na cor ouro rosado ou azul.Autonomia\u200b\u200b\u200b\u200b\u200b\u200b\u200b\u200b\u200b\u200b\u200bOs assistentes inteligentes apoiam o condutor em v\u00e1rios dom\u00ednios, por exemplo, no que diz respeito \u00e0 preven\u00e7\u00e3o de acidentes, \u00e0 estrat\u00e9gia de funcionamento preditiva e \u00e0 navega\u00e7\u00e3o com fun\u00e7\u00e3o a Electric Intelligence.A bateria de i\u00f5es de l\u00edtio, que se encontra instalada num elemento estrutural na sec\u00e7\u00e3o inferior do chassis do ve\u00edculo, tem uma capacidade de armazenamento de energia de 66,5 kWh. A autonomia \u00e9 de 426 quil\u00f3metros (de acordo com o ciclo de teste WLTP) e o consumo em ciclo combinado \u00e9 de 17,7 kWh\/100 km (tamb\u00e9m WLTP).Segundo a marca, os tempos de carregamento variam entre as 5h45 numa wallbox ou num posto de carregamento p\u00fablico (corrente AC com uma pot\u00eancia de pelo menos 11 kW, com intensidade de corrente de 16 A por fase) e os 30 minutos para uma carga de 10% a 80% num posto de carregamento r\u00e1pido de corrente DC com uma tens\u00e3o de rede de 400 V e uma intensidade de corrente de pelo menos 300 A. Este carregamento ultra-r\u00e1pido permite recuperar em 30 minutos mais de 300 km.Quota de eletrificados em altaNovo EQA tem uma autonomia de 426 quil\u00f3metrosFoto:\u00a0DROs eletrificados (conhecidos internamente como xEV) representaram quase 40% das vendas Mercedes-Benz da Sociedade Comercial C. Santos em 2020, com um r\u00e1cio de 1,8% de totalmente el\u00e9tricos (EQC, de que houve poucas unidades dispon\u00edveis para entrega) e 38% de modelos h\u00edbridos plug-in.De acordo com as proje\u00e7\u00f5es da marca, e com o crescimento previsto da gama de el\u00e9tricos (o EQA marca o arranque de uma s\u00e9rie de seis novos modelos EQ a lan\u00e7ar at\u00e9 ao pr\u00f3ximo ano) e h\u00edbridos plug-in (as vers\u00f5es PHEV dos novos Classe S e Classe C ter\u00e3o autonomia 100% el\u00e9trica de 100 km), a expectativa \u00e9 que a import\u00e2ncia dos modelos xEV continue a aumentar este ano e no pr\u00f3ximo.Nas contas totais da Mercedes-Benz, em Portugal (todas as concess\u00f5es e n\u00e3o apenas a Sociedade Comercial C. Santos), a marca alcan\u00e7ou, no m\u00eas passado, a segunda posi\u00e7\u00e3o no mercado nacional, com um crescimento de 1,5% face ao per\u00edodo hom\u00f3logo do ano passado.Destaque ainda para a performance da marca da estrela no segmento de xEV, tendo vendido 522 unidades no m\u00eas passado (1283 no acumulado do trimestre), o que corresponde a 43,1% do total das vendas Mercedes-Benz em Portugal.Novo EQA tem uma autonomia de 426 quil\u00f3metrosFoto:\u00a0DR<br \/>\n<br \/>\n<!--noindex--><br \/>\n<a href=\"http:\/\/feeds.jn.pt\/~r\/JN-ECONOMIA\/~3\/ohr28eFMBBQ\/novo-mercedes-eqa-com-autonomia-de-426-quilometros--13555071.html\" rel=\"nofollow\">Source link <\/a><br \/>\n<!--\/noindex--><\/p>\n","protected":false},"excerpt":{"rendered":"<p>Reis PintoHoje\u00a0\u00e0s\u00a015:08O novo Mercedes EQA, a vers\u00e3o el\u00e9trica do GLA, j\u00e1 est\u00e1 \u00e0 venda em Portugal. Tem uma autonomia de 426 quil\u00f3metros e est\u00e1 dispon\u00edvel a partir dos 53.750 euros.Novo EQA tem uma autonomia de 426 quil\u00f3metrosFoto:\u00a0DRO SUV, apresentado no Porto pela Sociedade Comercial C. Santos, est\u00e1 dispon\u00edvel, para j\u00e1, apenas na vers\u00e3o 250, com [&hellip;]<\/p>\n","protected":false},"author":2,"featured_media":3426,"comment_status":"open","ping_status":"open","sticky":false,"template":"","format":"standard","meta":{"footnotes":""},"categories":[1],"tags":[],"class_list":["post-3425","post","type-post","status-publish","format-standard","has-post-thumbnail","hentry","category-ultimas-noticias-financeiras"],"yoast_head":"<!-- This site is optimized with the Yoast SEO plugin v27.4 - https:\/\/yoast.com\/product\/yoast-seo-wordpress\/ -->\n<title>Novo Mercedes EQA com autonomia de 426 quil\u00f3metros - Hot News in World<\/title>\n<meta name=\"robots\" content=\"index, follow, max-snippet:-1, max-image-preview:large, max-video-preview:-1\" \/>\n<link rel=\"canonical\" href=\"https:\/\/hotnewsinworld.com\/pt\/novo-mercedes-eqa-com-autonomia-de-426-quilometros\/\" \/>\n<meta property=\"og:locale\" content=\"pt_PT\" \/>\n<meta property=\"og:type\" content=\"article\" \/>\n<meta property=\"og:title\" content=\"Novo Mercedes EQA com autonomia de 426 quil\u00f3metros - Hot News in World\" \/>\n<meta property=\"og:description\" content=\"Reis PintoHoje\u00a0\u00e0s\u00a015:08O novo Mercedes EQA, a vers\u00e3o el\u00e9trica do GLA, j\u00e1 est\u00e1 \u00e0 venda em Portugal. Tem uma autonomia de 426 quil\u00f3metros e est\u00e1 dispon\u00edvel a partir dos 53.750 euros.Novo EQA tem uma autonomia de 426 quil\u00f3metrosFoto:\u00a0DRO SUV, apresentado no Porto pela Sociedade Comercial C. Santos, est\u00e1 dispon\u00edvel, para j\u00e1, apenas na vers\u00e3o 250, com [&hellip;]\" \/>\n<meta property=\"og:url\" content=\"https:\/\/hotnewsinworld.com\/pt\/novo-mercedes-eqa-com-autonomia-de-426-quilometros\/\" \/>\n<meta property=\"og:site_name\" content=\"Hot News in World\" \/>\n<meta property=\"article:published_time\" content=\"2021-04-10T19:06:06+00:00\" \/>\n<meta property=\"article:modified_time\" content=\"2021-04-10T19:06:09+00:00\" \/>\n<meta property=\"og:image\" content=\"https:\/\/hotnewsinworld.com\/pt\/wp-content\/uploads\/sites\/2\/2021\/04\/Novo-Mercedes-EQA-com-autonomia-de-426-quilometros.jpg\" \/>\n\t<meta property=\"og:image:width\" content=\"799\" \/>\n\t<meta property=\"og:image:height\" content=\"420\" \/>\n\t<meta property=\"og:image:type\" content=\"image\/jpeg\" \/>\n<meta name=\"author\" content=\"hotnewsinworld\" \/>\n<meta name=\"twitter:card\" content=\"summary_large_image\" \/>\n<meta name=\"twitter:label1\" content=\"Escrito por\" \/>\n\t<meta name=\"twitter:data1\" content=\"hotnewsinworld\" \/>\n\t<meta name=\"twitter:label2\" content=\"Tempo estimado de leitura\" \/>\n\t<meta name=\"twitter:data2\" content=\"3 minutos\" \/>\n<script type=\"application\/ld+json\" class=\"yoast-schema-graph\">{\"@context\":\"https:\\\/\\\/schema.org\",\"@graph\":[{\"@type\":\"Article\",\"@id\":\"https:\\\/\\\/hotnewsinworld.com\\\/pt\\\/novo-mercedes-eqa-com-autonomia-de-426-quilometros\\\/#article\",\"isPartOf\":{\"@id\":\"https:\\\/\\\/hotnewsinworld.com\\\/pt\\\/novo-mercedes-eqa-com-autonomia-de-426-quilometros\\\/\"},\"author\":{\"name\":\"hotnewsinworld\",\"@id\":\"https:\\\/\\\/hotnewsinworld.com\\\/pt\\\/#\\\/schema\\\/person\\\/fe61448b21c0d59086e75fcc1f9d8f6b\"},\"headline\":\"Novo Mercedes EQA com autonomia de 426 quil\u00f3metros\",\"datePublished\":\"2021-04-10T19:06:06+00:00\",\"dateModified\":\"2021-04-10T19:06:09+00:00\",\"mainEntityOfPage\":{\"@id\":\"https:\\\/\\\/hotnewsinworld.com\\\/pt\\\/novo-mercedes-eqa-com-autonomia-de-426-quilometros\\\/\"},\"wordCount\":595,\"commentCount\":0,\"image\":{\"@id\":\"https:\\\/\\\/hotnewsinworld.com\\\/pt\\\/novo-mercedes-eqa-com-autonomia-de-426-quilometros\\\/#primaryimage\"},\"thumbnailUrl\":\"https:\\\/\\\/hotnewsinworld.com\\\/pt\\\/wp-content\\\/uploads\\\/sites\\\/2\\\/2021\\\/04\\\/Novo-Mercedes-EQA-com-autonomia-de-426-quilometros.jpg\",\"articleSection\":[\"\u00daLTIMAS NOT\u00cdCIAS FINANCEIRAS\"],\"inLanguage\":\"pt-PT\",\"potentialAction\":[{\"@type\":\"CommentAction\",\"name\":\"Comment\",\"target\":[\"https:\\\/\\\/hotnewsinworld.com\\\/pt\\\/novo-mercedes-eqa-com-autonomia-de-426-quilometros\\\/#respond\"]}]},{\"@type\":\"WebPage\",\"@id\":\"https:\\\/\\\/hotnewsinworld.com\\\/pt\\\/novo-mercedes-eqa-com-autonomia-de-426-quilometros\\\/\",\"url\":\"https:\\\/\\\/hotnewsinworld.com\\\/pt\\\/novo-mercedes-eqa-com-autonomia-de-426-quilometros\\\/\",\"name\":\"Novo Mercedes EQA com autonomia de 426 quil\u00f3metros - Hot News in World\",\"isPartOf\":{\"@id\":\"https:\\\/\\\/hotnewsinworld.com\\\/pt\\\/#website\"},\"primaryImageOfPage\":{\"@id\":\"https:\\\/\\\/hotnewsinworld.com\\\/pt\\\/novo-mercedes-eqa-com-autonomia-de-426-quilometros\\\/#primaryimage\"},\"image\":{\"@id\":\"https:\\\/\\\/hotnewsinworld.com\\\/pt\\\/novo-mercedes-eqa-com-autonomia-de-426-quilometros\\\/#primaryimage\"},\"thumbnailUrl\":\"https:\\\/\\\/hotnewsinworld.com\\\/pt\\\/wp-content\\\/uploads\\\/sites\\\/2\\\/2021\\\/04\\\/Novo-Mercedes-EQA-com-autonomia-de-426-quilometros.jpg\",\"datePublished\":\"2021-04-10T19:06:06+00:00\",\"dateModified\":\"2021-04-10T19:06:09+00:00\",\"author\":{\"@id\":\"https:\\\/\\\/hotnewsinworld.com\\\/pt\\\/#\\\/schema\\\/person\\\/fe61448b21c0d59086e75fcc1f9d8f6b\"},\"breadcrumb\":{\"@id\":\"https:\\\/\\\/hotnewsinworld.com\\\/pt\\\/novo-mercedes-eqa-com-autonomia-de-426-quilometros\\\/#breadcrumb\"},\"inLanguage\":\"pt-PT\",\"potentialAction\":[{\"@type\":\"ReadAction\",\"target\":[\"https:\\\/\\\/hotnewsinworld.com\\\/pt\\\/novo-mercedes-eqa-com-autonomia-de-426-quilometros\\\/\"]}]},{\"@type\":\"ImageObject\",\"inLanguage\":\"pt-PT\",\"@id\":\"https:\\\/\\\/hotnewsinworld.com\\\/pt\\\/novo-mercedes-eqa-com-autonomia-de-426-quilometros\\\/#primaryimage\",\"url\":\"https:\\\/\\\/hotnewsinworld.com\\\/pt\\\/wp-content\\\/uploads\\\/sites\\\/2\\\/2021\\\/04\\\/Novo-Mercedes-EQA-com-autonomia-de-426-quilometros.jpg\",\"contentUrl\":\"https:\\\/\\\/hotnewsinworld.com\\\/pt\\\/wp-content\\\/uploads\\\/sites\\\/2\\\/2021\\\/04\\\/Novo-Mercedes-EQA-com-autonomia-de-426-quilometros.jpg\",\"width\":799,\"height\":420,\"caption\":\"Novo Mercedes EQA com autonomia de 426 quil\u00f3metros\"},{\"@type\":\"BreadcrumbList\",\"@id\":\"https:\\\/\\\/hotnewsinworld.com\\\/pt\\\/novo-mercedes-eqa-com-autonomia-de-426-quilometros\\\/#breadcrumb\",\"itemListElement\":[{\"@type\":\"ListItem\",\"position\":1,\"name\":\"\u0413\u043b\u0430\u0432\u043d\u0430\u044f \u0441\u0442\u0440\u0430\u043d\u0438\u0446\u0430\",\"item\":\"https:\\\/\\\/hotnewsinworld.com\\\/pt\\\/\"},{\"@type\":\"ListItem\",\"position\":2,\"name\":\"Novo Mercedes EQA com autonomia de 426 quil\u00f3metros\"}]},{\"@type\":\"WebSite\",\"@id\":\"https:\\\/\\\/hotnewsinworld.com\\\/pt\\\/#website\",\"url\":\"https:\\\/\\\/hotnewsinworld.com\\\/pt\\\/\",\"name\":\"Hot News in World\",\"description\":\"Hot News in World Portugal\",\"potentialAction\":[{\"@type\":\"SearchAction\",\"target\":{\"@type\":\"EntryPoint\",\"urlTemplate\":\"https:\\\/\\\/hotnewsinworld.com\\\/pt\\\/?s={search_term_string}\"},\"query-input\":{\"@type\":\"PropertyValueSpecification\",\"valueRequired\":true,\"valueName\":\"search_term_string\"}}],\"inLanguage\":\"pt-PT\"},{\"@type\":\"Person\",\"@id\":\"https:\\\/\\\/hotnewsinworld.com\\\/pt\\\/#\\\/schema\\\/person\\\/fe61448b21c0d59086e75fcc1f9d8f6b\",\"name\":\"hotnewsinworld\",\"image\":{\"@type\":\"ImageObject\",\"inLanguage\":\"pt-PT\",\"@id\":\"https:\\\/\\\/secure.gravatar.com\\\/avatar\\\/8a09ac165600ce2e1c38fe593c63928eb1e6e7ba5c5a907d67787c41b3d00c14?s=96&d=mm&r=g\",\"url\":\"https:\\\/\\\/secure.gravatar.com\\\/avatar\\\/8a09ac165600ce2e1c38fe593c63928eb1e6e7ba5c5a907d67787c41b3d00c14?s=96&d=mm&r=g\",\"contentUrl\":\"https:\\\/\\\/secure.gravatar.com\\\/avatar\\\/8a09ac165600ce2e1c38fe593c63928eb1e6e7ba5c5a907d67787c41b3d00c14?s=96&d=mm&r=g\",\"caption\":\"hotnewsinworld\"},\"url\":\"https:\\\/\\\/hotnewsinworld.com\\\/pt\\\/author\\\/pt\\\/\"}]}<\/script>\n<!-- \/ Yoast SEO plugin. -->","yoast_head_json":{"title":"Novo Mercedes EQA com autonomia de 426 quil\u00f3metros - Hot News in World","robots":{"index":"index","follow":"follow","max-snippet":"max-snippet:-1","max-image-preview":"max-image-preview:large","max-video-preview":"max-video-preview:-1"},"canonical":"https:\/\/hotnewsinworld.com\/pt\/novo-mercedes-eqa-com-autonomia-de-426-quilometros\/","og_locale":"pt_PT","og_type":"article","og_title":"Novo Mercedes EQA com autonomia de 426 quil\u00f3metros - Hot News in World","og_description":"Reis PintoHoje\u00a0\u00e0s\u00a015:08O novo Mercedes EQA, a vers\u00e3o el\u00e9trica do GLA, j\u00e1 est\u00e1 \u00e0 venda em Portugal. Tem uma autonomia de 426 quil\u00f3metros e est\u00e1 dispon\u00edvel a partir dos 53.750 euros.Novo EQA tem uma autonomia de 426 quil\u00f3metrosFoto:\u00a0DRO SUV, apresentado no Porto pela Sociedade Comercial C. Santos, est\u00e1 dispon\u00edvel, para j\u00e1, apenas na vers\u00e3o 250, com [&hellip;]","og_url":"https:\/\/hotnewsinworld.com\/pt\/novo-mercedes-eqa-com-autonomia-de-426-quilometros\/","og_site_name":"Hot News in World","article_published_time":"2021-04-10T19:06:06+00:00","article_modified_time":"2021-04-10T19:06:09+00:00","og_image":[{"width":799,"height":420,"url":"https:\/\/hotnewsinworld.com\/pt\/wp-content\/uploads\/sites\/2\/2021\/04\/Novo-Mercedes-EQA-com-autonomia-de-426-quilometros.jpg","type":"image\/jpeg"}],"author":"hotnewsinworld","twitter_card":"summary_large_image","twitter_misc":{"Escrito por":"hotnewsinworld","Tempo estimado de leitura":"3 minutos"},"schema":{"@context":"https:\/\/schema.org","@graph":[{"@type":"Article","@id":"https:\/\/hotnewsinworld.com\/pt\/novo-mercedes-eqa-com-autonomia-de-426-quilometros\/#article","isPartOf":{"@id":"https:\/\/hotnewsinworld.com\/pt\/novo-mercedes-eqa-com-autonomia-de-426-quilometros\/"},"author":{"name":"hotnewsinworld","@id":"https:\/\/hotnewsinworld.com\/pt\/#\/schema\/person\/fe61448b21c0d59086e75fcc1f9d8f6b"},"headline":"Novo Mercedes EQA com autonomia de 426 quil\u00f3metros","datePublished":"2021-04-10T19:06:06+00:00","dateModified":"2021-04-10T19:06:09+00:00","mainEntityOfPage":{"@id":"https:\/\/hotnewsinworld.com\/pt\/novo-mercedes-eqa-com-autonomia-de-426-quilometros\/"},"wordCount":595,"commentCount":0,"image":{"@id":"https:\/\/hotnewsinworld.com\/pt\/novo-mercedes-eqa-com-autonomia-de-426-quilometros\/#primaryimage"},"thumbnailUrl":"https:\/\/hotnewsinworld.com\/pt\/wp-content\/uploads\/sites\/2\/2021\/04\/Novo-Mercedes-EQA-com-autonomia-de-426-quilometros.jpg","articleSection":["\u00daLTIMAS NOT\u00cdCIAS FINANCEIRAS"],"inLanguage":"pt-PT","potentialAction":[{"@type":"CommentAction","name":"Comment","target":["https:\/\/hotnewsinworld.com\/pt\/novo-mercedes-eqa-com-autonomia-de-426-quilometros\/#respond"]}]},{"@type":"WebPage","@id":"https:\/\/hotnewsinworld.com\/pt\/novo-mercedes-eqa-com-autonomia-de-426-quilometros\/","url":"https:\/\/hotnewsinworld.com\/pt\/novo-mercedes-eqa-com-autonomia-de-426-quilometros\/","name":"Novo Mercedes EQA com autonomia de 426 quil\u00f3metros - Hot News in World","isPartOf":{"@id":"https:\/\/hotnewsinworld.com\/pt\/#website"},"primaryImageOfPage":{"@id":"https:\/\/hotnewsinworld.com\/pt\/novo-mercedes-eqa-com-autonomia-de-426-quilometros\/#primaryimage"},"image":{"@id":"https:\/\/hotnewsinworld.com\/pt\/novo-mercedes-eqa-com-autonomia-de-426-quilometros\/#primaryimage"},"thumbnailUrl":"https:\/\/hotnewsinworld.com\/pt\/wp-content\/uploads\/sites\/2\/2021\/04\/Novo-Mercedes-EQA-com-autonomia-de-426-quilometros.jpg","datePublished":"2021-04-10T19:06:06+00:00","dateModified":"2021-04-10T19:06:09+00:00","author":{"@id":"https:\/\/hotnewsinworld.com\/pt\/#\/schema\/person\/fe61448b21c0d59086e75fcc1f9d8f6b"},"breadcrumb":{"@id":"https:\/\/hotnewsinworld.com\/pt\/novo-mercedes-eqa-com-autonomia-de-426-quilometros\/#breadcrumb"},"inLanguage":"pt-PT","potentialAction":[{"@type":"ReadAction","target":["https:\/\/hotnewsinworld.com\/pt\/novo-mercedes-eqa-com-autonomia-de-426-quilometros\/"]}]},{"@type":"ImageObject","inLanguage":"pt-PT","@id":"https:\/\/hotnewsinworld.com\/pt\/novo-mercedes-eqa-com-autonomia-de-426-quilometros\/#primaryimage","url":"https:\/\/hotnewsinworld.com\/pt\/wp-content\/uploads\/sites\/2\/2021\/04\/Novo-Mercedes-EQA-com-autonomia-de-426-quilometros.jpg","contentUrl":"https:\/\/hotnewsinworld.com\/pt\/wp-content\/uploads\/sites\/2\/2021\/04\/Novo-Mercedes-EQA-com-autonomia-de-426-quilometros.jpg","width":799,"height":420,"caption":"Novo Mercedes EQA com autonomia de 426 quil\u00f3metros"},{"@type":"BreadcrumbList","@id":"https:\/\/hotnewsinworld.com\/pt\/novo-mercedes-eqa-com-autonomia-de-426-quilometros\/#breadcrumb","itemListElement":[{"@type":"ListItem","position":1,"name":"\u0413\u043b\u0430\u0432\u043d\u0430\u044f \u0441\u0442\u0440\u0430\u043d\u0438\u0446\u0430","item":"https:\/\/hotnewsinworld.com\/pt\/"},{"@type":"ListItem","position":2,"name":"Novo Mercedes EQA com autonomia de 426 quil\u00f3metros"}]},{"@type":"WebSite","@id":"https:\/\/hotnewsinworld.com\/pt\/#website","url":"https:\/\/hotnewsinworld.com\/pt\/","name":"Hot News in World","description":"Hot News in World Portugal","potentialAction":[{"@type":"SearchAction","target":{"@type":"EntryPoint","urlTemplate":"https:\/\/hotnewsinworld.com\/pt\/?s={search_term_string}"},"query-input":{"@type":"PropertyValueSpecification","valueRequired":true,"valueName":"search_term_string"}}],"inLanguage":"pt-PT"},{"@type":"Person","@id":"https:\/\/hotnewsinworld.com\/pt\/#\/schema\/person\/fe61448b21c0d59086e75fcc1f9d8f6b","name":"hotnewsinworld","image":{"@type":"ImageObject","inLanguage":"pt-PT","@id":"https:\/\/secure.gravatar.com\/avatar\/8a09ac165600ce2e1c38fe593c63928eb1e6e7ba5c5a907d67787c41b3d00c14?s=96&d=mm&r=g","url":"https:\/\/secure.gravatar.com\/avatar\/8a09ac165600ce2e1c38fe593c63928eb1e6e7ba5c5a907d67787c41b3d00c14?s=96&d=mm&r=g","contentUrl":"https:\/\/secure.gravatar.com\/avatar\/8a09ac165600ce2e1c38fe593c63928eb1e6e7ba5c5a907d67787c41b3d00c14?s=96&d=mm&r=g","caption":"hotnewsinworld"},"url":"https:\/\/hotnewsinworld.com\/pt\/author\/pt\/"}]}},"_links":{"self":[{"href":"https:\/\/hotnewsinworld.com\/pt\/wp-json\/wp\/v2\/posts\/3425","targetHints":{"allow":["GET"]}}],"collection":[{"href":"https:\/\/hotnewsinworld.com\/pt\/wp-json\/wp\/v2\/posts"}],"about":[{"href":"https:\/\/hotnewsinworld.com\/pt\/wp-json\/wp\/v2\/types\/post"}],"author":[{"embeddable":true,"href":"https:\/\/hotnewsinworld.com\/pt\/wp-json\/wp\/v2\/users\/2"}],"replies":[{"embeddable":true,"href":"https:\/\/hotnewsinworld.com\/pt\/wp-json\/wp\/v2\/comments?post=3425"}],"version-history":[{"count":1,"href":"https:\/\/hotnewsinworld.com\/pt\/wp-json\/wp\/v2\/posts\/3425\/revisions"}],"predecessor-version":[{"id":3427,"href":"https:\/\/hotnewsinworld.com\/pt\/wp-json\/wp\/v2\/posts\/3425\/revisions\/3427"}],"wp:featuredmedia":[{"embeddable":true,"href":"https:\/\/hotnewsinworld.com\/pt\/wp-json\/wp\/v2\/media\/3426"}],"wp:attachment":[{"href":"https:\/\/hotnewsinworld.com\/pt\/wp-json\/wp\/v2\/media?parent=3425"}],"wp:term":[{"taxonomy":"category","embeddable":true,"href":"https:\/\/hotnewsinworld.com\/pt\/wp-json\/wp\/v2\/categories?post=3425"},{"taxonomy":"post_tag","embeddable":true,"href":"https:\/\/hotnewsinworld.com\/pt\/wp-json\/wp\/v2\/tags?post=3425"}],"curies":[{"name":"wp","href":"https:\/\/api.w.org\/{rel}","templated":true}]}}