{"id":3444,"date":"2021-04-13T10:32:35","date_gmt":"2021-04-13T07:32:35","guid":{"rendered":"https:\/\/hotnewsinworld.com\/pt\/funcionarios-publicos-espanhois-podem-optar-por-tres-dias-em-teletrabalho\/"},"modified":"2021-04-13T10:32:37","modified_gmt":"2021-04-13T07:32:37","slug":"funcionarios-publicos-espanhois-podem-optar-por-tres-dias-em-teletrabalho","status":"publish","type":"post","link":"https:\/\/hotnewsinworld.com\/pt\/funcionarios-publicos-espanhois-podem-optar-por-tres-dias-em-teletrabalho\/","title":{"rendered":"Funcion\u00e1rios p\u00fablicos espanh\u00f3is podem optar por tr\u00eas dias em teletrabalho"},"content":{"rendered":"<p>JN\/Ag\u00eanciasOntem\u00a0\u00e0s\u00a016:04O governo espanhol e os sindicatos de funcionalismo p\u00fablico chegaram esta segunda-feira a um acordo que prev\u00ea que os trabalhadores da administra\u00e7\u00e3o p\u00fablica podem trabalhar tr\u00eas dias por semana em casa com os mesmos direitos e deveres do modo presencial.De acordo com os princ\u00edpios gerais do teletrabalho, a administra\u00e7\u00e3o ser\u00e1 respons\u00e1vel pelo fornecimento do equipamento inform\u00e1tico de teletrabalho, assim como um cart\u00e3o de dados para liga\u00e7\u00e3o \u00e0 Internet, aplica\u00e7\u00f5es e ferramentas inform\u00e1ticas necess\u00e1rias \u00e0 sua atividade, bem como forma\u00e7\u00e3o profissional.Como j\u00e1 estava previsto num decreto-lei aprovado em setembro passado sobre teletrabalho nas administra\u00e7\u00f5es p\u00fablicas, esta forma de trabalho \u00e0 dist\u00e2ncia ser\u00e1 volunt\u00e1ria, revers\u00edvel e com os mesmos direitos e deveres que o pessoal no modo presencial.O teletrabalho vai estar sujeito a garantir a presta\u00e7\u00e3o de servi\u00e7os p\u00fablicos e incluir\u00e1 a identifica\u00e7\u00e3o de objetivos, um plano de supervis\u00e3o e avalia\u00e7\u00e3o do cumprimento.Depois da assinatura do acordo, o ministro respons\u00e1vel pela Fun\u00e7\u00e3o P\u00fablica, Miquel Iceta, salientou &#8220;o passo seguro dado em dire\u00e7\u00e3o a um futuro que j\u00e1 est\u00e1 aqui&#8221; com um compromisso &#8220;resultado do di\u00e1logo e do entendimento com os sindicatos&#8221;.O respons\u00e1vel governamental salientou que o objetivo do acordo \u00e9 &#8220;promover a presen\u00e7a da administra\u00e7\u00e3o do Estado no territ\u00f3rio, especialmente em \u00e1reas de decl\u00ednio demogr\u00e1fico, modernizar a organiza\u00e7\u00e3o do trabalho atrav\u00e9s da realiza\u00e7\u00e3o de objetivos e avalia\u00e7\u00e3o de desempenho, contribuir para a sustentabilidade ambiental, generalizar a utiliza\u00e7\u00e3o de novas tecnologias e reconhecer como uma modalidade mais o teletrabalho&#8221;.Para promover a presen\u00e7a da administra\u00e7\u00e3o estatal em \u00e1reas de dif\u00edcil cobertura, o acordo estabelece que ser\u00e1 poss\u00edvel articular uma forma de teletrabalho com uma presta\u00e7\u00e3o de servi\u00e7os presenciais de apenas 10% por m\u00eas.O documento assinado esta segunda-feira prev\u00ea tamb\u00e9m que o teletrabalho se aplicar\u00e1 a trabalhos que possam ser realizados por este m\u00e9todo, mediante pedido e autoriza\u00e7\u00e3o, enquanto cada departamento ministerial ou organismo p\u00fablico deve realizar um estudo preliminar dos postos que podem ser realizados atrav\u00e9s do teletrabalho.O acesso \u00e0 presta\u00e7\u00e3o de servi\u00e7os atrav\u00e9s do teletrabalho ter\u00e1 de ser feito atrav\u00e9s de convocat\u00f3rias p\u00fablicas peri\u00f3dicas ou atrav\u00e9s da gest\u00e3o permanente de candidaturas em condi\u00e7\u00f5es de igualdade, embora crit\u00e9rios como defici\u00eancia, sa\u00fade, v\u00edtimas de terrorismo ou viol\u00eancia de g\u00e9nero possam ser tomados em considera\u00e7\u00e3o.<br \/>\n<br \/>\n<!--noindex--><br \/>\n<a href=\"http:\/\/feeds.jn.pt\/~r\/JN-ECONOMIA\/~3\/pYWuGi5OY14\/funcionarios-publicos-espanhois-podem-optar-por-tres-dias-em-teletrabalho-13561443.html\" rel=\"nofollow\">Source link <\/a><br \/>\n<!--\/noindex--><\/p>\n","protected":false},"excerpt":{"rendered":"<p>JN\/Ag\u00eanciasOntem\u00a0\u00e0s\u00a016:04O governo espanhol e os sindicatos de funcionalismo p\u00fablico chegaram esta segunda-feira a um acordo que prev\u00ea que os trabalhadores da administra\u00e7\u00e3o p\u00fablica podem trabalhar tr\u00eas dias por semana em casa com os mesmos direitos e deveres do modo presencial.De acordo com os princ\u00edpios gerais do teletrabalho, a administra\u00e7\u00e3o ser\u00e1 respons\u00e1vel pelo fornecimento do equipamento [&hellip;]<\/p>\n","protected":false},"author":2,"featured_media":3445,"comment_status":"open","ping_status":"open","sticky":false,"template":"","format":"standard","meta":{"footnotes":""},"categories":[1],"tags":[],"class_list":["post-3444","post","type-post","status-publish","format-standard","has-post-thumbnail","hentry","category-ultimas-noticias-financeiras"],"yoast_head":"<!-- This site is optimized with the Yoast SEO plugin v27.4 - https:\/\/yoast.com\/product\/yoast-seo-wordpress\/ -->\n<title>Funcion\u00e1rios p\u00fablicos espanh\u00f3is podem optar por tr\u00eas dias em teletrabalho - Hot News in World<\/title>\n<meta name=\"robots\" content=\"index, follow, max-snippet:-1, max-image-preview:large, max-video-preview:-1\" \/>\n<link rel=\"canonical\" href=\"https:\/\/hotnewsinworld.com\/pt\/funcionarios-publicos-espanhois-podem-optar-por-tres-dias-em-teletrabalho\/\" \/>\n<meta property=\"og:locale\" content=\"pt_PT\" \/>\n<meta property=\"og:type\" content=\"article\" \/>\n<meta property=\"og:title\" content=\"Funcion\u00e1rios p\u00fablicos espanh\u00f3is podem optar por tr\u00eas dias em teletrabalho - Hot News in World\" \/>\n<meta property=\"og:description\" content=\"JN\/Ag\u00eanciasOntem\u00a0\u00e0s\u00a016:04O governo espanhol e os sindicatos de funcionalismo p\u00fablico chegaram esta segunda-feira a um acordo que prev\u00ea que os trabalhadores da administra\u00e7\u00e3o p\u00fablica podem trabalhar tr\u00eas dias por semana em casa com os mesmos direitos e deveres do modo presencial.De acordo com os princ\u00edpios gerais do teletrabalho, a administra\u00e7\u00e3o ser\u00e1 respons\u00e1vel pelo fornecimento do equipamento [&hellip;]\" \/>\n<meta property=\"og:url\" content=\"https:\/\/hotnewsinworld.com\/pt\/funcionarios-publicos-espanhois-podem-optar-por-tres-dias-em-teletrabalho\/\" \/>\n<meta property=\"og:site_name\" content=\"Hot News in World\" \/>\n<meta property=\"article:published_time\" content=\"2021-04-13T07:32:35+00:00\" \/>\n<meta property=\"article:modified_time\" content=\"2021-04-13T07:32:37+00:00\" \/>\n<meta property=\"og:image\" content=\"https:\/\/hotnewsinworld.com\/pt\/wp-content\/uploads\/sites\/2\/2021\/04\/Funcionarios-publicos-espanhois-podem-optar-por-tres-dias-em-teletrabalho.jpg\" \/>\n\t<meta property=\"og:image:width\" content=\"800\" \/>\n\t<meta property=\"og:image:height\" content=\"420\" \/>\n\t<meta property=\"og:image:type\" content=\"image\/jpeg\" \/>\n<meta name=\"author\" content=\"hotnewsinworld\" \/>\n<meta name=\"twitter:card\" content=\"summary_large_image\" \/>\n<meta name=\"twitter:label1\" content=\"Escrito por\" \/>\n\t<meta name=\"twitter:data1\" content=\"hotnewsinworld\" \/>\n\t<meta name=\"twitter:label2\" content=\"Tempo estimado de leitura\" \/>\n\t<meta name=\"twitter:data2\" content=\"2 minutos\" \/>\n<script type=\"application\/ld+json\" class=\"yoast-schema-graph\">{\"@context\":\"https:\\\/\\\/schema.org\",\"@graph\":[{\"@type\":\"Article\",\"@id\":\"https:\\\/\\\/hotnewsinworld.com\\\/pt\\\/funcionarios-publicos-espanhois-podem-optar-por-tres-dias-em-teletrabalho\\\/#article\",\"isPartOf\":{\"@id\":\"https:\\\/\\\/hotnewsinworld.com\\\/pt\\\/funcionarios-publicos-espanhois-podem-optar-por-tres-dias-em-teletrabalho\\\/\"},\"author\":{\"name\":\"hotnewsinworld\",\"@id\":\"https:\\\/\\\/hotnewsinworld.com\\\/pt\\\/#\\\/schema\\\/person\\\/fe61448b21c0d59086e75fcc1f9d8f6b\"},\"headline\":\"Funcion\u00e1rios p\u00fablicos espanh\u00f3is podem optar por tr\u00eas dias em teletrabalho\",\"datePublished\":\"2021-04-13T07:32:35+00:00\",\"dateModified\":\"2021-04-13T07:32:37+00:00\",\"mainEntityOfPage\":{\"@id\":\"https:\\\/\\\/hotnewsinworld.com\\\/pt\\\/funcionarios-publicos-espanhois-podem-optar-por-tres-dias-em-teletrabalho\\\/\"},\"wordCount\":451,\"commentCount\":0,\"image\":{\"@id\":\"https:\\\/\\\/hotnewsinworld.com\\\/pt\\\/funcionarios-publicos-espanhois-podem-optar-por-tres-dias-em-teletrabalho\\\/#primaryimage\"},\"thumbnailUrl\":\"https:\\\/\\\/hotnewsinworld.com\\\/pt\\\/wp-content\\\/uploads\\\/sites\\\/2\\\/2021\\\/04\\\/Funcionarios-publicos-espanhois-podem-optar-por-tres-dias-em-teletrabalho.jpg\",\"articleSection\":[\"\u00daLTIMAS NOT\u00cdCIAS FINANCEIRAS\"],\"inLanguage\":\"pt-PT\",\"potentialAction\":[{\"@type\":\"CommentAction\",\"name\":\"Comment\",\"target\":[\"https:\\\/\\\/hotnewsinworld.com\\\/pt\\\/funcionarios-publicos-espanhois-podem-optar-por-tres-dias-em-teletrabalho\\\/#respond\"]}]},{\"@type\":\"WebPage\",\"@id\":\"https:\\\/\\\/hotnewsinworld.com\\\/pt\\\/funcionarios-publicos-espanhois-podem-optar-por-tres-dias-em-teletrabalho\\\/\",\"url\":\"https:\\\/\\\/hotnewsinworld.com\\\/pt\\\/funcionarios-publicos-espanhois-podem-optar-por-tres-dias-em-teletrabalho\\\/\",\"name\":\"Funcion\u00e1rios p\u00fablicos espanh\u00f3is podem optar por tr\u00eas dias em teletrabalho - Hot News in World\",\"isPartOf\":{\"@id\":\"https:\\\/\\\/hotnewsinworld.com\\\/pt\\\/#website\"},\"primaryImageOfPage\":{\"@id\":\"https:\\\/\\\/hotnewsinworld.com\\\/pt\\\/funcionarios-publicos-espanhois-podem-optar-por-tres-dias-em-teletrabalho\\\/#primaryimage\"},\"image\":{\"@id\":\"https:\\\/\\\/hotnewsinworld.com\\\/pt\\\/funcionarios-publicos-espanhois-podem-optar-por-tres-dias-em-teletrabalho\\\/#primaryimage\"},\"thumbnailUrl\":\"https:\\\/\\\/hotnewsinworld.com\\\/pt\\\/wp-content\\\/uploads\\\/sites\\\/2\\\/2021\\\/04\\\/Funcionarios-publicos-espanhois-podem-optar-por-tres-dias-em-teletrabalho.jpg\",\"datePublished\":\"2021-04-13T07:32:35+00:00\",\"dateModified\":\"2021-04-13T07:32:37+00:00\",\"author\":{\"@id\":\"https:\\\/\\\/hotnewsinworld.com\\\/pt\\\/#\\\/schema\\\/person\\\/fe61448b21c0d59086e75fcc1f9d8f6b\"},\"breadcrumb\":{\"@id\":\"https:\\\/\\\/hotnewsinworld.com\\\/pt\\\/funcionarios-publicos-espanhois-podem-optar-por-tres-dias-em-teletrabalho\\\/#breadcrumb\"},\"inLanguage\":\"pt-PT\",\"potentialAction\":[{\"@type\":\"ReadAction\",\"target\":[\"https:\\\/\\\/hotnewsinworld.com\\\/pt\\\/funcionarios-publicos-espanhois-podem-optar-por-tres-dias-em-teletrabalho\\\/\"]}]},{\"@type\":\"ImageObject\",\"inLanguage\":\"pt-PT\",\"@id\":\"https:\\\/\\\/hotnewsinworld.com\\\/pt\\\/funcionarios-publicos-espanhois-podem-optar-por-tres-dias-em-teletrabalho\\\/#primaryimage\",\"url\":\"https:\\\/\\\/hotnewsinworld.com\\\/pt\\\/wp-content\\\/uploads\\\/sites\\\/2\\\/2021\\\/04\\\/Funcionarios-publicos-espanhois-podem-optar-por-tres-dias-em-teletrabalho.jpg\",\"contentUrl\":\"https:\\\/\\\/hotnewsinworld.com\\\/pt\\\/wp-content\\\/uploads\\\/sites\\\/2\\\/2021\\\/04\\\/Funcionarios-publicos-espanhois-podem-optar-por-tres-dias-em-teletrabalho.jpg\",\"width\":800,\"height\":420,\"caption\":\"Funcion\u00e1rios p\u00fablicos espanh\u00f3is podem optar por tr\u00eas dias em teletrabalho\"},{\"@type\":\"BreadcrumbList\",\"@id\":\"https:\\\/\\\/hotnewsinworld.com\\\/pt\\\/funcionarios-publicos-espanhois-podem-optar-por-tres-dias-em-teletrabalho\\\/#breadcrumb\",\"itemListElement\":[{\"@type\":\"ListItem\",\"position\":1,\"name\":\"\u0413\u043b\u0430\u0432\u043d\u0430\u044f \u0441\u0442\u0440\u0430\u043d\u0438\u0446\u0430\",\"item\":\"https:\\\/\\\/hotnewsinworld.com\\\/pt\\\/\"},{\"@type\":\"ListItem\",\"position\":2,\"name\":\"Funcion\u00e1rios p\u00fablicos espanh\u00f3is podem optar por tr\u00eas dias em teletrabalho\"}]},{\"@type\":\"WebSite\",\"@id\":\"https:\\\/\\\/hotnewsinworld.com\\\/pt\\\/#website\",\"url\":\"https:\\\/\\\/hotnewsinworld.com\\\/pt\\\/\",\"name\":\"Hot News in World\",\"description\":\"Hot News in World Portugal\",\"potentialAction\":[{\"@type\":\"SearchAction\",\"target\":{\"@type\":\"EntryPoint\",\"urlTemplate\":\"https:\\\/\\\/hotnewsinworld.com\\\/pt\\\/?s={search_term_string}\"},\"query-input\":{\"@type\":\"PropertyValueSpecification\",\"valueRequired\":true,\"valueName\":\"search_term_string\"}}],\"inLanguage\":\"pt-PT\"},{\"@type\":\"Person\",\"@id\":\"https:\\\/\\\/hotnewsinworld.com\\\/pt\\\/#\\\/schema\\\/person\\\/fe61448b21c0d59086e75fcc1f9d8f6b\",\"name\":\"hotnewsinworld\",\"image\":{\"@type\":\"ImageObject\",\"inLanguage\":\"pt-PT\",\"@id\":\"https:\\\/\\\/secure.gravatar.com\\\/avatar\\\/8a09ac165600ce2e1c38fe593c63928eb1e6e7ba5c5a907d67787c41b3d00c14?s=96&d=mm&r=g\",\"url\":\"https:\\\/\\\/secure.gravatar.com\\\/avatar\\\/8a09ac165600ce2e1c38fe593c63928eb1e6e7ba5c5a907d67787c41b3d00c14?s=96&d=mm&r=g\",\"contentUrl\":\"https:\\\/\\\/secure.gravatar.com\\\/avatar\\\/8a09ac165600ce2e1c38fe593c63928eb1e6e7ba5c5a907d67787c41b3d00c14?s=96&d=mm&r=g\",\"caption\":\"hotnewsinworld\"},\"url\":\"https:\\\/\\\/hotnewsinworld.com\\\/pt\\\/author\\\/pt\\\/\"}]}<\/script>\n<!-- \/ Yoast SEO plugin. -->","yoast_head_json":{"title":"Funcion\u00e1rios p\u00fablicos espanh\u00f3is podem optar por tr\u00eas dias em teletrabalho - Hot News in World","robots":{"index":"index","follow":"follow","max-snippet":"max-snippet:-1","max-image-preview":"max-image-preview:large","max-video-preview":"max-video-preview:-1"},"canonical":"https:\/\/hotnewsinworld.com\/pt\/funcionarios-publicos-espanhois-podem-optar-por-tres-dias-em-teletrabalho\/","og_locale":"pt_PT","og_type":"article","og_title":"Funcion\u00e1rios p\u00fablicos espanh\u00f3is podem optar por tr\u00eas dias em teletrabalho - Hot News in World","og_description":"JN\/Ag\u00eanciasOntem\u00a0\u00e0s\u00a016:04O governo espanhol e os sindicatos de funcionalismo p\u00fablico chegaram esta segunda-feira a um acordo que prev\u00ea que os trabalhadores da administra\u00e7\u00e3o p\u00fablica podem trabalhar tr\u00eas dias por semana em casa com os mesmos direitos e deveres do modo presencial.De acordo com os princ\u00edpios gerais do teletrabalho, a administra\u00e7\u00e3o ser\u00e1 respons\u00e1vel pelo fornecimento do equipamento [&hellip;]","og_url":"https:\/\/hotnewsinworld.com\/pt\/funcionarios-publicos-espanhois-podem-optar-por-tres-dias-em-teletrabalho\/","og_site_name":"Hot News in World","article_published_time":"2021-04-13T07:32:35+00:00","article_modified_time":"2021-04-13T07:32:37+00:00","og_image":[{"width":800,"height":420,"url":"https:\/\/hotnewsinworld.com\/pt\/wp-content\/uploads\/sites\/2\/2021\/04\/Funcionarios-publicos-espanhois-podem-optar-por-tres-dias-em-teletrabalho.jpg","type":"image\/jpeg"}],"author":"hotnewsinworld","twitter_card":"summary_large_image","twitter_misc":{"Escrito por":"hotnewsinworld","Tempo estimado de leitura":"2 minutos"},"schema":{"@context":"https:\/\/schema.org","@graph":[{"@type":"Article","@id":"https:\/\/hotnewsinworld.com\/pt\/funcionarios-publicos-espanhois-podem-optar-por-tres-dias-em-teletrabalho\/#article","isPartOf":{"@id":"https:\/\/hotnewsinworld.com\/pt\/funcionarios-publicos-espanhois-podem-optar-por-tres-dias-em-teletrabalho\/"},"author":{"name":"hotnewsinworld","@id":"https:\/\/hotnewsinworld.com\/pt\/#\/schema\/person\/fe61448b21c0d59086e75fcc1f9d8f6b"},"headline":"Funcion\u00e1rios p\u00fablicos espanh\u00f3is podem optar por tr\u00eas dias em teletrabalho","datePublished":"2021-04-13T07:32:35+00:00","dateModified":"2021-04-13T07:32:37+00:00","mainEntityOfPage":{"@id":"https:\/\/hotnewsinworld.com\/pt\/funcionarios-publicos-espanhois-podem-optar-por-tres-dias-em-teletrabalho\/"},"wordCount":451,"commentCount":0,"image":{"@id":"https:\/\/hotnewsinworld.com\/pt\/funcionarios-publicos-espanhois-podem-optar-por-tres-dias-em-teletrabalho\/#primaryimage"},"thumbnailUrl":"https:\/\/hotnewsinworld.com\/pt\/wp-content\/uploads\/sites\/2\/2021\/04\/Funcionarios-publicos-espanhois-podem-optar-por-tres-dias-em-teletrabalho.jpg","articleSection":["\u00daLTIMAS NOT\u00cdCIAS FINANCEIRAS"],"inLanguage":"pt-PT","potentialAction":[{"@type":"CommentAction","name":"Comment","target":["https:\/\/hotnewsinworld.com\/pt\/funcionarios-publicos-espanhois-podem-optar-por-tres-dias-em-teletrabalho\/#respond"]}]},{"@type":"WebPage","@id":"https:\/\/hotnewsinworld.com\/pt\/funcionarios-publicos-espanhois-podem-optar-por-tres-dias-em-teletrabalho\/","url":"https:\/\/hotnewsinworld.com\/pt\/funcionarios-publicos-espanhois-podem-optar-por-tres-dias-em-teletrabalho\/","name":"Funcion\u00e1rios p\u00fablicos espanh\u00f3is podem optar por tr\u00eas dias em teletrabalho - Hot News in World","isPartOf":{"@id":"https:\/\/hotnewsinworld.com\/pt\/#website"},"primaryImageOfPage":{"@id":"https:\/\/hotnewsinworld.com\/pt\/funcionarios-publicos-espanhois-podem-optar-por-tres-dias-em-teletrabalho\/#primaryimage"},"image":{"@id":"https:\/\/hotnewsinworld.com\/pt\/funcionarios-publicos-espanhois-podem-optar-por-tres-dias-em-teletrabalho\/#primaryimage"},"thumbnailUrl":"https:\/\/hotnewsinworld.com\/pt\/wp-content\/uploads\/sites\/2\/2021\/04\/Funcionarios-publicos-espanhois-podem-optar-por-tres-dias-em-teletrabalho.jpg","datePublished":"2021-04-13T07:32:35+00:00","dateModified":"2021-04-13T07:32:37+00:00","author":{"@id":"https:\/\/hotnewsinworld.com\/pt\/#\/schema\/person\/fe61448b21c0d59086e75fcc1f9d8f6b"},"breadcrumb":{"@id":"https:\/\/hotnewsinworld.com\/pt\/funcionarios-publicos-espanhois-podem-optar-por-tres-dias-em-teletrabalho\/#breadcrumb"},"inLanguage":"pt-PT","potentialAction":[{"@type":"ReadAction","target":["https:\/\/hotnewsinworld.com\/pt\/funcionarios-publicos-espanhois-podem-optar-por-tres-dias-em-teletrabalho\/"]}]},{"@type":"ImageObject","inLanguage":"pt-PT","@id":"https:\/\/hotnewsinworld.com\/pt\/funcionarios-publicos-espanhois-podem-optar-por-tres-dias-em-teletrabalho\/#primaryimage","url":"https:\/\/hotnewsinworld.com\/pt\/wp-content\/uploads\/sites\/2\/2021\/04\/Funcionarios-publicos-espanhois-podem-optar-por-tres-dias-em-teletrabalho.jpg","contentUrl":"https:\/\/hotnewsinworld.com\/pt\/wp-content\/uploads\/sites\/2\/2021\/04\/Funcionarios-publicos-espanhois-podem-optar-por-tres-dias-em-teletrabalho.jpg","width":800,"height":420,"caption":"Funcion\u00e1rios p\u00fablicos espanh\u00f3is podem optar por tr\u00eas dias em teletrabalho"},{"@type":"BreadcrumbList","@id":"https:\/\/hotnewsinworld.com\/pt\/funcionarios-publicos-espanhois-podem-optar-por-tres-dias-em-teletrabalho\/#breadcrumb","itemListElement":[{"@type":"ListItem","position":1,"name":"\u0413\u043b\u0430\u0432\u043d\u0430\u044f \u0441\u0442\u0440\u0430\u043d\u0438\u0446\u0430","item":"https:\/\/hotnewsinworld.com\/pt\/"},{"@type":"ListItem","position":2,"name":"Funcion\u00e1rios p\u00fablicos espanh\u00f3is podem optar por tr\u00eas dias em teletrabalho"}]},{"@type":"WebSite","@id":"https:\/\/hotnewsinworld.com\/pt\/#website","url":"https:\/\/hotnewsinworld.com\/pt\/","name":"Hot News in World","description":"Hot News in World Portugal","potentialAction":[{"@type":"SearchAction","target":{"@type":"EntryPoint","urlTemplate":"https:\/\/hotnewsinworld.com\/pt\/?s={search_term_string}"},"query-input":{"@type":"PropertyValueSpecification","valueRequired":true,"valueName":"search_term_string"}}],"inLanguage":"pt-PT"},{"@type":"Person","@id":"https:\/\/hotnewsinworld.com\/pt\/#\/schema\/person\/fe61448b21c0d59086e75fcc1f9d8f6b","name":"hotnewsinworld","image":{"@type":"ImageObject","inLanguage":"pt-PT","@id":"https:\/\/secure.gravatar.com\/avatar\/8a09ac165600ce2e1c38fe593c63928eb1e6e7ba5c5a907d67787c41b3d00c14?s=96&d=mm&r=g","url":"https:\/\/secure.gravatar.com\/avatar\/8a09ac165600ce2e1c38fe593c63928eb1e6e7ba5c5a907d67787c41b3d00c14?s=96&d=mm&r=g","contentUrl":"https:\/\/secure.gravatar.com\/avatar\/8a09ac165600ce2e1c38fe593c63928eb1e6e7ba5c5a907d67787c41b3d00c14?s=96&d=mm&r=g","caption":"hotnewsinworld"},"url":"https:\/\/hotnewsinworld.com\/pt\/author\/pt\/"}]}},"_links":{"self":[{"href":"https:\/\/hotnewsinworld.com\/pt\/wp-json\/wp\/v2\/posts\/3444","targetHints":{"allow":["GET"]}}],"collection":[{"href":"https:\/\/hotnewsinworld.com\/pt\/wp-json\/wp\/v2\/posts"}],"about":[{"href":"https:\/\/hotnewsinworld.com\/pt\/wp-json\/wp\/v2\/types\/post"}],"author":[{"embeddable":true,"href":"https:\/\/hotnewsinworld.com\/pt\/wp-json\/wp\/v2\/users\/2"}],"replies":[{"embeddable":true,"href":"https:\/\/hotnewsinworld.com\/pt\/wp-json\/wp\/v2\/comments?post=3444"}],"version-history":[{"count":1,"href":"https:\/\/hotnewsinworld.com\/pt\/wp-json\/wp\/v2\/posts\/3444\/revisions"}],"predecessor-version":[{"id":3446,"href":"https:\/\/hotnewsinworld.com\/pt\/wp-json\/wp\/v2\/posts\/3444\/revisions\/3446"}],"wp:featuredmedia":[{"embeddable":true,"href":"https:\/\/hotnewsinworld.com\/pt\/wp-json\/wp\/v2\/media\/3445"}],"wp:attachment":[{"href":"https:\/\/hotnewsinworld.com\/pt\/wp-json\/wp\/v2\/media?parent=3444"}],"wp:term":[{"taxonomy":"category","embeddable":true,"href":"https:\/\/hotnewsinworld.com\/pt\/wp-json\/wp\/v2\/categories?post=3444"},{"taxonomy":"post_tag","embeddable":true,"href":"https:\/\/hotnewsinworld.com\/pt\/wp-json\/wp\/v2\/tags?post=3444"}],"curies":[{"name":"wp","href":"https:\/\/api.w.org\/{rel}","templated":true}]}}