{"id":3450,"date":"2021-04-14T10:43:35","date_gmt":"2021-04-14T07:43:35","guid":{"rendered":"https:\/\/hotnewsinworld.com\/pt\/fruta-combustiveis-e-saude-mais-caros-apos-um-ano-de-covid\/"},"modified":"2021-04-14T10:43:42","modified_gmt":"2021-04-14T07:43:42","slug":"fruta-combustiveis-e-saude-mais-caros-apos-um-ano-de-covid","status":"publish","type":"post","link":"https:\/\/hotnewsinworld.com\/pt\/fruta-combustiveis-e-saude-mais-caros-apos-um-ano-de-covid\/","title":{"rendered":"Fruta, combust\u00edveis e sa\u00fade mais caros ap\u00f3s um ano de covid"},"content":{"rendered":"<p>Paulo Ribeiro Pinto (JN\/Dinheiro Vivo)Hoje\u00a0\u00e0s\u00a007:07Um ano depois da chegada da pandemia a Portugal, houve grandes altera\u00e7\u00f5es nos pre\u00e7os de alguns produtos e servi\u00e7os do cabaz de consumo dos portugueses.As frutas, os produtos e servi\u00e7os relacionados com a sa\u00fade, os combust\u00edveis e at\u00e9 as bicicletas registaram aumentos de pre\u00e7os em mar\u00e7o deste ano, comparando com o mesmo m\u00eas do ano passado, segundo os c\u00e1lculos do JN\/Dinheiro Vivo com base nos dados divulgados ontem pelo Instituto Nacional de Estat\u00edstica.A fruta est\u00e1, em m\u00e9dia, 11% mais cara do que em mar\u00e7o de 2020. Os combust\u00edveis, que no in\u00edcio da pandemia apresentaram descidas acentuadas, acabaram por recuperar e t\u00eam um acr\u00e9scimo do pre\u00e7o a rondar os 8%.Por for\u00e7a das circunst\u00e2ncias, os bens e servi\u00e7os ligados \u00e0 sa\u00fade tamb\u00e9m registaram aumentos m\u00e9dios para o consumidor. Nos produtos farmac\u00eauticos (onde se incluem os medicamentos, mas tamb\u00e9m m\u00e1scaras e \u00e1lcool gel) houve um aumento de 5%. Nesta categoria, tamb\u00e9m os dentistas ficaram, em m\u00e9dia, mais caros, com um acr\u00e9scimo de 4%.Os servi\u00e7os financeiros, que, grosso modo, s\u00e3o dominados pelos bancos, registaram um aumento hom\u00f3logo de 3,9%.Relacionado com a pandemia pode tamb\u00e9m estar o acr\u00e9scimo de pre\u00e7os das bicicletas. A meio do ano passado, foram v\u00e1rios os casos reportados de escassez devido \u00e0 elevada procura, com algumas lojas e produtores a relatarem falta de stock. Neste caso, o aumento hom\u00f3logo foi superior a 3%.Cabelo encareceuOs cabeleireiros e os sal\u00f5es de beleza que tiveram encerramentos intermitentes ao longo do \u00faltimo ano aumentaram os pre\u00e7os, em m\u00e9dia 2,2%, o que poder\u00e1 ser uma tentativa de compensar os meses de fecho na primavera de 2020 e j\u00e1 neste ano, entre 15 de janeiro e 15 de mar\u00e7o, quando reabriram apenas por marca\u00e7\u00e3o.Tamb\u00e9m os restaurantes e caf\u00e9s, que apenas podem servir para j\u00e1 na esplanada, tiveram um aumento hom\u00f3logo dos pre\u00e7os, mas mais modesto (+1,3%).S\u00e3o acr\u00e9scimos que ocorrem quando a infla\u00e7\u00e3o est\u00e1 em valores nulos. &#8220;Em mar\u00e7o de 2021, o \u00edndice de pre\u00e7os no consumidor (IPC) registou uma varia\u00e7\u00e3o m\u00e9dia dos \u00faltimos 12 meses nula&#8221;.Os que mais ca\u00edramMas nem tudo ficou mais caro com a covid. O fecho das lojas de rua e dos centros comerciais ter\u00e1 sido a causa da queda acentuada dos pre\u00e7os de alguns bens. De acordo com os c\u00e1lculos do JN\/DV, na categoria &#8220;outros artigos e acess\u00f3rios de vestu\u00e1rio&#8221; registou-se uma queda hom\u00f3loga de quase 11%. Foi o item que teve o maior decr\u00e9scimo.Depois aparecem todos os servi\u00e7os ligados ao turismo: o alojamento e transporte a\u00e9reo. No primeiro caso, verificou-se um decr\u00e9scimo de 9,3%, estando aqui inclu\u00eddos os hot\u00e9is e alojamento local, muito por for\u00e7a das restri\u00e7\u00f5es \u00e0 circula\u00e7\u00e3o interna, mas tamb\u00e9m o encerramento de fronteiras e o receio de contrair a doen\u00e7a.<br \/>\n<br \/>\n<!--noindex--><br \/>\n<a href=\"http:\/\/feeds.jn.pt\/~r\/JN-ECONOMIA\/~3\/ZPtgrwwYlJk\/fruta-combustiveis-e-saude-mais-caros-apos-um-ano-de-covid-13567411.html\" rel=\"nofollow\">Source link <\/a><br \/>\n<!--\/noindex--><\/p>\n","protected":false},"excerpt":{"rendered":"<p>Paulo Ribeiro Pinto (JN\/Dinheiro Vivo)Hoje\u00a0\u00e0s\u00a007:07Um ano depois da chegada da pandemia a Portugal, houve grandes altera\u00e7\u00f5es nos pre\u00e7os de alguns produtos e servi\u00e7os do cabaz de consumo dos portugueses.As frutas, os produtos e servi\u00e7os relacionados com a sa\u00fade, os combust\u00edveis e at\u00e9 as bicicletas registaram aumentos de pre\u00e7os em mar\u00e7o deste ano, comparando com o [&hellip;]<\/p>\n","protected":false},"author":2,"featured_media":3451,"comment_status":"open","ping_status":"open","sticky":false,"template":"","format":"standard","meta":{"footnotes":""},"categories":[1],"tags":[],"class_list":["post-3450","post","type-post","status-publish","format-standard","has-post-thumbnail","hentry","category-ultimas-noticias-financeiras"],"yoast_head":"<!-- This site is optimized with the Yoast SEO plugin v27.4 - https:\/\/yoast.com\/product\/yoast-seo-wordpress\/ -->\n<title>Fruta, combust\u00edveis e sa\u00fade mais caros ap\u00f3s um ano de covid - Hot News in World<\/title>\n<meta name=\"robots\" content=\"index, follow, max-snippet:-1, max-image-preview:large, max-video-preview:-1\" \/>\n<link rel=\"canonical\" href=\"https:\/\/hotnewsinworld.com\/pt\/fruta-combustiveis-e-saude-mais-caros-apos-um-ano-de-covid\/\" \/>\n<meta property=\"og:locale\" content=\"pt_PT\" \/>\n<meta property=\"og:type\" content=\"article\" \/>\n<meta property=\"og:title\" content=\"Fruta, combust\u00edveis e sa\u00fade mais caros ap\u00f3s um ano de covid - Hot News in World\" \/>\n<meta property=\"og:description\" content=\"Paulo Ribeiro Pinto (JN\/Dinheiro Vivo)Hoje\u00a0\u00e0s\u00a007:07Um ano depois da chegada da pandemia a Portugal, houve grandes altera\u00e7\u00f5es nos pre\u00e7os de alguns produtos e servi\u00e7os do cabaz de consumo dos portugueses.As frutas, os produtos e servi\u00e7os relacionados com a sa\u00fade, os combust\u00edveis e at\u00e9 as bicicletas registaram aumentos de pre\u00e7os em mar\u00e7o deste ano, comparando com o [&hellip;]\" \/>\n<meta property=\"og:url\" content=\"https:\/\/hotnewsinworld.com\/pt\/fruta-combustiveis-e-saude-mais-caros-apos-um-ano-de-covid\/\" \/>\n<meta property=\"og:site_name\" content=\"Hot News in World\" \/>\n<meta property=\"article:published_time\" content=\"2021-04-14T07:43:35+00:00\" \/>\n<meta property=\"article:modified_time\" content=\"2021-04-14T07:43:42+00:00\" \/>\n<meta property=\"og:image\" content=\"https:\/\/hotnewsinworld.com\/pt\/wp-content\/uploads\/sites\/2\/2021\/04\/Fruta-combustiveis-e-saude-mais-caros-apos-um-ano-de.jpg\" \/>\n\t<meta property=\"og:image:width\" content=\"800\" \/>\n\t<meta property=\"og:image:height\" content=\"420\" \/>\n\t<meta property=\"og:image:type\" content=\"image\/jpeg\" \/>\n<meta name=\"author\" content=\"hotnewsinworld\" \/>\n<meta name=\"twitter:card\" content=\"summary_large_image\" \/>\n<meta name=\"twitter:label1\" content=\"Escrito por\" \/>\n\t<meta name=\"twitter:data1\" content=\"hotnewsinworld\" \/>\n\t<meta name=\"twitter:label2\" content=\"Tempo estimado de leitura\" \/>\n\t<meta name=\"twitter:data2\" content=\"3 minutos\" \/>\n<script type=\"application\/ld+json\" class=\"yoast-schema-graph\">{\"@context\":\"https:\\\/\\\/schema.org\",\"@graph\":[{\"@type\":\"Article\",\"@id\":\"https:\\\/\\\/hotnewsinworld.com\\\/pt\\\/fruta-combustiveis-e-saude-mais-caros-apos-um-ano-de-covid\\\/#article\",\"isPartOf\":{\"@id\":\"https:\\\/\\\/hotnewsinworld.com\\\/pt\\\/fruta-combustiveis-e-saude-mais-caros-apos-um-ano-de-covid\\\/\"},\"author\":{\"name\":\"hotnewsinworld\",\"@id\":\"https:\\\/\\\/hotnewsinworld.com\\\/pt\\\/#\\\/schema\\\/person\\\/fe61448b21c0d59086e75fcc1f9d8f6b\"},\"headline\":\"Fruta, combust\u00edveis e sa\u00fade mais caros ap\u00f3s um ano de covid\",\"datePublished\":\"2021-04-14T07:43:35+00:00\",\"dateModified\":\"2021-04-14T07:43:42+00:00\",\"mainEntityOfPage\":{\"@id\":\"https:\\\/\\\/hotnewsinworld.com\\\/pt\\\/fruta-combustiveis-e-saude-mais-caros-apos-um-ano-de-covid\\\/\"},\"wordCount\":529,\"commentCount\":0,\"image\":{\"@id\":\"https:\\\/\\\/hotnewsinworld.com\\\/pt\\\/fruta-combustiveis-e-saude-mais-caros-apos-um-ano-de-covid\\\/#primaryimage\"},\"thumbnailUrl\":\"https:\\\/\\\/hotnewsinworld.com\\\/pt\\\/wp-content\\\/uploads\\\/sites\\\/2\\\/2021\\\/04\\\/Fruta-combustiveis-e-saude-mais-caros-apos-um-ano-de.jpg\",\"articleSection\":[\"\u00daLTIMAS NOT\u00cdCIAS FINANCEIRAS\"],\"inLanguage\":\"pt-PT\",\"potentialAction\":[{\"@type\":\"CommentAction\",\"name\":\"Comment\",\"target\":[\"https:\\\/\\\/hotnewsinworld.com\\\/pt\\\/fruta-combustiveis-e-saude-mais-caros-apos-um-ano-de-covid\\\/#respond\"]}]},{\"@type\":\"WebPage\",\"@id\":\"https:\\\/\\\/hotnewsinworld.com\\\/pt\\\/fruta-combustiveis-e-saude-mais-caros-apos-um-ano-de-covid\\\/\",\"url\":\"https:\\\/\\\/hotnewsinworld.com\\\/pt\\\/fruta-combustiveis-e-saude-mais-caros-apos-um-ano-de-covid\\\/\",\"name\":\"Fruta, combust\u00edveis e sa\u00fade mais caros ap\u00f3s um ano de covid - Hot News in World\",\"isPartOf\":{\"@id\":\"https:\\\/\\\/hotnewsinworld.com\\\/pt\\\/#website\"},\"primaryImageOfPage\":{\"@id\":\"https:\\\/\\\/hotnewsinworld.com\\\/pt\\\/fruta-combustiveis-e-saude-mais-caros-apos-um-ano-de-covid\\\/#primaryimage\"},\"image\":{\"@id\":\"https:\\\/\\\/hotnewsinworld.com\\\/pt\\\/fruta-combustiveis-e-saude-mais-caros-apos-um-ano-de-covid\\\/#primaryimage\"},\"thumbnailUrl\":\"https:\\\/\\\/hotnewsinworld.com\\\/pt\\\/wp-content\\\/uploads\\\/sites\\\/2\\\/2021\\\/04\\\/Fruta-combustiveis-e-saude-mais-caros-apos-um-ano-de.jpg\",\"datePublished\":\"2021-04-14T07:43:35+00:00\",\"dateModified\":\"2021-04-14T07:43:42+00:00\",\"author\":{\"@id\":\"https:\\\/\\\/hotnewsinworld.com\\\/pt\\\/#\\\/schema\\\/person\\\/fe61448b21c0d59086e75fcc1f9d8f6b\"},\"breadcrumb\":{\"@id\":\"https:\\\/\\\/hotnewsinworld.com\\\/pt\\\/fruta-combustiveis-e-saude-mais-caros-apos-um-ano-de-covid\\\/#breadcrumb\"},\"inLanguage\":\"pt-PT\",\"potentialAction\":[{\"@type\":\"ReadAction\",\"target\":[\"https:\\\/\\\/hotnewsinworld.com\\\/pt\\\/fruta-combustiveis-e-saude-mais-caros-apos-um-ano-de-covid\\\/\"]}]},{\"@type\":\"ImageObject\",\"inLanguage\":\"pt-PT\",\"@id\":\"https:\\\/\\\/hotnewsinworld.com\\\/pt\\\/fruta-combustiveis-e-saude-mais-caros-apos-um-ano-de-covid\\\/#primaryimage\",\"url\":\"https:\\\/\\\/hotnewsinworld.com\\\/pt\\\/wp-content\\\/uploads\\\/sites\\\/2\\\/2021\\\/04\\\/Fruta-combustiveis-e-saude-mais-caros-apos-um-ano-de.jpg\",\"contentUrl\":\"https:\\\/\\\/hotnewsinworld.com\\\/pt\\\/wp-content\\\/uploads\\\/sites\\\/2\\\/2021\\\/04\\\/Fruta-combustiveis-e-saude-mais-caros-apos-um-ano-de.jpg\",\"width\":800,\"height\":420,\"caption\":\"Fruta, combust\u00edveis e sa\u00fade mais caros ap\u00f3s um ano de covid\"},{\"@type\":\"BreadcrumbList\",\"@id\":\"https:\\\/\\\/hotnewsinworld.com\\\/pt\\\/fruta-combustiveis-e-saude-mais-caros-apos-um-ano-de-covid\\\/#breadcrumb\",\"itemListElement\":[{\"@type\":\"ListItem\",\"position\":1,\"name\":\"\u0413\u043b\u0430\u0432\u043d\u0430\u044f \u0441\u0442\u0440\u0430\u043d\u0438\u0446\u0430\",\"item\":\"https:\\\/\\\/hotnewsinworld.com\\\/pt\\\/\"},{\"@type\":\"ListItem\",\"position\":2,\"name\":\"Fruta, combust\u00edveis e sa\u00fade mais caros ap\u00f3s um ano de covid\"}]},{\"@type\":\"WebSite\",\"@id\":\"https:\\\/\\\/hotnewsinworld.com\\\/pt\\\/#website\",\"url\":\"https:\\\/\\\/hotnewsinworld.com\\\/pt\\\/\",\"name\":\"Hot News in World\",\"description\":\"Hot News in World Portugal\",\"potentialAction\":[{\"@type\":\"SearchAction\",\"target\":{\"@type\":\"EntryPoint\",\"urlTemplate\":\"https:\\\/\\\/hotnewsinworld.com\\\/pt\\\/?s={search_term_string}\"},\"query-input\":{\"@type\":\"PropertyValueSpecification\",\"valueRequired\":true,\"valueName\":\"search_term_string\"}}],\"inLanguage\":\"pt-PT\"},{\"@type\":\"Person\",\"@id\":\"https:\\\/\\\/hotnewsinworld.com\\\/pt\\\/#\\\/schema\\\/person\\\/fe61448b21c0d59086e75fcc1f9d8f6b\",\"name\":\"hotnewsinworld\",\"image\":{\"@type\":\"ImageObject\",\"inLanguage\":\"pt-PT\",\"@id\":\"https:\\\/\\\/secure.gravatar.com\\\/avatar\\\/8a09ac165600ce2e1c38fe593c63928eb1e6e7ba5c5a907d67787c41b3d00c14?s=96&d=mm&r=g\",\"url\":\"https:\\\/\\\/secure.gravatar.com\\\/avatar\\\/8a09ac165600ce2e1c38fe593c63928eb1e6e7ba5c5a907d67787c41b3d00c14?s=96&d=mm&r=g\",\"contentUrl\":\"https:\\\/\\\/secure.gravatar.com\\\/avatar\\\/8a09ac165600ce2e1c38fe593c63928eb1e6e7ba5c5a907d67787c41b3d00c14?s=96&d=mm&r=g\",\"caption\":\"hotnewsinworld\"},\"url\":\"https:\\\/\\\/hotnewsinworld.com\\\/pt\\\/author\\\/pt\\\/\"}]}<\/script>\n<!-- \/ Yoast SEO plugin. -->","yoast_head_json":{"title":"Fruta, combust\u00edveis e sa\u00fade mais caros ap\u00f3s um ano de covid - Hot News in World","robots":{"index":"index","follow":"follow","max-snippet":"max-snippet:-1","max-image-preview":"max-image-preview:large","max-video-preview":"max-video-preview:-1"},"canonical":"https:\/\/hotnewsinworld.com\/pt\/fruta-combustiveis-e-saude-mais-caros-apos-um-ano-de-covid\/","og_locale":"pt_PT","og_type":"article","og_title":"Fruta, combust\u00edveis e sa\u00fade mais caros ap\u00f3s um ano de covid - Hot News in World","og_description":"Paulo Ribeiro Pinto (JN\/Dinheiro Vivo)Hoje\u00a0\u00e0s\u00a007:07Um ano depois da chegada da pandemia a Portugal, houve grandes altera\u00e7\u00f5es nos pre\u00e7os de alguns produtos e servi\u00e7os do cabaz de consumo dos portugueses.As frutas, os produtos e servi\u00e7os relacionados com a sa\u00fade, os combust\u00edveis e at\u00e9 as bicicletas registaram aumentos de pre\u00e7os em mar\u00e7o deste ano, comparando com o [&hellip;]","og_url":"https:\/\/hotnewsinworld.com\/pt\/fruta-combustiveis-e-saude-mais-caros-apos-um-ano-de-covid\/","og_site_name":"Hot News in World","article_published_time":"2021-04-14T07:43:35+00:00","article_modified_time":"2021-04-14T07:43:42+00:00","og_image":[{"width":800,"height":420,"url":"https:\/\/hotnewsinworld.com\/pt\/wp-content\/uploads\/sites\/2\/2021\/04\/Fruta-combustiveis-e-saude-mais-caros-apos-um-ano-de.jpg","type":"image\/jpeg"}],"author":"hotnewsinworld","twitter_card":"summary_large_image","twitter_misc":{"Escrito por":"hotnewsinworld","Tempo estimado de leitura":"3 minutos"},"schema":{"@context":"https:\/\/schema.org","@graph":[{"@type":"Article","@id":"https:\/\/hotnewsinworld.com\/pt\/fruta-combustiveis-e-saude-mais-caros-apos-um-ano-de-covid\/#article","isPartOf":{"@id":"https:\/\/hotnewsinworld.com\/pt\/fruta-combustiveis-e-saude-mais-caros-apos-um-ano-de-covid\/"},"author":{"name":"hotnewsinworld","@id":"https:\/\/hotnewsinworld.com\/pt\/#\/schema\/person\/fe61448b21c0d59086e75fcc1f9d8f6b"},"headline":"Fruta, combust\u00edveis e sa\u00fade mais caros ap\u00f3s um ano de covid","datePublished":"2021-04-14T07:43:35+00:00","dateModified":"2021-04-14T07:43:42+00:00","mainEntityOfPage":{"@id":"https:\/\/hotnewsinworld.com\/pt\/fruta-combustiveis-e-saude-mais-caros-apos-um-ano-de-covid\/"},"wordCount":529,"commentCount":0,"image":{"@id":"https:\/\/hotnewsinworld.com\/pt\/fruta-combustiveis-e-saude-mais-caros-apos-um-ano-de-covid\/#primaryimage"},"thumbnailUrl":"https:\/\/hotnewsinworld.com\/pt\/wp-content\/uploads\/sites\/2\/2021\/04\/Fruta-combustiveis-e-saude-mais-caros-apos-um-ano-de.jpg","articleSection":["\u00daLTIMAS NOT\u00cdCIAS FINANCEIRAS"],"inLanguage":"pt-PT","potentialAction":[{"@type":"CommentAction","name":"Comment","target":["https:\/\/hotnewsinworld.com\/pt\/fruta-combustiveis-e-saude-mais-caros-apos-um-ano-de-covid\/#respond"]}]},{"@type":"WebPage","@id":"https:\/\/hotnewsinworld.com\/pt\/fruta-combustiveis-e-saude-mais-caros-apos-um-ano-de-covid\/","url":"https:\/\/hotnewsinworld.com\/pt\/fruta-combustiveis-e-saude-mais-caros-apos-um-ano-de-covid\/","name":"Fruta, combust\u00edveis e sa\u00fade mais caros ap\u00f3s um ano de covid - Hot News in World","isPartOf":{"@id":"https:\/\/hotnewsinworld.com\/pt\/#website"},"primaryImageOfPage":{"@id":"https:\/\/hotnewsinworld.com\/pt\/fruta-combustiveis-e-saude-mais-caros-apos-um-ano-de-covid\/#primaryimage"},"image":{"@id":"https:\/\/hotnewsinworld.com\/pt\/fruta-combustiveis-e-saude-mais-caros-apos-um-ano-de-covid\/#primaryimage"},"thumbnailUrl":"https:\/\/hotnewsinworld.com\/pt\/wp-content\/uploads\/sites\/2\/2021\/04\/Fruta-combustiveis-e-saude-mais-caros-apos-um-ano-de.jpg","datePublished":"2021-04-14T07:43:35+00:00","dateModified":"2021-04-14T07:43:42+00:00","author":{"@id":"https:\/\/hotnewsinworld.com\/pt\/#\/schema\/person\/fe61448b21c0d59086e75fcc1f9d8f6b"},"breadcrumb":{"@id":"https:\/\/hotnewsinworld.com\/pt\/fruta-combustiveis-e-saude-mais-caros-apos-um-ano-de-covid\/#breadcrumb"},"inLanguage":"pt-PT","potentialAction":[{"@type":"ReadAction","target":["https:\/\/hotnewsinworld.com\/pt\/fruta-combustiveis-e-saude-mais-caros-apos-um-ano-de-covid\/"]}]},{"@type":"ImageObject","inLanguage":"pt-PT","@id":"https:\/\/hotnewsinworld.com\/pt\/fruta-combustiveis-e-saude-mais-caros-apos-um-ano-de-covid\/#primaryimage","url":"https:\/\/hotnewsinworld.com\/pt\/wp-content\/uploads\/sites\/2\/2021\/04\/Fruta-combustiveis-e-saude-mais-caros-apos-um-ano-de.jpg","contentUrl":"https:\/\/hotnewsinworld.com\/pt\/wp-content\/uploads\/sites\/2\/2021\/04\/Fruta-combustiveis-e-saude-mais-caros-apos-um-ano-de.jpg","width":800,"height":420,"caption":"Fruta, combust\u00edveis e sa\u00fade mais caros ap\u00f3s um ano de covid"},{"@type":"BreadcrumbList","@id":"https:\/\/hotnewsinworld.com\/pt\/fruta-combustiveis-e-saude-mais-caros-apos-um-ano-de-covid\/#breadcrumb","itemListElement":[{"@type":"ListItem","position":1,"name":"\u0413\u043b\u0430\u0432\u043d\u0430\u044f \u0441\u0442\u0440\u0430\u043d\u0438\u0446\u0430","item":"https:\/\/hotnewsinworld.com\/pt\/"},{"@type":"ListItem","position":2,"name":"Fruta, combust\u00edveis e sa\u00fade mais caros ap\u00f3s um ano de covid"}]},{"@type":"WebSite","@id":"https:\/\/hotnewsinworld.com\/pt\/#website","url":"https:\/\/hotnewsinworld.com\/pt\/","name":"Hot News in World","description":"Hot News in World Portugal","potentialAction":[{"@type":"SearchAction","target":{"@type":"EntryPoint","urlTemplate":"https:\/\/hotnewsinworld.com\/pt\/?s={search_term_string}"},"query-input":{"@type":"PropertyValueSpecification","valueRequired":true,"valueName":"search_term_string"}}],"inLanguage":"pt-PT"},{"@type":"Person","@id":"https:\/\/hotnewsinworld.com\/pt\/#\/schema\/person\/fe61448b21c0d59086e75fcc1f9d8f6b","name":"hotnewsinworld","image":{"@type":"ImageObject","inLanguage":"pt-PT","@id":"https:\/\/secure.gravatar.com\/avatar\/8a09ac165600ce2e1c38fe593c63928eb1e6e7ba5c5a907d67787c41b3d00c14?s=96&d=mm&r=g","url":"https:\/\/secure.gravatar.com\/avatar\/8a09ac165600ce2e1c38fe593c63928eb1e6e7ba5c5a907d67787c41b3d00c14?s=96&d=mm&r=g","contentUrl":"https:\/\/secure.gravatar.com\/avatar\/8a09ac165600ce2e1c38fe593c63928eb1e6e7ba5c5a907d67787c41b3d00c14?s=96&d=mm&r=g","caption":"hotnewsinworld"},"url":"https:\/\/hotnewsinworld.com\/pt\/author\/pt\/"}]}},"_links":{"self":[{"href":"https:\/\/hotnewsinworld.com\/pt\/wp-json\/wp\/v2\/posts\/3450","targetHints":{"allow":["GET"]}}],"collection":[{"href":"https:\/\/hotnewsinworld.com\/pt\/wp-json\/wp\/v2\/posts"}],"about":[{"href":"https:\/\/hotnewsinworld.com\/pt\/wp-json\/wp\/v2\/types\/post"}],"author":[{"embeddable":true,"href":"https:\/\/hotnewsinworld.com\/pt\/wp-json\/wp\/v2\/users\/2"}],"replies":[{"embeddable":true,"href":"https:\/\/hotnewsinworld.com\/pt\/wp-json\/wp\/v2\/comments?post=3450"}],"version-history":[{"count":1,"href":"https:\/\/hotnewsinworld.com\/pt\/wp-json\/wp\/v2\/posts\/3450\/revisions"}],"predecessor-version":[{"id":3452,"href":"https:\/\/hotnewsinworld.com\/pt\/wp-json\/wp\/v2\/posts\/3450\/revisions\/3452"}],"wp:featuredmedia":[{"embeddable":true,"href":"https:\/\/hotnewsinworld.com\/pt\/wp-json\/wp\/v2\/media\/3451"}],"wp:attachment":[{"href":"https:\/\/hotnewsinworld.com\/pt\/wp-json\/wp\/v2\/media?parent=3450"}],"wp:term":[{"taxonomy":"category","embeddable":true,"href":"https:\/\/hotnewsinworld.com\/pt\/wp-json\/wp\/v2\/categories?post=3450"},{"taxonomy":"post_tag","embeddable":true,"href":"https:\/\/hotnewsinworld.com\/pt\/wp-json\/wp\/v2\/tags?post=3450"}],"curies":[{"name":"wp","href":"https:\/\/api.w.org\/{rel}","templated":true}]}}