{"id":3453,"date":"2021-04-14T22:46:41","date_gmt":"2021-04-14T19:46:41","guid":{"rendered":"https:\/\/hotnewsinworld.com\/pt\/centros-comerciais-e-restauracao-garantem-ter-condicoes-para-reabrir-no-dia-19\/"},"modified":"2021-04-14T22:46:45","modified_gmt":"2021-04-14T19:46:45","slug":"centros-comerciais-e-restauracao-garantem-ter-condicoes-para-reabrir-no-dia-19","status":"publish","type":"post","link":"https:\/\/hotnewsinworld.com\/pt\/centros-comerciais-e-restauracao-garantem-ter-condicoes-para-reabrir-no-dia-19\/","title":{"rendered":"Centros comerciais e restaura\u00e7\u00e3o garantem ter condi\u00e7\u00f5es para reabrir no dia 19"},"content":{"rendered":"<p>JN\/Ag\u00eanciasHoje\u00a0\u00e0s\u00a017:20As associa\u00e7\u00f5es de empresas de distribui\u00e7\u00e3o, centros comerciais e da hotelaria e restaura\u00e7\u00e3o garantiram esta quarta-feira que os centros comerciais re\u00fanem todas as condi\u00e7\u00f5es para reabrir no dia 19, com condi\u00e7\u00f5es de higiene que salvaguardam a sa\u00fade p\u00fablica.&#8221;A Associa\u00e7\u00e3o Portuguesa de Empresas de Distribui\u00e7\u00e3o (APED), a Associa\u00e7\u00e3o Portuguesa de Centros Comerciais (APCC) e a Associa\u00e7\u00e3o da Hotelaria, Restaura\u00e7\u00e3o e Similares de Portugal (AHRESP) garantem que os centros comerciais re\u00fanem todas as condi\u00e7\u00f5es para a reabertura no pr\u00f3ximo dia 19 de abril, assegurando as condi\u00e7\u00f5es de higiene para a salvaguarda da sa\u00fade p\u00fablica e a seguran\u00e7a dos seus clientes, fornecedores e trabalhadores&#8221;, l\u00ea-se num comunicado conjunto enviado pelas associa\u00e7\u00f5es.Segundo aquelas associa\u00e7\u00f5es, foi feito um esfor\u00e7o acrescido na forma\u00e7\u00e3o e testagem de colaboradores, bem como um refor\u00e7o dos equipamentos de prote\u00e7\u00e3o individual e barreiras de prote\u00e7\u00e3o.&#8221;Os operadores dos centros comerciais refor\u00e7aram ainda mais as exigentes regras sanit\u00e1rias com o objetivo de responder \u00e0 expect\u00e1vel aflu\u00eancia de consumidores, depois de um longo per\u00edodo encerrados&#8221;, referem, reiterando que aqueles espa\u00e7os s\u00e3o &#8220;seguros&#8221; e &#8220;merecem a confian\u00e7a dos consumidores&#8221;.As lojas dos centros comerciais voltaram a fechar em janeiro, quando foi decretado o segundo confinamento, para fazer face \u00e0 propaga\u00e7\u00e3o de covid-19.Segundo o plano de desconfinamento gradual que o Governo preparou, est\u00e1 previsto que os centros comerciais reabram no dia 19 de abril, por\u00e9m, a decis\u00e3o final s\u00f3 ser\u00e1 tomada na reuni\u00e3o do Conselho de Ministros de quinta-feira.<br \/>\n<br \/>\n<!--noindex--><br \/>\n<a href=\"http:\/\/feeds.jn.pt\/~r\/JN-ECONOMIA\/~3\/nmSzJN0j4RQ\/centros-comerciais-e-restauracao-garantem-ter-condicoes-para-reabrir-no-dia-19-13570693.html\" rel=\"nofollow\">Source link <\/a><br \/>\n<!--\/noindex--><\/p>\n","protected":false},"excerpt":{"rendered":"<p>JN\/Ag\u00eanciasHoje\u00a0\u00e0s\u00a017:20As associa\u00e7\u00f5es de empresas de distribui\u00e7\u00e3o, centros comerciais e da hotelaria e restaura\u00e7\u00e3o garantiram esta quarta-feira que os centros comerciais re\u00fanem todas as condi\u00e7\u00f5es para reabrir no dia 19, com condi\u00e7\u00f5es de higiene que salvaguardam a sa\u00fade p\u00fablica.&#8221;A Associa\u00e7\u00e3o Portuguesa de Empresas de Distribui\u00e7\u00e3o (APED), a Associa\u00e7\u00e3o Portuguesa de Centros Comerciais (APCC) e a Associa\u00e7\u00e3o [&hellip;]<\/p>\n","protected":false},"author":2,"featured_media":3454,"comment_status":"open","ping_status":"open","sticky":false,"template":"","format":"standard","meta":{"footnotes":""},"categories":[1],"tags":[],"class_list":["post-3453","post","type-post","status-publish","format-standard","has-post-thumbnail","hentry","category-ultimas-noticias-financeiras"],"yoast_head":"<!-- This site is optimized with the Yoast SEO plugin v27.4 - https:\/\/yoast.com\/product\/yoast-seo-wordpress\/ -->\n<title>Centros comerciais e restaura\u00e7\u00e3o garantem ter condi\u00e7\u00f5es para reabrir no dia 19 - Hot News in World<\/title>\n<meta name=\"robots\" content=\"index, follow, max-snippet:-1, max-image-preview:large, max-video-preview:-1\" \/>\n<link rel=\"canonical\" href=\"https:\/\/hotnewsinworld.com\/pt\/centros-comerciais-e-restauracao-garantem-ter-condicoes-para-reabrir-no-dia-19\/\" \/>\n<meta property=\"og:locale\" content=\"pt_PT\" \/>\n<meta property=\"og:type\" content=\"article\" \/>\n<meta property=\"og:title\" content=\"Centros comerciais e restaura\u00e7\u00e3o garantem ter condi\u00e7\u00f5es para reabrir no dia 19 - Hot News in World\" \/>\n<meta property=\"og:description\" content=\"JN\/Ag\u00eanciasHoje\u00a0\u00e0s\u00a017:20As associa\u00e7\u00f5es de empresas de distribui\u00e7\u00e3o, centros comerciais e da hotelaria e restaura\u00e7\u00e3o garantiram esta quarta-feira que os centros comerciais re\u00fanem todas as condi\u00e7\u00f5es para reabrir no dia 19, com condi\u00e7\u00f5es de higiene que salvaguardam a sa\u00fade p\u00fablica.&#8221;A Associa\u00e7\u00e3o Portuguesa de Empresas de Distribui\u00e7\u00e3o (APED), a Associa\u00e7\u00e3o Portuguesa de Centros Comerciais (APCC) e a Associa\u00e7\u00e3o [&hellip;]\" \/>\n<meta property=\"og:url\" content=\"https:\/\/hotnewsinworld.com\/pt\/centros-comerciais-e-restauracao-garantem-ter-condicoes-para-reabrir-no-dia-19\/\" \/>\n<meta property=\"og:site_name\" content=\"Hot News in World\" \/>\n<meta property=\"article:published_time\" content=\"2021-04-14T19:46:41+00:00\" \/>\n<meta property=\"article:modified_time\" content=\"2021-04-14T19:46:45+00:00\" \/>\n<meta property=\"og:image\" content=\"https:\/\/hotnewsinworld.com\/pt\/wp-content\/uploads\/sites\/2\/2021\/04\/Centros-comerciais-e-restauracao-garantem-ter-condicoes-para-reabrir-no.jpg\" \/>\n\t<meta property=\"og:image:width\" content=\"800\" \/>\n\t<meta property=\"og:image:height\" content=\"420\" \/>\n\t<meta property=\"og:image:type\" content=\"image\/jpeg\" \/>\n<meta name=\"author\" content=\"hotnewsinworld\" \/>\n<meta name=\"twitter:card\" content=\"summary_large_image\" \/>\n<meta name=\"twitter:label1\" content=\"Escrito por\" \/>\n\t<meta name=\"twitter:data1\" content=\"hotnewsinworld\" \/>\n\t<meta name=\"twitter:label2\" content=\"Tempo estimado de leitura\" \/>\n\t<meta name=\"twitter:data2\" content=\"1 minuto\" \/>\n<script type=\"application\/ld+json\" class=\"yoast-schema-graph\">{\"@context\":\"https:\\\/\\\/schema.org\",\"@graph\":[{\"@type\":\"Article\",\"@id\":\"https:\\\/\\\/hotnewsinworld.com\\\/pt\\\/centros-comerciais-e-restauracao-garantem-ter-condicoes-para-reabrir-no-dia-19\\\/#article\",\"isPartOf\":{\"@id\":\"https:\\\/\\\/hotnewsinworld.com\\\/pt\\\/centros-comerciais-e-restauracao-garantem-ter-condicoes-para-reabrir-no-dia-19\\\/\"},\"author\":{\"name\":\"hotnewsinworld\",\"@id\":\"https:\\\/\\\/hotnewsinworld.com\\\/pt\\\/#\\\/schema\\\/person\\\/fe61448b21c0d59086e75fcc1f9d8f6b\"},\"headline\":\"Centros comerciais e restaura\u00e7\u00e3o garantem ter condi\u00e7\u00f5es para reabrir no dia 19\",\"datePublished\":\"2021-04-14T19:46:41+00:00\",\"dateModified\":\"2021-04-14T19:46:45+00:00\",\"mainEntityOfPage\":{\"@id\":\"https:\\\/\\\/hotnewsinworld.com\\\/pt\\\/centros-comerciais-e-restauracao-garantem-ter-condicoes-para-reabrir-no-dia-19\\\/\"},\"wordCount\":291,\"commentCount\":0,\"image\":{\"@id\":\"https:\\\/\\\/hotnewsinworld.com\\\/pt\\\/centros-comerciais-e-restauracao-garantem-ter-condicoes-para-reabrir-no-dia-19\\\/#primaryimage\"},\"thumbnailUrl\":\"https:\\\/\\\/hotnewsinworld.com\\\/pt\\\/wp-content\\\/uploads\\\/sites\\\/2\\\/2021\\\/04\\\/Centros-comerciais-e-restauracao-garantem-ter-condicoes-para-reabrir-no.jpg\",\"articleSection\":[\"\u00daLTIMAS NOT\u00cdCIAS FINANCEIRAS\"],\"inLanguage\":\"pt-PT\",\"potentialAction\":[{\"@type\":\"CommentAction\",\"name\":\"Comment\",\"target\":[\"https:\\\/\\\/hotnewsinworld.com\\\/pt\\\/centros-comerciais-e-restauracao-garantem-ter-condicoes-para-reabrir-no-dia-19\\\/#respond\"]}]},{\"@type\":\"WebPage\",\"@id\":\"https:\\\/\\\/hotnewsinworld.com\\\/pt\\\/centros-comerciais-e-restauracao-garantem-ter-condicoes-para-reabrir-no-dia-19\\\/\",\"url\":\"https:\\\/\\\/hotnewsinworld.com\\\/pt\\\/centros-comerciais-e-restauracao-garantem-ter-condicoes-para-reabrir-no-dia-19\\\/\",\"name\":\"Centros comerciais e restaura\u00e7\u00e3o garantem ter condi\u00e7\u00f5es para reabrir no dia 19 - Hot News in World\",\"isPartOf\":{\"@id\":\"https:\\\/\\\/hotnewsinworld.com\\\/pt\\\/#website\"},\"primaryImageOfPage\":{\"@id\":\"https:\\\/\\\/hotnewsinworld.com\\\/pt\\\/centros-comerciais-e-restauracao-garantem-ter-condicoes-para-reabrir-no-dia-19\\\/#primaryimage\"},\"image\":{\"@id\":\"https:\\\/\\\/hotnewsinworld.com\\\/pt\\\/centros-comerciais-e-restauracao-garantem-ter-condicoes-para-reabrir-no-dia-19\\\/#primaryimage\"},\"thumbnailUrl\":\"https:\\\/\\\/hotnewsinworld.com\\\/pt\\\/wp-content\\\/uploads\\\/sites\\\/2\\\/2021\\\/04\\\/Centros-comerciais-e-restauracao-garantem-ter-condicoes-para-reabrir-no.jpg\",\"datePublished\":\"2021-04-14T19:46:41+00:00\",\"dateModified\":\"2021-04-14T19:46:45+00:00\",\"author\":{\"@id\":\"https:\\\/\\\/hotnewsinworld.com\\\/pt\\\/#\\\/schema\\\/person\\\/fe61448b21c0d59086e75fcc1f9d8f6b\"},\"breadcrumb\":{\"@id\":\"https:\\\/\\\/hotnewsinworld.com\\\/pt\\\/centros-comerciais-e-restauracao-garantem-ter-condicoes-para-reabrir-no-dia-19\\\/#breadcrumb\"},\"inLanguage\":\"pt-PT\",\"potentialAction\":[{\"@type\":\"ReadAction\",\"target\":[\"https:\\\/\\\/hotnewsinworld.com\\\/pt\\\/centros-comerciais-e-restauracao-garantem-ter-condicoes-para-reabrir-no-dia-19\\\/\"]}]},{\"@type\":\"ImageObject\",\"inLanguage\":\"pt-PT\",\"@id\":\"https:\\\/\\\/hotnewsinworld.com\\\/pt\\\/centros-comerciais-e-restauracao-garantem-ter-condicoes-para-reabrir-no-dia-19\\\/#primaryimage\",\"url\":\"https:\\\/\\\/hotnewsinworld.com\\\/pt\\\/wp-content\\\/uploads\\\/sites\\\/2\\\/2021\\\/04\\\/Centros-comerciais-e-restauracao-garantem-ter-condicoes-para-reabrir-no.jpg\",\"contentUrl\":\"https:\\\/\\\/hotnewsinworld.com\\\/pt\\\/wp-content\\\/uploads\\\/sites\\\/2\\\/2021\\\/04\\\/Centros-comerciais-e-restauracao-garantem-ter-condicoes-para-reabrir-no.jpg\",\"width\":800,\"height\":420,\"caption\":\"Centros comerciais e restaura\u00e7\u00e3o garantem ter condi\u00e7\u00f5es para reabrir no dia 19\"},{\"@type\":\"BreadcrumbList\",\"@id\":\"https:\\\/\\\/hotnewsinworld.com\\\/pt\\\/centros-comerciais-e-restauracao-garantem-ter-condicoes-para-reabrir-no-dia-19\\\/#breadcrumb\",\"itemListElement\":[{\"@type\":\"ListItem\",\"position\":1,\"name\":\"\u0413\u043b\u0430\u0432\u043d\u0430\u044f \u0441\u0442\u0440\u0430\u043d\u0438\u0446\u0430\",\"item\":\"https:\\\/\\\/hotnewsinworld.com\\\/pt\\\/\"},{\"@type\":\"ListItem\",\"position\":2,\"name\":\"Centros comerciais e restaura\u00e7\u00e3o garantem ter condi\u00e7\u00f5es para reabrir no dia 19\"}]},{\"@type\":\"WebSite\",\"@id\":\"https:\\\/\\\/hotnewsinworld.com\\\/pt\\\/#website\",\"url\":\"https:\\\/\\\/hotnewsinworld.com\\\/pt\\\/\",\"name\":\"Hot News in World\",\"description\":\"Hot News in World Portugal\",\"potentialAction\":[{\"@type\":\"SearchAction\",\"target\":{\"@type\":\"EntryPoint\",\"urlTemplate\":\"https:\\\/\\\/hotnewsinworld.com\\\/pt\\\/?s={search_term_string}\"},\"query-input\":{\"@type\":\"PropertyValueSpecification\",\"valueRequired\":true,\"valueName\":\"search_term_string\"}}],\"inLanguage\":\"pt-PT\"},{\"@type\":\"Person\",\"@id\":\"https:\\\/\\\/hotnewsinworld.com\\\/pt\\\/#\\\/schema\\\/person\\\/fe61448b21c0d59086e75fcc1f9d8f6b\",\"name\":\"hotnewsinworld\",\"image\":{\"@type\":\"ImageObject\",\"inLanguage\":\"pt-PT\",\"@id\":\"https:\\\/\\\/secure.gravatar.com\\\/avatar\\\/8a09ac165600ce2e1c38fe593c63928eb1e6e7ba5c5a907d67787c41b3d00c14?s=96&d=mm&r=g\",\"url\":\"https:\\\/\\\/secure.gravatar.com\\\/avatar\\\/8a09ac165600ce2e1c38fe593c63928eb1e6e7ba5c5a907d67787c41b3d00c14?s=96&d=mm&r=g\",\"contentUrl\":\"https:\\\/\\\/secure.gravatar.com\\\/avatar\\\/8a09ac165600ce2e1c38fe593c63928eb1e6e7ba5c5a907d67787c41b3d00c14?s=96&d=mm&r=g\",\"caption\":\"hotnewsinworld\"},\"url\":\"https:\\\/\\\/hotnewsinworld.com\\\/pt\\\/author\\\/pt\\\/\"}]}<\/script>\n<!-- \/ Yoast SEO plugin. -->","yoast_head_json":{"title":"Centros comerciais e restaura\u00e7\u00e3o garantem ter condi\u00e7\u00f5es para reabrir no dia 19 - Hot News in World","robots":{"index":"index","follow":"follow","max-snippet":"max-snippet:-1","max-image-preview":"max-image-preview:large","max-video-preview":"max-video-preview:-1"},"canonical":"https:\/\/hotnewsinworld.com\/pt\/centros-comerciais-e-restauracao-garantem-ter-condicoes-para-reabrir-no-dia-19\/","og_locale":"pt_PT","og_type":"article","og_title":"Centros comerciais e restaura\u00e7\u00e3o garantem ter condi\u00e7\u00f5es para reabrir no dia 19 - Hot News in World","og_description":"JN\/Ag\u00eanciasHoje\u00a0\u00e0s\u00a017:20As associa\u00e7\u00f5es de empresas de distribui\u00e7\u00e3o, centros comerciais e da hotelaria e restaura\u00e7\u00e3o garantiram esta quarta-feira que os centros comerciais re\u00fanem todas as condi\u00e7\u00f5es para reabrir no dia 19, com condi\u00e7\u00f5es de higiene que salvaguardam a sa\u00fade p\u00fablica.&#8221;A Associa\u00e7\u00e3o Portuguesa de Empresas de Distribui\u00e7\u00e3o (APED), a Associa\u00e7\u00e3o Portuguesa de Centros Comerciais (APCC) e a Associa\u00e7\u00e3o [&hellip;]","og_url":"https:\/\/hotnewsinworld.com\/pt\/centros-comerciais-e-restauracao-garantem-ter-condicoes-para-reabrir-no-dia-19\/","og_site_name":"Hot News in World","article_published_time":"2021-04-14T19:46:41+00:00","article_modified_time":"2021-04-14T19:46:45+00:00","og_image":[{"width":800,"height":420,"url":"https:\/\/hotnewsinworld.com\/pt\/wp-content\/uploads\/sites\/2\/2021\/04\/Centros-comerciais-e-restauracao-garantem-ter-condicoes-para-reabrir-no.jpg","type":"image\/jpeg"}],"author":"hotnewsinworld","twitter_card":"summary_large_image","twitter_misc":{"Escrito por":"hotnewsinworld","Tempo estimado de leitura":"1 minuto"},"schema":{"@context":"https:\/\/schema.org","@graph":[{"@type":"Article","@id":"https:\/\/hotnewsinworld.com\/pt\/centros-comerciais-e-restauracao-garantem-ter-condicoes-para-reabrir-no-dia-19\/#article","isPartOf":{"@id":"https:\/\/hotnewsinworld.com\/pt\/centros-comerciais-e-restauracao-garantem-ter-condicoes-para-reabrir-no-dia-19\/"},"author":{"name":"hotnewsinworld","@id":"https:\/\/hotnewsinworld.com\/pt\/#\/schema\/person\/fe61448b21c0d59086e75fcc1f9d8f6b"},"headline":"Centros comerciais e restaura\u00e7\u00e3o garantem ter condi\u00e7\u00f5es para reabrir no dia 19","datePublished":"2021-04-14T19:46:41+00:00","dateModified":"2021-04-14T19:46:45+00:00","mainEntityOfPage":{"@id":"https:\/\/hotnewsinworld.com\/pt\/centros-comerciais-e-restauracao-garantem-ter-condicoes-para-reabrir-no-dia-19\/"},"wordCount":291,"commentCount":0,"image":{"@id":"https:\/\/hotnewsinworld.com\/pt\/centros-comerciais-e-restauracao-garantem-ter-condicoes-para-reabrir-no-dia-19\/#primaryimage"},"thumbnailUrl":"https:\/\/hotnewsinworld.com\/pt\/wp-content\/uploads\/sites\/2\/2021\/04\/Centros-comerciais-e-restauracao-garantem-ter-condicoes-para-reabrir-no.jpg","articleSection":["\u00daLTIMAS NOT\u00cdCIAS FINANCEIRAS"],"inLanguage":"pt-PT","potentialAction":[{"@type":"CommentAction","name":"Comment","target":["https:\/\/hotnewsinworld.com\/pt\/centros-comerciais-e-restauracao-garantem-ter-condicoes-para-reabrir-no-dia-19\/#respond"]}]},{"@type":"WebPage","@id":"https:\/\/hotnewsinworld.com\/pt\/centros-comerciais-e-restauracao-garantem-ter-condicoes-para-reabrir-no-dia-19\/","url":"https:\/\/hotnewsinworld.com\/pt\/centros-comerciais-e-restauracao-garantem-ter-condicoes-para-reabrir-no-dia-19\/","name":"Centros comerciais e restaura\u00e7\u00e3o garantem ter condi\u00e7\u00f5es para reabrir no dia 19 - Hot News in World","isPartOf":{"@id":"https:\/\/hotnewsinworld.com\/pt\/#website"},"primaryImageOfPage":{"@id":"https:\/\/hotnewsinworld.com\/pt\/centros-comerciais-e-restauracao-garantem-ter-condicoes-para-reabrir-no-dia-19\/#primaryimage"},"image":{"@id":"https:\/\/hotnewsinworld.com\/pt\/centros-comerciais-e-restauracao-garantem-ter-condicoes-para-reabrir-no-dia-19\/#primaryimage"},"thumbnailUrl":"https:\/\/hotnewsinworld.com\/pt\/wp-content\/uploads\/sites\/2\/2021\/04\/Centros-comerciais-e-restauracao-garantem-ter-condicoes-para-reabrir-no.jpg","datePublished":"2021-04-14T19:46:41+00:00","dateModified":"2021-04-14T19:46:45+00:00","author":{"@id":"https:\/\/hotnewsinworld.com\/pt\/#\/schema\/person\/fe61448b21c0d59086e75fcc1f9d8f6b"},"breadcrumb":{"@id":"https:\/\/hotnewsinworld.com\/pt\/centros-comerciais-e-restauracao-garantem-ter-condicoes-para-reabrir-no-dia-19\/#breadcrumb"},"inLanguage":"pt-PT","potentialAction":[{"@type":"ReadAction","target":["https:\/\/hotnewsinworld.com\/pt\/centros-comerciais-e-restauracao-garantem-ter-condicoes-para-reabrir-no-dia-19\/"]}]},{"@type":"ImageObject","inLanguage":"pt-PT","@id":"https:\/\/hotnewsinworld.com\/pt\/centros-comerciais-e-restauracao-garantem-ter-condicoes-para-reabrir-no-dia-19\/#primaryimage","url":"https:\/\/hotnewsinworld.com\/pt\/wp-content\/uploads\/sites\/2\/2021\/04\/Centros-comerciais-e-restauracao-garantem-ter-condicoes-para-reabrir-no.jpg","contentUrl":"https:\/\/hotnewsinworld.com\/pt\/wp-content\/uploads\/sites\/2\/2021\/04\/Centros-comerciais-e-restauracao-garantem-ter-condicoes-para-reabrir-no.jpg","width":800,"height":420,"caption":"Centros comerciais e restaura\u00e7\u00e3o garantem ter condi\u00e7\u00f5es para reabrir no dia 19"},{"@type":"BreadcrumbList","@id":"https:\/\/hotnewsinworld.com\/pt\/centros-comerciais-e-restauracao-garantem-ter-condicoes-para-reabrir-no-dia-19\/#breadcrumb","itemListElement":[{"@type":"ListItem","position":1,"name":"\u0413\u043b\u0430\u0432\u043d\u0430\u044f \u0441\u0442\u0440\u0430\u043d\u0438\u0446\u0430","item":"https:\/\/hotnewsinworld.com\/pt\/"},{"@type":"ListItem","position":2,"name":"Centros comerciais e restaura\u00e7\u00e3o garantem ter condi\u00e7\u00f5es para reabrir no dia 19"}]},{"@type":"WebSite","@id":"https:\/\/hotnewsinworld.com\/pt\/#website","url":"https:\/\/hotnewsinworld.com\/pt\/","name":"Hot News in World","description":"Hot News in World Portugal","potentialAction":[{"@type":"SearchAction","target":{"@type":"EntryPoint","urlTemplate":"https:\/\/hotnewsinworld.com\/pt\/?s={search_term_string}"},"query-input":{"@type":"PropertyValueSpecification","valueRequired":true,"valueName":"search_term_string"}}],"inLanguage":"pt-PT"},{"@type":"Person","@id":"https:\/\/hotnewsinworld.com\/pt\/#\/schema\/person\/fe61448b21c0d59086e75fcc1f9d8f6b","name":"hotnewsinworld","image":{"@type":"ImageObject","inLanguage":"pt-PT","@id":"https:\/\/secure.gravatar.com\/avatar\/8a09ac165600ce2e1c38fe593c63928eb1e6e7ba5c5a907d67787c41b3d00c14?s=96&d=mm&r=g","url":"https:\/\/secure.gravatar.com\/avatar\/8a09ac165600ce2e1c38fe593c63928eb1e6e7ba5c5a907d67787c41b3d00c14?s=96&d=mm&r=g","contentUrl":"https:\/\/secure.gravatar.com\/avatar\/8a09ac165600ce2e1c38fe593c63928eb1e6e7ba5c5a907d67787c41b3d00c14?s=96&d=mm&r=g","caption":"hotnewsinworld"},"url":"https:\/\/hotnewsinworld.com\/pt\/author\/pt\/"}]}},"_links":{"self":[{"href":"https:\/\/hotnewsinworld.com\/pt\/wp-json\/wp\/v2\/posts\/3453","targetHints":{"allow":["GET"]}}],"collection":[{"href":"https:\/\/hotnewsinworld.com\/pt\/wp-json\/wp\/v2\/posts"}],"about":[{"href":"https:\/\/hotnewsinworld.com\/pt\/wp-json\/wp\/v2\/types\/post"}],"author":[{"embeddable":true,"href":"https:\/\/hotnewsinworld.com\/pt\/wp-json\/wp\/v2\/users\/2"}],"replies":[{"embeddable":true,"href":"https:\/\/hotnewsinworld.com\/pt\/wp-json\/wp\/v2\/comments?post=3453"}],"version-history":[{"count":1,"href":"https:\/\/hotnewsinworld.com\/pt\/wp-json\/wp\/v2\/posts\/3453\/revisions"}],"predecessor-version":[{"id":3455,"href":"https:\/\/hotnewsinworld.com\/pt\/wp-json\/wp\/v2\/posts\/3453\/revisions\/3455"}],"wp:featuredmedia":[{"embeddable":true,"href":"https:\/\/hotnewsinworld.com\/pt\/wp-json\/wp\/v2\/media\/3454"}],"wp:attachment":[{"href":"https:\/\/hotnewsinworld.com\/pt\/wp-json\/wp\/v2\/media?parent=3453"}],"wp:term":[{"taxonomy":"category","embeddable":true,"href":"https:\/\/hotnewsinworld.com\/pt\/wp-json\/wp\/v2\/categories?post=3453"},{"taxonomy":"post_tag","embeddable":true,"href":"https:\/\/hotnewsinworld.com\/pt\/wp-json\/wp\/v2\/tags?post=3453"}],"curies":[{"name":"wp","href":"https:\/\/api.w.org\/{rel}","templated":true}]}}