{"id":3459,"date":"2021-04-15T22:53:31","date_gmt":"2021-04-15T19:53:31","guid":{"rendered":"https:\/\/hotnewsinworld.com\/pt\/governo-apresenta-plano-de-recuperacao-e-resiliencia-a-marcelo-na-sexta-feira\/"},"modified":"2021-04-15T22:53:33","modified_gmt":"2021-04-15T19:53:33","slug":"governo-apresenta-plano-de-recuperacao-e-resiliencia-a-marcelo-na-sexta-feira","status":"publish","type":"post","link":"https:\/\/hotnewsinworld.com\/pt\/governo-apresenta-plano-de-recuperacao-e-resiliencia-a-marcelo-na-sexta-feira\/","title":{"rendered":"Governo apresenta Plano de Recupera\u00e7\u00e3o e Resili\u00eancia a Marcelo na sexta-feira"},"content":{"rendered":"<p>JN\/Ag\u00eanciasHoje\u00a0\u00e0s\u00a020:37O Governo vai apresentar o Plano de Recupera\u00e7\u00e3o e Resili\u00eancia ao Presidente da Rep\u00fablica, Marcelo Rebelo de Sousa, na sexta-feira de manh\u00e3, em Bel\u00e9m, antes da sess\u00e3o p\u00fablica de apresenta\u00e7\u00e3o do documento, \u00e0 tarde, em Coimbra.De acordo com a agenda do chefe de Estado para sexta-feira, a &#8220;apresenta\u00e7\u00e3o do Plano de Recupera\u00e7\u00e3o e Resili\u00eancia (PRR) pelo Governo ao Presidente da Rep\u00fablica&#8221; est\u00e1 marcada para as 10:30, no Antigo Picadeiro Real do Pal\u00e1cio de Bel\u00e9m, e ser\u00e1 fechada \u00e0 comunica\u00e7\u00e3o social.Esta nota de agenda divulgada esta quinta-feira n\u00e3o especifica que membros do Governo ir\u00e3o a Bel\u00e9m.H\u00e1 dez dias, o Marcelo Rebelo de Sousa disse aos jornalistas que ao longo das pr\u00f3ximas semanas iria ouvir economistas, gestores, empres\u00e1rios e o pr\u00f3prio Governo sobre o PRR, numa ronda de audi\u00eancias que come\u00e7ou nesse mesmo dia, 05 de abril, com o governador do Banco de Portugal, M\u00e1rio Centeno.&#8221;A ideia \u00e9 dar for\u00e7a \u00e0quilo que \u00e9 uma tarefa coletiva, que do ponto de vista executivo compete ao Governo liderar, numa parte, com fundos do PRR, noutra parte com os fundos europeus anuais do quadro financeiro plurianual dos pr\u00f3ximos anos, e depois o contributo de toda a sociedade portuguesa&#8221;, justificou, durante uma visita a uma escola b\u00e1sica, em Lisboa.Questionado se pretende influenciar o modo como as verbas europeias v\u00e3o ser aplicadas, o chefe de Estado real\u00e7ou que iria ter o pr\u00f3prio Governo em Bel\u00e9m apresentar-lhe o PRR, com uma equipa que incluiria o ministro do Planeamento, Nelson de Souza.Essa equipa ir\u00e1 &#8220;expor, naturalmente, como \u00e9 que o Governo, que \u00e9 quem lidera esse processo, v\u00ea o processo, quando se aproxima o instante em que Portugal apresentar\u00e1 \u00e0 Comiss\u00e3o Europeia a vers\u00e3o definitiva do PRR&#8221;, enquadrou.Marcelo Rebelo de Sousa defendeu que est\u00e1 em causa &#8220;um esfor\u00e7o conjunto de todos os portugueses, como o combate \u00e0 pandemia tem sido um esfor\u00e7o conjunto de todos os portugueses&#8221;.O Presidente da Rep\u00fablica ouviu tamb\u00e9m, no dia 06 de abril, Ant\u00f3nio Costa e Silva, professor universit\u00e1rio e gestor da petrol\u00edfera Partex, que elaborou, a convite do primeiro-ministro, um documento denominado &#8220;vis\u00e3o estrat\u00e9gica&#8221;, que serviu de base ao PRR.Em fevereiro deste ano, o Governo portugu\u00eas colocou a vers\u00e3o preliminar e resumida do PRR em consulta p\u00fablica, depois de ter apresentado um primeiro esbo\u00e7o \u00e0 Comiss\u00e3o Europeia em outubro e de um processo de conversa\u00e7\u00f5es com Bruxelas.O PRR que Portugal apresentou para aceder \u00e0s verbas comunit\u00e1rias destinadas a fazer face \u00e0s consequ\u00eancias da pandemia de covid-19 prev\u00ea 36 reformas e 77 investimentos nas \u00e1reas sociais, clima e digitaliza\u00e7\u00e3o, correspondentes a um total de 13,9 mil milh\u00f5es de euros de subven\u00e7\u00f5es.<br \/>\n<br \/>\n<!--noindex--><br \/>\n<a href=\"http:\/\/feeds.jn.pt\/~r\/JN-ECONOMIA\/~3\/f9iZ5IGNvt8\/governo-apresenta-plano-de-recuperacao-e-resiliencia-a-marcelo-na-sexta-feira-13576120.html\" rel=\"nofollow\">Source link <\/a><br \/>\n<!--\/noindex--><\/p>\n","protected":false},"excerpt":{"rendered":"<p>JN\/Ag\u00eanciasHoje\u00a0\u00e0s\u00a020:37O Governo vai apresentar o Plano de Recupera\u00e7\u00e3o e Resili\u00eancia ao Presidente da Rep\u00fablica, Marcelo Rebelo de Sousa, na sexta-feira de manh\u00e3, em Bel\u00e9m, antes da sess\u00e3o p\u00fablica de apresenta\u00e7\u00e3o do documento, \u00e0 tarde, em Coimbra.De acordo com a agenda do chefe de Estado para sexta-feira, a &#8220;apresenta\u00e7\u00e3o do Plano de Recupera\u00e7\u00e3o e Resili\u00eancia (PRR) [&hellip;]<\/p>\n","protected":false},"author":2,"featured_media":3460,"comment_status":"open","ping_status":"open","sticky":false,"template":"","format":"standard","meta":{"footnotes":""},"categories":[1],"tags":[],"class_list":["post-3459","post","type-post","status-publish","format-standard","has-post-thumbnail","hentry","category-ultimas-noticias-financeiras"],"yoast_head":"<!-- This site is optimized with the Yoast SEO plugin v27.4 - https:\/\/yoast.com\/product\/yoast-seo-wordpress\/ -->\n<title>Governo apresenta Plano de Recupera\u00e7\u00e3o e Resili\u00eancia a Marcelo na sexta-feira - Hot News in World<\/title>\n<meta name=\"robots\" content=\"index, follow, max-snippet:-1, max-image-preview:large, max-video-preview:-1\" \/>\n<link rel=\"canonical\" href=\"https:\/\/hotnewsinworld.com\/pt\/governo-apresenta-plano-de-recuperacao-e-resiliencia-a-marcelo-na-sexta-feira\/\" \/>\n<meta property=\"og:locale\" content=\"pt_PT\" \/>\n<meta property=\"og:type\" content=\"article\" \/>\n<meta property=\"og:title\" content=\"Governo apresenta Plano de Recupera\u00e7\u00e3o e Resili\u00eancia a Marcelo na sexta-feira - Hot News in World\" \/>\n<meta property=\"og:description\" content=\"JN\/Ag\u00eanciasHoje\u00a0\u00e0s\u00a020:37O Governo vai apresentar o Plano de Recupera\u00e7\u00e3o e Resili\u00eancia ao Presidente da Rep\u00fablica, Marcelo Rebelo de Sousa, na sexta-feira de manh\u00e3, em Bel\u00e9m, antes da sess\u00e3o p\u00fablica de apresenta\u00e7\u00e3o do documento, \u00e0 tarde, em Coimbra.De acordo com a agenda do chefe de Estado para sexta-feira, a &#8220;apresenta\u00e7\u00e3o do Plano de Recupera\u00e7\u00e3o e Resili\u00eancia (PRR) [&hellip;]\" \/>\n<meta property=\"og:url\" content=\"https:\/\/hotnewsinworld.com\/pt\/governo-apresenta-plano-de-recuperacao-e-resiliencia-a-marcelo-na-sexta-feira\/\" \/>\n<meta property=\"og:site_name\" content=\"Hot News in World\" \/>\n<meta property=\"article:published_time\" content=\"2021-04-15T19:53:31+00:00\" \/>\n<meta property=\"article:modified_time\" content=\"2021-04-15T19:53:33+00:00\" \/>\n<meta property=\"og:image\" content=\"https:\/\/hotnewsinworld.com\/pt\/wp-content\/uploads\/sites\/2\/2021\/04\/Governo-apresenta-Plano-de-Recuperacao-e-Resiliencia-a-Marcelo-na.jpg\" \/>\n\t<meta property=\"og:image:width\" content=\"800\" \/>\n\t<meta property=\"og:image:height\" content=\"420\" \/>\n\t<meta property=\"og:image:type\" content=\"image\/jpeg\" \/>\n<meta name=\"author\" content=\"hotnewsinworld\" \/>\n<meta name=\"twitter:card\" content=\"summary_large_image\" \/>\n<meta name=\"twitter:label1\" content=\"Escrito por\" \/>\n\t<meta name=\"twitter:data1\" content=\"hotnewsinworld\" \/>\n\t<meta name=\"twitter:label2\" content=\"Tempo estimado de leitura\" \/>\n\t<meta name=\"twitter:data2\" content=\"2 minutos\" \/>\n<script type=\"application\/ld+json\" class=\"yoast-schema-graph\">{\"@context\":\"https:\\\/\\\/schema.org\",\"@graph\":[{\"@type\":\"Article\",\"@id\":\"https:\\\/\\\/hotnewsinworld.com\\\/pt\\\/governo-apresenta-plano-de-recuperacao-e-resiliencia-a-marcelo-na-sexta-feira\\\/#article\",\"isPartOf\":{\"@id\":\"https:\\\/\\\/hotnewsinworld.com\\\/pt\\\/governo-apresenta-plano-de-recuperacao-e-resiliencia-a-marcelo-na-sexta-feira\\\/\"},\"author\":{\"name\":\"hotnewsinworld\",\"@id\":\"https:\\\/\\\/hotnewsinworld.com\\\/pt\\\/#\\\/schema\\\/person\\\/fe61448b21c0d59086e75fcc1f9d8f6b\"},\"headline\":\"Governo apresenta Plano de Recupera\u00e7\u00e3o e Resili\u00eancia a Marcelo na sexta-feira\",\"datePublished\":\"2021-04-15T19:53:31+00:00\",\"dateModified\":\"2021-04-15T19:53:33+00:00\",\"mainEntityOfPage\":{\"@id\":\"https:\\\/\\\/hotnewsinworld.com\\\/pt\\\/governo-apresenta-plano-de-recuperacao-e-resiliencia-a-marcelo-na-sexta-feira\\\/\"},\"wordCount\":492,\"commentCount\":0,\"image\":{\"@id\":\"https:\\\/\\\/hotnewsinworld.com\\\/pt\\\/governo-apresenta-plano-de-recuperacao-e-resiliencia-a-marcelo-na-sexta-feira\\\/#primaryimage\"},\"thumbnailUrl\":\"https:\\\/\\\/hotnewsinworld.com\\\/pt\\\/wp-content\\\/uploads\\\/sites\\\/2\\\/2021\\\/04\\\/Governo-apresenta-Plano-de-Recuperacao-e-Resiliencia-a-Marcelo-na.jpg\",\"articleSection\":[\"\u00daLTIMAS NOT\u00cdCIAS FINANCEIRAS\"],\"inLanguage\":\"pt-PT\",\"potentialAction\":[{\"@type\":\"CommentAction\",\"name\":\"Comment\",\"target\":[\"https:\\\/\\\/hotnewsinworld.com\\\/pt\\\/governo-apresenta-plano-de-recuperacao-e-resiliencia-a-marcelo-na-sexta-feira\\\/#respond\"]}]},{\"@type\":\"WebPage\",\"@id\":\"https:\\\/\\\/hotnewsinworld.com\\\/pt\\\/governo-apresenta-plano-de-recuperacao-e-resiliencia-a-marcelo-na-sexta-feira\\\/\",\"url\":\"https:\\\/\\\/hotnewsinworld.com\\\/pt\\\/governo-apresenta-plano-de-recuperacao-e-resiliencia-a-marcelo-na-sexta-feira\\\/\",\"name\":\"Governo apresenta Plano de Recupera\u00e7\u00e3o e Resili\u00eancia a Marcelo na sexta-feira - Hot News in World\",\"isPartOf\":{\"@id\":\"https:\\\/\\\/hotnewsinworld.com\\\/pt\\\/#website\"},\"primaryImageOfPage\":{\"@id\":\"https:\\\/\\\/hotnewsinworld.com\\\/pt\\\/governo-apresenta-plano-de-recuperacao-e-resiliencia-a-marcelo-na-sexta-feira\\\/#primaryimage\"},\"image\":{\"@id\":\"https:\\\/\\\/hotnewsinworld.com\\\/pt\\\/governo-apresenta-plano-de-recuperacao-e-resiliencia-a-marcelo-na-sexta-feira\\\/#primaryimage\"},\"thumbnailUrl\":\"https:\\\/\\\/hotnewsinworld.com\\\/pt\\\/wp-content\\\/uploads\\\/sites\\\/2\\\/2021\\\/04\\\/Governo-apresenta-Plano-de-Recuperacao-e-Resiliencia-a-Marcelo-na.jpg\",\"datePublished\":\"2021-04-15T19:53:31+00:00\",\"dateModified\":\"2021-04-15T19:53:33+00:00\",\"author\":{\"@id\":\"https:\\\/\\\/hotnewsinworld.com\\\/pt\\\/#\\\/schema\\\/person\\\/fe61448b21c0d59086e75fcc1f9d8f6b\"},\"breadcrumb\":{\"@id\":\"https:\\\/\\\/hotnewsinworld.com\\\/pt\\\/governo-apresenta-plano-de-recuperacao-e-resiliencia-a-marcelo-na-sexta-feira\\\/#breadcrumb\"},\"inLanguage\":\"pt-PT\",\"potentialAction\":[{\"@type\":\"ReadAction\",\"target\":[\"https:\\\/\\\/hotnewsinworld.com\\\/pt\\\/governo-apresenta-plano-de-recuperacao-e-resiliencia-a-marcelo-na-sexta-feira\\\/\"]}]},{\"@type\":\"ImageObject\",\"inLanguage\":\"pt-PT\",\"@id\":\"https:\\\/\\\/hotnewsinworld.com\\\/pt\\\/governo-apresenta-plano-de-recuperacao-e-resiliencia-a-marcelo-na-sexta-feira\\\/#primaryimage\",\"url\":\"https:\\\/\\\/hotnewsinworld.com\\\/pt\\\/wp-content\\\/uploads\\\/sites\\\/2\\\/2021\\\/04\\\/Governo-apresenta-Plano-de-Recuperacao-e-Resiliencia-a-Marcelo-na.jpg\",\"contentUrl\":\"https:\\\/\\\/hotnewsinworld.com\\\/pt\\\/wp-content\\\/uploads\\\/sites\\\/2\\\/2021\\\/04\\\/Governo-apresenta-Plano-de-Recuperacao-e-Resiliencia-a-Marcelo-na.jpg\",\"width\":800,\"height\":420,\"caption\":\"Governo apresenta Plano de Recupera\u00e7\u00e3o e Resili\u00eancia a Marcelo na sexta-feira\"},{\"@type\":\"BreadcrumbList\",\"@id\":\"https:\\\/\\\/hotnewsinworld.com\\\/pt\\\/governo-apresenta-plano-de-recuperacao-e-resiliencia-a-marcelo-na-sexta-feira\\\/#breadcrumb\",\"itemListElement\":[{\"@type\":\"ListItem\",\"position\":1,\"name\":\"\u0413\u043b\u0430\u0432\u043d\u0430\u044f \u0441\u0442\u0440\u0430\u043d\u0438\u0446\u0430\",\"item\":\"https:\\\/\\\/hotnewsinworld.com\\\/pt\\\/\"},{\"@type\":\"ListItem\",\"position\":2,\"name\":\"Governo apresenta Plano de Recupera\u00e7\u00e3o e Resili\u00eancia a Marcelo na sexta-feira\"}]},{\"@type\":\"WebSite\",\"@id\":\"https:\\\/\\\/hotnewsinworld.com\\\/pt\\\/#website\",\"url\":\"https:\\\/\\\/hotnewsinworld.com\\\/pt\\\/\",\"name\":\"Hot News in World\",\"description\":\"Hot News in World Portugal\",\"potentialAction\":[{\"@type\":\"SearchAction\",\"target\":{\"@type\":\"EntryPoint\",\"urlTemplate\":\"https:\\\/\\\/hotnewsinworld.com\\\/pt\\\/?s={search_term_string}\"},\"query-input\":{\"@type\":\"PropertyValueSpecification\",\"valueRequired\":true,\"valueName\":\"search_term_string\"}}],\"inLanguage\":\"pt-PT\"},{\"@type\":\"Person\",\"@id\":\"https:\\\/\\\/hotnewsinworld.com\\\/pt\\\/#\\\/schema\\\/person\\\/fe61448b21c0d59086e75fcc1f9d8f6b\",\"name\":\"hotnewsinworld\",\"image\":{\"@type\":\"ImageObject\",\"inLanguage\":\"pt-PT\",\"@id\":\"https:\\\/\\\/secure.gravatar.com\\\/avatar\\\/8a09ac165600ce2e1c38fe593c63928eb1e6e7ba5c5a907d67787c41b3d00c14?s=96&d=mm&r=g\",\"url\":\"https:\\\/\\\/secure.gravatar.com\\\/avatar\\\/8a09ac165600ce2e1c38fe593c63928eb1e6e7ba5c5a907d67787c41b3d00c14?s=96&d=mm&r=g\",\"contentUrl\":\"https:\\\/\\\/secure.gravatar.com\\\/avatar\\\/8a09ac165600ce2e1c38fe593c63928eb1e6e7ba5c5a907d67787c41b3d00c14?s=96&d=mm&r=g\",\"caption\":\"hotnewsinworld\"},\"url\":\"https:\\\/\\\/hotnewsinworld.com\\\/pt\\\/author\\\/pt\\\/\"}]}<\/script>\n<!-- \/ Yoast SEO plugin. -->","yoast_head_json":{"title":"Governo apresenta Plano de Recupera\u00e7\u00e3o e Resili\u00eancia a Marcelo na sexta-feira - Hot News in World","robots":{"index":"index","follow":"follow","max-snippet":"max-snippet:-1","max-image-preview":"max-image-preview:large","max-video-preview":"max-video-preview:-1"},"canonical":"https:\/\/hotnewsinworld.com\/pt\/governo-apresenta-plano-de-recuperacao-e-resiliencia-a-marcelo-na-sexta-feira\/","og_locale":"pt_PT","og_type":"article","og_title":"Governo apresenta Plano de Recupera\u00e7\u00e3o e Resili\u00eancia a Marcelo na sexta-feira - Hot News in World","og_description":"JN\/Ag\u00eanciasHoje\u00a0\u00e0s\u00a020:37O Governo vai apresentar o Plano de Recupera\u00e7\u00e3o e Resili\u00eancia ao Presidente da Rep\u00fablica, Marcelo Rebelo de Sousa, na sexta-feira de manh\u00e3, em Bel\u00e9m, antes da sess\u00e3o p\u00fablica de apresenta\u00e7\u00e3o do documento, \u00e0 tarde, em Coimbra.De acordo com a agenda do chefe de Estado para sexta-feira, a &#8220;apresenta\u00e7\u00e3o do Plano de Recupera\u00e7\u00e3o e Resili\u00eancia (PRR) [&hellip;]","og_url":"https:\/\/hotnewsinworld.com\/pt\/governo-apresenta-plano-de-recuperacao-e-resiliencia-a-marcelo-na-sexta-feira\/","og_site_name":"Hot News in World","article_published_time":"2021-04-15T19:53:31+00:00","article_modified_time":"2021-04-15T19:53:33+00:00","og_image":[{"width":800,"height":420,"url":"https:\/\/hotnewsinworld.com\/pt\/wp-content\/uploads\/sites\/2\/2021\/04\/Governo-apresenta-Plano-de-Recuperacao-e-Resiliencia-a-Marcelo-na.jpg","type":"image\/jpeg"}],"author":"hotnewsinworld","twitter_card":"summary_large_image","twitter_misc":{"Escrito por":"hotnewsinworld","Tempo estimado de leitura":"2 minutos"},"schema":{"@context":"https:\/\/schema.org","@graph":[{"@type":"Article","@id":"https:\/\/hotnewsinworld.com\/pt\/governo-apresenta-plano-de-recuperacao-e-resiliencia-a-marcelo-na-sexta-feira\/#article","isPartOf":{"@id":"https:\/\/hotnewsinworld.com\/pt\/governo-apresenta-plano-de-recuperacao-e-resiliencia-a-marcelo-na-sexta-feira\/"},"author":{"name":"hotnewsinworld","@id":"https:\/\/hotnewsinworld.com\/pt\/#\/schema\/person\/fe61448b21c0d59086e75fcc1f9d8f6b"},"headline":"Governo apresenta Plano de Recupera\u00e7\u00e3o e Resili\u00eancia a Marcelo na sexta-feira","datePublished":"2021-04-15T19:53:31+00:00","dateModified":"2021-04-15T19:53:33+00:00","mainEntityOfPage":{"@id":"https:\/\/hotnewsinworld.com\/pt\/governo-apresenta-plano-de-recuperacao-e-resiliencia-a-marcelo-na-sexta-feira\/"},"wordCount":492,"commentCount":0,"image":{"@id":"https:\/\/hotnewsinworld.com\/pt\/governo-apresenta-plano-de-recuperacao-e-resiliencia-a-marcelo-na-sexta-feira\/#primaryimage"},"thumbnailUrl":"https:\/\/hotnewsinworld.com\/pt\/wp-content\/uploads\/sites\/2\/2021\/04\/Governo-apresenta-Plano-de-Recuperacao-e-Resiliencia-a-Marcelo-na.jpg","articleSection":["\u00daLTIMAS NOT\u00cdCIAS FINANCEIRAS"],"inLanguage":"pt-PT","potentialAction":[{"@type":"CommentAction","name":"Comment","target":["https:\/\/hotnewsinworld.com\/pt\/governo-apresenta-plano-de-recuperacao-e-resiliencia-a-marcelo-na-sexta-feira\/#respond"]}]},{"@type":"WebPage","@id":"https:\/\/hotnewsinworld.com\/pt\/governo-apresenta-plano-de-recuperacao-e-resiliencia-a-marcelo-na-sexta-feira\/","url":"https:\/\/hotnewsinworld.com\/pt\/governo-apresenta-plano-de-recuperacao-e-resiliencia-a-marcelo-na-sexta-feira\/","name":"Governo apresenta Plano de Recupera\u00e7\u00e3o e Resili\u00eancia a Marcelo na sexta-feira - Hot News in World","isPartOf":{"@id":"https:\/\/hotnewsinworld.com\/pt\/#website"},"primaryImageOfPage":{"@id":"https:\/\/hotnewsinworld.com\/pt\/governo-apresenta-plano-de-recuperacao-e-resiliencia-a-marcelo-na-sexta-feira\/#primaryimage"},"image":{"@id":"https:\/\/hotnewsinworld.com\/pt\/governo-apresenta-plano-de-recuperacao-e-resiliencia-a-marcelo-na-sexta-feira\/#primaryimage"},"thumbnailUrl":"https:\/\/hotnewsinworld.com\/pt\/wp-content\/uploads\/sites\/2\/2021\/04\/Governo-apresenta-Plano-de-Recuperacao-e-Resiliencia-a-Marcelo-na.jpg","datePublished":"2021-04-15T19:53:31+00:00","dateModified":"2021-04-15T19:53:33+00:00","author":{"@id":"https:\/\/hotnewsinworld.com\/pt\/#\/schema\/person\/fe61448b21c0d59086e75fcc1f9d8f6b"},"breadcrumb":{"@id":"https:\/\/hotnewsinworld.com\/pt\/governo-apresenta-plano-de-recuperacao-e-resiliencia-a-marcelo-na-sexta-feira\/#breadcrumb"},"inLanguage":"pt-PT","potentialAction":[{"@type":"ReadAction","target":["https:\/\/hotnewsinworld.com\/pt\/governo-apresenta-plano-de-recuperacao-e-resiliencia-a-marcelo-na-sexta-feira\/"]}]},{"@type":"ImageObject","inLanguage":"pt-PT","@id":"https:\/\/hotnewsinworld.com\/pt\/governo-apresenta-plano-de-recuperacao-e-resiliencia-a-marcelo-na-sexta-feira\/#primaryimage","url":"https:\/\/hotnewsinworld.com\/pt\/wp-content\/uploads\/sites\/2\/2021\/04\/Governo-apresenta-Plano-de-Recuperacao-e-Resiliencia-a-Marcelo-na.jpg","contentUrl":"https:\/\/hotnewsinworld.com\/pt\/wp-content\/uploads\/sites\/2\/2021\/04\/Governo-apresenta-Plano-de-Recuperacao-e-Resiliencia-a-Marcelo-na.jpg","width":800,"height":420,"caption":"Governo apresenta Plano de Recupera\u00e7\u00e3o e Resili\u00eancia a Marcelo na sexta-feira"},{"@type":"BreadcrumbList","@id":"https:\/\/hotnewsinworld.com\/pt\/governo-apresenta-plano-de-recuperacao-e-resiliencia-a-marcelo-na-sexta-feira\/#breadcrumb","itemListElement":[{"@type":"ListItem","position":1,"name":"\u0413\u043b\u0430\u0432\u043d\u0430\u044f \u0441\u0442\u0440\u0430\u043d\u0438\u0446\u0430","item":"https:\/\/hotnewsinworld.com\/pt\/"},{"@type":"ListItem","position":2,"name":"Governo apresenta Plano de Recupera\u00e7\u00e3o e Resili\u00eancia a Marcelo na sexta-feira"}]},{"@type":"WebSite","@id":"https:\/\/hotnewsinworld.com\/pt\/#website","url":"https:\/\/hotnewsinworld.com\/pt\/","name":"Hot News in World","description":"Hot News in World Portugal","potentialAction":[{"@type":"SearchAction","target":{"@type":"EntryPoint","urlTemplate":"https:\/\/hotnewsinworld.com\/pt\/?s={search_term_string}"},"query-input":{"@type":"PropertyValueSpecification","valueRequired":true,"valueName":"search_term_string"}}],"inLanguage":"pt-PT"},{"@type":"Person","@id":"https:\/\/hotnewsinworld.com\/pt\/#\/schema\/person\/fe61448b21c0d59086e75fcc1f9d8f6b","name":"hotnewsinworld","image":{"@type":"ImageObject","inLanguage":"pt-PT","@id":"https:\/\/secure.gravatar.com\/avatar\/8a09ac165600ce2e1c38fe593c63928eb1e6e7ba5c5a907d67787c41b3d00c14?s=96&d=mm&r=g","url":"https:\/\/secure.gravatar.com\/avatar\/8a09ac165600ce2e1c38fe593c63928eb1e6e7ba5c5a907d67787c41b3d00c14?s=96&d=mm&r=g","contentUrl":"https:\/\/secure.gravatar.com\/avatar\/8a09ac165600ce2e1c38fe593c63928eb1e6e7ba5c5a907d67787c41b3d00c14?s=96&d=mm&r=g","caption":"hotnewsinworld"},"url":"https:\/\/hotnewsinworld.com\/pt\/author\/pt\/"}]}},"_links":{"self":[{"href":"https:\/\/hotnewsinworld.com\/pt\/wp-json\/wp\/v2\/posts\/3459","targetHints":{"allow":["GET"]}}],"collection":[{"href":"https:\/\/hotnewsinworld.com\/pt\/wp-json\/wp\/v2\/posts"}],"about":[{"href":"https:\/\/hotnewsinworld.com\/pt\/wp-json\/wp\/v2\/types\/post"}],"author":[{"embeddable":true,"href":"https:\/\/hotnewsinworld.com\/pt\/wp-json\/wp\/v2\/users\/2"}],"replies":[{"embeddable":true,"href":"https:\/\/hotnewsinworld.com\/pt\/wp-json\/wp\/v2\/comments?post=3459"}],"version-history":[{"count":1,"href":"https:\/\/hotnewsinworld.com\/pt\/wp-json\/wp\/v2\/posts\/3459\/revisions"}],"predecessor-version":[{"id":3461,"href":"https:\/\/hotnewsinworld.com\/pt\/wp-json\/wp\/v2\/posts\/3459\/revisions\/3461"}],"wp:featuredmedia":[{"embeddable":true,"href":"https:\/\/hotnewsinworld.com\/pt\/wp-json\/wp\/v2\/media\/3460"}],"wp:attachment":[{"href":"https:\/\/hotnewsinworld.com\/pt\/wp-json\/wp\/v2\/media?parent=3459"}],"wp:term":[{"taxonomy":"category","embeddable":true,"href":"https:\/\/hotnewsinworld.com\/pt\/wp-json\/wp\/v2\/categories?post=3459"},{"taxonomy":"post_tag","embeddable":true,"href":"https:\/\/hotnewsinworld.com\/pt\/wp-json\/wp\/v2\/tags?post=3459"}],"curies":[{"name":"wp","href":"https:\/\/api.w.org\/{rel}","templated":true}]}}