{"id":3462,"date":"2021-04-16T10:54:23","date_gmt":"2021-04-16T07:54:23","guid":{"rendered":"https:\/\/hotnewsinworld.com\/pt\/teletrabalho-aumenta-fatura-da-luz-pelo-menos-28-euros-por-ano\/"},"modified":"2021-04-16T10:54:27","modified_gmt":"2021-04-16T07:54:27","slug":"teletrabalho-aumenta-fatura-da-luz-pelo-menos-28-euros-por-ano","status":"publish","type":"post","link":"https:\/\/hotnewsinworld.com\/pt\/teletrabalho-aumenta-fatura-da-luz-pelo-menos-28-euros-por-ano\/","title":{"rendered":"Teletrabalho aumenta fatura da luz pelo menos 28 euros por ano"},"content":{"rendered":"<p>Marisa SilvaHoje\u00a0\u00e0s\u00a007:12Valor assenta no uso de computador e eletrodom\u00e9sticos por duas pessoas. Pedidos de ajuda \u00e0 Deco disparam.Duas pessoas em teletrabalho debaixo do mesmo teto pagam, em m\u00e9dia, pelo menos, mais 28 euros por ano na fatura da eletricidade, devido ao uso do computador e ao aumento da utiliza\u00e7\u00e3o dos eletrodom\u00e9sticos, como a m\u00e1quina de caf\u00e9, o forno e a televis\u00e3o.As contas s\u00e3o feitas pela Selectra e t\u00eam como refer\u00eancia o consumo m\u00e9dio de uma fam\u00edlia-padr\u00e3o. De fora dos c\u00e1lculos fica a climatiza\u00e7\u00e3o do lar, bem como a ilumina\u00e7\u00e3o, que tamb\u00e9m pode &#8220;encarecer a fatura da luz&#8221;. S\u00f3 &#8220;nos casos em que os agregados familiares tenham l\u00e2mpadas de baixo consumo \u00e9 que o valor seria residual&#8221;, entre os tr\u00eas e cinco euros adicionais por ano.&#8221;Num lar, o consumo el\u00e9trico gerado por eletrodom\u00e9sticos ronda os 66% da fatura de luz anual. Ap\u00f3s um ano desde o in\u00edcio da pandemia, as nossas casas tornaram-se no lugar onde passamos grande parte do nosso tempo. Esta viv\u00eancia permanente em casa trouxe um aumento nos gastos&#8221;, referiu a Selectra, em comunicado.S\u00f3 nos primeiros tr\u00eas meses do ano, o aumento do consumo de eletricidade e a consequente subida do valor da fatura da luz fizeram disparar o n\u00famero de pessoas a recorrer \u00e0 Deco. A associa\u00e7\u00e3o de defesa do consumidor recebeu mais de 1400 pedidos de ajuda sobre a fatura de energia, mais 61% face a 2020. Em alguns casos, a fatura subiu de 80 para 200 euros mensais.&#8221;Este aumento est\u00e1 muito relacionado com o inverno mais frio, com as medidas de confinamento e a necessidade de ficarmos mais tempo em casa, at\u00e9 por causa do teletrabalho, e tudo isso levou a faturas de energia mais elevadas&#8221;, detalhou \u00e0 Lusa Carolina Gouveia, jurista da Deco, assinalando que o apoio extraordin\u00e1rio sobre a fatura de eletricidade lan\u00e7ado pelo Governo \u00e9 &#8220;merit\u00f3rio&#8221;, mas &#8220;diminuto&#8221; &#8220;face ao aumento de consumo verificado&#8221;.De acordo com Carolina Gouveia, a maior parte dos contactos recebidos partiram de consumidores que pretendiam saber se o valor faturado estava correto. Uma parte mais reduzida, por n\u00e3o conseguir liquidar a fatura de uma vez, pediu ajuda para conseguir um plano a pagamento a presta\u00e7\u00f5es.Pequenos aparelhosDe acordo com a Selectra, o micro-ondas, a m\u00e1quina do caf\u00e9, o aspirador ou o ferro de engomar s\u00e3o alguns dos aparelhos que consomem mais eletricidade. Juntos representam cerca de 27% do gasto total de energia de uma casa.AtendimentoA Deco tem em funcionamento, desde novembro, um Gabinete de Aconselhamento de Energia. O servi\u00e7o \u00e9 gratuito e conta com uma equipa de mais de tr\u00eas dezenas de t\u00e9cnicos.<br \/>\n<br \/>\n<!--noindex--><br \/>\n<a href=\"http:\/\/feeds.jn.pt\/~r\/JN-ECONOMIA\/~3\/NQVwDaQiX1c\/teletrabalho-aumenta-fatura-da-luz-pelo-menos-28-euros-por-ano-13576463.html\" rel=\"nofollow\">Source link <\/a><br \/>\n<!--\/noindex--><\/p>\n","protected":false},"excerpt":{"rendered":"<p>Marisa SilvaHoje\u00a0\u00e0s\u00a007:12Valor assenta no uso de computador e eletrodom\u00e9sticos por duas pessoas. Pedidos de ajuda \u00e0 Deco disparam.Duas pessoas em teletrabalho debaixo do mesmo teto pagam, em m\u00e9dia, pelo menos, mais 28 euros por ano na fatura da eletricidade, devido ao uso do computador e ao aumento da utiliza\u00e7\u00e3o dos eletrodom\u00e9sticos, como a m\u00e1quina de [&hellip;]<\/p>\n","protected":false},"author":2,"featured_media":3463,"comment_status":"open","ping_status":"open","sticky":false,"template":"","format":"standard","meta":{"footnotes":""},"categories":[1],"tags":[],"class_list":["post-3462","post","type-post","status-publish","format-standard","has-post-thumbnail","hentry","category-ultimas-noticias-financeiras"],"yoast_head":"<!-- This site is optimized with the Yoast SEO plugin v27.4 - https:\/\/yoast.com\/product\/yoast-seo-wordpress\/ -->\n<title>Teletrabalho aumenta fatura da luz pelo menos 28 euros por ano - Hot News in World<\/title>\n<meta name=\"robots\" content=\"index, follow, max-snippet:-1, max-image-preview:large, max-video-preview:-1\" \/>\n<link rel=\"canonical\" href=\"https:\/\/hotnewsinworld.com\/pt\/teletrabalho-aumenta-fatura-da-luz-pelo-menos-28-euros-por-ano\/\" \/>\n<meta property=\"og:locale\" content=\"pt_PT\" \/>\n<meta property=\"og:type\" content=\"article\" \/>\n<meta property=\"og:title\" content=\"Teletrabalho aumenta fatura da luz pelo menos 28 euros por ano - Hot News in World\" \/>\n<meta property=\"og:description\" content=\"Marisa SilvaHoje\u00a0\u00e0s\u00a007:12Valor assenta no uso de computador e eletrodom\u00e9sticos por duas pessoas. Pedidos de ajuda \u00e0 Deco disparam.Duas pessoas em teletrabalho debaixo do mesmo teto pagam, em m\u00e9dia, pelo menos, mais 28 euros por ano na fatura da eletricidade, devido ao uso do computador e ao aumento da utiliza\u00e7\u00e3o dos eletrodom\u00e9sticos, como a m\u00e1quina de [&hellip;]\" \/>\n<meta property=\"og:url\" content=\"https:\/\/hotnewsinworld.com\/pt\/teletrabalho-aumenta-fatura-da-luz-pelo-menos-28-euros-por-ano\/\" \/>\n<meta property=\"og:site_name\" content=\"Hot News in World\" \/>\n<meta property=\"article:published_time\" content=\"2021-04-16T07:54:23+00:00\" \/>\n<meta property=\"article:modified_time\" content=\"2021-04-16T07:54:27+00:00\" \/>\n<meta property=\"og:image\" content=\"https:\/\/hotnewsinworld.com\/pt\/wp-content\/uploads\/sites\/2\/2021\/04\/Teletrabalho-aumenta-fatura-da-luz-pelo-menos-28-euros-por.jpg\" \/>\n\t<meta property=\"og:image:width\" content=\"800\" \/>\n\t<meta property=\"og:image:height\" content=\"420\" \/>\n\t<meta property=\"og:image:type\" content=\"image\/jpeg\" \/>\n<meta name=\"author\" content=\"hotnewsinworld\" \/>\n<meta name=\"twitter:card\" content=\"summary_large_image\" \/>\n<meta name=\"twitter:label1\" content=\"Escrito por\" \/>\n\t<meta name=\"twitter:data1\" content=\"hotnewsinworld\" \/>\n\t<meta name=\"twitter:label2\" content=\"Tempo estimado de leitura\" \/>\n\t<meta name=\"twitter:data2\" content=\"2 minutos\" \/>\n<script type=\"application\/ld+json\" class=\"yoast-schema-graph\">{\"@context\":\"https:\\\/\\\/schema.org\",\"@graph\":[{\"@type\":\"Article\",\"@id\":\"https:\\\/\\\/hotnewsinworld.com\\\/pt\\\/teletrabalho-aumenta-fatura-da-luz-pelo-menos-28-euros-por-ano\\\/#article\",\"isPartOf\":{\"@id\":\"https:\\\/\\\/hotnewsinworld.com\\\/pt\\\/teletrabalho-aumenta-fatura-da-luz-pelo-menos-28-euros-por-ano\\\/\"},\"author\":{\"name\":\"hotnewsinworld\",\"@id\":\"https:\\\/\\\/hotnewsinworld.com\\\/pt\\\/#\\\/schema\\\/person\\\/fe61448b21c0d59086e75fcc1f9d8f6b\"},\"headline\":\"Teletrabalho aumenta fatura da luz pelo menos 28 euros por ano\",\"datePublished\":\"2021-04-16T07:54:23+00:00\",\"dateModified\":\"2021-04-16T07:54:27+00:00\",\"mainEntityOfPage\":{\"@id\":\"https:\\\/\\\/hotnewsinworld.com\\\/pt\\\/teletrabalho-aumenta-fatura-da-luz-pelo-menos-28-euros-por-ano\\\/\"},\"wordCount\":468,\"commentCount\":0,\"image\":{\"@id\":\"https:\\\/\\\/hotnewsinworld.com\\\/pt\\\/teletrabalho-aumenta-fatura-da-luz-pelo-menos-28-euros-por-ano\\\/#primaryimage\"},\"thumbnailUrl\":\"https:\\\/\\\/hotnewsinworld.com\\\/pt\\\/wp-content\\\/uploads\\\/sites\\\/2\\\/2021\\\/04\\\/Teletrabalho-aumenta-fatura-da-luz-pelo-menos-28-euros-por.jpg\",\"articleSection\":[\"\u00daLTIMAS NOT\u00cdCIAS FINANCEIRAS\"],\"inLanguage\":\"pt-PT\",\"potentialAction\":[{\"@type\":\"CommentAction\",\"name\":\"Comment\",\"target\":[\"https:\\\/\\\/hotnewsinworld.com\\\/pt\\\/teletrabalho-aumenta-fatura-da-luz-pelo-menos-28-euros-por-ano\\\/#respond\"]}]},{\"@type\":\"WebPage\",\"@id\":\"https:\\\/\\\/hotnewsinworld.com\\\/pt\\\/teletrabalho-aumenta-fatura-da-luz-pelo-menos-28-euros-por-ano\\\/\",\"url\":\"https:\\\/\\\/hotnewsinworld.com\\\/pt\\\/teletrabalho-aumenta-fatura-da-luz-pelo-menos-28-euros-por-ano\\\/\",\"name\":\"Teletrabalho aumenta fatura da luz pelo menos 28 euros por ano - Hot News in World\",\"isPartOf\":{\"@id\":\"https:\\\/\\\/hotnewsinworld.com\\\/pt\\\/#website\"},\"primaryImageOfPage\":{\"@id\":\"https:\\\/\\\/hotnewsinworld.com\\\/pt\\\/teletrabalho-aumenta-fatura-da-luz-pelo-menos-28-euros-por-ano\\\/#primaryimage\"},\"image\":{\"@id\":\"https:\\\/\\\/hotnewsinworld.com\\\/pt\\\/teletrabalho-aumenta-fatura-da-luz-pelo-menos-28-euros-por-ano\\\/#primaryimage\"},\"thumbnailUrl\":\"https:\\\/\\\/hotnewsinworld.com\\\/pt\\\/wp-content\\\/uploads\\\/sites\\\/2\\\/2021\\\/04\\\/Teletrabalho-aumenta-fatura-da-luz-pelo-menos-28-euros-por.jpg\",\"datePublished\":\"2021-04-16T07:54:23+00:00\",\"dateModified\":\"2021-04-16T07:54:27+00:00\",\"author\":{\"@id\":\"https:\\\/\\\/hotnewsinworld.com\\\/pt\\\/#\\\/schema\\\/person\\\/fe61448b21c0d59086e75fcc1f9d8f6b\"},\"breadcrumb\":{\"@id\":\"https:\\\/\\\/hotnewsinworld.com\\\/pt\\\/teletrabalho-aumenta-fatura-da-luz-pelo-menos-28-euros-por-ano\\\/#breadcrumb\"},\"inLanguage\":\"pt-PT\",\"potentialAction\":[{\"@type\":\"ReadAction\",\"target\":[\"https:\\\/\\\/hotnewsinworld.com\\\/pt\\\/teletrabalho-aumenta-fatura-da-luz-pelo-menos-28-euros-por-ano\\\/\"]}]},{\"@type\":\"ImageObject\",\"inLanguage\":\"pt-PT\",\"@id\":\"https:\\\/\\\/hotnewsinworld.com\\\/pt\\\/teletrabalho-aumenta-fatura-da-luz-pelo-menos-28-euros-por-ano\\\/#primaryimage\",\"url\":\"https:\\\/\\\/hotnewsinworld.com\\\/pt\\\/wp-content\\\/uploads\\\/sites\\\/2\\\/2021\\\/04\\\/Teletrabalho-aumenta-fatura-da-luz-pelo-menos-28-euros-por.jpg\",\"contentUrl\":\"https:\\\/\\\/hotnewsinworld.com\\\/pt\\\/wp-content\\\/uploads\\\/sites\\\/2\\\/2021\\\/04\\\/Teletrabalho-aumenta-fatura-da-luz-pelo-menos-28-euros-por.jpg\",\"width\":800,\"height\":420,\"caption\":\"Teletrabalho aumenta fatura da luz pelo menos 28 euros por ano\"},{\"@type\":\"BreadcrumbList\",\"@id\":\"https:\\\/\\\/hotnewsinworld.com\\\/pt\\\/teletrabalho-aumenta-fatura-da-luz-pelo-menos-28-euros-por-ano\\\/#breadcrumb\",\"itemListElement\":[{\"@type\":\"ListItem\",\"position\":1,\"name\":\"\u0413\u043b\u0430\u0432\u043d\u0430\u044f \u0441\u0442\u0440\u0430\u043d\u0438\u0446\u0430\",\"item\":\"https:\\\/\\\/hotnewsinworld.com\\\/pt\\\/\"},{\"@type\":\"ListItem\",\"position\":2,\"name\":\"Teletrabalho aumenta fatura da luz pelo menos 28 euros por ano\"}]},{\"@type\":\"WebSite\",\"@id\":\"https:\\\/\\\/hotnewsinworld.com\\\/pt\\\/#website\",\"url\":\"https:\\\/\\\/hotnewsinworld.com\\\/pt\\\/\",\"name\":\"Hot News in World\",\"description\":\"Hot News in World Portugal\",\"potentialAction\":[{\"@type\":\"SearchAction\",\"target\":{\"@type\":\"EntryPoint\",\"urlTemplate\":\"https:\\\/\\\/hotnewsinworld.com\\\/pt\\\/?s={search_term_string}\"},\"query-input\":{\"@type\":\"PropertyValueSpecification\",\"valueRequired\":true,\"valueName\":\"search_term_string\"}}],\"inLanguage\":\"pt-PT\"},{\"@type\":\"Person\",\"@id\":\"https:\\\/\\\/hotnewsinworld.com\\\/pt\\\/#\\\/schema\\\/person\\\/fe61448b21c0d59086e75fcc1f9d8f6b\",\"name\":\"hotnewsinworld\",\"image\":{\"@type\":\"ImageObject\",\"inLanguage\":\"pt-PT\",\"@id\":\"https:\\\/\\\/secure.gravatar.com\\\/avatar\\\/8a09ac165600ce2e1c38fe593c63928eb1e6e7ba5c5a907d67787c41b3d00c14?s=96&d=mm&r=g\",\"url\":\"https:\\\/\\\/secure.gravatar.com\\\/avatar\\\/8a09ac165600ce2e1c38fe593c63928eb1e6e7ba5c5a907d67787c41b3d00c14?s=96&d=mm&r=g\",\"contentUrl\":\"https:\\\/\\\/secure.gravatar.com\\\/avatar\\\/8a09ac165600ce2e1c38fe593c63928eb1e6e7ba5c5a907d67787c41b3d00c14?s=96&d=mm&r=g\",\"caption\":\"hotnewsinworld\"},\"url\":\"https:\\\/\\\/hotnewsinworld.com\\\/pt\\\/author\\\/pt\\\/\"}]}<\/script>\n<!-- \/ Yoast SEO plugin. -->","yoast_head_json":{"title":"Teletrabalho aumenta fatura da luz pelo menos 28 euros por ano - Hot News in World","robots":{"index":"index","follow":"follow","max-snippet":"max-snippet:-1","max-image-preview":"max-image-preview:large","max-video-preview":"max-video-preview:-1"},"canonical":"https:\/\/hotnewsinworld.com\/pt\/teletrabalho-aumenta-fatura-da-luz-pelo-menos-28-euros-por-ano\/","og_locale":"pt_PT","og_type":"article","og_title":"Teletrabalho aumenta fatura da luz pelo menos 28 euros por ano - Hot News in World","og_description":"Marisa SilvaHoje\u00a0\u00e0s\u00a007:12Valor assenta no uso de computador e eletrodom\u00e9sticos por duas pessoas. Pedidos de ajuda \u00e0 Deco disparam.Duas pessoas em teletrabalho debaixo do mesmo teto pagam, em m\u00e9dia, pelo menos, mais 28 euros por ano na fatura da eletricidade, devido ao uso do computador e ao aumento da utiliza\u00e7\u00e3o dos eletrodom\u00e9sticos, como a m\u00e1quina de [&hellip;]","og_url":"https:\/\/hotnewsinworld.com\/pt\/teletrabalho-aumenta-fatura-da-luz-pelo-menos-28-euros-por-ano\/","og_site_name":"Hot News in World","article_published_time":"2021-04-16T07:54:23+00:00","article_modified_time":"2021-04-16T07:54:27+00:00","og_image":[{"width":800,"height":420,"url":"https:\/\/hotnewsinworld.com\/pt\/wp-content\/uploads\/sites\/2\/2021\/04\/Teletrabalho-aumenta-fatura-da-luz-pelo-menos-28-euros-por.jpg","type":"image\/jpeg"}],"author":"hotnewsinworld","twitter_card":"summary_large_image","twitter_misc":{"Escrito por":"hotnewsinworld","Tempo estimado de leitura":"2 minutos"},"schema":{"@context":"https:\/\/schema.org","@graph":[{"@type":"Article","@id":"https:\/\/hotnewsinworld.com\/pt\/teletrabalho-aumenta-fatura-da-luz-pelo-menos-28-euros-por-ano\/#article","isPartOf":{"@id":"https:\/\/hotnewsinworld.com\/pt\/teletrabalho-aumenta-fatura-da-luz-pelo-menos-28-euros-por-ano\/"},"author":{"name":"hotnewsinworld","@id":"https:\/\/hotnewsinworld.com\/pt\/#\/schema\/person\/fe61448b21c0d59086e75fcc1f9d8f6b"},"headline":"Teletrabalho aumenta fatura da luz pelo menos 28 euros por ano","datePublished":"2021-04-16T07:54:23+00:00","dateModified":"2021-04-16T07:54:27+00:00","mainEntityOfPage":{"@id":"https:\/\/hotnewsinworld.com\/pt\/teletrabalho-aumenta-fatura-da-luz-pelo-menos-28-euros-por-ano\/"},"wordCount":468,"commentCount":0,"image":{"@id":"https:\/\/hotnewsinworld.com\/pt\/teletrabalho-aumenta-fatura-da-luz-pelo-menos-28-euros-por-ano\/#primaryimage"},"thumbnailUrl":"https:\/\/hotnewsinworld.com\/pt\/wp-content\/uploads\/sites\/2\/2021\/04\/Teletrabalho-aumenta-fatura-da-luz-pelo-menos-28-euros-por.jpg","articleSection":["\u00daLTIMAS NOT\u00cdCIAS FINANCEIRAS"],"inLanguage":"pt-PT","potentialAction":[{"@type":"CommentAction","name":"Comment","target":["https:\/\/hotnewsinworld.com\/pt\/teletrabalho-aumenta-fatura-da-luz-pelo-menos-28-euros-por-ano\/#respond"]}]},{"@type":"WebPage","@id":"https:\/\/hotnewsinworld.com\/pt\/teletrabalho-aumenta-fatura-da-luz-pelo-menos-28-euros-por-ano\/","url":"https:\/\/hotnewsinworld.com\/pt\/teletrabalho-aumenta-fatura-da-luz-pelo-menos-28-euros-por-ano\/","name":"Teletrabalho aumenta fatura da luz pelo menos 28 euros por ano - Hot News in World","isPartOf":{"@id":"https:\/\/hotnewsinworld.com\/pt\/#website"},"primaryImageOfPage":{"@id":"https:\/\/hotnewsinworld.com\/pt\/teletrabalho-aumenta-fatura-da-luz-pelo-menos-28-euros-por-ano\/#primaryimage"},"image":{"@id":"https:\/\/hotnewsinworld.com\/pt\/teletrabalho-aumenta-fatura-da-luz-pelo-menos-28-euros-por-ano\/#primaryimage"},"thumbnailUrl":"https:\/\/hotnewsinworld.com\/pt\/wp-content\/uploads\/sites\/2\/2021\/04\/Teletrabalho-aumenta-fatura-da-luz-pelo-menos-28-euros-por.jpg","datePublished":"2021-04-16T07:54:23+00:00","dateModified":"2021-04-16T07:54:27+00:00","author":{"@id":"https:\/\/hotnewsinworld.com\/pt\/#\/schema\/person\/fe61448b21c0d59086e75fcc1f9d8f6b"},"breadcrumb":{"@id":"https:\/\/hotnewsinworld.com\/pt\/teletrabalho-aumenta-fatura-da-luz-pelo-menos-28-euros-por-ano\/#breadcrumb"},"inLanguage":"pt-PT","potentialAction":[{"@type":"ReadAction","target":["https:\/\/hotnewsinworld.com\/pt\/teletrabalho-aumenta-fatura-da-luz-pelo-menos-28-euros-por-ano\/"]}]},{"@type":"ImageObject","inLanguage":"pt-PT","@id":"https:\/\/hotnewsinworld.com\/pt\/teletrabalho-aumenta-fatura-da-luz-pelo-menos-28-euros-por-ano\/#primaryimage","url":"https:\/\/hotnewsinworld.com\/pt\/wp-content\/uploads\/sites\/2\/2021\/04\/Teletrabalho-aumenta-fatura-da-luz-pelo-menos-28-euros-por.jpg","contentUrl":"https:\/\/hotnewsinworld.com\/pt\/wp-content\/uploads\/sites\/2\/2021\/04\/Teletrabalho-aumenta-fatura-da-luz-pelo-menos-28-euros-por.jpg","width":800,"height":420,"caption":"Teletrabalho aumenta fatura da luz pelo menos 28 euros por ano"},{"@type":"BreadcrumbList","@id":"https:\/\/hotnewsinworld.com\/pt\/teletrabalho-aumenta-fatura-da-luz-pelo-menos-28-euros-por-ano\/#breadcrumb","itemListElement":[{"@type":"ListItem","position":1,"name":"\u0413\u043b\u0430\u0432\u043d\u0430\u044f \u0441\u0442\u0440\u0430\u043d\u0438\u0446\u0430","item":"https:\/\/hotnewsinworld.com\/pt\/"},{"@type":"ListItem","position":2,"name":"Teletrabalho aumenta fatura da luz pelo menos 28 euros por ano"}]},{"@type":"WebSite","@id":"https:\/\/hotnewsinworld.com\/pt\/#website","url":"https:\/\/hotnewsinworld.com\/pt\/","name":"Hot News in World","description":"Hot News in World Portugal","potentialAction":[{"@type":"SearchAction","target":{"@type":"EntryPoint","urlTemplate":"https:\/\/hotnewsinworld.com\/pt\/?s={search_term_string}"},"query-input":{"@type":"PropertyValueSpecification","valueRequired":true,"valueName":"search_term_string"}}],"inLanguage":"pt-PT"},{"@type":"Person","@id":"https:\/\/hotnewsinworld.com\/pt\/#\/schema\/person\/fe61448b21c0d59086e75fcc1f9d8f6b","name":"hotnewsinworld","image":{"@type":"ImageObject","inLanguage":"pt-PT","@id":"https:\/\/secure.gravatar.com\/avatar\/8a09ac165600ce2e1c38fe593c63928eb1e6e7ba5c5a907d67787c41b3d00c14?s=96&d=mm&r=g","url":"https:\/\/secure.gravatar.com\/avatar\/8a09ac165600ce2e1c38fe593c63928eb1e6e7ba5c5a907d67787c41b3d00c14?s=96&d=mm&r=g","contentUrl":"https:\/\/secure.gravatar.com\/avatar\/8a09ac165600ce2e1c38fe593c63928eb1e6e7ba5c5a907d67787c41b3d00c14?s=96&d=mm&r=g","caption":"hotnewsinworld"},"url":"https:\/\/hotnewsinworld.com\/pt\/author\/pt\/"}]}},"_links":{"self":[{"href":"https:\/\/hotnewsinworld.com\/pt\/wp-json\/wp\/v2\/posts\/3462","targetHints":{"allow":["GET"]}}],"collection":[{"href":"https:\/\/hotnewsinworld.com\/pt\/wp-json\/wp\/v2\/posts"}],"about":[{"href":"https:\/\/hotnewsinworld.com\/pt\/wp-json\/wp\/v2\/types\/post"}],"author":[{"embeddable":true,"href":"https:\/\/hotnewsinworld.com\/pt\/wp-json\/wp\/v2\/users\/2"}],"replies":[{"embeddable":true,"href":"https:\/\/hotnewsinworld.com\/pt\/wp-json\/wp\/v2\/comments?post=3462"}],"version-history":[{"count":1,"href":"https:\/\/hotnewsinworld.com\/pt\/wp-json\/wp\/v2\/posts\/3462\/revisions"}],"predecessor-version":[{"id":3464,"href":"https:\/\/hotnewsinworld.com\/pt\/wp-json\/wp\/v2\/posts\/3462\/revisions\/3464"}],"wp:featuredmedia":[{"embeddable":true,"href":"https:\/\/hotnewsinworld.com\/pt\/wp-json\/wp\/v2\/media\/3463"}],"wp:attachment":[{"href":"https:\/\/hotnewsinworld.com\/pt\/wp-json\/wp\/v2\/media?parent=3462"}],"wp:term":[{"taxonomy":"category","embeddable":true,"href":"https:\/\/hotnewsinworld.com\/pt\/wp-json\/wp\/v2\/categories?post=3462"},{"taxonomy":"post_tag","embeddable":true,"href":"https:\/\/hotnewsinworld.com\/pt\/wp-json\/wp\/v2\/tags?post=3462"}],"curies":[{"name":"wp","href":"https:\/\/api.w.org\/{rel}","templated":true}]}}