{"id":3468,"date":"2021-04-17T11:02:11","date_gmt":"2021-04-17T08:02:11","guid":{"rendered":"https:\/\/hotnewsinworld.com\/pt\/eqs-e-um-modelo-eletrico-de-luxo-da-mercedes-com-autonomia-de-770-quilometros\/"},"modified":"2021-04-17T11:02:14","modified_gmt":"2021-04-17T08:02:14","slug":"eqs-e-um-modelo-eletrico-de-luxo-da-mercedes-com-autonomia-de-770-quilometros","status":"publish","type":"post","link":"https:\/\/hotnewsinworld.com\/pt\/eqs-e-um-modelo-eletrico-de-luxo-da-mercedes-com-autonomia-de-770-quilometros\/","title":{"rendered":"EQS \u00e9 um modelo el\u00e9trico de luxo da Mercedes com autonomia de 770 quil\u00f3metros"},"content":{"rendered":"<p>Reis PintoOntem\u00a0\u00e0s\u00a021:48A Mercedes apresentou a sua nova proposta el\u00e9trica, o topo de gama EQS, que anuncia uma autonomia de 770 quil\u00f3metros. Dever\u00e1 chegar a Portugal no \u00faltimo trimestre deste ano nas vers\u00f5es EQS 450+, com 245 kW (333 cavalos) de pot\u00eancia, e 580 4MATIC, com 385 kW (523 cavalos de pot\u00eancia).O EQS \u00e9 o primeiro modelo da marca alem\u00e3 a dispor de uma plataforma exclusiva para modelos el\u00e9tricos e exibe um impressionante conte\u00fado tecnol\u00f3gico a come\u00e7ar pelo coeficiente aerodin\u00e2mico (cd) de 0.20 o que, segundo a Mercedes, o torna autom\u00f3vel mais aerodin\u00e2mico produzido em s\u00e9rie do mundo.No interior o destaque vai para o MBUX (Mercedes-Benz User Experience) Hypersecreen, com 141 cent\u00edmetros de largura, ou seja, vai praticamente de um lado ao outro do carro, parecendo um ecr\u00e3 cont\u00ednuo, mas que, na realidade, s\u00e3o tr\u00eas e usam a tecnologia OLED. Um abriga o painel de instrumentos, o outro, ao centro, o sistema de infoentretenimento existindo um terceiro em frente ao passageiro.O Hyperscreen tem oito n\u00facleos CPU, com 24 GB de mem\u00f3ria RAM e 46,4 GB por segundo de largura de banda de mem\u00f3ria RAM. Uma c\u00e2mara multifun\u00e7\u00f5es e um sensor de luminosidade adapta a luminosidade dos tr\u00eas ecr\u00e3s \u00e0s condi\u00e7\u00f5es ambientais.A Mercedes-EQ utiliza uma l\u00f3gica de bloqueio inteligente com recurso a uma c\u00e2mara. Se ela detetar que o condutor est\u00e1 a olhar para o ecr\u00e3 do passageiro dianteiro, a luminosidade do ecr\u00e3 \u00e9 automaticamente reduzida.Novidades&#13;<br \/>\nDestaque para a possibilidade (opcional) de ativar novas fun\u00e7\u00f5es do ve\u00edculo atrav\u00e9s de atualiza\u00e7\u00f5es remotas (OTA &#8211; Over-the-Air) e para a fun\u00e7\u00e3o Energizing Air Control Plus, um sistema que inclui um filtro HEPA (High Efficiency Particulate Air), que permite reter part\u00edculas finas, micropart\u00edculas, p\u00f3len e outras subst\u00e2ncias contidas no ar exterior. O di\u00f3xido de enxofre, os \u00f3xidos de azoto e os odores tamb\u00e9m s\u00e3o reduzidos gra\u00e7as ao revestimento de carv\u00e3o ativado.Tamb\u00e9m \u00e9 poss\u00edvel filtrar o ar interior antes de entrar no ve\u00edculo e os n\u00edveis de part\u00edculas no ar exterior e no ar interior do ve\u00edculo tamb\u00e9m s\u00e3o apresentados no MBUX e se a qualidade do ar exterior for baixa, o sistema tamb\u00e9m pode recomendar o fecho dos vidros laterais ou do teto de abrir.Carregamentos gratuitos&#13;<br \/>\nO EQS pode ser carregado em postos de carregamento r\u00e1pidos com uma pot\u00eancia de corrente cont\u00ednua de at\u00e9 200 kW e bastam 15 minutos para obter energia el\u00e9trica suficiente para percorrer 300 quil\u00f3metros. Numa wallbox ou em postos de carregamento p\u00fablicos, o carregador de bordo permite carregar com uma pot\u00eancia AC de at\u00e9 22 kW.Atrav\u00e9s de certificados de origem a Mercedes-Benz garante que a eletricidade de carregamento fornecida pelo Mercedes me Charge \u00e9 obtida atrav\u00e9s de energia de fontes renov\u00e1veis. O programa Mercedes me Charge permite chegar a um posto de carregamento apropriado, ligar a ficha do cabo de carregamento e a corrente el\u00e9trica come\u00e7a a ser fornecida ao ve\u00edculo, gra\u00e7as ao servi\u00e7o Plug &amp; Charge.Com rede a IONITY Unlimited, todos os clientes europeus do Mercedes me Charge podem utilizar a rede de postos de carregamento r\u00e1pido gratuitamente durante um ano.O EQS representa mais um passo no objetivo da marca alem\u00e3 que \u00e9 o de, em 2030, ter mais de 50 % dos ve\u00edculos ligeiros de passageiros movidos a eletricidade e a marca garante, por outro lado, que a produ\u00e7\u00e3o dos ve\u00edculos \u00e9 neutra em emiss\u00f5es de CO2, enquanto os materiais utilizados, como os tapetes do piso fabricados em fio reciclado, permitem poupar os recursos naturais.Est\u00e1 prevista uma vers\u00e3o desportiva com at\u00e9 560 kW (760 cavalos) e todos os modelo EQS est\u00e3o equipadas com cadeia cinem\u00e1tica el\u00e9trica no eixo traseiro, enquanto as vers\u00f5es com sistema de tra\u00e7\u00e3o integral 4MATIC integram uma cadeia cinem\u00e1tica el\u00e9trica no eixo dianteiro. Dispon\u00edvel, ainda, as quatro rodas direcionais.O EQS tem um comprimento de 5,21 metros, para uma largura de 1,92 e altura de 1,52 metros. Os dois modelos a primeiro serem comercializados t\u00eam uma velocidade m\u00e1xima limitada a 210km\/h e ainda n\u00e3o h\u00e1 pre\u00e7os definidos.<br \/>\n<br \/>\n<!--noindex--><br \/>\n<a href=\"http:\/\/feeds.jn.pt\/~r\/JN-ECONOMIA\/~3\/Dwbs3_Ne2aA\/eqs-e-um-modelo-eletrico-de-luxo-da-mercedes-com-autonomia-de-770-quilometros-13581031.html\" rel=\"nofollow\">Source link <\/a><br \/>\n<!--\/noindex--><\/p>\n","protected":false},"excerpt":{"rendered":"<p>Reis PintoOntem\u00a0\u00e0s\u00a021:48A Mercedes apresentou a sua nova proposta el\u00e9trica, o topo de gama EQS, que anuncia uma autonomia de 770 quil\u00f3metros. Dever\u00e1 chegar a Portugal no \u00faltimo trimestre deste ano nas vers\u00f5es EQS 450+, com 245 kW (333 cavalos) de pot\u00eancia, e 580 4MATIC, com 385 kW (523 cavalos de pot\u00eancia).O EQS \u00e9 o primeiro [&hellip;]<\/p>\n","protected":false},"author":2,"featured_media":3469,"comment_status":"open","ping_status":"open","sticky":false,"template":"","format":"standard","meta":{"footnotes":""},"categories":[1],"tags":[],"class_list":["post-3468","post","type-post","status-publish","format-standard","has-post-thumbnail","hentry","category-ultimas-noticias-financeiras"],"yoast_head":"<!-- This site is optimized with the Yoast SEO plugin v27.4 - https:\/\/yoast.com\/product\/yoast-seo-wordpress\/ -->\n<title>EQS \u00e9 um modelo el\u00e9trico de luxo da Mercedes com autonomia de 770 quil\u00f3metros - Hot News in World<\/title>\n<meta name=\"robots\" content=\"index, follow, max-snippet:-1, max-image-preview:large, max-video-preview:-1\" \/>\n<link rel=\"canonical\" href=\"https:\/\/hotnewsinworld.com\/pt\/eqs-e-um-modelo-eletrico-de-luxo-da-mercedes-com-autonomia-de-770-quilometros\/\" \/>\n<meta property=\"og:locale\" content=\"pt_PT\" \/>\n<meta property=\"og:type\" content=\"article\" \/>\n<meta property=\"og:title\" content=\"EQS \u00e9 um modelo el\u00e9trico de luxo da Mercedes com autonomia de 770 quil\u00f3metros - Hot News in World\" \/>\n<meta property=\"og:description\" content=\"Reis PintoOntem\u00a0\u00e0s\u00a021:48A Mercedes apresentou a sua nova proposta el\u00e9trica, o topo de gama EQS, que anuncia uma autonomia de 770 quil\u00f3metros. Dever\u00e1 chegar a Portugal no \u00faltimo trimestre deste ano nas vers\u00f5es EQS 450+, com 245 kW (333 cavalos) de pot\u00eancia, e 580 4MATIC, com 385 kW (523 cavalos de pot\u00eancia).O EQS \u00e9 o primeiro [&hellip;]\" \/>\n<meta property=\"og:url\" content=\"https:\/\/hotnewsinworld.com\/pt\/eqs-e-um-modelo-eletrico-de-luxo-da-mercedes-com-autonomia-de-770-quilometros\/\" \/>\n<meta property=\"og:site_name\" content=\"Hot News in World\" \/>\n<meta property=\"article:published_time\" content=\"2021-04-17T08:02:11+00:00\" \/>\n<meta property=\"article:modified_time\" content=\"2021-04-17T08:02:14+00:00\" \/>\n<meta property=\"og:image\" content=\"https:\/\/hotnewsinworld.com\/pt\/wp-content\/uploads\/sites\/2\/2021\/04\/EQS-e-um-modelo-eletrico-de-luxo-da-Mercedes-com.jpg\" \/>\n\t<meta property=\"og:image:width\" content=\"800\" \/>\n\t<meta property=\"og:image:height\" content=\"420\" \/>\n\t<meta property=\"og:image:type\" content=\"image\/jpeg\" \/>\n<meta name=\"author\" content=\"hotnewsinworld\" \/>\n<meta name=\"twitter:card\" content=\"summary_large_image\" \/>\n<meta name=\"twitter:label1\" content=\"Escrito por\" \/>\n\t<meta name=\"twitter:data1\" content=\"hotnewsinworld\" \/>\n\t<meta name=\"twitter:label2\" content=\"Tempo estimado de leitura\" \/>\n\t<meta name=\"twitter:data2\" content=\"4 minutos\" \/>\n<script type=\"application\/ld+json\" class=\"yoast-schema-graph\">{\"@context\":\"https:\\\/\\\/schema.org\",\"@graph\":[{\"@type\":\"Article\",\"@id\":\"https:\\\/\\\/hotnewsinworld.com\\\/pt\\\/eqs-e-um-modelo-eletrico-de-luxo-da-mercedes-com-autonomia-de-770-quilometros\\\/#article\",\"isPartOf\":{\"@id\":\"https:\\\/\\\/hotnewsinworld.com\\\/pt\\\/eqs-e-um-modelo-eletrico-de-luxo-da-mercedes-com-autonomia-de-770-quilometros\\\/\"},\"author\":{\"name\":\"hotnewsinworld\",\"@id\":\"https:\\\/\\\/hotnewsinworld.com\\\/pt\\\/#\\\/schema\\\/person\\\/fe61448b21c0d59086e75fcc1f9d8f6b\"},\"headline\":\"EQS \u00e9 um modelo el\u00e9trico de luxo da Mercedes com autonomia de 770 quil\u00f3metros\",\"datePublished\":\"2021-04-17T08:02:11+00:00\",\"dateModified\":\"2021-04-17T08:02:14+00:00\",\"mainEntityOfPage\":{\"@id\":\"https:\\\/\\\/hotnewsinworld.com\\\/pt\\\/eqs-e-um-modelo-eletrico-de-luxo-da-mercedes-com-autonomia-de-770-quilometros\\\/\"},\"wordCount\":735,\"commentCount\":0,\"image\":{\"@id\":\"https:\\\/\\\/hotnewsinworld.com\\\/pt\\\/eqs-e-um-modelo-eletrico-de-luxo-da-mercedes-com-autonomia-de-770-quilometros\\\/#primaryimage\"},\"thumbnailUrl\":\"https:\\\/\\\/hotnewsinworld.com\\\/pt\\\/wp-content\\\/uploads\\\/sites\\\/2\\\/2021\\\/04\\\/EQS-e-um-modelo-eletrico-de-luxo-da-Mercedes-com.jpg\",\"articleSection\":[\"\u00daLTIMAS NOT\u00cdCIAS FINANCEIRAS\"],\"inLanguage\":\"pt-PT\",\"potentialAction\":[{\"@type\":\"CommentAction\",\"name\":\"Comment\",\"target\":[\"https:\\\/\\\/hotnewsinworld.com\\\/pt\\\/eqs-e-um-modelo-eletrico-de-luxo-da-mercedes-com-autonomia-de-770-quilometros\\\/#respond\"]}]},{\"@type\":\"WebPage\",\"@id\":\"https:\\\/\\\/hotnewsinworld.com\\\/pt\\\/eqs-e-um-modelo-eletrico-de-luxo-da-mercedes-com-autonomia-de-770-quilometros\\\/\",\"url\":\"https:\\\/\\\/hotnewsinworld.com\\\/pt\\\/eqs-e-um-modelo-eletrico-de-luxo-da-mercedes-com-autonomia-de-770-quilometros\\\/\",\"name\":\"EQS \u00e9 um modelo el\u00e9trico de luxo da Mercedes com autonomia de 770 quil\u00f3metros - Hot News in World\",\"isPartOf\":{\"@id\":\"https:\\\/\\\/hotnewsinworld.com\\\/pt\\\/#website\"},\"primaryImageOfPage\":{\"@id\":\"https:\\\/\\\/hotnewsinworld.com\\\/pt\\\/eqs-e-um-modelo-eletrico-de-luxo-da-mercedes-com-autonomia-de-770-quilometros\\\/#primaryimage\"},\"image\":{\"@id\":\"https:\\\/\\\/hotnewsinworld.com\\\/pt\\\/eqs-e-um-modelo-eletrico-de-luxo-da-mercedes-com-autonomia-de-770-quilometros\\\/#primaryimage\"},\"thumbnailUrl\":\"https:\\\/\\\/hotnewsinworld.com\\\/pt\\\/wp-content\\\/uploads\\\/sites\\\/2\\\/2021\\\/04\\\/EQS-e-um-modelo-eletrico-de-luxo-da-Mercedes-com.jpg\",\"datePublished\":\"2021-04-17T08:02:11+00:00\",\"dateModified\":\"2021-04-17T08:02:14+00:00\",\"author\":{\"@id\":\"https:\\\/\\\/hotnewsinworld.com\\\/pt\\\/#\\\/schema\\\/person\\\/fe61448b21c0d59086e75fcc1f9d8f6b\"},\"breadcrumb\":{\"@id\":\"https:\\\/\\\/hotnewsinworld.com\\\/pt\\\/eqs-e-um-modelo-eletrico-de-luxo-da-mercedes-com-autonomia-de-770-quilometros\\\/#breadcrumb\"},\"inLanguage\":\"pt-PT\",\"potentialAction\":[{\"@type\":\"ReadAction\",\"target\":[\"https:\\\/\\\/hotnewsinworld.com\\\/pt\\\/eqs-e-um-modelo-eletrico-de-luxo-da-mercedes-com-autonomia-de-770-quilometros\\\/\"]}]},{\"@type\":\"ImageObject\",\"inLanguage\":\"pt-PT\",\"@id\":\"https:\\\/\\\/hotnewsinworld.com\\\/pt\\\/eqs-e-um-modelo-eletrico-de-luxo-da-mercedes-com-autonomia-de-770-quilometros\\\/#primaryimage\",\"url\":\"https:\\\/\\\/hotnewsinworld.com\\\/pt\\\/wp-content\\\/uploads\\\/sites\\\/2\\\/2021\\\/04\\\/EQS-e-um-modelo-eletrico-de-luxo-da-Mercedes-com.jpg\",\"contentUrl\":\"https:\\\/\\\/hotnewsinworld.com\\\/pt\\\/wp-content\\\/uploads\\\/sites\\\/2\\\/2021\\\/04\\\/EQS-e-um-modelo-eletrico-de-luxo-da-Mercedes-com.jpg\",\"width\":800,\"height\":420,\"caption\":\"EQS \u00e9 um modelo el\u00e9trico de luxo da Mercedes com autonomia de 770 quil\u00f3metros\"},{\"@type\":\"BreadcrumbList\",\"@id\":\"https:\\\/\\\/hotnewsinworld.com\\\/pt\\\/eqs-e-um-modelo-eletrico-de-luxo-da-mercedes-com-autonomia-de-770-quilometros\\\/#breadcrumb\",\"itemListElement\":[{\"@type\":\"ListItem\",\"position\":1,\"name\":\"\u0413\u043b\u0430\u0432\u043d\u0430\u044f \u0441\u0442\u0440\u0430\u043d\u0438\u0446\u0430\",\"item\":\"https:\\\/\\\/hotnewsinworld.com\\\/pt\\\/\"},{\"@type\":\"ListItem\",\"position\":2,\"name\":\"EQS \u00e9 um modelo el\u00e9trico de luxo da Mercedes com autonomia de 770 quil\u00f3metros\"}]},{\"@type\":\"WebSite\",\"@id\":\"https:\\\/\\\/hotnewsinworld.com\\\/pt\\\/#website\",\"url\":\"https:\\\/\\\/hotnewsinworld.com\\\/pt\\\/\",\"name\":\"Hot News in World\",\"description\":\"Hot News in World Portugal\",\"potentialAction\":[{\"@type\":\"SearchAction\",\"target\":{\"@type\":\"EntryPoint\",\"urlTemplate\":\"https:\\\/\\\/hotnewsinworld.com\\\/pt\\\/?s={search_term_string}\"},\"query-input\":{\"@type\":\"PropertyValueSpecification\",\"valueRequired\":true,\"valueName\":\"search_term_string\"}}],\"inLanguage\":\"pt-PT\"},{\"@type\":\"Person\",\"@id\":\"https:\\\/\\\/hotnewsinworld.com\\\/pt\\\/#\\\/schema\\\/person\\\/fe61448b21c0d59086e75fcc1f9d8f6b\",\"name\":\"hotnewsinworld\",\"image\":{\"@type\":\"ImageObject\",\"inLanguage\":\"pt-PT\",\"@id\":\"https:\\\/\\\/secure.gravatar.com\\\/avatar\\\/8a09ac165600ce2e1c38fe593c63928eb1e6e7ba5c5a907d67787c41b3d00c14?s=96&d=mm&r=g\",\"url\":\"https:\\\/\\\/secure.gravatar.com\\\/avatar\\\/8a09ac165600ce2e1c38fe593c63928eb1e6e7ba5c5a907d67787c41b3d00c14?s=96&d=mm&r=g\",\"contentUrl\":\"https:\\\/\\\/secure.gravatar.com\\\/avatar\\\/8a09ac165600ce2e1c38fe593c63928eb1e6e7ba5c5a907d67787c41b3d00c14?s=96&d=mm&r=g\",\"caption\":\"hotnewsinworld\"},\"url\":\"https:\\\/\\\/hotnewsinworld.com\\\/pt\\\/author\\\/pt\\\/\"}]}<\/script>\n<!-- \/ Yoast SEO plugin. -->","yoast_head_json":{"title":"EQS \u00e9 um modelo el\u00e9trico de luxo da Mercedes com autonomia de 770 quil\u00f3metros - Hot News in World","robots":{"index":"index","follow":"follow","max-snippet":"max-snippet:-1","max-image-preview":"max-image-preview:large","max-video-preview":"max-video-preview:-1"},"canonical":"https:\/\/hotnewsinworld.com\/pt\/eqs-e-um-modelo-eletrico-de-luxo-da-mercedes-com-autonomia-de-770-quilometros\/","og_locale":"pt_PT","og_type":"article","og_title":"EQS \u00e9 um modelo el\u00e9trico de luxo da Mercedes com autonomia de 770 quil\u00f3metros - Hot News in World","og_description":"Reis PintoOntem\u00a0\u00e0s\u00a021:48A Mercedes apresentou a sua nova proposta el\u00e9trica, o topo de gama EQS, que anuncia uma autonomia de 770 quil\u00f3metros. Dever\u00e1 chegar a Portugal no \u00faltimo trimestre deste ano nas vers\u00f5es EQS 450+, com 245 kW (333 cavalos) de pot\u00eancia, e 580 4MATIC, com 385 kW (523 cavalos de pot\u00eancia).O EQS \u00e9 o primeiro [&hellip;]","og_url":"https:\/\/hotnewsinworld.com\/pt\/eqs-e-um-modelo-eletrico-de-luxo-da-mercedes-com-autonomia-de-770-quilometros\/","og_site_name":"Hot News in World","article_published_time":"2021-04-17T08:02:11+00:00","article_modified_time":"2021-04-17T08:02:14+00:00","og_image":[{"width":800,"height":420,"url":"https:\/\/hotnewsinworld.com\/pt\/wp-content\/uploads\/sites\/2\/2021\/04\/EQS-e-um-modelo-eletrico-de-luxo-da-Mercedes-com.jpg","type":"image\/jpeg"}],"author":"hotnewsinworld","twitter_card":"summary_large_image","twitter_misc":{"Escrito por":"hotnewsinworld","Tempo estimado de leitura":"4 minutos"},"schema":{"@context":"https:\/\/schema.org","@graph":[{"@type":"Article","@id":"https:\/\/hotnewsinworld.com\/pt\/eqs-e-um-modelo-eletrico-de-luxo-da-mercedes-com-autonomia-de-770-quilometros\/#article","isPartOf":{"@id":"https:\/\/hotnewsinworld.com\/pt\/eqs-e-um-modelo-eletrico-de-luxo-da-mercedes-com-autonomia-de-770-quilometros\/"},"author":{"name":"hotnewsinworld","@id":"https:\/\/hotnewsinworld.com\/pt\/#\/schema\/person\/fe61448b21c0d59086e75fcc1f9d8f6b"},"headline":"EQS \u00e9 um modelo el\u00e9trico de luxo da Mercedes com autonomia de 770 quil\u00f3metros","datePublished":"2021-04-17T08:02:11+00:00","dateModified":"2021-04-17T08:02:14+00:00","mainEntityOfPage":{"@id":"https:\/\/hotnewsinworld.com\/pt\/eqs-e-um-modelo-eletrico-de-luxo-da-mercedes-com-autonomia-de-770-quilometros\/"},"wordCount":735,"commentCount":0,"image":{"@id":"https:\/\/hotnewsinworld.com\/pt\/eqs-e-um-modelo-eletrico-de-luxo-da-mercedes-com-autonomia-de-770-quilometros\/#primaryimage"},"thumbnailUrl":"https:\/\/hotnewsinworld.com\/pt\/wp-content\/uploads\/sites\/2\/2021\/04\/EQS-e-um-modelo-eletrico-de-luxo-da-Mercedes-com.jpg","articleSection":["\u00daLTIMAS NOT\u00cdCIAS FINANCEIRAS"],"inLanguage":"pt-PT","potentialAction":[{"@type":"CommentAction","name":"Comment","target":["https:\/\/hotnewsinworld.com\/pt\/eqs-e-um-modelo-eletrico-de-luxo-da-mercedes-com-autonomia-de-770-quilometros\/#respond"]}]},{"@type":"WebPage","@id":"https:\/\/hotnewsinworld.com\/pt\/eqs-e-um-modelo-eletrico-de-luxo-da-mercedes-com-autonomia-de-770-quilometros\/","url":"https:\/\/hotnewsinworld.com\/pt\/eqs-e-um-modelo-eletrico-de-luxo-da-mercedes-com-autonomia-de-770-quilometros\/","name":"EQS \u00e9 um modelo el\u00e9trico de luxo da Mercedes com autonomia de 770 quil\u00f3metros - Hot News in World","isPartOf":{"@id":"https:\/\/hotnewsinworld.com\/pt\/#website"},"primaryImageOfPage":{"@id":"https:\/\/hotnewsinworld.com\/pt\/eqs-e-um-modelo-eletrico-de-luxo-da-mercedes-com-autonomia-de-770-quilometros\/#primaryimage"},"image":{"@id":"https:\/\/hotnewsinworld.com\/pt\/eqs-e-um-modelo-eletrico-de-luxo-da-mercedes-com-autonomia-de-770-quilometros\/#primaryimage"},"thumbnailUrl":"https:\/\/hotnewsinworld.com\/pt\/wp-content\/uploads\/sites\/2\/2021\/04\/EQS-e-um-modelo-eletrico-de-luxo-da-Mercedes-com.jpg","datePublished":"2021-04-17T08:02:11+00:00","dateModified":"2021-04-17T08:02:14+00:00","author":{"@id":"https:\/\/hotnewsinworld.com\/pt\/#\/schema\/person\/fe61448b21c0d59086e75fcc1f9d8f6b"},"breadcrumb":{"@id":"https:\/\/hotnewsinworld.com\/pt\/eqs-e-um-modelo-eletrico-de-luxo-da-mercedes-com-autonomia-de-770-quilometros\/#breadcrumb"},"inLanguage":"pt-PT","potentialAction":[{"@type":"ReadAction","target":["https:\/\/hotnewsinworld.com\/pt\/eqs-e-um-modelo-eletrico-de-luxo-da-mercedes-com-autonomia-de-770-quilometros\/"]}]},{"@type":"ImageObject","inLanguage":"pt-PT","@id":"https:\/\/hotnewsinworld.com\/pt\/eqs-e-um-modelo-eletrico-de-luxo-da-mercedes-com-autonomia-de-770-quilometros\/#primaryimage","url":"https:\/\/hotnewsinworld.com\/pt\/wp-content\/uploads\/sites\/2\/2021\/04\/EQS-e-um-modelo-eletrico-de-luxo-da-Mercedes-com.jpg","contentUrl":"https:\/\/hotnewsinworld.com\/pt\/wp-content\/uploads\/sites\/2\/2021\/04\/EQS-e-um-modelo-eletrico-de-luxo-da-Mercedes-com.jpg","width":800,"height":420,"caption":"EQS \u00e9 um modelo el\u00e9trico de luxo da Mercedes com autonomia de 770 quil\u00f3metros"},{"@type":"BreadcrumbList","@id":"https:\/\/hotnewsinworld.com\/pt\/eqs-e-um-modelo-eletrico-de-luxo-da-mercedes-com-autonomia-de-770-quilometros\/#breadcrumb","itemListElement":[{"@type":"ListItem","position":1,"name":"\u0413\u043b\u0430\u0432\u043d\u0430\u044f \u0441\u0442\u0440\u0430\u043d\u0438\u0446\u0430","item":"https:\/\/hotnewsinworld.com\/pt\/"},{"@type":"ListItem","position":2,"name":"EQS \u00e9 um modelo el\u00e9trico de luxo da Mercedes com autonomia de 770 quil\u00f3metros"}]},{"@type":"WebSite","@id":"https:\/\/hotnewsinworld.com\/pt\/#website","url":"https:\/\/hotnewsinworld.com\/pt\/","name":"Hot News in World","description":"Hot News in World Portugal","potentialAction":[{"@type":"SearchAction","target":{"@type":"EntryPoint","urlTemplate":"https:\/\/hotnewsinworld.com\/pt\/?s={search_term_string}"},"query-input":{"@type":"PropertyValueSpecification","valueRequired":true,"valueName":"search_term_string"}}],"inLanguage":"pt-PT"},{"@type":"Person","@id":"https:\/\/hotnewsinworld.com\/pt\/#\/schema\/person\/fe61448b21c0d59086e75fcc1f9d8f6b","name":"hotnewsinworld","image":{"@type":"ImageObject","inLanguage":"pt-PT","@id":"https:\/\/secure.gravatar.com\/avatar\/8a09ac165600ce2e1c38fe593c63928eb1e6e7ba5c5a907d67787c41b3d00c14?s=96&d=mm&r=g","url":"https:\/\/secure.gravatar.com\/avatar\/8a09ac165600ce2e1c38fe593c63928eb1e6e7ba5c5a907d67787c41b3d00c14?s=96&d=mm&r=g","contentUrl":"https:\/\/secure.gravatar.com\/avatar\/8a09ac165600ce2e1c38fe593c63928eb1e6e7ba5c5a907d67787c41b3d00c14?s=96&d=mm&r=g","caption":"hotnewsinworld"},"url":"https:\/\/hotnewsinworld.com\/pt\/author\/pt\/"}]}},"_links":{"self":[{"href":"https:\/\/hotnewsinworld.com\/pt\/wp-json\/wp\/v2\/posts\/3468","targetHints":{"allow":["GET"]}}],"collection":[{"href":"https:\/\/hotnewsinworld.com\/pt\/wp-json\/wp\/v2\/posts"}],"about":[{"href":"https:\/\/hotnewsinworld.com\/pt\/wp-json\/wp\/v2\/types\/post"}],"author":[{"embeddable":true,"href":"https:\/\/hotnewsinworld.com\/pt\/wp-json\/wp\/v2\/users\/2"}],"replies":[{"embeddable":true,"href":"https:\/\/hotnewsinworld.com\/pt\/wp-json\/wp\/v2\/comments?post=3468"}],"version-history":[{"count":1,"href":"https:\/\/hotnewsinworld.com\/pt\/wp-json\/wp\/v2\/posts\/3468\/revisions"}],"predecessor-version":[{"id":3470,"href":"https:\/\/hotnewsinworld.com\/pt\/wp-json\/wp\/v2\/posts\/3468\/revisions\/3470"}],"wp:featuredmedia":[{"embeddable":true,"href":"https:\/\/hotnewsinworld.com\/pt\/wp-json\/wp\/v2\/media\/3469"}],"wp:attachment":[{"href":"https:\/\/hotnewsinworld.com\/pt\/wp-json\/wp\/v2\/media?parent=3468"}],"wp:term":[{"taxonomy":"category","embeddable":true,"href":"https:\/\/hotnewsinworld.com\/pt\/wp-json\/wp\/v2\/categories?post=3468"},{"taxonomy":"post_tag","embeddable":true,"href":"https:\/\/hotnewsinworld.com\/pt\/wp-json\/wp\/v2\/tags?post=3468"}],"curies":[{"name":"wp","href":"https:\/\/api.w.org\/{rel}","templated":true}]}}