{"id":3471,"date":"2021-04-17T23:02:44","date_gmt":"2021-04-17T20:02:44","guid":{"rendered":"https:\/\/hotnewsinworld.com\/pt\/grupo-bel-e-cofina-media-notificam-adc-sobre-aquisicao-da-vasp\/"},"modified":"2021-04-17T23:02:47","modified_gmt":"2021-04-17T20:02:47","slug":"grupo-bel-e-cofina-media-notificam-adc-sobre-aquisicao-da-vasp","status":"publish","type":"post","link":"https:\/\/hotnewsinworld.com\/pt\/grupo-bel-e-cofina-media-notificam-adc-sobre-aquisicao-da-vasp\/","title":{"rendered":"Grupo Bel e Cofina Media notificam AdC sobre aquisi\u00e7\u00e3o da Vasp"},"content":{"rendered":"<p>Hoje\u00a0\u00e0s\u00a010:52,\u00a0atualizado \u00e0s 15:52O Grupo Bel e a Cofina Media notificaram a Autoridade da Concorr\u00eancia (AdC) sobre a aquisi\u00e7\u00e3o do controlo conjunto da Vasp &#8211; Distribuidora de Publica\u00e7\u00f5es.De acordo com a informa\u00e7\u00e3o dispon\u00edvel na p\u00e1gina da AdC, a opera\u00e7\u00e3o de concentra\u00e7\u00e3o em causa consiste na altera\u00e7\u00e3o de controlo da Vasp &#8211; Distribuidora de Publica\u00e7\u00f5es, o qual passar\u00e1 a ser exercido conjuntamente pelo Grupo Bel, atrav\u00e9s das sociedades P\u00e1ginas Civilizadas e Global Not\u00edcias &#8211; Media Group, e pelo Grupo Cofina, atrav\u00e9s da sociedade Cofina Media.Em 15 de fevereiro, a Cofina comunicou a inten\u00e7\u00e3o de exercer o seu direito de prefer\u00eancia para comprar 16,7% da distribuidora Vasp \u00e0 Impresa por 1,050 milh\u00f5es de euros, ficando com 50%, com o remanescente dividido entre a Global Media e P\u00e1ginas Civilizadas.Em 04 de janeiro, a Impresa tinha anunciado a celebra\u00e7\u00e3o de contratos-promessa com a P\u00e1ginas Civilizadas, empresa do Grupo Bel, do empres\u00e1rio Marco Galinha, que \u00e9 acionista da Global Media, para a venda das suas posi\u00e7\u00f5es acionistas na Vasp Distribuidora de Publica\u00e7\u00f5es e na ag\u00eancia de not\u00edcias Lusa.O contrato-promessa de compra e venda, celebrado em 31 de dezembro, previa a venda de 222.000 a\u00e7\u00f5es, cada uma com o valor nominal de 3,50 euros, representativas de 33,33% do capital social da Vasp &#8211; Distribuidora de Publica\u00e7\u00f5es, pelo pre\u00e7o de 2,1 milh\u00f5es de euros.A Cofina informou tamb\u00e9m em fevereiro que a sua participada Cofina Media &#8220;acordou adquirir, em 12 de fevereiro de 2021, 111.000 a\u00e7\u00f5es representativas de 16,67%&#8221; do capital da Vasp, &#8220;pelo valor global de 1.050.000,00 euros, no exerc\u00edcio parcial do direito de prefer\u00eancia que lhe cabia como j\u00e1 acionista&#8221; da distribuidora, com 33,33% do capital social, no \u00e2mbito da compra e venda acordada entre a Impresa e a P\u00e1ginas Civilizadas.&#8221;O exerc\u00edcio do direito de prefer\u00eancia pela Cofina Media foi consensualizado com a P\u00e1ginas Civilizadas, a Impresa e a Global Media, SGPS, esta \u00faltima atualmente detentora de 33,33% do capital social da Vasp&#8221;, refere a empresa de Paulo Fernandes, em comunicado enviado \u00e0 Comiss\u00e3o do Mercado de Valores Mobili\u00e1rios (CMVM).&#8221;A concretizar-se tal aquisi\u00e7\u00e3o, sujeita \u00e0 n\u00e3o oposi\u00e7\u00e3o da Autoridade da Concorr\u00eancia, a Cofina Media passar\u00e1 a deter 50% do capital social da Vasp, sendo os remanescentes 50% do capital da sociedade detidos pela Global Media (33,33%) e pela P\u00e1ginas Civilizadas (16,67%)&#8221;, explicou a Cofina.A Impresa anunciou tamb\u00e9m o fecho da venda da sua participa\u00e7\u00e3o na Vasp &#8211; 33,33% &#8211; por 2,1 milh\u00f5es de euros.<br \/>\n<br \/>\n<!--noindex--><br \/>\n<a href=\"http:\/\/feeds.jn.pt\/~r\/JN-ECONOMIA\/~3\/4sy_jHEqdvQ\/grupo-bel-e-cofina-media-notificam-adc-sobre-aquisicao-da-vasp-13582640.html\" rel=\"nofollow\">Source link <\/a><br \/>\n<!--\/noindex--><\/p>\n","protected":false},"excerpt":{"rendered":"<p>Hoje\u00a0\u00e0s\u00a010:52,\u00a0atualizado \u00e0s 15:52O Grupo Bel e a Cofina Media notificaram a Autoridade da Concorr\u00eancia (AdC) sobre a aquisi\u00e7\u00e3o do controlo conjunto da Vasp &#8211; Distribuidora de Publica\u00e7\u00f5es.De acordo com a informa\u00e7\u00e3o dispon\u00edvel na p\u00e1gina da AdC, a opera\u00e7\u00e3o de concentra\u00e7\u00e3o em causa consiste na altera\u00e7\u00e3o de controlo da Vasp &#8211; Distribuidora de Publica\u00e7\u00f5es, o qual [&hellip;]<\/p>\n","protected":false},"author":2,"featured_media":3472,"comment_status":"open","ping_status":"open","sticky":false,"template":"","format":"standard","meta":{"footnotes":""},"categories":[1],"tags":[],"class_list":["post-3471","post","type-post","status-publish","format-standard","has-post-thumbnail","hentry","category-ultimas-noticias-financeiras"],"yoast_head":"<!-- This site is optimized with the Yoast SEO plugin v27.4 - https:\/\/yoast.com\/product\/yoast-seo-wordpress\/ -->\n<title>Grupo Bel e Cofina Media notificam AdC sobre aquisi\u00e7\u00e3o da Vasp - Hot News in World<\/title>\n<meta name=\"robots\" content=\"index, follow, max-snippet:-1, max-image-preview:large, max-video-preview:-1\" \/>\n<link rel=\"canonical\" href=\"https:\/\/hotnewsinworld.com\/pt\/grupo-bel-e-cofina-media-notificam-adc-sobre-aquisicao-da-vasp\/\" \/>\n<meta property=\"og:locale\" content=\"pt_PT\" \/>\n<meta property=\"og:type\" content=\"article\" \/>\n<meta property=\"og:title\" content=\"Grupo Bel e Cofina Media notificam AdC sobre aquisi\u00e7\u00e3o da Vasp - Hot News in World\" \/>\n<meta property=\"og:description\" content=\"Hoje\u00a0\u00e0s\u00a010:52,\u00a0atualizado \u00e0s 15:52O Grupo Bel e a Cofina Media notificaram a Autoridade da Concorr\u00eancia (AdC) sobre a aquisi\u00e7\u00e3o do controlo conjunto da Vasp &#8211; Distribuidora de Publica\u00e7\u00f5es.De acordo com a informa\u00e7\u00e3o dispon\u00edvel na p\u00e1gina da AdC, a opera\u00e7\u00e3o de concentra\u00e7\u00e3o em causa consiste na altera\u00e7\u00e3o de controlo da Vasp &#8211; Distribuidora de Publica\u00e7\u00f5es, o qual [&hellip;]\" \/>\n<meta property=\"og:url\" content=\"https:\/\/hotnewsinworld.com\/pt\/grupo-bel-e-cofina-media-notificam-adc-sobre-aquisicao-da-vasp\/\" \/>\n<meta property=\"og:site_name\" content=\"Hot News in World\" \/>\n<meta property=\"article:published_time\" content=\"2021-04-17T20:02:44+00:00\" \/>\n<meta property=\"article:modified_time\" content=\"2021-04-17T20:02:47+00:00\" \/>\n<meta property=\"og:image\" content=\"https:\/\/hotnewsinworld.com\/pt\/wp-content\/uploads\/sites\/2\/2021\/04\/Grupo-Bel-e-Cofina-Media-notificam-AdC-sobre-aquisicao-da.jpg\" \/>\n\t<meta property=\"og:image:width\" content=\"800\" \/>\n\t<meta property=\"og:image:height\" content=\"420\" \/>\n\t<meta property=\"og:image:type\" content=\"image\/jpeg\" \/>\n<meta name=\"author\" content=\"hotnewsinworld\" \/>\n<meta name=\"twitter:card\" content=\"summary_large_image\" \/>\n<meta name=\"twitter:label1\" content=\"Escrito por\" \/>\n\t<meta name=\"twitter:data1\" content=\"hotnewsinworld\" \/>\n\t<meta name=\"twitter:label2\" content=\"Tempo estimado de leitura\" \/>\n\t<meta name=\"twitter:data2\" content=\"2 minutos\" \/>\n<script type=\"application\/ld+json\" class=\"yoast-schema-graph\">{\"@context\":\"https:\\\/\\\/schema.org\",\"@graph\":[{\"@type\":\"Article\",\"@id\":\"https:\\\/\\\/hotnewsinworld.com\\\/pt\\\/grupo-bel-e-cofina-media-notificam-adc-sobre-aquisicao-da-vasp\\\/#article\",\"isPartOf\":{\"@id\":\"https:\\\/\\\/hotnewsinworld.com\\\/pt\\\/grupo-bel-e-cofina-media-notificam-adc-sobre-aquisicao-da-vasp\\\/\"},\"author\":{\"name\":\"hotnewsinworld\",\"@id\":\"https:\\\/\\\/hotnewsinworld.com\\\/pt\\\/#\\\/schema\\\/person\\\/fe61448b21c0d59086e75fcc1f9d8f6b\"},\"headline\":\"Grupo Bel e Cofina Media notificam AdC sobre aquisi\u00e7\u00e3o da Vasp\",\"datePublished\":\"2021-04-17T20:02:44+00:00\",\"dateModified\":\"2021-04-17T20:02:47+00:00\",\"mainEntityOfPage\":{\"@id\":\"https:\\\/\\\/hotnewsinworld.com\\\/pt\\\/grupo-bel-e-cofina-media-notificam-adc-sobre-aquisicao-da-vasp\\\/\"},\"wordCount\":441,\"commentCount\":0,\"image\":{\"@id\":\"https:\\\/\\\/hotnewsinworld.com\\\/pt\\\/grupo-bel-e-cofina-media-notificam-adc-sobre-aquisicao-da-vasp\\\/#primaryimage\"},\"thumbnailUrl\":\"https:\\\/\\\/hotnewsinworld.com\\\/pt\\\/wp-content\\\/uploads\\\/sites\\\/2\\\/2021\\\/04\\\/Grupo-Bel-e-Cofina-Media-notificam-AdC-sobre-aquisicao-da.jpg\",\"articleSection\":[\"\u00daLTIMAS NOT\u00cdCIAS FINANCEIRAS\"],\"inLanguage\":\"pt-PT\",\"potentialAction\":[{\"@type\":\"CommentAction\",\"name\":\"Comment\",\"target\":[\"https:\\\/\\\/hotnewsinworld.com\\\/pt\\\/grupo-bel-e-cofina-media-notificam-adc-sobre-aquisicao-da-vasp\\\/#respond\"]}]},{\"@type\":\"WebPage\",\"@id\":\"https:\\\/\\\/hotnewsinworld.com\\\/pt\\\/grupo-bel-e-cofina-media-notificam-adc-sobre-aquisicao-da-vasp\\\/\",\"url\":\"https:\\\/\\\/hotnewsinworld.com\\\/pt\\\/grupo-bel-e-cofina-media-notificam-adc-sobre-aquisicao-da-vasp\\\/\",\"name\":\"Grupo Bel e Cofina Media notificam AdC sobre aquisi\u00e7\u00e3o da Vasp - Hot News in World\",\"isPartOf\":{\"@id\":\"https:\\\/\\\/hotnewsinworld.com\\\/pt\\\/#website\"},\"primaryImageOfPage\":{\"@id\":\"https:\\\/\\\/hotnewsinworld.com\\\/pt\\\/grupo-bel-e-cofina-media-notificam-adc-sobre-aquisicao-da-vasp\\\/#primaryimage\"},\"image\":{\"@id\":\"https:\\\/\\\/hotnewsinworld.com\\\/pt\\\/grupo-bel-e-cofina-media-notificam-adc-sobre-aquisicao-da-vasp\\\/#primaryimage\"},\"thumbnailUrl\":\"https:\\\/\\\/hotnewsinworld.com\\\/pt\\\/wp-content\\\/uploads\\\/sites\\\/2\\\/2021\\\/04\\\/Grupo-Bel-e-Cofina-Media-notificam-AdC-sobre-aquisicao-da.jpg\",\"datePublished\":\"2021-04-17T20:02:44+00:00\",\"dateModified\":\"2021-04-17T20:02:47+00:00\",\"author\":{\"@id\":\"https:\\\/\\\/hotnewsinworld.com\\\/pt\\\/#\\\/schema\\\/person\\\/fe61448b21c0d59086e75fcc1f9d8f6b\"},\"breadcrumb\":{\"@id\":\"https:\\\/\\\/hotnewsinworld.com\\\/pt\\\/grupo-bel-e-cofina-media-notificam-adc-sobre-aquisicao-da-vasp\\\/#breadcrumb\"},\"inLanguage\":\"pt-PT\",\"potentialAction\":[{\"@type\":\"ReadAction\",\"target\":[\"https:\\\/\\\/hotnewsinworld.com\\\/pt\\\/grupo-bel-e-cofina-media-notificam-adc-sobre-aquisicao-da-vasp\\\/\"]}]},{\"@type\":\"ImageObject\",\"inLanguage\":\"pt-PT\",\"@id\":\"https:\\\/\\\/hotnewsinworld.com\\\/pt\\\/grupo-bel-e-cofina-media-notificam-adc-sobre-aquisicao-da-vasp\\\/#primaryimage\",\"url\":\"https:\\\/\\\/hotnewsinworld.com\\\/pt\\\/wp-content\\\/uploads\\\/sites\\\/2\\\/2021\\\/04\\\/Grupo-Bel-e-Cofina-Media-notificam-AdC-sobre-aquisicao-da.jpg\",\"contentUrl\":\"https:\\\/\\\/hotnewsinworld.com\\\/pt\\\/wp-content\\\/uploads\\\/sites\\\/2\\\/2021\\\/04\\\/Grupo-Bel-e-Cofina-Media-notificam-AdC-sobre-aquisicao-da.jpg\",\"width\":800,\"height\":420,\"caption\":\"Grupo Bel e Cofina Media notificam AdC sobre aquisi\u00e7\u00e3o da Vasp\"},{\"@type\":\"BreadcrumbList\",\"@id\":\"https:\\\/\\\/hotnewsinworld.com\\\/pt\\\/grupo-bel-e-cofina-media-notificam-adc-sobre-aquisicao-da-vasp\\\/#breadcrumb\",\"itemListElement\":[{\"@type\":\"ListItem\",\"position\":1,\"name\":\"\u0413\u043b\u0430\u0432\u043d\u0430\u044f \u0441\u0442\u0440\u0430\u043d\u0438\u0446\u0430\",\"item\":\"https:\\\/\\\/hotnewsinworld.com\\\/pt\\\/\"},{\"@type\":\"ListItem\",\"position\":2,\"name\":\"Grupo Bel e Cofina Media notificam AdC sobre aquisi\u00e7\u00e3o da Vasp\"}]},{\"@type\":\"WebSite\",\"@id\":\"https:\\\/\\\/hotnewsinworld.com\\\/pt\\\/#website\",\"url\":\"https:\\\/\\\/hotnewsinworld.com\\\/pt\\\/\",\"name\":\"Hot News in World\",\"description\":\"Hot News in World Portugal\",\"potentialAction\":[{\"@type\":\"SearchAction\",\"target\":{\"@type\":\"EntryPoint\",\"urlTemplate\":\"https:\\\/\\\/hotnewsinworld.com\\\/pt\\\/?s={search_term_string}\"},\"query-input\":{\"@type\":\"PropertyValueSpecification\",\"valueRequired\":true,\"valueName\":\"search_term_string\"}}],\"inLanguage\":\"pt-PT\"},{\"@type\":\"Person\",\"@id\":\"https:\\\/\\\/hotnewsinworld.com\\\/pt\\\/#\\\/schema\\\/person\\\/fe61448b21c0d59086e75fcc1f9d8f6b\",\"name\":\"hotnewsinworld\",\"image\":{\"@type\":\"ImageObject\",\"inLanguage\":\"pt-PT\",\"@id\":\"https:\\\/\\\/secure.gravatar.com\\\/avatar\\\/8a09ac165600ce2e1c38fe593c63928eb1e6e7ba5c5a907d67787c41b3d00c14?s=96&d=mm&r=g\",\"url\":\"https:\\\/\\\/secure.gravatar.com\\\/avatar\\\/8a09ac165600ce2e1c38fe593c63928eb1e6e7ba5c5a907d67787c41b3d00c14?s=96&d=mm&r=g\",\"contentUrl\":\"https:\\\/\\\/secure.gravatar.com\\\/avatar\\\/8a09ac165600ce2e1c38fe593c63928eb1e6e7ba5c5a907d67787c41b3d00c14?s=96&d=mm&r=g\",\"caption\":\"hotnewsinworld\"},\"url\":\"https:\\\/\\\/hotnewsinworld.com\\\/pt\\\/author\\\/pt\\\/\"}]}<\/script>\n<!-- \/ Yoast SEO plugin. -->","yoast_head_json":{"title":"Grupo Bel e Cofina Media notificam AdC sobre aquisi\u00e7\u00e3o da Vasp - Hot News in World","robots":{"index":"index","follow":"follow","max-snippet":"max-snippet:-1","max-image-preview":"max-image-preview:large","max-video-preview":"max-video-preview:-1"},"canonical":"https:\/\/hotnewsinworld.com\/pt\/grupo-bel-e-cofina-media-notificam-adc-sobre-aquisicao-da-vasp\/","og_locale":"pt_PT","og_type":"article","og_title":"Grupo Bel e Cofina Media notificam AdC sobre aquisi\u00e7\u00e3o da Vasp - Hot News in World","og_description":"Hoje\u00a0\u00e0s\u00a010:52,\u00a0atualizado \u00e0s 15:52O Grupo Bel e a Cofina Media notificaram a Autoridade da Concorr\u00eancia (AdC) sobre a aquisi\u00e7\u00e3o do controlo conjunto da Vasp &#8211; Distribuidora de Publica\u00e7\u00f5es.De acordo com a informa\u00e7\u00e3o dispon\u00edvel na p\u00e1gina da AdC, a opera\u00e7\u00e3o de concentra\u00e7\u00e3o em causa consiste na altera\u00e7\u00e3o de controlo da Vasp &#8211; Distribuidora de Publica\u00e7\u00f5es, o qual [&hellip;]","og_url":"https:\/\/hotnewsinworld.com\/pt\/grupo-bel-e-cofina-media-notificam-adc-sobre-aquisicao-da-vasp\/","og_site_name":"Hot News in World","article_published_time":"2021-04-17T20:02:44+00:00","article_modified_time":"2021-04-17T20:02:47+00:00","og_image":[{"width":800,"height":420,"url":"https:\/\/hotnewsinworld.com\/pt\/wp-content\/uploads\/sites\/2\/2021\/04\/Grupo-Bel-e-Cofina-Media-notificam-AdC-sobre-aquisicao-da.jpg","type":"image\/jpeg"}],"author":"hotnewsinworld","twitter_card":"summary_large_image","twitter_misc":{"Escrito por":"hotnewsinworld","Tempo estimado de leitura":"2 minutos"},"schema":{"@context":"https:\/\/schema.org","@graph":[{"@type":"Article","@id":"https:\/\/hotnewsinworld.com\/pt\/grupo-bel-e-cofina-media-notificam-adc-sobre-aquisicao-da-vasp\/#article","isPartOf":{"@id":"https:\/\/hotnewsinworld.com\/pt\/grupo-bel-e-cofina-media-notificam-adc-sobre-aquisicao-da-vasp\/"},"author":{"name":"hotnewsinworld","@id":"https:\/\/hotnewsinworld.com\/pt\/#\/schema\/person\/fe61448b21c0d59086e75fcc1f9d8f6b"},"headline":"Grupo Bel e Cofina Media notificam AdC sobre aquisi\u00e7\u00e3o da Vasp","datePublished":"2021-04-17T20:02:44+00:00","dateModified":"2021-04-17T20:02:47+00:00","mainEntityOfPage":{"@id":"https:\/\/hotnewsinworld.com\/pt\/grupo-bel-e-cofina-media-notificam-adc-sobre-aquisicao-da-vasp\/"},"wordCount":441,"commentCount":0,"image":{"@id":"https:\/\/hotnewsinworld.com\/pt\/grupo-bel-e-cofina-media-notificam-adc-sobre-aquisicao-da-vasp\/#primaryimage"},"thumbnailUrl":"https:\/\/hotnewsinworld.com\/pt\/wp-content\/uploads\/sites\/2\/2021\/04\/Grupo-Bel-e-Cofina-Media-notificam-AdC-sobre-aquisicao-da.jpg","articleSection":["\u00daLTIMAS NOT\u00cdCIAS FINANCEIRAS"],"inLanguage":"pt-PT","potentialAction":[{"@type":"CommentAction","name":"Comment","target":["https:\/\/hotnewsinworld.com\/pt\/grupo-bel-e-cofina-media-notificam-adc-sobre-aquisicao-da-vasp\/#respond"]}]},{"@type":"WebPage","@id":"https:\/\/hotnewsinworld.com\/pt\/grupo-bel-e-cofina-media-notificam-adc-sobre-aquisicao-da-vasp\/","url":"https:\/\/hotnewsinworld.com\/pt\/grupo-bel-e-cofina-media-notificam-adc-sobre-aquisicao-da-vasp\/","name":"Grupo Bel e Cofina Media notificam AdC sobre aquisi\u00e7\u00e3o da Vasp - Hot News in World","isPartOf":{"@id":"https:\/\/hotnewsinworld.com\/pt\/#website"},"primaryImageOfPage":{"@id":"https:\/\/hotnewsinworld.com\/pt\/grupo-bel-e-cofina-media-notificam-adc-sobre-aquisicao-da-vasp\/#primaryimage"},"image":{"@id":"https:\/\/hotnewsinworld.com\/pt\/grupo-bel-e-cofina-media-notificam-adc-sobre-aquisicao-da-vasp\/#primaryimage"},"thumbnailUrl":"https:\/\/hotnewsinworld.com\/pt\/wp-content\/uploads\/sites\/2\/2021\/04\/Grupo-Bel-e-Cofina-Media-notificam-AdC-sobre-aquisicao-da.jpg","datePublished":"2021-04-17T20:02:44+00:00","dateModified":"2021-04-17T20:02:47+00:00","author":{"@id":"https:\/\/hotnewsinworld.com\/pt\/#\/schema\/person\/fe61448b21c0d59086e75fcc1f9d8f6b"},"breadcrumb":{"@id":"https:\/\/hotnewsinworld.com\/pt\/grupo-bel-e-cofina-media-notificam-adc-sobre-aquisicao-da-vasp\/#breadcrumb"},"inLanguage":"pt-PT","potentialAction":[{"@type":"ReadAction","target":["https:\/\/hotnewsinworld.com\/pt\/grupo-bel-e-cofina-media-notificam-adc-sobre-aquisicao-da-vasp\/"]}]},{"@type":"ImageObject","inLanguage":"pt-PT","@id":"https:\/\/hotnewsinworld.com\/pt\/grupo-bel-e-cofina-media-notificam-adc-sobre-aquisicao-da-vasp\/#primaryimage","url":"https:\/\/hotnewsinworld.com\/pt\/wp-content\/uploads\/sites\/2\/2021\/04\/Grupo-Bel-e-Cofina-Media-notificam-AdC-sobre-aquisicao-da.jpg","contentUrl":"https:\/\/hotnewsinworld.com\/pt\/wp-content\/uploads\/sites\/2\/2021\/04\/Grupo-Bel-e-Cofina-Media-notificam-AdC-sobre-aquisicao-da.jpg","width":800,"height":420,"caption":"Grupo Bel e Cofina Media notificam AdC sobre aquisi\u00e7\u00e3o da Vasp"},{"@type":"BreadcrumbList","@id":"https:\/\/hotnewsinworld.com\/pt\/grupo-bel-e-cofina-media-notificam-adc-sobre-aquisicao-da-vasp\/#breadcrumb","itemListElement":[{"@type":"ListItem","position":1,"name":"\u0413\u043b\u0430\u0432\u043d\u0430\u044f \u0441\u0442\u0440\u0430\u043d\u0438\u0446\u0430","item":"https:\/\/hotnewsinworld.com\/pt\/"},{"@type":"ListItem","position":2,"name":"Grupo Bel e Cofina Media notificam AdC sobre aquisi\u00e7\u00e3o da Vasp"}]},{"@type":"WebSite","@id":"https:\/\/hotnewsinworld.com\/pt\/#website","url":"https:\/\/hotnewsinworld.com\/pt\/","name":"Hot News in World","description":"Hot News in World Portugal","potentialAction":[{"@type":"SearchAction","target":{"@type":"EntryPoint","urlTemplate":"https:\/\/hotnewsinworld.com\/pt\/?s={search_term_string}"},"query-input":{"@type":"PropertyValueSpecification","valueRequired":true,"valueName":"search_term_string"}}],"inLanguage":"pt-PT"},{"@type":"Person","@id":"https:\/\/hotnewsinworld.com\/pt\/#\/schema\/person\/fe61448b21c0d59086e75fcc1f9d8f6b","name":"hotnewsinworld","image":{"@type":"ImageObject","inLanguage":"pt-PT","@id":"https:\/\/secure.gravatar.com\/avatar\/8a09ac165600ce2e1c38fe593c63928eb1e6e7ba5c5a907d67787c41b3d00c14?s=96&d=mm&r=g","url":"https:\/\/secure.gravatar.com\/avatar\/8a09ac165600ce2e1c38fe593c63928eb1e6e7ba5c5a907d67787c41b3d00c14?s=96&d=mm&r=g","contentUrl":"https:\/\/secure.gravatar.com\/avatar\/8a09ac165600ce2e1c38fe593c63928eb1e6e7ba5c5a907d67787c41b3d00c14?s=96&d=mm&r=g","caption":"hotnewsinworld"},"url":"https:\/\/hotnewsinworld.com\/pt\/author\/pt\/"}]}},"_links":{"self":[{"href":"https:\/\/hotnewsinworld.com\/pt\/wp-json\/wp\/v2\/posts\/3471","targetHints":{"allow":["GET"]}}],"collection":[{"href":"https:\/\/hotnewsinworld.com\/pt\/wp-json\/wp\/v2\/posts"}],"about":[{"href":"https:\/\/hotnewsinworld.com\/pt\/wp-json\/wp\/v2\/types\/post"}],"author":[{"embeddable":true,"href":"https:\/\/hotnewsinworld.com\/pt\/wp-json\/wp\/v2\/users\/2"}],"replies":[{"embeddable":true,"href":"https:\/\/hotnewsinworld.com\/pt\/wp-json\/wp\/v2\/comments?post=3471"}],"version-history":[{"count":1,"href":"https:\/\/hotnewsinworld.com\/pt\/wp-json\/wp\/v2\/posts\/3471\/revisions"}],"predecessor-version":[{"id":3473,"href":"https:\/\/hotnewsinworld.com\/pt\/wp-json\/wp\/v2\/posts\/3471\/revisions\/3473"}],"wp:featuredmedia":[{"embeddable":true,"href":"https:\/\/hotnewsinworld.com\/pt\/wp-json\/wp\/v2\/media\/3472"}],"wp:attachment":[{"href":"https:\/\/hotnewsinworld.com\/pt\/wp-json\/wp\/v2\/media?parent=3471"}],"wp:term":[{"taxonomy":"category","embeddable":true,"href":"https:\/\/hotnewsinworld.com\/pt\/wp-json\/wp\/v2\/categories?post=3471"},{"taxonomy":"post_tag","embeddable":true,"href":"https:\/\/hotnewsinworld.com\/pt\/wp-json\/wp\/v2\/tags?post=3471"}],"curies":[{"name":"wp","href":"https:\/\/api.w.org\/{rel}","templated":true}]}}