{"id":3480,"date":"2021-04-19T11:19:43","date_gmt":"2021-04-19T08:19:43","guid":{"rendered":"https:\/\/hotnewsinworld.com\/pt\/deficiencia-privados-ja-estao-a-contratar-ao-abrigo-de-quotas\/"},"modified":"2021-04-19T11:19:45","modified_gmt":"2021-04-19T08:19:45","slug":"deficiencia-privados-ja-estao-a-contratar-ao-abrigo-de-quotas","status":"publish","type":"post","link":"https:\/\/hotnewsinworld.com\/pt\/deficiencia-privados-ja-estao-a-contratar-ao-abrigo-de-quotas\/","title":{"rendered":"Defici\u00eancia: privados j\u00e1 est\u00e3o a contratar ao abrigo de quotas"},"content":{"rendered":"<p>Erika NunesHoje\u00a0\u00e0s\u00a008:27Ag\u00eancia de Emprego para pessoas deficientes dever\u00e1 arrancar no in\u00edcio do m\u00eas de maio com a ambi\u00e7\u00e3o de chegar a todo o pa\u00eds.Nos primeiros dois meses deste ano, j\u00e1 foram apresentadas propostas de contrata\u00e7\u00e3o de 334 pessoas com defici\u00eancia em empresas privadas de m\u00e9dia ou grande dimens\u00e3o, ao abrigo da lei das quotas, em vigor desde 2020. No in\u00edcio do pr\u00f3ximo m\u00eas, dever\u00e1 avan\u00e7ar a ag\u00eancia de emprego para deficientes, para j\u00e1 em Lisboa, mas com ambi\u00e7\u00e3o de chegar a todo o pa\u00eds. Portugal preside, hoje e amanh\u00e3, \u00e0 Confer\u00eancia de Alto N\u00edvel sobre a Estrat\u00e9gia Europeia para os Direitos das Pessoas com Defici\u00eancia e a secret\u00e1ria de Estado que tutela a \u00e1rea est\u00e1 otimista na estrat\u00e9gia nacional.&#8221;A Estrat\u00e9gia Nacional para a Inclus\u00e3o para as Pessoas com Defici\u00eancia (ENIPD) 2021-25 n\u00e3o vai resolver todos os problemas&#8221;, admitiu a secret\u00e1ria de Estado da Inclus\u00e3o das Pessoas com Defici\u00eancia. &#8220;Mas, se houver mais pessoas com vida independente, com menos inseguran\u00e7a econ\u00f3mica ou que conseguiram emprego, vou ficar feliz e vou saber que estamos no bom caminho&#8221;, resumiu Ana Sofia Antunes, em entrevista ao JN.<br \/>\n<br \/>\n<!--noindex--><br \/>\n<a href=\"http:\/\/feeds.jn.pt\/~r\/JN-ECONOMIA\/~3\/VRou1Yh4Rtg\/deficiencia-privados-ja-estao-a-contratar-ao-abrigo-de-quotas-13585444.html\" rel=\"nofollow\">Source link <\/a><br \/>\n<!--\/noindex--><\/p>\n","protected":false},"excerpt":{"rendered":"<p>Erika NunesHoje\u00a0\u00e0s\u00a008:27Ag\u00eancia de Emprego para pessoas deficientes dever\u00e1 arrancar no in\u00edcio do m\u00eas de maio com a ambi\u00e7\u00e3o de chegar a todo o pa\u00eds.Nos primeiros dois meses deste ano, j\u00e1 foram apresentadas propostas de contrata\u00e7\u00e3o de 334 pessoas com defici\u00eancia em empresas privadas de m\u00e9dia ou grande dimens\u00e3o, ao abrigo da lei das quotas, em [&hellip;]<\/p>\n","protected":false},"author":2,"featured_media":3481,"comment_status":"open","ping_status":"open","sticky":false,"template":"","format":"standard","meta":{"footnotes":""},"categories":[1],"tags":[],"class_list":["post-3480","post","type-post","status-publish","format-standard","has-post-thumbnail","hentry","category-ultimas-noticias-financeiras"],"yoast_head":"<!-- This site is optimized with the Yoast SEO plugin v27.4 - https:\/\/yoast.com\/product\/yoast-seo-wordpress\/ -->\n<title>Defici\u00eancia: privados j\u00e1 est\u00e3o a contratar ao abrigo de quotas - Hot News in World<\/title>\n<meta name=\"robots\" content=\"index, follow, max-snippet:-1, max-image-preview:large, max-video-preview:-1\" \/>\n<link rel=\"canonical\" href=\"https:\/\/hotnewsinworld.com\/pt\/deficiencia-privados-ja-estao-a-contratar-ao-abrigo-de-quotas\/\" \/>\n<meta property=\"og:locale\" content=\"pt_PT\" \/>\n<meta property=\"og:type\" content=\"article\" \/>\n<meta property=\"og:title\" content=\"Defici\u00eancia: privados j\u00e1 est\u00e3o a contratar ao abrigo de quotas - Hot News in World\" \/>\n<meta property=\"og:description\" content=\"Erika NunesHoje\u00a0\u00e0s\u00a008:27Ag\u00eancia de Emprego para pessoas deficientes dever\u00e1 arrancar no in\u00edcio do m\u00eas de maio com a ambi\u00e7\u00e3o de chegar a todo o pa\u00eds.Nos primeiros dois meses deste ano, j\u00e1 foram apresentadas propostas de contrata\u00e7\u00e3o de 334 pessoas com defici\u00eancia em empresas privadas de m\u00e9dia ou grande dimens\u00e3o, ao abrigo da lei das quotas, em [&hellip;]\" \/>\n<meta property=\"og:url\" content=\"https:\/\/hotnewsinworld.com\/pt\/deficiencia-privados-ja-estao-a-contratar-ao-abrigo-de-quotas\/\" \/>\n<meta property=\"og:site_name\" content=\"Hot News in World\" \/>\n<meta property=\"article:published_time\" content=\"2021-04-19T08:19:43+00:00\" \/>\n<meta property=\"article:modified_time\" content=\"2021-04-19T08:19:45+00:00\" \/>\n<meta property=\"og:image\" content=\"https:\/\/hotnewsinworld.com\/pt\/wp-content\/uploads\/sites\/2\/2021\/04\/Deficiencia-privados-ja-estao-a-contratar-ao-abrigo-de-quotas.jpg\" \/>\n\t<meta property=\"og:image:width\" content=\"799\" \/>\n\t<meta property=\"og:image:height\" content=\"420\" \/>\n\t<meta property=\"og:image:type\" content=\"image\/jpeg\" \/>\n<meta name=\"author\" content=\"hotnewsinworld\" \/>\n<meta name=\"twitter:card\" content=\"summary_large_image\" \/>\n<meta name=\"twitter:label1\" content=\"Escrito por\" \/>\n\t<meta name=\"twitter:data1\" content=\"hotnewsinworld\" \/>\n\t<meta name=\"twitter:label2\" content=\"Tempo estimado de leitura\" \/>\n\t<meta name=\"twitter:data2\" content=\"1 minuto\" \/>\n<script type=\"application\/ld+json\" class=\"yoast-schema-graph\">{\"@context\":\"https:\\\/\\\/schema.org\",\"@graph\":[{\"@type\":\"Article\",\"@id\":\"https:\\\/\\\/hotnewsinworld.com\\\/pt\\\/deficiencia-privados-ja-estao-a-contratar-ao-abrigo-de-quotas\\\/#article\",\"isPartOf\":{\"@id\":\"https:\\\/\\\/hotnewsinworld.com\\\/pt\\\/deficiencia-privados-ja-estao-a-contratar-ao-abrigo-de-quotas\\\/\"},\"author\":{\"name\":\"hotnewsinworld\",\"@id\":\"https:\\\/\\\/hotnewsinworld.com\\\/pt\\\/#\\\/schema\\\/person\\\/fe61448b21c0d59086e75fcc1f9d8f6b\"},\"headline\":\"Defici\u00eancia: privados j\u00e1 est\u00e3o a contratar ao abrigo de quotas\",\"datePublished\":\"2021-04-19T08:19:43+00:00\",\"dateModified\":\"2021-04-19T08:19:45+00:00\",\"mainEntityOfPage\":{\"@id\":\"https:\\\/\\\/hotnewsinworld.com\\\/pt\\\/deficiencia-privados-ja-estao-a-contratar-ao-abrigo-de-quotas\\\/\"},\"wordCount\":229,\"commentCount\":0,\"image\":{\"@id\":\"https:\\\/\\\/hotnewsinworld.com\\\/pt\\\/deficiencia-privados-ja-estao-a-contratar-ao-abrigo-de-quotas\\\/#primaryimage\"},\"thumbnailUrl\":\"https:\\\/\\\/hotnewsinworld.com\\\/pt\\\/wp-content\\\/uploads\\\/sites\\\/2\\\/2021\\\/04\\\/Deficiencia-privados-ja-estao-a-contratar-ao-abrigo-de-quotas.jpg\",\"articleSection\":[\"\u00daLTIMAS NOT\u00cdCIAS FINANCEIRAS\"],\"inLanguage\":\"pt-PT\",\"potentialAction\":[{\"@type\":\"CommentAction\",\"name\":\"Comment\",\"target\":[\"https:\\\/\\\/hotnewsinworld.com\\\/pt\\\/deficiencia-privados-ja-estao-a-contratar-ao-abrigo-de-quotas\\\/#respond\"]}]},{\"@type\":\"WebPage\",\"@id\":\"https:\\\/\\\/hotnewsinworld.com\\\/pt\\\/deficiencia-privados-ja-estao-a-contratar-ao-abrigo-de-quotas\\\/\",\"url\":\"https:\\\/\\\/hotnewsinworld.com\\\/pt\\\/deficiencia-privados-ja-estao-a-contratar-ao-abrigo-de-quotas\\\/\",\"name\":\"Defici\u00eancia: privados j\u00e1 est\u00e3o a contratar ao abrigo de quotas - Hot News in World\",\"isPartOf\":{\"@id\":\"https:\\\/\\\/hotnewsinworld.com\\\/pt\\\/#website\"},\"primaryImageOfPage\":{\"@id\":\"https:\\\/\\\/hotnewsinworld.com\\\/pt\\\/deficiencia-privados-ja-estao-a-contratar-ao-abrigo-de-quotas\\\/#primaryimage\"},\"image\":{\"@id\":\"https:\\\/\\\/hotnewsinworld.com\\\/pt\\\/deficiencia-privados-ja-estao-a-contratar-ao-abrigo-de-quotas\\\/#primaryimage\"},\"thumbnailUrl\":\"https:\\\/\\\/hotnewsinworld.com\\\/pt\\\/wp-content\\\/uploads\\\/sites\\\/2\\\/2021\\\/04\\\/Deficiencia-privados-ja-estao-a-contratar-ao-abrigo-de-quotas.jpg\",\"datePublished\":\"2021-04-19T08:19:43+00:00\",\"dateModified\":\"2021-04-19T08:19:45+00:00\",\"author\":{\"@id\":\"https:\\\/\\\/hotnewsinworld.com\\\/pt\\\/#\\\/schema\\\/person\\\/fe61448b21c0d59086e75fcc1f9d8f6b\"},\"breadcrumb\":{\"@id\":\"https:\\\/\\\/hotnewsinworld.com\\\/pt\\\/deficiencia-privados-ja-estao-a-contratar-ao-abrigo-de-quotas\\\/#breadcrumb\"},\"inLanguage\":\"pt-PT\",\"potentialAction\":[{\"@type\":\"ReadAction\",\"target\":[\"https:\\\/\\\/hotnewsinworld.com\\\/pt\\\/deficiencia-privados-ja-estao-a-contratar-ao-abrigo-de-quotas\\\/\"]}]},{\"@type\":\"ImageObject\",\"inLanguage\":\"pt-PT\",\"@id\":\"https:\\\/\\\/hotnewsinworld.com\\\/pt\\\/deficiencia-privados-ja-estao-a-contratar-ao-abrigo-de-quotas\\\/#primaryimage\",\"url\":\"https:\\\/\\\/hotnewsinworld.com\\\/pt\\\/wp-content\\\/uploads\\\/sites\\\/2\\\/2021\\\/04\\\/Deficiencia-privados-ja-estao-a-contratar-ao-abrigo-de-quotas.jpg\",\"contentUrl\":\"https:\\\/\\\/hotnewsinworld.com\\\/pt\\\/wp-content\\\/uploads\\\/sites\\\/2\\\/2021\\\/04\\\/Deficiencia-privados-ja-estao-a-contratar-ao-abrigo-de-quotas.jpg\",\"width\":799,\"height\":420,\"caption\":\"Defici\u00eancia: privados j\u00e1 est\u00e3o a contratar ao abrigo de quotas\"},{\"@type\":\"BreadcrumbList\",\"@id\":\"https:\\\/\\\/hotnewsinworld.com\\\/pt\\\/deficiencia-privados-ja-estao-a-contratar-ao-abrigo-de-quotas\\\/#breadcrumb\",\"itemListElement\":[{\"@type\":\"ListItem\",\"position\":1,\"name\":\"\u0413\u043b\u0430\u0432\u043d\u0430\u044f \u0441\u0442\u0440\u0430\u043d\u0438\u0446\u0430\",\"item\":\"https:\\\/\\\/hotnewsinworld.com\\\/pt\\\/\"},{\"@type\":\"ListItem\",\"position\":2,\"name\":\"Defici\u00eancia: privados j\u00e1 est\u00e3o a contratar ao abrigo de quotas\"}]},{\"@type\":\"WebSite\",\"@id\":\"https:\\\/\\\/hotnewsinworld.com\\\/pt\\\/#website\",\"url\":\"https:\\\/\\\/hotnewsinworld.com\\\/pt\\\/\",\"name\":\"Hot News in World\",\"description\":\"Hot News in World Portugal\",\"potentialAction\":[{\"@type\":\"SearchAction\",\"target\":{\"@type\":\"EntryPoint\",\"urlTemplate\":\"https:\\\/\\\/hotnewsinworld.com\\\/pt\\\/?s={search_term_string}\"},\"query-input\":{\"@type\":\"PropertyValueSpecification\",\"valueRequired\":true,\"valueName\":\"search_term_string\"}}],\"inLanguage\":\"pt-PT\"},{\"@type\":\"Person\",\"@id\":\"https:\\\/\\\/hotnewsinworld.com\\\/pt\\\/#\\\/schema\\\/person\\\/fe61448b21c0d59086e75fcc1f9d8f6b\",\"name\":\"hotnewsinworld\",\"image\":{\"@type\":\"ImageObject\",\"inLanguage\":\"pt-PT\",\"@id\":\"https:\\\/\\\/secure.gravatar.com\\\/avatar\\\/8a09ac165600ce2e1c38fe593c63928eb1e6e7ba5c5a907d67787c41b3d00c14?s=96&d=mm&r=g\",\"url\":\"https:\\\/\\\/secure.gravatar.com\\\/avatar\\\/8a09ac165600ce2e1c38fe593c63928eb1e6e7ba5c5a907d67787c41b3d00c14?s=96&d=mm&r=g\",\"contentUrl\":\"https:\\\/\\\/secure.gravatar.com\\\/avatar\\\/8a09ac165600ce2e1c38fe593c63928eb1e6e7ba5c5a907d67787c41b3d00c14?s=96&d=mm&r=g\",\"caption\":\"hotnewsinworld\"},\"url\":\"https:\\\/\\\/hotnewsinworld.com\\\/pt\\\/author\\\/pt\\\/\"}]}<\/script>\n<!-- \/ Yoast SEO plugin. -->","yoast_head_json":{"title":"Defici\u00eancia: privados j\u00e1 est\u00e3o a contratar ao abrigo de quotas - Hot News in World","robots":{"index":"index","follow":"follow","max-snippet":"max-snippet:-1","max-image-preview":"max-image-preview:large","max-video-preview":"max-video-preview:-1"},"canonical":"https:\/\/hotnewsinworld.com\/pt\/deficiencia-privados-ja-estao-a-contratar-ao-abrigo-de-quotas\/","og_locale":"pt_PT","og_type":"article","og_title":"Defici\u00eancia: privados j\u00e1 est\u00e3o a contratar ao abrigo de quotas - Hot News in World","og_description":"Erika NunesHoje\u00a0\u00e0s\u00a008:27Ag\u00eancia de Emprego para pessoas deficientes dever\u00e1 arrancar no in\u00edcio do m\u00eas de maio com a ambi\u00e7\u00e3o de chegar a todo o pa\u00eds.Nos primeiros dois meses deste ano, j\u00e1 foram apresentadas propostas de contrata\u00e7\u00e3o de 334 pessoas com defici\u00eancia em empresas privadas de m\u00e9dia ou grande dimens\u00e3o, ao abrigo da lei das quotas, em [&hellip;]","og_url":"https:\/\/hotnewsinworld.com\/pt\/deficiencia-privados-ja-estao-a-contratar-ao-abrigo-de-quotas\/","og_site_name":"Hot News in World","article_published_time":"2021-04-19T08:19:43+00:00","article_modified_time":"2021-04-19T08:19:45+00:00","og_image":[{"width":799,"height":420,"url":"https:\/\/hotnewsinworld.com\/pt\/wp-content\/uploads\/sites\/2\/2021\/04\/Deficiencia-privados-ja-estao-a-contratar-ao-abrigo-de-quotas.jpg","type":"image\/jpeg"}],"author":"hotnewsinworld","twitter_card":"summary_large_image","twitter_misc":{"Escrito por":"hotnewsinworld","Tempo estimado de leitura":"1 minuto"},"schema":{"@context":"https:\/\/schema.org","@graph":[{"@type":"Article","@id":"https:\/\/hotnewsinworld.com\/pt\/deficiencia-privados-ja-estao-a-contratar-ao-abrigo-de-quotas\/#article","isPartOf":{"@id":"https:\/\/hotnewsinworld.com\/pt\/deficiencia-privados-ja-estao-a-contratar-ao-abrigo-de-quotas\/"},"author":{"name":"hotnewsinworld","@id":"https:\/\/hotnewsinworld.com\/pt\/#\/schema\/person\/fe61448b21c0d59086e75fcc1f9d8f6b"},"headline":"Defici\u00eancia: privados j\u00e1 est\u00e3o a contratar ao abrigo de quotas","datePublished":"2021-04-19T08:19:43+00:00","dateModified":"2021-04-19T08:19:45+00:00","mainEntityOfPage":{"@id":"https:\/\/hotnewsinworld.com\/pt\/deficiencia-privados-ja-estao-a-contratar-ao-abrigo-de-quotas\/"},"wordCount":229,"commentCount":0,"image":{"@id":"https:\/\/hotnewsinworld.com\/pt\/deficiencia-privados-ja-estao-a-contratar-ao-abrigo-de-quotas\/#primaryimage"},"thumbnailUrl":"https:\/\/hotnewsinworld.com\/pt\/wp-content\/uploads\/sites\/2\/2021\/04\/Deficiencia-privados-ja-estao-a-contratar-ao-abrigo-de-quotas.jpg","articleSection":["\u00daLTIMAS NOT\u00cdCIAS FINANCEIRAS"],"inLanguage":"pt-PT","potentialAction":[{"@type":"CommentAction","name":"Comment","target":["https:\/\/hotnewsinworld.com\/pt\/deficiencia-privados-ja-estao-a-contratar-ao-abrigo-de-quotas\/#respond"]}]},{"@type":"WebPage","@id":"https:\/\/hotnewsinworld.com\/pt\/deficiencia-privados-ja-estao-a-contratar-ao-abrigo-de-quotas\/","url":"https:\/\/hotnewsinworld.com\/pt\/deficiencia-privados-ja-estao-a-contratar-ao-abrigo-de-quotas\/","name":"Defici\u00eancia: privados j\u00e1 est\u00e3o a contratar ao abrigo de quotas - Hot News in World","isPartOf":{"@id":"https:\/\/hotnewsinworld.com\/pt\/#website"},"primaryImageOfPage":{"@id":"https:\/\/hotnewsinworld.com\/pt\/deficiencia-privados-ja-estao-a-contratar-ao-abrigo-de-quotas\/#primaryimage"},"image":{"@id":"https:\/\/hotnewsinworld.com\/pt\/deficiencia-privados-ja-estao-a-contratar-ao-abrigo-de-quotas\/#primaryimage"},"thumbnailUrl":"https:\/\/hotnewsinworld.com\/pt\/wp-content\/uploads\/sites\/2\/2021\/04\/Deficiencia-privados-ja-estao-a-contratar-ao-abrigo-de-quotas.jpg","datePublished":"2021-04-19T08:19:43+00:00","dateModified":"2021-04-19T08:19:45+00:00","author":{"@id":"https:\/\/hotnewsinworld.com\/pt\/#\/schema\/person\/fe61448b21c0d59086e75fcc1f9d8f6b"},"breadcrumb":{"@id":"https:\/\/hotnewsinworld.com\/pt\/deficiencia-privados-ja-estao-a-contratar-ao-abrigo-de-quotas\/#breadcrumb"},"inLanguage":"pt-PT","potentialAction":[{"@type":"ReadAction","target":["https:\/\/hotnewsinworld.com\/pt\/deficiencia-privados-ja-estao-a-contratar-ao-abrigo-de-quotas\/"]}]},{"@type":"ImageObject","inLanguage":"pt-PT","@id":"https:\/\/hotnewsinworld.com\/pt\/deficiencia-privados-ja-estao-a-contratar-ao-abrigo-de-quotas\/#primaryimage","url":"https:\/\/hotnewsinworld.com\/pt\/wp-content\/uploads\/sites\/2\/2021\/04\/Deficiencia-privados-ja-estao-a-contratar-ao-abrigo-de-quotas.jpg","contentUrl":"https:\/\/hotnewsinworld.com\/pt\/wp-content\/uploads\/sites\/2\/2021\/04\/Deficiencia-privados-ja-estao-a-contratar-ao-abrigo-de-quotas.jpg","width":799,"height":420,"caption":"Defici\u00eancia: privados j\u00e1 est\u00e3o a contratar ao abrigo de quotas"},{"@type":"BreadcrumbList","@id":"https:\/\/hotnewsinworld.com\/pt\/deficiencia-privados-ja-estao-a-contratar-ao-abrigo-de-quotas\/#breadcrumb","itemListElement":[{"@type":"ListItem","position":1,"name":"\u0413\u043b\u0430\u0432\u043d\u0430\u044f \u0441\u0442\u0440\u0430\u043d\u0438\u0446\u0430","item":"https:\/\/hotnewsinworld.com\/pt\/"},{"@type":"ListItem","position":2,"name":"Defici\u00eancia: privados j\u00e1 est\u00e3o a contratar ao abrigo de quotas"}]},{"@type":"WebSite","@id":"https:\/\/hotnewsinworld.com\/pt\/#website","url":"https:\/\/hotnewsinworld.com\/pt\/","name":"Hot News in World","description":"Hot News in World Portugal","potentialAction":[{"@type":"SearchAction","target":{"@type":"EntryPoint","urlTemplate":"https:\/\/hotnewsinworld.com\/pt\/?s={search_term_string}"},"query-input":{"@type":"PropertyValueSpecification","valueRequired":true,"valueName":"search_term_string"}}],"inLanguage":"pt-PT"},{"@type":"Person","@id":"https:\/\/hotnewsinworld.com\/pt\/#\/schema\/person\/fe61448b21c0d59086e75fcc1f9d8f6b","name":"hotnewsinworld","image":{"@type":"ImageObject","inLanguage":"pt-PT","@id":"https:\/\/secure.gravatar.com\/avatar\/8a09ac165600ce2e1c38fe593c63928eb1e6e7ba5c5a907d67787c41b3d00c14?s=96&d=mm&r=g","url":"https:\/\/secure.gravatar.com\/avatar\/8a09ac165600ce2e1c38fe593c63928eb1e6e7ba5c5a907d67787c41b3d00c14?s=96&d=mm&r=g","contentUrl":"https:\/\/secure.gravatar.com\/avatar\/8a09ac165600ce2e1c38fe593c63928eb1e6e7ba5c5a907d67787c41b3d00c14?s=96&d=mm&r=g","caption":"hotnewsinworld"},"url":"https:\/\/hotnewsinworld.com\/pt\/author\/pt\/"}]}},"_links":{"self":[{"href":"https:\/\/hotnewsinworld.com\/pt\/wp-json\/wp\/v2\/posts\/3480","targetHints":{"allow":["GET"]}}],"collection":[{"href":"https:\/\/hotnewsinworld.com\/pt\/wp-json\/wp\/v2\/posts"}],"about":[{"href":"https:\/\/hotnewsinworld.com\/pt\/wp-json\/wp\/v2\/types\/post"}],"author":[{"embeddable":true,"href":"https:\/\/hotnewsinworld.com\/pt\/wp-json\/wp\/v2\/users\/2"}],"replies":[{"embeddable":true,"href":"https:\/\/hotnewsinworld.com\/pt\/wp-json\/wp\/v2\/comments?post=3480"}],"version-history":[{"count":1,"href":"https:\/\/hotnewsinworld.com\/pt\/wp-json\/wp\/v2\/posts\/3480\/revisions"}],"predecessor-version":[{"id":3482,"href":"https:\/\/hotnewsinworld.com\/pt\/wp-json\/wp\/v2\/posts\/3480\/revisions\/3482"}],"wp:featuredmedia":[{"embeddable":true,"href":"https:\/\/hotnewsinworld.com\/pt\/wp-json\/wp\/v2\/media\/3481"}],"wp:attachment":[{"href":"https:\/\/hotnewsinworld.com\/pt\/wp-json\/wp\/v2\/media?parent=3480"}],"wp:term":[{"taxonomy":"category","embeddable":true,"href":"https:\/\/hotnewsinworld.com\/pt\/wp-json\/wp\/v2\/categories?post=3480"},{"taxonomy":"post_tag","embeddable":true,"href":"https:\/\/hotnewsinworld.com\/pt\/wp-json\/wp\/v2\/tags?post=3480"}],"curies":[{"name":"wp","href":"https:\/\/api.w.org\/{rel}","templated":true}]}}