{"id":3486,"date":"2021-04-20T11:26:55","date_gmt":"2021-04-20T08:26:55","guid":{"rendered":"https:\/\/hotnewsinworld.com\/pt\/trabalhadores-da-edp-em-greve-por-aumentos-salariais-e-progressao-na-carreira\/"},"modified":"2021-04-20T11:26:59","modified_gmt":"2021-04-20T08:26:59","slug":"trabalhadores-da-edp-em-greve-por-aumentos-salariais-e-progressao-na-carreira","status":"publish","type":"post","link":"https:\/\/hotnewsinworld.com\/pt\/trabalhadores-da-edp-em-greve-por-aumentos-salariais-e-progressao-na-carreira\/","title":{"rendered":"Trabalhadores da EDP em greve por aumentos salariais e progress\u00e3o na carreira"},"content":{"rendered":"<p>JN\/Ag\u00eanciasHoje\u00a0\u00e0s\u00a008:59Os trabalhadores da EDP cumprem, esta ter\u00e7a-feira, uma greve nacional para reivindicar aumentos salariais e uma &#8220;mais justa&#8221; progress\u00e3o na carreira, com concentra\u00e7\u00e3o prevista pelas 11 horas junto \u00e0 sede da empresa, em Lisboa.Em comunicado, a Federa\u00e7\u00e3o Intersindical das Ind\u00fastrias Metal\u00fargicas, Qu\u00edmicas, El\u00e9tricas, Farmac\u00eautica, Celulose, Papel, Gr\u00e1fica, Imprensa, Energia e Minas (Fiequimetal &#8211; CGTP-IN) diz recusar &#8220;que gozem com quem trabalha&#8221; e exorta os trabalhadores a mostrarem &#8220;o seu descontentamento, aderindo \u00e0 greve de 24 horas e participando na concentra\u00e7\u00e3o&#8221; marcada para a Avenida 24 de Julho.Segundo adianta, nessa altura ser\u00e1 entregue um abaixo-assinado &#8220;por uma nova e mais justa progress\u00e3o nas carreiras&#8221;, que a federa\u00e7\u00e3o diz ter recolhido &#8220;centenas de assinaturas de trabalhadores da EDP&#8221;.Em causa est\u00e1 o que a Fiequimetal descreve como uma &#8220;postura escandalosa da administra\u00e7\u00e3o da EDP, que beneficia sal\u00e1rios moralmente inaceit\u00e1veis, enquanto aos trabalhadores dirige &#8216;elogios p\u00fablicos&#8217; e &#8216;pontap\u00e9s privados'&#8221;.Para a federa\u00e7\u00e3o, a proposta da administra\u00e7\u00e3o da EDP para aumentos salariais de 0,5% \u00e9 &#8220;uma mis\u00e9ria&#8221;: &#8220;Durante seis reuni\u00f5es [a empresa] andou a dizer que n\u00e3o pretendia aumentar sal\u00e1rios, depois l\u00e1 foi, timidamente, alterando e, neste momento, est\u00e1 com 0,5 [%], que \u00e9 uma mis\u00e9ria para uma empresa que teve 801 milh\u00f5es de euros de lucro&#8221;, disse \u00e0 ag\u00eancia Lusa o representante da Fiequimetal respons\u00e1vel pelas negocia\u00e7\u00f5es com a EDP e trabalhador na empresa h\u00e1 34 anos.Conforme explicou Joaquim Gerv\u00e1sio, a proposta inicial dos sindicatos era de 90 euros de aumento, mas estes sempre se manifestaram &#8220;abertos a negocia\u00e7\u00e3o&#8221;.&#8221;Dissemos inclusive \u00e0 empresa que n\u00e3o aceit\u00e1vamos come\u00e7ar a negociar enquanto a empresa n\u00e3o pusesse na mesa pelo menos o equivalente \u00e0quilo que subiu o sal\u00e1rio m\u00ednimo nacional, porque isto \u00e9 uma empresa que tem trabalhadores muito especializados, s\u00e3o trabalhadores altamente especializados, necessitam de ser valorizados&#8221;, afirmou.Segundo o dirigente sindical, os trabalhadores, &#8220;que geram a riqueza&#8221;, sentem-se menos valorizados do que os acionistas, que &#8220;s\u00f3 compram a\u00e7\u00f5es uma vez&#8221; e recebem os dividendos todos os anos.&#8221;Al\u00e9m dos mais de 800 milh\u00f5es, relativos a 2020, que passaram para o lado dos lucros (dos quais mais de 753 milh\u00f5es v\u00e3o para dividendos), a administra\u00e7\u00e3o vai pagar 2,4 milh\u00f5es de euros nos pr\u00f3ximos tr\u00eas anos ao antigo presidente (Ant\u00f3nio Mexia) s\u00f3 para ele ficar sentado e ao atual CEO, Miguel Stilwell de Andrade, a administra\u00e7\u00e3o prop\u00f4s e os acionistas aprovaram pagar 1,4 milh\u00f5es de euros por ano&#8221;, critica a Fiequimetal.Segundo a federa\u00e7\u00e3o, s\u00e3o os trabalhadores que &#8220;d\u00e3o tudo para manter a EDP l\u00edder em inova\u00e7\u00e3o, defendendo uma empresa que tem de voltar a ser fundamental para o desenvolvimento do pa\u00eds e da economia&#8221;.<br \/>\n<br \/>\n<!--noindex--><br \/>\n<a href=\"http:\/\/feeds.jn.pt\/~r\/JN-ECONOMIA\/~3\/kh40BONjWSA\/trabalhadores-da-edp-em-greve-por-aumentos-salariais-e-progressao-na-carreira-13590116.html\" rel=\"nofollow\">Source link <\/a><br \/>\n<!--\/noindex--><\/p>\n","protected":false},"excerpt":{"rendered":"<p>JN\/Ag\u00eanciasHoje\u00a0\u00e0s\u00a008:59Os trabalhadores da EDP cumprem, esta ter\u00e7a-feira, uma greve nacional para reivindicar aumentos salariais e uma &#8220;mais justa&#8221; progress\u00e3o na carreira, com concentra\u00e7\u00e3o prevista pelas 11 horas junto \u00e0 sede da empresa, em Lisboa.Em comunicado, a Federa\u00e7\u00e3o Intersindical das Ind\u00fastrias Metal\u00fargicas, Qu\u00edmicas, El\u00e9tricas, Farmac\u00eautica, Celulose, Papel, Gr\u00e1fica, Imprensa, Energia e Minas (Fiequimetal &#8211; CGTP-IN) diz [&hellip;]<\/p>\n","protected":false},"author":2,"featured_media":3487,"comment_status":"open","ping_status":"open","sticky":false,"template":"","format":"standard","meta":{"footnotes":""},"categories":[1],"tags":[],"class_list":["post-3486","post","type-post","status-publish","format-standard","has-post-thumbnail","hentry","category-ultimas-noticias-financeiras"],"yoast_head":"<!-- This site is optimized with the Yoast SEO plugin v27.4 - https:\/\/yoast.com\/product\/yoast-seo-wordpress\/ -->\n<title>Trabalhadores da EDP em greve por aumentos salariais e progress\u00e3o na carreira - Hot News in World<\/title>\n<meta name=\"robots\" content=\"index, follow, max-snippet:-1, max-image-preview:large, max-video-preview:-1\" \/>\n<link rel=\"canonical\" href=\"https:\/\/hotnewsinworld.com\/pt\/trabalhadores-da-edp-em-greve-por-aumentos-salariais-e-progressao-na-carreira\/\" \/>\n<meta property=\"og:locale\" content=\"pt_PT\" \/>\n<meta property=\"og:type\" content=\"article\" \/>\n<meta property=\"og:title\" content=\"Trabalhadores da EDP em greve por aumentos salariais e progress\u00e3o na carreira - Hot News in World\" \/>\n<meta property=\"og:description\" content=\"JN\/Ag\u00eanciasHoje\u00a0\u00e0s\u00a008:59Os trabalhadores da EDP cumprem, esta ter\u00e7a-feira, uma greve nacional para reivindicar aumentos salariais e uma &#8220;mais justa&#8221; progress\u00e3o na carreira, com concentra\u00e7\u00e3o prevista pelas 11 horas junto \u00e0 sede da empresa, em Lisboa.Em comunicado, a Federa\u00e7\u00e3o Intersindical das Ind\u00fastrias Metal\u00fargicas, Qu\u00edmicas, El\u00e9tricas, Farmac\u00eautica, Celulose, Papel, Gr\u00e1fica, Imprensa, Energia e Minas (Fiequimetal &#8211; CGTP-IN) diz [&hellip;]\" \/>\n<meta property=\"og:url\" content=\"https:\/\/hotnewsinworld.com\/pt\/trabalhadores-da-edp-em-greve-por-aumentos-salariais-e-progressao-na-carreira\/\" \/>\n<meta property=\"og:site_name\" content=\"Hot News in World\" \/>\n<meta property=\"article:published_time\" content=\"2021-04-20T08:26:55+00:00\" \/>\n<meta property=\"article:modified_time\" content=\"2021-04-20T08:26:59+00:00\" \/>\n<meta property=\"og:image\" content=\"https:\/\/hotnewsinworld.com\/pt\/wp-content\/uploads\/sites\/2\/2021\/04\/Trabalhadores-da-EDP-em-greve-por-aumentos-salariais-e-progressao.jpg\" \/>\n\t<meta property=\"og:image:width\" content=\"800\" \/>\n\t<meta property=\"og:image:height\" content=\"420\" \/>\n\t<meta property=\"og:image:type\" content=\"image\/jpeg\" \/>\n<meta name=\"author\" content=\"hotnewsinworld\" \/>\n<meta name=\"twitter:card\" content=\"summary_large_image\" \/>\n<meta name=\"twitter:label1\" content=\"Escrito por\" \/>\n\t<meta name=\"twitter:data1\" content=\"hotnewsinworld\" \/>\n\t<meta name=\"twitter:label2\" content=\"Tempo estimado de leitura\" \/>\n\t<meta name=\"twitter:data2\" content=\"2 minutos\" \/>\n<script type=\"application\/ld+json\" class=\"yoast-schema-graph\">{\"@context\":\"https:\\\/\\\/schema.org\",\"@graph\":[{\"@type\":\"Article\",\"@id\":\"https:\\\/\\\/hotnewsinworld.com\\\/pt\\\/trabalhadores-da-edp-em-greve-por-aumentos-salariais-e-progressao-na-carreira\\\/#article\",\"isPartOf\":{\"@id\":\"https:\\\/\\\/hotnewsinworld.com\\\/pt\\\/trabalhadores-da-edp-em-greve-por-aumentos-salariais-e-progressao-na-carreira\\\/\"},\"author\":{\"name\":\"hotnewsinworld\",\"@id\":\"https:\\\/\\\/hotnewsinworld.com\\\/pt\\\/#\\\/schema\\\/person\\\/fe61448b21c0d59086e75fcc1f9d8f6b\"},\"headline\":\"Trabalhadores da EDP em greve por aumentos salariais e progress\u00e3o na carreira\",\"datePublished\":\"2021-04-20T08:26:55+00:00\",\"dateModified\":\"2021-04-20T08:26:59+00:00\",\"mainEntityOfPage\":{\"@id\":\"https:\\\/\\\/hotnewsinworld.com\\\/pt\\\/trabalhadores-da-edp-em-greve-por-aumentos-salariais-e-progressao-na-carreira\\\/\"},\"wordCount\":487,\"commentCount\":0,\"image\":{\"@id\":\"https:\\\/\\\/hotnewsinworld.com\\\/pt\\\/trabalhadores-da-edp-em-greve-por-aumentos-salariais-e-progressao-na-carreira\\\/#primaryimage\"},\"thumbnailUrl\":\"https:\\\/\\\/hotnewsinworld.com\\\/pt\\\/wp-content\\\/uploads\\\/sites\\\/2\\\/2021\\\/04\\\/Trabalhadores-da-EDP-em-greve-por-aumentos-salariais-e-progressao.jpg\",\"articleSection\":[\"\u00daLTIMAS NOT\u00cdCIAS FINANCEIRAS\"],\"inLanguage\":\"pt-PT\",\"potentialAction\":[{\"@type\":\"CommentAction\",\"name\":\"Comment\",\"target\":[\"https:\\\/\\\/hotnewsinworld.com\\\/pt\\\/trabalhadores-da-edp-em-greve-por-aumentos-salariais-e-progressao-na-carreira\\\/#respond\"]}]},{\"@type\":\"WebPage\",\"@id\":\"https:\\\/\\\/hotnewsinworld.com\\\/pt\\\/trabalhadores-da-edp-em-greve-por-aumentos-salariais-e-progressao-na-carreira\\\/\",\"url\":\"https:\\\/\\\/hotnewsinworld.com\\\/pt\\\/trabalhadores-da-edp-em-greve-por-aumentos-salariais-e-progressao-na-carreira\\\/\",\"name\":\"Trabalhadores da EDP em greve por aumentos salariais e progress\u00e3o na carreira - Hot News in World\",\"isPartOf\":{\"@id\":\"https:\\\/\\\/hotnewsinworld.com\\\/pt\\\/#website\"},\"primaryImageOfPage\":{\"@id\":\"https:\\\/\\\/hotnewsinworld.com\\\/pt\\\/trabalhadores-da-edp-em-greve-por-aumentos-salariais-e-progressao-na-carreira\\\/#primaryimage\"},\"image\":{\"@id\":\"https:\\\/\\\/hotnewsinworld.com\\\/pt\\\/trabalhadores-da-edp-em-greve-por-aumentos-salariais-e-progressao-na-carreira\\\/#primaryimage\"},\"thumbnailUrl\":\"https:\\\/\\\/hotnewsinworld.com\\\/pt\\\/wp-content\\\/uploads\\\/sites\\\/2\\\/2021\\\/04\\\/Trabalhadores-da-EDP-em-greve-por-aumentos-salariais-e-progressao.jpg\",\"datePublished\":\"2021-04-20T08:26:55+00:00\",\"dateModified\":\"2021-04-20T08:26:59+00:00\",\"author\":{\"@id\":\"https:\\\/\\\/hotnewsinworld.com\\\/pt\\\/#\\\/schema\\\/person\\\/fe61448b21c0d59086e75fcc1f9d8f6b\"},\"breadcrumb\":{\"@id\":\"https:\\\/\\\/hotnewsinworld.com\\\/pt\\\/trabalhadores-da-edp-em-greve-por-aumentos-salariais-e-progressao-na-carreira\\\/#breadcrumb\"},\"inLanguage\":\"pt-PT\",\"potentialAction\":[{\"@type\":\"ReadAction\",\"target\":[\"https:\\\/\\\/hotnewsinworld.com\\\/pt\\\/trabalhadores-da-edp-em-greve-por-aumentos-salariais-e-progressao-na-carreira\\\/\"]}]},{\"@type\":\"ImageObject\",\"inLanguage\":\"pt-PT\",\"@id\":\"https:\\\/\\\/hotnewsinworld.com\\\/pt\\\/trabalhadores-da-edp-em-greve-por-aumentos-salariais-e-progressao-na-carreira\\\/#primaryimage\",\"url\":\"https:\\\/\\\/hotnewsinworld.com\\\/pt\\\/wp-content\\\/uploads\\\/sites\\\/2\\\/2021\\\/04\\\/Trabalhadores-da-EDP-em-greve-por-aumentos-salariais-e-progressao.jpg\",\"contentUrl\":\"https:\\\/\\\/hotnewsinworld.com\\\/pt\\\/wp-content\\\/uploads\\\/sites\\\/2\\\/2021\\\/04\\\/Trabalhadores-da-EDP-em-greve-por-aumentos-salariais-e-progressao.jpg\",\"width\":800,\"height\":420,\"caption\":\"Trabalhadores da EDP em greve por aumentos salariais e progress\u00e3o na carreira\"},{\"@type\":\"BreadcrumbList\",\"@id\":\"https:\\\/\\\/hotnewsinworld.com\\\/pt\\\/trabalhadores-da-edp-em-greve-por-aumentos-salariais-e-progressao-na-carreira\\\/#breadcrumb\",\"itemListElement\":[{\"@type\":\"ListItem\",\"position\":1,\"name\":\"\u0413\u043b\u0430\u0432\u043d\u0430\u044f \u0441\u0442\u0440\u0430\u043d\u0438\u0446\u0430\",\"item\":\"https:\\\/\\\/hotnewsinworld.com\\\/pt\\\/\"},{\"@type\":\"ListItem\",\"position\":2,\"name\":\"Trabalhadores da EDP em greve por aumentos salariais e progress\u00e3o na carreira\"}]},{\"@type\":\"WebSite\",\"@id\":\"https:\\\/\\\/hotnewsinworld.com\\\/pt\\\/#website\",\"url\":\"https:\\\/\\\/hotnewsinworld.com\\\/pt\\\/\",\"name\":\"Hot News in World\",\"description\":\"Hot News in World Portugal\",\"potentialAction\":[{\"@type\":\"SearchAction\",\"target\":{\"@type\":\"EntryPoint\",\"urlTemplate\":\"https:\\\/\\\/hotnewsinworld.com\\\/pt\\\/?s={search_term_string}\"},\"query-input\":{\"@type\":\"PropertyValueSpecification\",\"valueRequired\":true,\"valueName\":\"search_term_string\"}}],\"inLanguage\":\"pt-PT\"},{\"@type\":\"Person\",\"@id\":\"https:\\\/\\\/hotnewsinworld.com\\\/pt\\\/#\\\/schema\\\/person\\\/fe61448b21c0d59086e75fcc1f9d8f6b\",\"name\":\"hotnewsinworld\",\"image\":{\"@type\":\"ImageObject\",\"inLanguage\":\"pt-PT\",\"@id\":\"https:\\\/\\\/secure.gravatar.com\\\/avatar\\\/8a09ac165600ce2e1c38fe593c63928eb1e6e7ba5c5a907d67787c41b3d00c14?s=96&d=mm&r=g\",\"url\":\"https:\\\/\\\/secure.gravatar.com\\\/avatar\\\/8a09ac165600ce2e1c38fe593c63928eb1e6e7ba5c5a907d67787c41b3d00c14?s=96&d=mm&r=g\",\"contentUrl\":\"https:\\\/\\\/secure.gravatar.com\\\/avatar\\\/8a09ac165600ce2e1c38fe593c63928eb1e6e7ba5c5a907d67787c41b3d00c14?s=96&d=mm&r=g\",\"caption\":\"hotnewsinworld\"},\"url\":\"https:\\\/\\\/hotnewsinworld.com\\\/pt\\\/author\\\/pt\\\/\"}]}<\/script>\n<!-- \/ Yoast SEO plugin. -->","yoast_head_json":{"title":"Trabalhadores da EDP em greve por aumentos salariais e progress\u00e3o na carreira - Hot News in World","robots":{"index":"index","follow":"follow","max-snippet":"max-snippet:-1","max-image-preview":"max-image-preview:large","max-video-preview":"max-video-preview:-1"},"canonical":"https:\/\/hotnewsinworld.com\/pt\/trabalhadores-da-edp-em-greve-por-aumentos-salariais-e-progressao-na-carreira\/","og_locale":"pt_PT","og_type":"article","og_title":"Trabalhadores da EDP em greve por aumentos salariais e progress\u00e3o na carreira - Hot News in World","og_description":"JN\/Ag\u00eanciasHoje\u00a0\u00e0s\u00a008:59Os trabalhadores da EDP cumprem, esta ter\u00e7a-feira, uma greve nacional para reivindicar aumentos salariais e uma &#8220;mais justa&#8221; progress\u00e3o na carreira, com concentra\u00e7\u00e3o prevista pelas 11 horas junto \u00e0 sede da empresa, em Lisboa.Em comunicado, a Federa\u00e7\u00e3o Intersindical das Ind\u00fastrias Metal\u00fargicas, Qu\u00edmicas, El\u00e9tricas, Farmac\u00eautica, Celulose, Papel, Gr\u00e1fica, Imprensa, Energia e Minas (Fiequimetal &#8211; CGTP-IN) diz [&hellip;]","og_url":"https:\/\/hotnewsinworld.com\/pt\/trabalhadores-da-edp-em-greve-por-aumentos-salariais-e-progressao-na-carreira\/","og_site_name":"Hot News in World","article_published_time":"2021-04-20T08:26:55+00:00","article_modified_time":"2021-04-20T08:26:59+00:00","og_image":[{"width":800,"height":420,"url":"https:\/\/hotnewsinworld.com\/pt\/wp-content\/uploads\/sites\/2\/2021\/04\/Trabalhadores-da-EDP-em-greve-por-aumentos-salariais-e-progressao.jpg","type":"image\/jpeg"}],"author":"hotnewsinworld","twitter_card":"summary_large_image","twitter_misc":{"Escrito por":"hotnewsinworld","Tempo estimado de leitura":"2 minutos"},"schema":{"@context":"https:\/\/schema.org","@graph":[{"@type":"Article","@id":"https:\/\/hotnewsinworld.com\/pt\/trabalhadores-da-edp-em-greve-por-aumentos-salariais-e-progressao-na-carreira\/#article","isPartOf":{"@id":"https:\/\/hotnewsinworld.com\/pt\/trabalhadores-da-edp-em-greve-por-aumentos-salariais-e-progressao-na-carreira\/"},"author":{"name":"hotnewsinworld","@id":"https:\/\/hotnewsinworld.com\/pt\/#\/schema\/person\/fe61448b21c0d59086e75fcc1f9d8f6b"},"headline":"Trabalhadores da EDP em greve por aumentos salariais e progress\u00e3o na carreira","datePublished":"2021-04-20T08:26:55+00:00","dateModified":"2021-04-20T08:26:59+00:00","mainEntityOfPage":{"@id":"https:\/\/hotnewsinworld.com\/pt\/trabalhadores-da-edp-em-greve-por-aumentos-salariais-e-progressao-na-carreira\/"},"wordCount":487,"commentCount":0,"image":{"@id":"https:\/\/hotnewsinworld.com\/pt\/trabalhadores-da-edp-em-greve-por-aumentos-salariais-e-progressao-na-carreira\/#primaryimage"},"thumbnailUrl":"https:\/\/hotnewsinworld.com\/pt\/wp-content\/uploads\/sites\/2\/2021\/04\/Trabalhadores-da-EDP-em-greve-por-aumentos-salariais-e-progressao.jpg","articleSection":["\u00daLTIMAS NOT\u00cdCIAS FINANCEIRAS"],"inLanguage":"pt-PT","potentialAction":[{"@type":"CommentAction","name":"Comment","target":["https:\/\/hotnewsinworld.com\/pt\/trabalhadores-da-edp-em-greve-por-aumentos-salariais-e-progressao-na-carreira\/#respond"]}]},{"@type":"WebPage","@id":"https:\/\/hotnewsinworld.com\/pt\/trabalhadores-da-edp-em-greve-por-aumentos-salariais-e-progressao-na-carreira\/","url":"https:\/\/hotnewsinworld.com\/pt\/trabalhadores-da-edp-em-greve-por-aumentos-salariais-e-progressao-na-carreira\/","name":"Trabalhadores da EDP em greve por aumentos salariais e progress\u00e3o na carreira - Hot News in World","isPartOf":{"@id":"https:\/\/hotnewsinworld.com\/pt\/#website"},"primaryImageOfPage":{"@id":"https:\/\/hotnewsinworld.com\/pt\/trabalhadores-da-edp-em-greve-por-aumentos-salariais-e-progressao-na-carreira\/#primaryimage"},"image":{"@id":"https:\/\/hotnewsinworld.com\/pt\/trabalhadores-da-edp-em-greve-por-aumentos-salariais-e-progressao-na-carreira\/#primaryimage"},"thumbnailUrl":"https:\/\/hotnewsinworld.com\/pt\/wp-content\/uploads\/sites\/2\/2021\/04\/Trabalhadores-da-EDP-em-greve-por-aumentos-salariais-e-progressao.jpg","datePublished":"2021-04-20T08:26:55+00:00","dateModified":"2021-04-20T08:26:59+00:00","author":{"@id":"https:\/\/hotnewsinworld.com\/pt\/#\/schema\/person\/fe61448b21c0d59086e75fcc1f9d8f6b"},"breadcrumb":{"@id":"https:\/\/hotnewsinworld.com\/pt\/trabalhadores-da-edp-em-greve-por-aumentos-salariais-e-progressao-na-carreira\/#breadcrumb"},"inLanguage":"pt-PT","potentialAction":[{"@type":"ReadAction","target":["https:\/\/hotnewsinworld.com\/pt\/trabalhadores-da-edp-em-greve-por-aumentos-salariais-e-progressao-na-carreira\/"]}]},{"@type":"ImageObject","inLanguage":"pt-PT","@id":"https:\/\/hotnewsinworld.com\/pt\/trabalhadores-da-edp-em-greve-por-aumentos-salariais-e-progressao-na-carreira\/#primaryimage","url":"https:\/\/hotnewsinworld.com\/pt\/wp-content\/uploads\/sites\/2\/2021\/04\/Trabalhadores-da-EDP-em-greve-por-aumentos-salariais-e-progressao.jpg","contentUrl":"https:\/\/hotnewsinworld.com\/pt\/wp-content\/uploads\/sites\/2\/2021\/04\/Trabalhadores-da-EDP-em-greve-por-aumentos-salariais-e-progressao.jpg","width":800,"height":420,"caption":"Trabalhadores da EDP em greve por aumentos salariais e progress\u00e3o na carreira"},{"@type":"BreadcrumbList","@id":"https:\/\/hotnewsinworld.com\/pt\/trabalhadores-da-edp-em-greve-por-aumentos-salariais-e-progressao-na-carreira\/#breadcrumb","itemListElement":[{"@type":"ListItem","position":1,"name":"\u0413\u043b\u0430\u0432\u043d\u0430\u044f \u0441\u0442\u0440\u0430\u043d\u0438\u0446\u0430","item":"https:\/\/hotnewsinworld.com\/pt\/"},{"@type":"ListItem","position":2,"name":"Trabalhadores da EDP em greve por aumentos salariais e progress\u00e3o na carreira"}]},{"@type":"WebSite","@id":"https:\/\/hotnewsinworld.com\/pt\/#website","url":"https:\/\/hotnewsinworld.com\/pt\/","name":"Hot News in World","description":"Hot News in World Portugal","potentialAction":[{"@type":"SearchAction","target":{"@type":"EntryPoint","urlTemplate":"https:\/\/hotnewsinworld.com\/pt\/?s={search_term_string}"},"query-input":{"@type":"PropertyValueSpecification","valueRequired":true,"valueName":"search_term_string"}}],"inLanguage":"pt-PT"},{"@type":"Person","@id":"https:\/\/hotnewsinworld.com\/pt\/#\/schema\/person\/fe61448b21c0d59086e75fcc1f9d8f6b","name":"hotnewsinworld","image":{"@type":"ImageObject","inLanguage":"pt-PT","@id":"https:\/\/secure.gravatar.com\/avatar\/8a09ac165600ce2e1c38fe593c63928eb1e6e7ba5c5a907d67787c41b3d00c14?s=96&d=mm&r=g","url":"https:\/\/secure.gravatar.com\/avatar\/8a09ac165600ce2e1c38fe593c63928eb1e6e7ba5c5a907d67787c41b3d00c14?s=96&d=mm&r=g","contentUrl":"https:\/\/secure.gravatar.com\/avatar\/8a09ac165600ce2e1c38fe593c63928eb1e6e7ba5c5a907d67787c41b3d00c14?s=96&d=mm&r=g","caption":"hotnewsinworld"},"url":"https:\/\/hotnewsinworld.com\/pt\/author\/pt\/"}]}},"_links":{"self":[{"href":"https:\/\/hotnewsinworld.com\/pt\/wp-json\/wp\/v2\/posts\/3486","targetHints":{"allow":["GET"]}}],"collection":[{"href":"https:\/\/hotnewsinworld.com\/pt\/wp-json\/wp\/v2\/posts"}],"about":[{"href":"https:\/\/hotnewsinworld.com\/pt\/wp-json\/wp\/v2\/types\/post"}],"author":[{"embeddable":true,"href":"https:\/\/hotnewsinworld.com\/pt\/wp-json\/wp\/v2\/users\/2"}],"replies":[{"embeddable":true,"href":"https:\/\/hotnewsinworld.com\/pt\/wp-json\/wp\/v2\/comments?post=3486"}],"version-history":[{"count":1,"href":"https:\/\/hotnewsinworld.com\/pt\/wp-json\/wp\/v2\/posts\/3486\/revisions"}],"predecessor-version":[{"id":3488,"href":"https:\/\/hotnewsinworld.com\/pt\/wp-json\/wp\/v2\/posts\/3486\/revisions\/3488"}],"wp:featuredmedia":[{"embeddable":true,"href":"https:\/\/hotnewsinworld.com\/pt\/wp-json\/wp\/v2\/media\/3487"}],"wp:attachment":[{"href":"https:\/\/hotnewsinworld.com\/pt\/wp-json\/wp\/v2\/media?parent=3486"}],"wp:term":[{"taxonomy":"category","embeddable":true,"href":"https:\/\/hotnewsinworld.com\/pt\/wp-json\/wp\/v2\/categories?post=3486"},{"taxonomy":"post_tag","embeddable":true,"href":"https:\/\/hotnewsinworld.com\/pt\/wp-json\/wp\/v2\/tags?post=3486"}],"curies":[{"name":"wp","href":"https:\/\/api.w.org\/{rel}","templated":true}]}}