{"id":3492,"date":"2021-04-21T11:44:18","date_gmt":"2021-04-21T08:44:18","guid":{"rendered":"https:\/\/hotnewsinworld.com\/pt\/banca-ve-%e2%80%b3precipicio%e2%80%b3-com-fim-de-moratorias-das-empresas\/"},"modified":"2021-04-21T11:44:21","modified_gmt":"2021-04-21T08:44:21","slug":"banca-ve-%e2%80%b3precipicio%e2%80%b3-com-fim-de-moratorias-das-empresas","status":"publish","type":"post","link":"https:\/\/hotnewsinworld.com\/pt\/banca-ve-%e2%80%b3precipicio%e2%80%b3-com-fim-de-moratorias-das-empresas\/","title":{"rendered":"Banca v\u00ea \u2033precip\u00edcio\u2033 com fim de morat\u00f3rias das empresas"},"content":{"rendered":"<p>Paulo Ribeiro Pinto (DV\/JN)Hoje\u00a0\u00e0s\u00a009:38Associa\u00e7\u00e3o Portuguesa de Bancos pede esfor\u00e7o &#8220;musculado&#8221; ao Governo. Deco acusa bancos de viola\u00e7\u00e3o do dever de informa\u00e7\u00e3o ao consumidor.Se o fim das morat\u00f3rias para as fam\u00edlias n\u00e3o representar grande problema para os bancos, o mesmo n\u00e3o se pode dizer para as empresas. Foi essa a ideia geral deixada pelo presidente da Associa\u00e7\u00e3o Portuguesa de Bancos (APB), Fernando Faria de Oliveira, na audi\u00e7\u00e3o de ontem na Comiss\u00e3o de Or\u00e7amento e Finan\u00e7as a pedido do PCP. &#8220;A quest\u00e3o das empresas tem outra dimens\u00e3o&#8221;, come\u00e7ou por indicar. &#8220;Desde logo s\u00e3o as empresas que asseguram os empregos e tamb\u00e9m naturalmente que s\u00e3o quem cria a riqueza&#8221;, justificou.Faria de Oliveira assegurou o &#8220;empenho&#8221; de todos para que no final das morat\u00f3rias, em setembro deste ano, &#8220;n\u00e3o se venha a encontrar um efeito precip\u00edcio&#8221;, defendendo a &#8220;defini\u00e7\u00e3o atempada de medidas que permitam uma sa\u00edda ordenada das morat\u00f3rias&#8221; e por isso pede um &#8220;esfor\u00e7o musculado do Estado&#8221; para &#8220;preservar o tecido produtivo e evitar que haja de facto uma quebra ainda mais acentuada da economia&#8221;.O respons\u00e1vel atira para o Governo a responsabilidade de encontrar a solu\u00e7\u00e3o. &#8220;Temos tido um di\u00e1logo muito intenso, quer com o Governo, quer com as confedera\u00e7\u00f5es empresariais no sentido de dar um contributo ao conjunto de solu\u00e7\u00f5es que t\u00eam de ser definidas pelo Governo, pelo Estado.&#8221;J\u00e1 no que respeita \u00e0s morat\u00f3rias dos cr\u00e9ditos \u00e0s fam\u00edlias, a APB acredita que n\u00e3o haver\u00e1 problemas de maior.&#8221;At\u00e9 agora o impacto \u00e9 muito reduzido. A informa\u00e7\u00e3o recolhida aponta para um n\u00famero muito baixo de situa\u00e7\u00f5es atingidas pelo fim das morat\u00f3rias e os bancos, neste momento, consideram que a situa\u00e7\u00e3o est\u00e1 sob controlo&#8221;. E afastou casos &#8220;alarmantes&#8221;, reconhecendo que h\u00e1 fam\u00edlias com &#8220;grandes dificuldades&#8221;, mas esses exemplos &#8220;s\u00e3o tratados pontualmente&#8221;. Quanto a uma extens\u00e3o do prazo das morat\u00f3rias que terminaram em mar\u00e7o, referiu que essa possibilidade \u00e9 muito &#8220;escassa&#8221;.Na mesma audi\u00e7\u00e3o, Nat\u00e1lia Nunes, da Deco, denunciou falhas dos bancos na informa\u00e7\u00e3o sobre as morat\u00f3rias. &#8220;Com toda a certeza houve momentos em que se verificou uma viola\u00e7\u00e3o do dever de informa\u00e7\u00e3o ao consumidor sendo que muitos deles acabaram por n\u00e3o transitar para as morat\u00f3rias p\u00fablicas quando reuniam todos os requisitos&#8221;.PROVEDORIADeco indignada com cobran\u00e7a de comiss\u00f5esA Associa\u00e7\u00e3o de Defesa do Consumidor considerou ontem &#8220;incompreens\u00edvel&#8221; a n\u00e3o interven\u00e7\u00e3o da Provedoria de Justi\u00e7a ao n\u00e3o alargar a todos os contratos de cr\u00e9dito a proibi\u00e7\u00e3o de cobran\u00e7a de comiss\u00f5es de processamento. A Deco garante que &#8220;vai continuar a lutar&#8221; para que os consumidores que tenham um contrato de cr\u00e9dito antes de janeiro tamb\u00e9m n\u00e3o tenham de pagar comiss\u00f5es de processamento.<br \/>\n<br \/>\n<!--noindex--><br \/>\n<a href=\"http:\/\/feeds.jn.pt\/~r\/JN-ECONOMIA\/~3\/NtMifXcPCUo\/banca-ve-precipicio-com-fim-de-moratorias-das-empresas-13594117.html\" rel=\"nofollow\">Source link <\/a><br \/>\n<!--\/noindex--><\/p>\n","protected":false},"excerpt":{"rendered":"<p>Paulo Ribeiro Pinto (DV\/JN)Hoje\u00a0\u00e0s\u00a009:38Associa\u00e7\u00e3o Portuguesa de Bancos pede esfor\u00e7o &#8220;musculado&#8221; ao Governo. Deco acusa bancos de viola\u00e7\u00e3o do dever de informa\u00e7\u00e3o ao consumidor.Se o fim das morat\u00f3rias para as fam\u00edlias n\u00e3o representar grande problema para os bancos, o mesmo n\u00e3o se pode dizer para as empresas. Foi essa a ideia geral deixada pelo presidente da [&hellip;]<\/p>\n","protected":false},"author":2,"featured_media":3493,"comment_status":"open","ping_status":"open","sticky":false,"template":"","format":"standard","meta":{"footnotes":""},"categories":[1],"tags":[],"class_list":["post-3492","post","type-post","status-publish","format-standard","has-post-thumbnail","hentry","category-ultimas-noticias-financeiras"],"yoast_head":"<!-- This site is optimized with the Yoast SEO plugin v27.4 - https:\/\/yoast.com\/product\/yoast-seo-wordpress\/ -->\n<title>Banca v\u00ea \u2033precip\u00edcio\u2033 com fim de morat\u00f3rias das empresas - Hot News in World<\/title>\n<meta name=\"robots\" content=\"index, follow, max-snippet:-1, max-image-preview:large, max-video-preview:-1\" \/>\n<link rel=\"canonical\" href=\"https:\/\/hotnewsinworld.com\/pt\/banca-ve-\u2033precipicio\u2033-com-fim-de-moratorias-das-empresas\/\" \/>\n<meta property=\"og:locale\" content=\"pt_PT\" \/>\n<meta property=\"og:type\" content=\"article\" \/>\n<meta property=\"og:title\" content=\"Banca v\u00ea \u2033precip\u00edcio\u2033 com fim de morat\u00f3rias das empresas - Hot News in World\" \/>\n<meta property=\"og:description\" content=\"Paulo Ribeiro Pinto (DV\/JN)Hoje\u00a0\u00e0s\u00a009:38Associa\u00e7\u00e3o Portuguesa de Bancos pede esfor\u00e7o &#8220;musculado&#8221; ao Governo. Deco acusa bancos de viola\u00e7\u00e3o do dever de informa\u00e7\u00e3o ao consumidor.Se o fim das morat\u00f3rias para as fam\u00edlias n\u00e3o representar grande problema para os bancos, o mesmo n\u00e3o se pode dizer para as empresas. Foi essa a ideia geral deixada pelo presidente da [&hellip;]\" \/>\n<meta property=\"og:url\" content=\"https:\/\/hotnewsinworld.com\/pt\/banca-ve-\u2033precipicio\u2033-com-fim-de-moratorias-das-empresas\/\" \/>\n<meta property=\"og:site_name\" content=\"Hot News in World\" \/>\n<meta property=\"article:published_time\" content=\"2021-04-21T08:44:18+00:00\" \/>\n<meta property=\"article:modified_time\" content=\"2021-04-21T08:44:21+00:00\" \/>\n<meta property=\"og:image\" content=\"https:\/\/hotnewsinworld.com\/pt\/wp-content\/uploads\/sites\/2\/2021\/04\/Banca-ve-\u2033precipicio\u2033-com-fim-de-moratorias-das-empresas.jpg\" \/>\n\t<meta property=\"og:image:width\" content=\"800\" \/>\n\t<meta property=\"og:image:height\" content=\"420\" \/>\n\t<meta property=\"og:image:type\" content=\"image\/jpeg\" \/>\n<meta name=\"author\" content=\"hotnewsinworld\" \/>\n<meta name=\"twitter:card\" content=\"summary_large_image\" \/>\n<meta name=\"twitter:label1\" content=\"Escrito por\" \/>\n\t<meta name=\"twitter:data1\" content=\"hotnewsinworld\" \/>\n\t<meta name=\"twitter:label2\" content=\"Tempo estimado de leitura\" \/>\n\t<meta name=\"twitter:data2\" content=\"3 minutos\" \/>\n<script type=\"application\/ld+json\" class=\"yoast-schema-graph\">{\"@context\":\"https:\\\/\\\/schema.org\",\"@graph\":[{\"@type\":\"Article\",\"@id\":\"https:\\\/\\\/hotnewsinworld.com\\\/pt\\\/banca-ve-%e2%80%b3precipicio%e2%80%b3-com-fim-de-moratorias-das-empresas\\\/#article\",\"isPartOf\":{\"@id\":\"https:\\\/\\\/hotnewsinworld.com\\\/pt\\\/banca-ve-%e2%80%b3precipicio%e2%80%b3-com-fim-de-moratorias-das-empresas\\\/\"},\"author\":{\"name\":\"hotnewsinworld\",\"@id\":\"https:\\\/\\\/hotnewsinworld.com\\\/pt\\\/#\\\/schema\\\/person\\\/fe61448b21c0d59086e75fcc1f9d8f6b\"},\"headline\":\"Banca v\u00ea \u2033precip\u00edcio\u2033 com fim de morat\u00f3rias das empresas\",\"datePublished\":\"2021-04-21T08:44:18+00:00\",\"dateModified\":\"2021-04-21T08:44:21+00:00\",\"mainEntityOfPage\":{\"@id\":\"https:\\\/\\\/hotnewsinworld.com\\\/pt\\\/banca-ve-%e2%80%b3precipicio%e2%80%b3-com-fim-de-moratorias-das-empresas\\\/\"},\"wordCount\":514,\"commentCount\":0,\"image\":{\"@id\":\"https:\\\/\\\/hotnewsinworld.com\\\/pt\\\/banca-ve-%e2%80%b3precipicio%e2%80%b3-com-fim-de-moratorias-das-empresas\\\/#primaryimage\"},\"thumbnailUrl\":\"https:\\\/\\\/hotnewsinworld.com\\\/pt\\\/wp-content\\\/uploads\\\/sites\\\/2\\\/2021\\\/04\\\/Banca-ve-\u2033precipicio\u2033-com-fim-de-moratorias-das-empresas.jpg\",\"articleSection\":[\"\u00daLTIMAS NOT\u00cdCIAS FINANCEIRAS\"],\"inLanguage\":\"pt-PT\",\"potentialAction\":[{\"@type\":\"CommentAction\",\"name\":\"Comment\",\"target\":[\"https:\\\/\\\/hotnewsinworld.com\\\/pt\\\/banca-ve-%e2%80%b3precipicio%e2%80%b3-com-fim-de-moratorias-das-empresas\\\/#respond\"]}]},{\"@type\":\"WebPage\",\"@id\":\"https:\\\/\\\/hotnewsinworld.com\\\/pt\\\/banca-ve-%e2%80%b3precipicio%e2%80%b3-com-fim-de-moratorias-das-empresas\\\/\",\"url\":\"https:\\\/\\\/hotnewsinworld.com\\\/pt\\\/banca-ve-%e2%80%b3precipicio%e2%80%b3-com-fim-de-moratorias-das-empresas\\\/\",\"name\":\"Banca v\u00ea \u2033precip\u00edcio\u2033 com fim de morat\u00f3rias das empresas - Hot News in World\",\"isPartOf\":{\"@id\":\"https:\\\/\\\/hotnewsinworld.com\\\/pt\\\/#website\"},\"primaryImageOfPage\":{\"@id\":\"https:\\\/\\\/hotnewsinworld.com\\\/pt\\\/banca-ve-%e2%80%b3precipicio%e2%80%b3-com-fim-de-moratorias-das-empresas\\\/#primaryimage\"},\"image\":{\"@id\":\"https:\\\/\\\/hotnewsinworld.com\\\/pt\\\/banca-ve-%e2%80%b3precipicio%e2%80%b3-com-fim-de-moratorias-das-empresas\\\/#primaryimage\"},\"thumbnailUrl\":\"https:\\\/\\\/hotnewsinworld.com\\\/pt\\\/wp-content\\\/uploads\\\/sites\\\/2\\\/2021\\\/04\\\/Banca-ve-\u2033precipicio\u2033-com-fim-de-moratorias-das-empresas.jpg\",\"datePublished\":\"2021-04-21T08:44:18+00:00\",\"dateModified\":\"2021-04-21T08:44:21+00:00\",\"author\":{\"@id\":\"https:\\\/\\\/hotnewsinworld.com\\\/pt\\\/#\\\/schema\\\/person\\\/fe61448b21c0d59086e75fcc1f9d8f6b\"},\"breadcrumb\":{\"@id\":\"https:\\\/\\\/hotnewsinworld.com\\\/pt\\\/banca-ve-%e2%80%b3precipicio%e2%80%b3-com-fim-de-moratorias-das-empresas\\\/#breadcrumb\"},\"inLanguage\":\"pt-PT\",\"potentialAction\":[{\"@type\":\"ReadAction\",\"target\":[\"https:\\\/\\\/hotnewsinworld.com\\\/pt\\\/banca-ve-%e2%80%b3precipicio%e2%80%b3-com-fim-de-moratorias-das-empresas\\\/\"]}]},{\"@type\":\"ImageObject\",\"inLanguage\":\"pt-PT\",\"@id\":\"https:\\\/\\\/hotnewsinworld.com\\\/pt\\\/banca-ve-%e2%80%b3precipicio%e2%80%b3-com-fim-de-moratorias-das-empresas\\\/#primaryimage\",\"url\":\"https:\\\/\\\/hotnewsinworld.com\\\/pt\\\/wp-content\\\/uploads\\\/sites\\\/2\\\/2021\\\/04\\\/Banca-ve-\u2033precipicio\u2033-com-fim-de-moratorias-das-empresas.jpg\",\"contentUrl\":\"https:\\\/\\\/hotnewsinworld.com\\\/pt\\\/wp-content\\\/uploads\\\/sites\\\/2\\\/2021\\\/04\\\/Banca-ve-\u2033precipicio\u2033-com-fim-de-moratorias-das-empresas.jpg\",\"width\":800,\"height\":420,\"caption\":\"Banca v\u00ea \u2033precip\u00edcio\u2033 com fim de morat\u00f3rias das empresas\"},{\"@type\":\"BreadcrumbList\",\"@id\":\"https:\\\/\\\/hotnewsinworld.com\\\/pt\\\/banca-ve-%e2%80%b3precipicio%e2%80%b3-com-fim-de-moratorias-das-empresas\\\/#breadcrumb\",\"itemListElement\":[{\"@type\":\"ListItem\",\"position\":1,\"name\":\"\u0413\u043b\u0430\u0432\u043d\u0430\u044f \u0441\u0442\u0440\u0430\u043d\u0438\u0446\u0430\",\"item\":\"https:\\\/\\\/hotnewsinworld.com\\\/pt\\\/\"},{\"@type\":\"ListItem\",\"position\":2,\"name\":\"Banca v\u00ea \u2033precip\u00edcio\u2033 com fim de morat\u00f3rias das empresas\"}]},{\"@type\":\"WebSite\",\"@id\":\"https:\\\/\\\/hotnewsinworld.com\\\/pt\\\/#website\",\"url\":\"https:\\\/\\\/hotnewsinworld.com\\\/pt\\\/\",\"name\":\"Hot News in World\",\"description\":\"Hot News in World Portugal\",\"potentialAction\":[{\"@type\":\"SearchAction\",\"target\":{\"@type\":\"EntryPoint\",\"urlTemplate\":\"https:\\\/\\\/hotnewsinworld.com\\\/pt\\\/?s={search_term_string}\"},\"query-input\":{\"@type\":\"PropertyValueSpecification\",\"valueRequired\":true,\"valueName\":\"search_term_string\"}}],\"inLanguage\":\"pt-PT\"},{\"@type\":\"Person\",\"@id\":\"https:\\\/\\\/hotnewsinworld.com\\\/pt\\\/#\\\/schema\\\/person\\\/fe61448b21c0d59086e75fcc1f9d8f6b\",\"name\":\"hotnewsinworld\",\"image\":{\"@type\":\"ImageObject\",\"inLanguage\":\"pt-PT\",\"@id\":\"https:\\\/\\\/secure.gravatar.com\\\/avatar\\\/8a09ac165600ce2e1c38fe593c63928eb1e6e7ba5c5a907d67787c41b3d00c14?s=96&d=mm&r=g\",\"url\":\"https:\\\/\\\/secure.gravatar.com\\\/avatar\\\/8a09ac165600ce2e1c38fe593c63928eb1e6e7ba5c5a907d67787c41b3d00c14?s=96&d=mm&r=g\",\"contentUrl\":\"https:\\\/\\\/secure.gravatar.com\\\/avatar\\\/8a09ac165600ce2e1c38fe593c63928eb1e6e7ba5c5a907d67787c41b3d00c14?s=96&d=mm&r=g\",\"caption\":\"hotnewsinworld\"},\"url\":\"https:\\\/\\\/hotnewsinworld.com\\\/pt\\\/author\\\/pt\\\/\"}]}<\/script>\n<!-- \/ Yoast SEO plugin. -->","yoast_head_json":{"title":"Banca v\u00ea \u2033precip\u00edcio\u2033 com fim de morat\u00f3rias das empresas - Hot News in World","robots":{"index":"index","follow":"follow","max-snippet":"max-snippet:-1","max-image-preview":"max-image-preview:large","max-video-preview":"max-video-preview:-1"},"canonical":"https:\/\/hotnewsinworld.com\/pt\/banca-ve-\u2033precipicio\u2033-com-fim-de-moratorias-das-empresas\/","og_locale":"pt_PT","og_type":"article","og_title":"Banca v\u00ea \u2033precip\u00edcio\u2033 com fim de morat\u00f3rias das empresas - Hot News in World","og_description":"Paulo Ribeiro Pinto (DV\/JN)Hoje\u00a0\u00e0s\u00a009:38Associa\u00e7\u00e3o Portuguesa de Bancos pede esfor\u00e7o &#8220;musculado&#8221; ao Governo. Deco acusa bancos de viola\u00e7\u00e3o do dever de informa\u00e7\u00e3o ao consumidor.Se o fim das morat\u00f3rias para as fam\u00edlias n\u00e3o representar grande problema para os bancos, o mesmo n\u00e3o se pode dizer para as empresas. Foi essa a ideia geral deixada pelo presidente da [&hellip;]","og_url":"https:\/\/hotnewsinworld.com\/pt\/banca-ve-\u2033precipicio\u2033-com-fim-de-moratorias-das-empresas\/","og_site_name":"Hot News in World","article_published_time":"2021-04-21T08:44:18+00:00","article_modified_time":"2021-04-21T08:44:21+00:00","og_image":[{"width":800,"height":420,"url":"https:\/\/hotnewsinworld.com\/pt\/wp-content\/uploads\/sites\/2\/2021\/04\/Banca-ve-\u2033precipicio\u2033-com-fim-de-moratorias-das-empresas.jpg","type":"image\/jpeg"}],"author":"hotnewsinworld","twitter_card":"summary_large_image","twitter_misc":{"Escrito por":"hotnewsinworld","Tempo estimado de leitura":"3 minutos"},"schema":{"@context":"https:\/\/schema.org","@graph":[{"@type":"Article","@id":"https:\/\/hotnewsinworld.com\/pt\/banca-ve-%e2%80%b3precipicio%e2%80%b3-com-fim-de-moratorias-das-empresas\/#article","isPartOf":{"@id":"https:\/\/hotnewsinworld.com\/pt\/banca-ve-%e2%80%b3precipicio%e2%80%b3-com-fim-de-moratorias-das-empresas\/"},"author":{"name":"hotnewsinworld","@id":"https:\/\/hotnewsinworld.com\/pt\/#\/schema\/person\/fe61448b21c0d59086e75fcc1f9d8f6b"},"headline":"Banca v\u00ea \u2033precip\u00edcio\u2033 com fim de morat\u00f3rias das empresas","datePublished":"2021-04-21T08:44:18+00:00","dateModified":"2021-04-21T08:44:21+00:00","mainEntityOfPage":{"@id":"https:\/\/hotnewsinworld.com\/pt\/banca-ve-%e2%80%b3precipicio%e2%80%b3-com-fim-de-moratorias-das-empresas\/"},"wordCount":514,"commentCount":0,"image":{"@id":"https:\/\/hotnewsinworld.com\/pt\/banca-ve-%e2%80%b3precipicio%e2%80%b3-com-fim-de-moratorias-das-empresas\/#primaryimage"},"thumbnailUrl":"https:\/\/hotnewsinworld.com\/pt\/wp-content\/uploads\/sites\/2\/2021\/04\/Banca-ve-\u2033precipicio\u2033-com-fim-de-moratorias-das-empresas.jpg","articleSection":["\u00daLTIMAS NOT\u00cdCIAS FINANCEIRAS"],"inLanguage":"pt-PT","potentialAction":[{"@type":"CommentAction","name":"Comment","target":["https:\/\/hotnewsinworld.com\/pt\/banca-ve-%e2%80%b3precipicio%e2%80%b3-com-fim-de-moratorias-das-empresas\/#respond"]}]},{"@type":"WebPage","@id":"https:\/\/hotnewsinworld.com\/pt\/banca-ve-%e2%80%b3precipicio%e2%80%b3-com-fim-de-moratorias-das-empresas\/","url":"https:\/\/hotnewsinworld.com\/pt\/banca-ve-%e2%80%b3precipicio%e2%80%b3-com-fim-de-moratorias-das-empresas\/","name":"Banca v\u00ea \u2033precip\u00edcio\u2033 com fim de morat\u00f3rias das empresas - Hot News in World","isPartOf":{"@id":"https:\/\/hotnewsinworld.com\/pt\/#website"},"primaryImageOfPage":{"@id":"https:\/\/hotnewsinworld.com\/pt\/banca-ve-%e2%80%b3precipicio%e2%80%b3-com-fim-de-moratorias-das-empresas\/#primaryimage"},"image":{"@id":"https:\/\/hotnewsinworld.com\/pt\/banca-ve-%e2%80%b3precipicio%e2%80%b3-com-fim-de-moratorias-das-empresas\/#primaryimage"},"thumbnailUrl":"https:\/\/hotnewsinworld.com\/pt\/wp-content\/uploads\/sites\/2\/2021\/04\/Banca-ve-\u2033precipicio\u2033-com-fim-de-moratorias-das-empresas.jpg","datePublished":"2021-04-21T08:44:18+00:00","dateModified":"2021-04-21T08:44:21+00:00","author":{"@id":"https:\/\/hotnewsinworld.com\/pt\/#\/schema\/person\/fe61448b21c0d59086e75fcc1f9d8f6b"},"breadcrumb":{"@id":"https:\/\/hotnewsinworld.com\/pt\/banca-ve-%e2%80%b3precipicio%e2%80%b3-com-fim-de-moratorias-das-empresas\/#breadcrumb"},"inLanguage":"pt-PT","potentialAction":[{"@type":"ReadAction","target":["https:\/\/hotnewsinworld.com\/pt\/banca-ve-%e2%80%b3precipicio%e2%80%b3-com-fim-de-moratorias-das-empresas\/"]}]},{"@type":"ImageObject","inLanguage":"pt-PT","@id":"https:\/\/hotnewsinworld.com\/pt\/banca-ve-%e2%80%b3precipicio%e2%80%b3-com-fim-de-moratorias-das-empresas\/#primaryimage","url":"https:\/\/hotnewsinworld.com\/pt\/wp-content\/uploads\/sites\/2\/2021\/04\/Banca-ve-\u2033precipicio\u2033-com-fim-de-moratorias-das-empresas.jpg","contentUrl":"https:\/\/hotnewsinworld.com\/pt\/wp-content\/uploads\/sites\/2\/2021\/04\/Banca-ve-\u2033precipicio\u2033-com-fim-de-moratorias-das-empresas.jpg","width":800,"height":420,"caption":"Banca v\u00ea \u2033precip\u00edcio\u2033 com fim de morat\u00f3rias das empresas"},{"@type":"BreadcrumbList","@id":"https:\/\/hotnewsinworld.com\/pt\/banca-ve-%e2%80%b3precipicio%e2%80%b3-com-fim-de-moratorias-das-empresas\/#breadcrumb","itemListElement":[{"@type":"ListItem","position":1,"name":"\u0413\u043b\u0430\u0432\u043d\u0430\u044f \u0441\u0442\u0440\u0430\u043d\u0438\u0446\u0430","item":"https:\/\/hotnewsinworld.com\/pt\/"},{"@type":"ListItem","position":2,"name":"Banca v\u00ea \u2033precip\u00edcio\u2033 com fim de morat\u00f3rias das empresas"}]},{"@type":"WebSite","@id":"https:\/\/hotnewsinworld.com\/pt\/#website","url":"https:\/\/hotnewsinworld.com\/pt\/","name":"Hot News in World","description":"Hot News in World Portugal","potentialAction":[{"@type":"SearchAction","target":{"@type":"EntryPoint","urlTemplate":"https:\/\/hotnewsinworld.com\/pt\/?s={search_term_string}"},"query-input":{"@type":"PropertyValueSpecification","valueRequired":true,"valueName":"search_term_string"}}],"inLanguage":"pt-PT"},{"@type":"Person","@id":"https:\/\/hotnewsinworld.com\/pt\/#\/schema\/person\/fe61448b21c0d59086e75fcc1f9d8f6b","name":"hotnewsinworld","image":{"@type":"ImageObject","inLanguage":"pt-PT","@id":"https:\/\/secure.gravatar.com\/avatar\/8a09ac165600ce2e1c38fe593c63928eb1e6e7ba5c5a907d67787c41b3d00c14?s=96&d=mm&r=g","url":"https:\/\/secure.gravatar.com\/avatar\/8a09ac165600ce2e1c38fe593c63928eb1e6e7ba5c5a907d67787c41b3d00c14?s=96&d=mm&r=g","contentUrl":"https:\/\/secure.gravatar.com\/avatar\/8a09ac165600ce2e1c38fe593c63928eb1e6e7ba5c5a907d67787c41b3d00c14?s=96&d=mm&r=g","caption":"hotnewsinworld"},"url":"https:\/\/hotnewsinworld.com\/pt\/author\/pt\/"}]}},"_links":{"self":[{"href":"https:\/\/hotnewsinworld.com\/pt\/wp-json\/wp\/v2\/posts\/3492","targetHints":{"allow":["GET"]}}],"collection":[{"href":"https:\/\/hotnewsinworld.com\/pt\/wp-json\/wp\/v2\/posts"}],"about":[{"href":"https:\/\/hotnewsinworld.com\/pt\/wp-json\/wp\/v2\/types\/post"}],"author":[{"embeddable":true,"href":"https:\/\/hotnewsinworld.com\/pt\/wp-json\/wp\/v2\/users\/2"}],"replies":[{"embeddable":true,"href":"https:\/\/hotnewsinworld.com\/pt\/wp-json\/wp\/v2\/comments?post=3492"}],"version-history":[{"count":1,"href":"https:\/\/hotnewsinworld.com\/pt\/wp-json\/wp\/v2\/posts\/3492\/revisions"}],"predecessor-version":[{"id":3494,"href":"https:\/\/hotnewsinworld.com\/pt\/wp-json\/wp\/v2\/posts\/3492\/revisions\/3494"}],"wp:featuredmedia":[{"embeddable":true,"href":"https:\/\/hotnewsinworld.com\/pt\/wp-json\/wp\/v2\/media\/3493"}],"wp:attachment":[{"href":"https:\/\/hotnewsinworld.com\/pt\/wp-json\/wp\/v2\/media?parent=3492"}],"wp:term":[{"taxonomy":"category","embeddable":true,"href":"https:\/\/hotnewsinworld.com\/pt\/wp-json\/wp\/v2\/categories?post=3492"},{"taxonomy":"post_tag","embeddable":true,"href":"https:\/\/hotnewsinworld.com\/pt\/wp-json\/wp\/v2\/tags?post=3492"}],"curies":[{"name":"wp","href":"https:\/\/api.w.org\/{rel}","templated":true}]}}