{"id":3495,"date":"2021-04-21T23:47:12","date_gmt":"2021-04-21T20:47:12","guid":{"rendered":"https:\/\/hotnewsinworld.com\/pt\/segunda-fase-das-medidas-voluntarias-na-tap-com-122-adesoes\/"},"modified":"2021-04-21T23:47:14","modified_gmt":"2021-04-21T20:47:14","slug":"segunda-fase-das-medidas-voluntarias-na-tap-com-122-adesoes","status":"publish","type":"post","link":"https:\/\/hotnewsinworld.com\/pt\/segunda-fase-das-medidas-voluntarias-na-tap-com-122-adesoes\/","title":{"rendered":"Segunda fase das medidas volunt\u00e1rias na TAP com 122 ades\u00f5es"},"content":{"rendered":"<p>JN\/Ag\u00eanciasHoje\u00a0\u00e0s\u00a016:18A segunda fase das medidas volunt\u00e1rias da TAP, que decorreu entre 11 e 16 de abril, contou com 122 ades\u00f5es confirmadas, de acordo com uma nota interna enviada aos colaboradores, a que a Lusa teve acesso.Na mensagem, assinada pelo presidente do Conselho de Administra\u00e7\u00e3o, Miguel Frasquilho, e pelo presidente da Comiss\u00e3o Executiva, Ramiro Sequeira, a TAP fez o ponto de situa\u00e7\u00e3o das medidas volunt\u00e1rias &#8220;e respetivo impacto na reestrutura\u00e7\u00e3o laboral da empresa&#8221;.Assim, recordou a transportadora, &#8220;na primeira fase de candidaturas, que decorreu entre 11 de fevereiro e 24 de mar\u00e7o, das 690 ades\u00f5es previamente comunicadas, concretizaram-se 669, com um impacto no redimensionamento de cerca de 630 postos de trabalho&#8221;.A TAP recordou que &#8220;a diferen\u00e7a entre 669 e 630 deve-se ao diferente impacto das v\u00e1rias medidas, nomeadamente a passagem a tempo parcial&#8221; de trabalhadores.Por sua vez, &#8220;a segunda fase das medidas volunt\u00e1rias, que decorreu entre 11 e 16 de abril, conta com 122 ades\u00f5es confirmadas neste momento, com um impacto no redimensionamento de cerca de 100 postos de trabalho&#8221;, indicou a empresa.De acordo com os dados da transportadora, &#8220;o total de 791 ades\u00f5es \u00e0s medidas volunt\u00e1rias representa um redimensionamento de cerca de 730 postos de trabalho, estando ainda em an\u00e1lise cerca de 25 candidaturas&#8221;.A TAP soma ainda a estes 730 &#8220;a preserva\u00e7\u00e3o de at\u00e9 750 postos de trabalho decorrentes das medidas implementadas no \u00e2mbito dos acordos de emerg\u00eancia celebrados&#8221; com os sindicatos.Al\u00e9m disso, &#8220;o programa de candidaturas volunt\u00e1rias \u00e0 Portug\u00e1lia tem neste momento 47 ades\u00f5es em an\u00e1lise, para cerca de 150 vagas dispon\u00edveis&#8221;, adiantou a empresa.O programa de medidas volunt\u00e1rias e a implementa\u00e7\u00e3o dos acordos de emerg\u00eancia permitem &#8220;reduzir o n\u00famero inicial de redimensionamento, inscrito no Plano de Reestrutura\u00e7\u00e3o em aprova\u00e7\u00e3o na Comiss\u00e3o Europeia, de cerca de dois mil para um n\u00famero entre 435 a 500 trabalhadores, \u00e0 data de hoje e pendente de confirma\u00e7\u00e3o do anteriormente referido&#8221;, referiu a TAP.A empresa adiantou ainda que &#8220;decorre neste momento uma fase de realiza\u00e7\u00e3o de reuni\u00f5es individuais com os trabalhadores identificados de acordo com os crit\u00e9rios j\u00e1 divulgados, junto dos quais se ir\u00e1 dar in\u00edcio a uma nova e \u00faltima vaga de rescis\u00f5es por m\u00fatuo acordo, reformas e pr\u00e9-reformas, com manuten\u00e7\u00e3o das mesmas condi\u00e7\u00f5es j\u00e1 anteriormente oferecidas a todos os trabalhadores, e de candidaturas para a PGA&#8221;.Segundo a companhia a\u00e9rea, &#8220;este processo \u00e9 absolutamente essencial para assegurar um futuro vi\u00e1vel e sustent\u00e1vel para a TAP, garantindo, de acordo com o plano de reestrutura\u00e7\u00e3o entregue na DGComp e as previs\u00f5es \u00e0 data de hoje conhecidas, um n\u00famero estimado de cerca de 8100 postos de trabalho no grupo TAP, 6600 dos quais na TAP S.A.&#8221;.Ap\u00f3s cinco anos de gest\u00e3o privada, em 2020 a TAP voltou ao controlo do Estado, que passou a deter 72,5% do seu capital, depois de a companhia ter sido severamente afetada pela pandemia de covid-19 e de a Comiss\u00e3o Europeia ter autorizado um aux\u00edlio estatal de at\u00e9 1.200 milh\u00f5es de euros \u00e0 transportadora a\u00e9rea de bandeira portuguesa.Um plano de reestrutura\u00e7\u00e3o da companhia foi entregue \u00e0 Comiss\u00e3o Europeia no \u00faltimo dia do prazo, em 10 de dezembro, e prev\u00ea o despedimento de 500 pilotos, 750 tripulantes de cabine, 450 trabalhadores da manuten\u00e7\u00e3o e engenharia e 250 das restantes \u00e1reas.O plano prev\u00ea, ainda, a redu\u00e7\u00e3o de 25% da massa salarial do grupo (30% no caso dos \u00f3rg\u00e3os sociais) e do n\u00famero de avi\u00f5es que comp\u00f5em a frota da companhia, de 108 para 88 avi\u00f5es comerciais.No total, at\u00e9 2024, a companhia dever\u00e1 receber entre 3.414 milh\u00f5es de euros e 3.725 milh\u00f5es de euros.<br \/>\n<br \/>\n<!--noindex--><br \/>\n<a href=\"http:\/\/feeds.jn.pt\/~r\/JN-ECONOMIA\/~3\/oJg7-xlG2aw\/segunda-fase-das-medidas-voluntarias-na-tap-com-122-adesoes-13596715.html\" rel=\"nofollow\">Source link <\/a><br \/>\n<!--\/noindex--><\/p>\n","protected":false},"excerpt":{"rendered":"<p>JN\/Ag\u00eanciasHoje\u00a0\u00e0s\u00a016:18A segunda fase das medidas volunt\u00e1rias da TAP, que decorreu entre 11 e 16 de abril, contou com 122 ades\u00f5es confirmadas, de acordo com uma nota interna enviada aos colaboradores, a que a Lusa teve acesso.Na mensagem, assinada pelo presidente do Conselho de Administra\u00e7\u00e3o, Miguel Frasquilho, e pelo presidente da Comiss\u00e3o Executiva, Ramiro Sequeira, a [&hellip;]<\/p>\n","protected":false},"author":2,"featured_media":3496,"comment_status":"open","ping_status":"open","sticky":false,"template":"","format":"standard","meta":{"footnotes":""},"categories":[1],"tags":[],"class_list":["post-3495","post","type-post","status-publish","format-standard","has-post-thumbnail","hentry","category-ultimas-noticias-financeiras"],"yoast_head":"<!-- This site is optimized with the Yoast SEO plugin v27.4 - https:\/\/yoast.com\/product\/yoast-seo-wordpress\/ -->\n<title>Segunda fase das medidas volunt\u00e1rias na TAP com 122 ades\u00f5es - Hot News in World<\/title>\n<meta name=\"robots\" content=\"index, follow, max-snippet:-1, max-image-preview:large, max-video-preview:-1\" \/>\n<link rel=\"canonical\" href=\"https:\/\/hotnewsinworld.com\/pt\/segunda-fase-das-medidas-voluntarias-na-tap-com-122-adesoes\/\" \/>\n<meta property=\"og:locale\" content=\"pt_PT\" \/>\n<meta property=\"og:type\" content=\"article\" \/>\n<meta property=\"og:title\" content=\"Segunda fase das medidas volunt\u00e1rias na TAP com 122 ades\u00f5es - Hot News in World\" \/>\n<meta property=\"og:description\" content=\"JN\/Ag\u00eanciasHoje\u00a0\u00e0s\u00a016:18A segunda fase das medidas volunt\u00e1rias da TAP, que decorreu entre 11 e 16 de abril, contou com 122 ades\u00f5es confirmadas, de acordo com uma nota interna enviada aos colaboradores, a que a Lusa teve acesso.Na mensagem, assinada pelo presidente do Conselho de Administra\u00e7\u00e3o, Miguel Frasquilho, e pelo presidente da Comiss\u00e3o Executiva, Ramiro Sequeira, a [&hellip;]\" \/>\n<meta property=\"og:url\" content=\"https:\/\/hotnewsinworld.com\/pt\/segunda-fase-das-medidas-voluntarias-na-tap-com-122-adesoes\/\" \/>\n<meta property=\"og:site_name\" content=\"Hot News in World\" \/>\n<meta property=\"article:published_time\" content=\"2021-04-21T20:47:12+00:00\" \/>\n<meta property=\"article:modified_time\" content=\"2021-04-21T20:47:14+00:00\" \/>\n<meta property=\"og:image\" content=\"https:\/\/hotnewsinworld.com\/pt\/wp-content\/uploads\/sites\/2\/2021\/04\/Segunda-fase-das-medidas-voluntarias-na-TAP-com-122-adesoes.jpg\" \/>\n\t<meta property=\"og:image:width\" content=\"800\" \/>\n\t<meta property=\"og:image:height\" content=\"420\" \/>\n\t<meta property=\"og:image:type\" content=\"image\/jpeg\" \/>\n<meta name=\"author\" content=\"hotnewsinworld\" \/>\n<meta name=\"twitter:card\" content=\"summary_large_image\" \/>\n<meta name=\"twitter:label1\" content=\"Escrito por\" \/>\n\t<meta name=\"twitter:data1\" content=\"hotnewsinworld\" \/>\n\t<meta name=\"twitter:label2\" content=\"Tempo estimado de leitura\" \/>\n\t<meta name=\"twitter:data2\" content=\"3 minutos\" \/>\n<script type=\"application\/ld+json\" class=\"yoast-schema-graph\">{\"@context\":\"https:\\\/\\\/schema.org\",\"@graph\":[{\"@type\":\"Article\",\"@id\":\"https:\\\/\\\/hotnewsinworld.com\\\/pt\\\/segunda-fase-das-medidas-voluntarias-na-tap-com-122-adesoes\\\/#article\",\"isPartOf\":{\"@id\":\"https:\\\/\\\/hotnewsinworld.com\\\/pt\\\/segunda-fase-das-medidas-voluntarias-na-tap-com-122-adesoes\\\/\"},\"author\":{\"name\":\"hotnewsinworld\",\"@id\":\"https:\\\/\\\/hotnewsinworld.com\\\/pt\\\/#\\\/schema\\\/person\\\/fe61448b21c0d59086e75fcc1f9d8f6b\"},\"headline\":\"Segunda fase das medidas volunt\u00e1rias na TAP com 122 ades\u00f5es\",\"datePublished\":\"2021-04-21T20:47:12+00:00\",\"dateModified\":\"2021-04-21T20:47:14+00:00\",\"mainEntityOfPage\":{\"@id\":\"https:\\\/\\\/hotnewsinworld.com\\\/pt\\\/segunda-fase-das-medidas-voluntarias-na-tap-com-122-adesoes\\\/\"},\"wordCount\":630,\"commentCount\":0,\"image\":{\"@id\":\"https:\\\/\\\/hotnewsinworld.com\\\/pt\\\/segunda-fase-das-medidas-voluntarias-na-tap-com-122-adesoes\\\/#primaryimage\"},\"thumbnailUrl\":\"https:\\\/\\\/hotnewsinworld.com\\\/pt\\\/wp-content\\\/uploads\\\/sites\\\/2\\\/2021\\\/04\\\/Segunda-fase-das-medidas-voluntarias-na-TAP-com-122-adesoes.jpg\",\"articleSection\":[\"\u00daLTIMAS NOT\u00cdCIAS FINANCEIRAS\"],\"inLanguage\":\"pt-PT\",\"potentialAction\":[{\"@type\":\"CommentAction\",\"name\":\"Comment\",\"target\":[\"https:\\\/\\\/hotnewsinworld.com\\\/pt\\\/segunda-fase-das-medidas-voluntarias-na-tap-com-122-adesoes\\\/#respond\"]}]},{\"@type\":\"WebPage\",\"@id\":\"https:\\\/\\\/hotnewsinworld.com\\\/pt\\\/segunda-fase-das-medidas-voluntarias-na-tap-com-122-adesoes\\\/\",\"url\":\"https:\\\/\\\/hotnewsinworld.com\\\/pt\\\/segunda-fase-das-medidas-voluntarias-na-tap-com-122-adesoes\\\/\",\"name\":\"Segunda fase das medidas volunt\u00e1rias na TAP com 122 ades\u00f5es - Hot News in World\",\"isPartOf\":{\"@id\":\"https:\\\/\\\/hotnewsinworld.com\\\/pt\\\/#website\"},\"primaryImageOfPage\":{\"@id\":\"https:\\\/\\\/hotnewsinworld.com\\\/pt\\\/segunda-fase-das-medidas-voluntarias-na-tap-com-122-adesoes\\\/#primaryimage\"},\"image\":{\"@id\":\"https:\\\/\\\/hotnewsinworld.com\\\/pt\\\/segunda-fase-das-medidas-voluntarias-na-tap-com-122-adesoes\\\/#primaryimage\"},\"thumbnailUrl\":\"https:\\\/\\\/hotnewsinworld.com\\\/pt\\\/wp-content\\\/uploads\\\/sites\\\/2\\\/2021\\\/04\\\/Segunda-fase-das-medidas-voluntarias-na-TAP-com-122-adesoes.jpg\",\"datePublished\":\"2021-04-21T20:47:12+00:00\",\"dateModified\":\"2021-04-21T20:47:14+00:00\",\"author\":{\"@id\":\"https:\\\/\\\/hotnewsinworld.com\\\/pt\\\/#\\\/schema\\\/person\\\/fe61448b21c0d59086e75fcc1f9d8f6b\"},\"breadcrumb\":{\"@id\":\"https:\\\/\\\/hotnewsinworld.com\\\/pt\\\/segunda-fase-das-medidas-voluntarias-na-tap-com-122-adesoes\\\/#breadcrumb\"},\"inLanguage\":\"pt-PT\",\"potentialAction\":[{\"@type\":\"ReadAction\",\"target\":[\"https:\\\/\\\/hotnewsinworld.com\\\/pt\\\/segunda-fase-das-medidas-voluntarias-na-tap-com-122-adesoes\\\/\"]}]},{\"@type\":\"ImageObject\",\"inLanguage\":\"pt-PT\",\"@id\":\"https:\\\/\\\/hotnewsinworld.com\\\/pt\\\/segunda-fase-das-medidas-voluntarias-na-tap-com-122-adesoes\\\/#primaryimage\",\"url\":\"https:\\\/\\\/hotnewsinworld.com\\\/pt\\\/wp-content\\\/uploads\\\/sites\\\/2\\\/2021\\\/04\\\/Segunda-fase-das-medidas-voluntarias-na-TAP-com-122-adesoes.jpg\",\"contentUrl\":\"https:\\\/\\\/hotnewsinworld.com\\\/pt\\\/wp-content\\\/uploads\\\/sites\\\/2\\\/2021\\\/04\\\/Segunda-fase-das-medidas-voluntarias-na-TAP-com-122-adesoes.jpg\",\"width\":800,\"height\":420,\"caption\":\"Segunda fase das medidas volunt\u00e1rias na TAP com 122 ades\u00f5es\"},{\"@type\":\"BreadcrumbList\",\"@id\":\"https:\\\/\\\/hotnewsinworld.com\\\/pt\\\/segunda-fase-das-medidas-voluntarias-na-tap-com-122-adesoes\\\/#breadcrumb\",\"itemListElement\":[{\"@type\":\"ListItem\",\"position\":1,\"name\":\"\u0413\u043b\u0430\u0432\u043d\u0430\u044f \u0441\u0442\u0440\u0430\u043d\u0438\u0446\u0430\",\"item\":\"https:\\\/\\\/hotnewsinworld.com\\\/pt\\\/\"},{\"@type\":\"ListItem\",\"position\":2,\"name\":\"Segunda fase das medidas volunt\u00e1rias na TAP com 122 ades\u00f5es\"}]},{\"@type\":\"WebSite\",\"@id\":\"https:\\\/\\\/hotnewsinworld.com\\\/pt\\\/#website\",\"url\":\"https:\\\/\\\/hotnewsinworld.com\\\/pt\\\/\",\"name\":\"Hot News in World\",\"description\":\"Hot News in World Portugal\",\"potentialAction\":[{\"@type\":\"SearchAction\",\"target\":{\"@type\":\"EntryPoint\",\"urlTemplate\":\"https:\\\/\\\/hotnewsinworld.com\\\/pt\\\/?s={search_term_string}\"},\"query-input\":{\"@type\":\"PropertyValueSpecification\",\"valueRequired\":true,\"valueName\":\"search_term_string\"}}],\"inLanguage\":\"pt-PT\"},{\"@type\":\"Person\",\"@id\":\"https:\\\/\\\/hotnewsinworld.com\\\/pt\\\/#\\\/schema\\\/person\\\/fe61448b21c0d59086e75fcc1f9d8f6b\",\"name\":\"hotnewsinworld\",\"image\":{\"@type\":\"ImageObject\",\"inLanguage\":\"pt-PT\",\"@id\":\"https:\\\/\\\/secure.gravatar.com\\\/avatar\\\/8a09ac165600ce2e1c38fe593c63928eb1e6e7ba5c5a907d67787c41b3d00c14?s=96&d=mm&r=g\",\"url\":\"https:\\\/\\\/secure.gravatar.com\\\/avatar\\\/8a09ac165600ce2e1c38fe593c63928eb1e6e7ba5c5a907d67787c41b3d00c14?s=96&d=mm&r=g\",\"contentUrl\":\"https:\\\/\\\/secure.gravatar.com\\\/avatar\\\/8a09ac165600ce2e1c38fe593c63928eb1e6e7ba5c5a907d67787c41b3d00c14?s=96&d=mm&r=g\",\"caption\":\"hotnewsinworld\"},\"url\":\"https:\\\/\\\/hotnewsinworld.com\\\/pt\\\/author\\\/pt\\\/\"}]}<\/script>\n<!-- \/ Yoast SEO plugin. -->","yoast_head_json":{"title":"Segunda fase das medidas volunt\u00e1rias na TAP com 122 ades\u00f5es - Hot News in World","robots":{"index":"index","follow":"follow","max-snippet":"max-snippet:-1","max-image-preview":"max-image-preview:large","max-video-preview":"max-video-preview:-1"},"canonical":"https:\/\/hotnewsinworld.com\/pt\/segunda-fase-das-medidas-voluntarias-na-tap-com-122-adesoes\/","og_locale":"pt_PT","og_type":"article","og_title":"Segunda fase das medidas volunt\u00e1rias na TAP com 122 ades\u00f5es - Hot News in World","og_description":"JN\/Ag\u00eanciasHoje\u00a0\u00e0s\u00a016:18A segunda fase das medidas volunt\u00e1rias da TAP, que decorreu entre 11 e 16 de abril, contou com 122 ades\u00f5es confirmadas, de acordo com uma nota interna enviada aos colaboradores, a que a Lusa teve acesso.Na mensagem, assinada pelo presidente do Conselho de Administra\u00e7\u00e3o, Miguel Frasquilho, e pelo presidente da Comiss\u00e3o Executiva, Ramiro Sequeira, a [&hellip;]","og_url":"https:\/\/hotnewsinworld.com\/pt\/segunda-fase-das-medidas-voluntarias-na-tap-com-122-adesoes\/","og_site_name":"Hot News in World","article_published_time":"2021-04-21T20:47:12+00:00","article_modified_time":"2021-04-21T20:47:14+00:00","og_image":[{"width":800,"height":420,"url":"https:\/\/hotnewsinworld.com\/pt\/wp-content\/uploads\/sites\/2\/2021\/04\/Segunda-fase-das-medidas-voluntarias-na-TAP-com-122-adesoes.jpg","type":"image\/jpeg"}],"author":"hotnewsinworld","twitter_card":"summary_large_image","twitter_misc":{"Escrito por":"hotnewsinworld","Tempo estimado de leitura":"3 minutos"},"schema":{"@context":"https:\/\/schema.org","@graph":[{"@type":"Article","@id":"https:\/\/hotnewsinworld.com\/pt\/segunda-fase-das-medidas-voluntarias-na-tap-com-122-adesoes\/#article","isPartOf":{"@id":"https:\/\/hotnewsinworld.com\/pt\/segunda-fase-das-medidas-voluntarias-na-tap-com-122-adesoes\/"},"author":{"name":"hotnewsinworld","@id":"https:\/\/hotnewsinworld.com\/pt\/#\/schema\/person\/fe61448b21c0d59086e75fcc1f9d8f6b"},"headline":"Segunda fase das medidas volunt\u00e1rias na TAP com 122 ades\u00f5es","datePublished":"2021-04-21T20:47:12+00:00","dateModified":"2021-04-21T20:47:14+00:00","mainEntityOfPage":{"@id":"https:\/\/hotnewsinworld.com\/pt\/segunda-fase-das-medidas-voluntarias-na-tap-com-122-adesoes\/"},"wordCount":630,"commentCount":0,"image":{"@id":"https:\/\/hotnewsinworld.com\/pt\/segunda-fase-das-medidas-voluntarias-na-tap-com-122-adesoes\/#primaryimage"},"thumbnailUrl":"https:\/\/hotnewsinworld.com\/pt\/wp-content\/uploads\/sites\/2\/2021\/04\/Segunda-fase-das-medidas-voluntarias-na-TAP-com-122-adesoes.jpg","articleSection":["\u00daLTIMAS NOT\u00cdCIAS FINANCEIRAS"],"inLanguage":"pt-PT","potentialAction":[{"@type":"CommentAction","name":"Comment","target":["https:\/\/hotnewsinworld.com\/pt\/segunda-fase-das-medidas-voluntarias-na-tap-com-122-adesoes\/#respond"]}]},{"@type":"WebPage","@id":"https:\/\/hotnewsinworld.com\/pt\/segunda-fase-das-medidas-voluntarias-na-tap-com-122-adesoes\/","url":"https:\/\/hotnewsinworld.com\/pt\/segunda-fase-das-medidas-voluntarias-na-tap-com-122-adesoes\/","name":"Segunda fase das medidas volunt\u00e1rias na TAP com 122 ades\u00f5es - Hot News in World","isPartOf":{"@id":"https:\/\/hotnewsinworld.com\/pt\/#website"},"primaryImageOfPage":{"@id":"https:\/\/hotnewsinworld.com\/pt\/segunda-fase-das-medidas-voluntarias-na-tap-com-122-adesoes\/#primaryimage"},"image":{"@id":"https:\/\/hotnewsinworld.com\/pt\/segunda-fase-das-medidas-voluntarias-na-tap-com-122-adesoes\/#primaryimage"},"thumbnailUrl":"https:\/\/hotnewsinworld.com\/pt\/wp-content\/uploads\/sites\/2\/2021\/04\/Segunda-fase-das-medidas-voluntarias-na-TAP-com-122-adesoes.jpg","datePublished":"2021-04-21T20:47:12+00:00","dateModified":"2021-04-21T20:47:14+00:00","author":{"@id":"https:\/\/hotnewsinworld.com\/pt\/#\/schema\/person\/fe61448b21c0d59086e75fcc1f9d8f6b"},"breadcrumb":{"@id":"https:\/\/hotnewsinworld.com\/pt\/segunda-fase-das-medidas-voluntarias-na-tap-com-122-adesoes\/#breadcrumb"},"inLanguage":"pt-PT","potentialAction":[{"@type":"ReadAction","target":["https:\/\/hotnewsinworld.com\/pt\/segunda-fase-das-medidas-voluntarias-na-tap-com-122-adesoes\/"]}]},{"@type":"ImageObject","inLanguage":"pt-PT","@id":"https:\/\/hotnewsinworld.com\/pt\/segunda-fase-das-medidas-voluntarias-na-tap-com-122-adesoes\/#primaryimage","url":"https:\/\/hotnewsinworld.com\/pt\/wp-content\/uploads\/sites\/2\/2021\/04\/Segunda-fase-das-medidas-voluntarias-na-TAP-com-122-adesoes.jpg","contentUrl":"https:\/\/hotnewsinworld.com\/pt\/wp-content\/uploads\/sites\/2\/2021\/04\/Segunda-fase-das-medidas-voluntarias-na-TAP-com-122-adesoes.jpg","width":800,"height":420,"caption":"Segunda fase das medidas volunt\u00e1rias na TAP com 122 ades\u00f5es"},{"@type":"BreadcrumbList","@id":"https:\/\/hotnewsinworld.com\/pt\/segunda-fase-das-medidas-voluntarias-na-tap-com-122-adesoes\/#breadcrumb","itemListElement":[{"@type":"ListItem","position":1,"name":"\u0413\u043b\u0430\u0432\u043d\u0430\u044f \u0441\u0442\u0440\u0430\u043d\u0438\u0446\u0430","item":"https:\/\/hotnewsinworld.com\/pt\/"},{"@type":"ListItem","position":2,"name":"Segunda fase das medidas volunt\u00e1rias na TAP com 122 ades\u00f5es"}]},{"@type":"WebSite","@id":"https:\/\/hotnewsinworld.com\/pt\/#website","url":"https:\/\/hotnewsinworld.com\/pt\/","name":"Hot News in World","description":"Hot News in World Portugal","potentialAction":[{"@type":"SearchAction","target":{"@type":"EntryPoint","urlTemplate":"https:\/\/hotnewsinworld.com\/pt\/?s={search_term_string}"},"query-input":{"@type":"PropertyValueSpecification","valueRequired":true,"valueName":"search_term_string"}}],"inLanguage":"pt-PT"},{"@type":"Person","@id":"https:\/\/hotnewsinworld.com\/pt\/#\/schema\/person\/fe61448b21c0d59086e75fcc1f9d8f6b","name":"hotnewsinworld","image":{"@type":"ImageObject","inLanguage":"pt-PT","@id":"https:\/\/secure.gravatar.com\/avatar\/8a09ac165600ce2e1c38fe593c63928eb1e6e7ba5c5a907d67787c41b3d00c14?s=96&d=mm&r=g","url":"https:\/\/secure.gravatar.com\/avatar\/8a09ac165600ce2e1c38fe593c63928eb1e6e7ba5c5a907d67787c41b3d00c14?s=96&d=mm&r=g","contentUrl":"https:\/\/secure.gravatar.com\/avatar\/8a09ac165600ce2e1c38fe593c63928eb1e6e7ba5c5a907d67787c41b3d00c14?s=96&d=mm&r=g","caption":"hotnewsinworld"},"url":"https:\/\/hotnewsinworld.com\/pt\/author\/pt\/"}]}},"_links":{"self":[{"href":"https:\/\/hotnewsinworld.com\/pt\/wp-json\/wp\/v2\/posts\/3495","targetHints":{"allow":["GET"]}}],"collection":[{"href":"https:\/\/hotnewsinworld.com\/pt\/wp-json\/wp\/v2\/posts"}],"about":[{"href":"https:\/\/hotnewsinworld.com\/pt\/wp-json\/wp\/v2\/types\/post"}],"author":[{"embeddable":true,"href":"https:\/\/hotnewsinworld.com\/pt\/wp-json\/wp\/v2\/users\/2"}],"replies":[{"embeddable":true,"href":"https:\/\/hotnewsinworld.com\/pt\/wp-json\/wp\/v2\/comments?post=3495"}],"version-history":[{"count":1,"href":"https:\/\/hotnewsinworld.com\/pt\/wp-json\/wp\/v2\/posts\/3495\/revisions"}],"predecessor-version":[{"id":3497,"href":"https:\/\/hotnewsinworld.com\/pt\/wp-json\/wp\/v2\/posts\/3495\/revisions\/3497"}],"wp:featuredmedia":[{"embeddable":true,"href":"https:\/\/hotnewsinworld.com\/pt\/wp-json\/wp\/v2\/media\/3496"}],"wp:attachment":[{"href":"https:\/\/hotnewsinworld.com\/pt\/wp-json\/wp\/v2\/media?parent=3495"}],"wp:term":[{"taxonomy":"category","embeddable":true,"href":"https:\/\/hotnewsinworld.com\/pt\/wp-json\/wp\/v2\/categories?post=3495"},{"taxonomy":"post_tag","embeddable":true,"href":"https:\/\/hotnewsinworld.com\/pt\/wp-json\/wp\/v2\/tags?post=3495"}],"curies":[{"name":"wp","href":"https:\/\/api.w.org\/{rel}","templated":true}]}}