{"id":3507,"date":"2021-04-24T00:26:32","date_gmt":"2021-04-23T21:26:32","guid":{"rendered":"https:\/\/hotnewsinworld.com\/pt\/ministro-fala-em-mais-500-despedimentos-na-tap-e-nega-%e2%80%b3chantagem%e2%80%b3\/"},"modified":"2021-04-24T00:26:35","modified_gmt":"2021-04-23T21:26:35","slug":"ministro-fala-em-mais-500-despedimentos-na-tap-e-nega-%e2%80%b3chantagem%e2%80%b3","status":"publish","type":"post","link":"https:\/\/hotnewsinworld.com\/pt\/ministro-fala-em-mais-500-despedimentos-na-tap-e-nega-%e2%80%b3chantagem%e2%80%b3\/","title":{"rendered":"Ministro fala em mais 500 despedimentos na TAP e nega \u2033chantagem\u2033"},"content":{"rendered":"<p>JN\/Ag\u00eanciasHoje\u00a0\u00e0s\u00a021:38O ministro das Infraestruturas e Habita\u00e7\u00e3o, Pedro Nuno Santos, recusou, esta sexta-feira, que tenha havido &#8220;chantagem&#8221; sobre os trabalhadores da TAP para aceitarem as medidas volunt\u00e1rias,&#8221;O despedimento coletivo \u00e9 uma necessidade que se enquadra no plano de reestrutura\u00e7\u00e3o&#8221;, real\u00e7ou, numa entrevista \u00e0 SIC, salientando que &#8220;neste momento h\u00e1 um conjunto de perto de 500 trabalhadores que est\u00e3o identificados para o processo de despedimento coletivo, mas ainda h\u00e1 tempo para optarem pelas medidas volunt\u00e1rias&#8221;.&#8221;N\u00e3o \u00e9 uma quest\u00e3o de chantagem, \u00e9 que a empresa precisa desesperadamente de uma redu\u00e7\u00e3o de efetivos e uma redu\u00e7\u00e3o dr\u00e1stica de custos, porque teve uma travagem brusca da atividade&#8221;, justificou o ministro.Pedro Nuno Santos referiu ainda que, por outro lado, j\u00e1 foi enviada a 6.240 trabalhadores da TAP &#8220;uma carta de conforto dizendo que neste momento n\u00e3o est\u00e1 em causa a sua perman\u00eancia da empresa&#8221;.Quanto ao apoio de 462 milh\u00f5es de euros aprovado hoje pela Comiss\u00e3o Europeia para a TAP, o ministro disse que a companhia &#8220;precisa de caixa enquanto as negocia\u00e7\u00f5es [para a aprova\u00e7\u00e3o do plano de reestrutura\u00e7\u00e3o por Bruxelas] est\u00e3o a decorrer&#8221;.Pedro Nuno Santos afirmou ainda que \u00e9 sua expectativa &#8220;que o plano de inje\u00e7\u00e3o previsto no plano de reestrutura\u00e7\u00e3o possa ser cumprido&#8221;, prevendo cerca de mil milh\u00f5es de euros para este ano.Questionado sobre o atraso neste processo, o ministro disse que &#8220;as negocia\u00e7\u00f5es est\u00e3o a correr bem&#8221;, mas lembrou que a Comiss\u00e3o Europeia est\u00e1 a gerir &#8220;v\u00e1rios processos&#8221;.&#8221;A verdade \u00e9 que estamos a passar por uma situa\u00e7\u00e3o muito dif\u00edcil para os trabalhadores e \u00e9 natural que um processo que visa a redu\u00e7\u00e3o de efetivos n\u00e3o seja f\u00e1cil e seja interpretado de forma muito diferente pelos trabalhadores&#8221;, disse o ministro.&#8221;A empresa est\u00e1 entre a espada e a parede e a necessidade de reduzir o pessoal tem apenas como objetivo permitir que a empresa se salve&#8221;, garantiu o ministro.A segunda fase das medidas volunt\u00e1rias da TAP, que decorreu entre 11 e 16 de abril contou com 122 ades\u00f5es confirmadas, de acordo com uma nota interna enviada aos colaboradores, a que a Lusa teve acesso.Na mensagem, assinada pelo presidente do Conselho de Administra\u00e7\u00e3o, Miguel Frasquilho, e pelo presidente da Comiss\u00e3o Executiva, Ramiro Sequeira, a TAP fez o ponto de situa\u00e7\u00e3o das medidas volunt\u00e1rias &#8220;e respetivo impacto na reestrutura\u00e7\u00e3o laboral da empresa&#8221;.Assim, recordou a transportadora, &#8220;na primeira fase de candidaturas, que decorreu entre 11 de fevereiro e 24 de mar\u00e7o, das 690 ades\u00f5es previamente comunicadas, concretizaram-se 669, com um impacto no redimensionamento de cerca de 630 postos de trabalho&#8221;.A TAP recordou que &#8220;a diferen\u00e7a entre 669 e 630 deve-se ao diferente impacto das v\u00e1rias medidas, nomeadamente a passagem a tempo parcial&#8221; de trabalhadores.Em 2020, a TAP voltou ao controlo do Estado, que passou a deter 72,5% do seu capital, depois de a companhia ter sido severamente afetada pela pandemia de covid-19 e de a Comiss\u00e3o Europeia ter autorizado um aux\u00edlio estatal de at\u00e9 1.200 milh\u00f5es de euros \u00e0 transportadora a\u00e9rea de bandeira portuguesa.<br \/>\n<br \/>\n<!--noindex--><br \/>\n<a href=\"http:\/\/feeds.jn.pt\/~r\/JN-ECONOMIA\/~3\/O31ETWVnfl8\/ministro-fala-em-mais-550-despedimentos-na-tap-e-nega-chantagem--13607048.html\" rel=\"nofollow\">Source link <\/a><br \/>\n<!--\/noindex--><\/p>\n","protected":false},"excerpt":{"rendered":"<p>JN\/Ag\u00eanciasHoje\u00a0\u00e0s\u00a021:38O ministro das Infraestruturas e Habita\u00e7\u00e3o, Pedro Nuno Santos, recusou, esta sexta-feira, que tenha havido &#8220;chantagem&#8221; sobre os trabalhadores da TAP para aceitarem as medidas volunt\u00e1rias,&#8221;O despedimento coletivo \u00e9 uma necessidade que se enquadra no plano de reestrutura\u00e7\u00e3o&#8221;, real\u00e7ou, numa entrevista \u00e0 SIC, salientando que &#8220;neste momento h\u00e1 um conjunto de perto de 500 trabalhadores [&hellip;]<\/p>\n","protected":false},"author":2,"featured_media":3508,"comment_status":"open","ping_status":"open","sticky":false,"template":"","format":"standard","meta":{"footnotes":""},"categories":[1],"tags":[],"class_list":["post-3507","post","type-post","status-publish","format-standard","has-post-thumbnail","hentry","category-ultimas-noticias-financeiras"],"yoast_head":"<!-- This site is optimized with the Yoast SEO plugin v27.4 - https:\/\/yoast.com\/product\/yoast-seo-wordpress\/ -->\n<title>Ministro fala em mais 500 despedimentos na TAP e nega \u2033chantagem\u2033 - Hot News in World<\/title>\n<meta name=\"robots\" content=\"index, follow, max-snippet:-1, max-image-preview:large, max-video-preview:-1\" \/>\n<link rel=\"canonical\" href=\"https:\/\/hotnewsinworld.com\/pt\/ministro-fala-em-mais-500-despedimentos-na-tap-e-nega-\u2033chantagem\u2033\/\" \/>\n<meta property=\"og:locale\" content=\"pt_PT\" \/>\n<meta property=\"og:type\" content=\"article\" \/>\n<meta property=\"og:title\" content=\"Ministro fala em mais 500 despedimentos na TAP e nega \u2033chantagem\u2033 - Hot News in World\" \/>\n<meta property=\"og:description\" content=\"JN\/Ag\u00eanciasHoje\u00a0\u00e0s\u00a021:38O ministro das Infraestruturas e Habita\u00e7\u00e3o, Pedro Nuno Santos, recusou, esta sexta-feira, que tenha havido &#8220;chantagem&#8221; sobre os trabalhadores da TAP para aceitarem as medidas volunt\u00e1rias,&#8221;O despedimento coletivo \u00e9 uma necessidade que se enquadra no plano de reestrutura\u00e7\u00e3o&#8221;, real\u00e7ou, numa entrevista \u00e0 SIC, salientando que &#8220;neste momento h\u00e1 um conjunto de perto de 500 trabalhadores [&hellip;]\" \/>\n<meta property=\"og:url\" content=\"https:\/\/hotnewsinworld.com\/pt\/ministro-fala-em-mais-500-despedimentos-na-tap-e-nega-\u2033chantagem\u2033\/\" \/>\n<meta property=\"og:site_name\" content=\"Hot News in World\" \/>\n<meta property=\"article:published_time\" content=\"2021-04-23T21:26:32+00:00\" \/>\n<meta property=\"article:modified_time\" content=\"2021-04-23T21:26:35+00:00\" \/>\n<meta property=\"og:image\" content=\"https:\/\/hotnewsinworld.com\/pt\/wp-content\/uploads\/sites\/2\/2021\/04\/Ministro-fala-em-mais-500-despedimentos-na-TAP-e-nega.jpg\" \/>\n\t<meta property=\"og:image:width\" content=\"800\" \/>\n\t<meta property=\"og:image:height\" content=\"420\" \/>\n\t<meta property=\"og:image:type\" content=\"image\/jpeg\" \/>\n<meta name=\"author\" content=\"hotnewsinworld\" \/>\n<meta name=\"twitter:card\" content=\"summary_large_image\" \/>\n<meta name=\"twitter:label1\" content=\"Escrito por\" \/>\n\t<meta name=\"twitter:data1\" content=\"hotnewsinworld\" \/>\n\t<meta name=\"twitter:label2\" content=\"Tempo estimado de leitura\" \/>\n\t<meta name=\"twitter:data2\" content=\"3 minutos\" \/>\n<script type=\"application\/ld+json\" class=\"yoast-schema-graph\">{\"@context\":\"https:\\\/\\\/schema.org\",\"@graph\":[{\"@type\":\"Article\",\"@id\":\"https:\\\/\\\/hotnewsinworld.com\\\/pt\\\/ministro-fala-em-mais-500-despedimentos-na-tap-e-nega-%e2%80%b3chantagem%e2%80%b3\\\/#article\",\"isPartOf\":{\"@id\":\"https:\\\/\\\/hotnewsinworld.com\\\/pt\\\/ministro-fala-em-mais-500-despedimentos-na-tap-e-nega-%e2%80%b3chantagem%e2%80%b3\\\/\"},\"author\":{\"name\":\"hotnewsinworld\",\"@id\":\"https:\\\/\\\/hotnewsinworld.com\\\/pt\\\/#\\\/schema\\\/person\\\/fe61448b21c0d59086e75fcc1f9d8f6b\"},\"headline\":\"Ministro fala em mais 500 despedimentos na TAP e nega \u2033chantagem\u2033\",\"datePublished\":\"2021-04-23T21:26:32+00:00\",\"dateModified\":\"2021-04-23T21:26:35+00:00\",\"mainEntityOfPage\":{\"@id\":\"https:\\\/\\\/hotnewsinworld.com\\\/pt\\\/ministro-fala-em-mais-500-despedimentos-na-tap-e-nega-%e2%80%b3chantagem%e2%80%b3\\\/\"},\"wordCount\":536,\"commentCount\":0,\"image\":{\"@id\":\"https:\\\/\\\/hotnewsinworld.com\\\/pt\\\/ministro-fala-em-mais-500-despedimentos-na-tap-e-nega-%e2%80%b3chantagem%e2%80%b3\\\/#primaryimage\"},\"thumbnailUrl\":\"https:\\\/\\\/hotnewsinworld.com\\\/pt\\\/wp-content\\\/uploads\\\/sites\\\/2\\\/2021\\\/04\\\/Ministro-fala-em-mais-500-despedimentos-na-TAP-e-nega.jpg\",\"articleSection\":[\"\u00daLTIMAS NOT\u00cdCIAS FINANCEIRAS\"],\"inLanguage\":\"pt-PT\",\"potentialAction\":[{\"@type\":\"CommentAction\",\"name\":\"Comment\",\"target\":[\"https:\\\/\\\/hotnewsinworld.com\\\/pt\\\/ministro-fala-em-mais-500-despedimentos-na-tap-e-nega-%e2%80%b3chantagem%e2%80%b3\\\/#respond\"]}]},{\"@type\":\"WebPage\",\"@id\":\"https:\\\/\\\/hotnewsinworld.com\\\/pt\\\/ministro-fala-em-mais-500-despedimentos-na-tap-e-nega-%e2%80%b3chantagem%e2%80%b3\\\/\",\"url\":\"https:\\\/\\\/hotnewsinworld.com\\\/pt\\\/ministro-fala-em-mais-500-despedimentos-na-tap-e-nega-%e2%80%b3chantagem%e2%80%b3\\\/\",\"name\":\"Ministro fala em mais 500 despedimentos na TAP e nega \u2033chantagem\u2033 - Hot News in World\",\"isPartOf\":{\"@id\":\"https:\\\/\\\/hotnewsinworld.com\\\/pt\\\/#website\"},\"primaryImageOfPage\":{\"@id\":\"https:\\\/\\\/hotnewsinworld.com\\\/pt\\\/ministro-fala-em-mais-500-despedimentos-na-tap-e-nega-%e2%80%b3chantagem%e2%80%b3\\\/#primaryimage\"},\"image\":{\"@id\":\"https:\\\/\\\/hotnewsinworld.com\\\/pt\\\/ministro-fala-em-mais-500-despedimentos-na-tap-e-nega-%e2%80%b3chantagem%e2%80%b3\\\/#primaryimage\"},\"thumbnailUrl\":\"https:\\\/\\\/hotnewsinworld.com\\\/pt\\\/wp-content\\\/uploads\\\/sites\\\/2\\\/2021\\\/04\\\/Ministro-fala-em-mais-500-despedimentos-na-TAP-e-nega.jpg\",\"datePublished\":\"2021-04-23T21:26:32+00:00\",\"dateModified\":\"2021-04-23T21:26:35+00:00\",\"author\":{\"@id\":\"https:\\\/\\\/hotnewsinworld.com\\\/pt\\\/#\\\/schema\\\/person\\\/fe61448b21c0d59086e75fcc1f9d8f6b\"},\"breadcrumb\":{\"@id\":\"https:\\\/\\\/hotnewsinworld.com\\\/pt\\\/ministro-fala-em-mais-500-despedimentos-na-tap-e-nega-%e2%80%b3chantagem%e2%80%b3\\\/#breadcrumb\"},\"inLanguage\":\"pt-PT\",\"potentialAction\":[{\"@type\":\"ReadAction\",\"target\":[\"https:\\\/\\\/hotnewsinworld.com\\\/pt\\\/ministro-fala-em-mais-500-despedimentos-na-tap-e-nega-%e2%80%b3chantagem%e2%80%b3\\\/\"]}]},{\"@type\":\"ImageObject\",\"inLanguage\":\"pt-PT\",\"@id\":\"https:\\\/\\\/hotnewsinworld.com\\\/pt\\\/ministro-fala-em-mais-500-despedimentos-na-tap-e-nega-%e2%80%b3chantagem%e2%80%b3\\\/#primaryimage\",\"url\":\"https:\\\/\\\/hotnewsinworld.com\\\/pt\\\/wp-content\\\/uploads\\\/sites\\\/2\\\/2021\\\/04\\\/Ministro-fala-em-mais-500-despedimentos-na-TAP-e-nega.jpg\",\"contentUrl\":\"https:\\\/\\\/hotnewsinworld.com\\\/pt\\\/wp-content\\\/uploads\\\/sites\\\/2\\\/2021\\\/04\\\/Ministro-fala-em-mais-500-despedimentos-na-TAP-e-nega.jpg\",\"width\":800,\"height\":420,\"caption\":\"Ministro fala em mais 500 despedimentos na TAP e nega \u2033chantagem\u2033\"},{\"@type\":\"BreadcrumbList\",\"@id\":\"https:\\\/\\\/hotnewsinworld.com\\\/pt\\\/ministro-fala-em-mais-500-despedimentos-na-tap-e-nega-%e2%80%b3chantagem%e2%80%b3\\\/#breadcrumb\",\"itemListElement\":[{\"@type\":\"ListItem\",\"position\":1,\"name\":\"\u0413\u043b\u0430\u0432\u043d\u0430\u044f \u0441\u0442\u0440\u0430\u043d\u0438\u0446\u0430\",\"item\":\"https:\\\/\\\/hotnewsinworld.com\\\/pt\\\/\"},{\"@type\":\"ListItem\",\"position\":2,\"name\":\"Ministro fala em mais 500 despedimentos na TAP e nega \u2033chantagem\u2033\"}]},{\"@type\":\"WebSite\",\"@id\":\"https:\\\/\\\/hotnewsinworld.com\\\/pt\\\/#website\",\"url\":\"https:\\\/\\\/hotnewsinworld.com\\\/pt\\\/\",\"name\":\"Hot News in World\",\"description\":\"Hot News in World Portugal\",\"potentialAction\":[{\"@type\":\"SearchAction\",\"target\":{\"@type\":\"EntryPoint\",\"urlTemplate\":\"https:\\\/\\\/hotnewsinworld.com\\\/pt\\\/?s={search_term_string}\"},\"query-input\":{\"@type\":\"PropertyValueSpecification\",\"valueRequired\":true,\"valueName\":\"search_term_string\"}}],\"inLanguage\":\"pt-PT\"},{\"@type\":\"Person\",\"@id\":\"https:\\\/\\\/hotnewsinworld.com\\\/pt\\\/#\\\/schema\\\/person\\\/fe61448b21c0d59086e75fcc1f9d8f6b\",\"name\":\"hotnewsinworld\",\"image\":{\"@type\":\"ImageObject\",\"inLanguage\":\"pt-PT\",\"@id\":\"https:\\\/\\\/secure.gravatar.com\\\/avatar\\\/8a09ac165600ce2e1c38fe593c63928eb1e6e7ba5c5a907d67787c41b3d00c14?s=96&d=mm&r=g\",\"url\":\"https:\\\/\\\/secure.gravatar.com\\\/avatar\\\/8a09ac165600ce2e1c38fe593c63928eb1e6e7ba5c5a907d67787c41b3d00c14?s=96&d=mm&r=g\",\"contentUrl\":\"https:\\\/\\\/secure.gravatar.com\\\/avatar\\\/8a09ac165600ce2e1c38fe593c63928eb1e6e7ba5c5a907d67787c41b3d00c14?s=96&d=mm&r=g\",\"caption\":\"hotnewsinworld\"},\"url\":\"https:\\\/\\\/hotnewsinworld.com\\\/pt\\\/author\\\/pt\\\/\"}]}<\/script>\n<!-- \/ Yoast SEO plugin. -->","yoast_head_json":{"title":"Ministro fala em mais 500 despedimentos na TAP e nega \u2033chantagem\u2033 - Hot News in World","robots":{"index":"index","follow":"follow","max-snippet":"max-snippet:-1","max-image-preview":"max-image-preview:large","max-video-preview":"max-video-preview:-1"},"canonical":"https:\/\/hotnewsinworld.com\/pt\/ministro-fala-em-mais-500-despedimentos-na-tap-e-nega-\u2033chantagem\u2033\/","og_locale":"pt_PT","og_type":"article","og_title":"Ministro fala em mais 500 despedimentos na TAP e nega \u2033chantagem\u2033 - Hot News in World","og_description":"JN\/Ag\u00eanciasHoje\u00a0\u00e0s\u00a021:38O ministro das Infraestruturas e Habita\u00e7\u00e3o, Pedro Nuno Santos, recusou, esta sexta-feira, que tenha havido &#8220;chantagem&#8221; sobre os trabalhadores da TAP para aceitarem as medidas volunt\u00e1rias,&#8221;O despedimento coletivo \u00e9 uma necessidade que se enquadra no plano de reestrutura\u00e7\u00e3o&#8221;, real\u00e7ou, numa entrevista \u00e0 SIC, salientando que &#8220;neste momento h\u00e1 um conjunto de perto de 500 trabalhadores [&hellip;]","og_url":"https:\/\/hotnewsinworld.com\/pt\/ministro-fala-em-mais-500-despedimentos-na-tap-e-nega-\u2033chantagem\u2033\/","og_site_name":"Hot News in World","article_published_time":"2021-04-23T21:26:32+00:00","article_modified_time":"2021-04-23T21:26:35+00:00","og_image":[{"width":800,"height":420,"url":"https:\/\/hotnewsinworld.com\/pt\/wp-content\/uploads\/sites\/2\/2021\/04\/Ministro-fala-em-mais-500-despedimentos-na-TAP-e-nega.jpg","type":"image\/jpeg"}],"author":"hotnewsinworld","twitter_card":"summary_large_image","twitter_misc":{"Escrito por":"hotnewsinworld","Tempo estimado de leitura":"3 minutos"},"schema":{"@context":"https:\/\/schema.org","@graph":[{"@type":"Article","@id":"https:\/\/hotnewsinworld.com\/pt\/ministro-fala-em-mais-500-despedimentos-na-tap-e-nega-%e2%80%b3chantagem%e2%80%b3\/#article","isPartOf":{"@id":"https:\/\/hotnewsinworld.com\/pt\/ministro-fala-em-mais-500-despedimentos-na-tap-e-nega-%e2%80%b3chantagem%e2%80%b3\/"},"author":{"name":"hotnewsinworld","@id":"https:\/\/hotnewsinworld.com\/pt\/#\/schema\/person\/fe61448b21c0d59086e75fcc1f9d8f6b"},"headline":"Ministro fala em mais 500 despedimentos na TAP e nega \u2033chantagem\u2033","datePublished":"2021-04-23T21:26:32+00:00","dateModified":"2021-04-23T21:26:35+00:00","mainEntityOfPage":{"@id":"https:\/\/hotnewsinworld.com\/pt\/ministro-fala-em-mais-500-despedimentos-na-tap-e-nega-%e2%80%b3chantagem%e2%80%b3\/"},"wordCount":536,"commentCount":0,"image":{"@id":"https:\/\/hotnewsinworld.com\/pt\/ministro-fala-em-mais-500-despedimentos-na-tap-e-nega-%e2%80%b3chantagem%e2%80%b3\/#primaryimage"},"thumbnailUrl":"https:\/\/hotnewsinworld.com\/pt\/wp-content\/uploads\/sites\/2\/2021\/04\/Ministro-fala-em-mais-500-despedimentos-na-TAP-e-nega.jpg","articleSection":["\u00daLTIMAS NOT\u00cdCIAS FINANCEIRAS"],"inLanguage":"pt-PT","potentialAction":[{"@type":"CommentAction","name":"Comment","target":["https:\/\/hotnewsinworld.com\/pt\/ministro-fala-em-mais-500-despedimentos-na-tap-e-nega-%e2%80%b3chantagem%e2%80%b3\/#respond"]}]},{"@type":"WebPage","@id":"https:\/\/hotnewsinworld.com\/pt\/ministro-fala-em-mais-500-despedimentos-na-tap-e-nega-%e2%80%b3chantagem%e2%80%b3\/","url":"https:\/\/hotnewsinworld.com\/pt\/ministro-fala-em-mais-500-despedimentos-na-tap-e-nega-%e2%80%b3chantagem%e2%80%b3\/","name":"Ministro fala em mais 500 despedimentos na TAP e nega \u2033chantagem\u2033 - Hot News in World","isPartOf":{"@id":"https:\/\/hotnewsinworld.com\/pt\/#website"},"primaryImageOfPage":{"@id":"https:\/\/hotnewsinworld.com\/pt\/ministro-fala-em-mais-500-despedimentos-na-tap-e-nega-%e2%80%b3chantagem%e2%80%b3\/#primaryimage"},"image":{"@id":"https:\/\/hotnewsinworld.com\/pt\/ministro-fala-em-mais-500-despedimentos-na-tap-e-nega-%e2%80%b3chantagem%e2%80%b3\/#primaryimage"},"thumbnailUrl":"https:\/\/hotnewsinworld.com\/pt\/wp-content\/uploads\/sites\/2\/2021\/04\/Ministro-fala-em-mais-500-despedimentos-na-TAP-e-nega.jpg","datePublished":"2021-04-23T21:26:32+00:00","dateModified":"2021-04-23T21:26:35+00:00","author":{"@id":"https:\/\/hotnewsinworld.com\/pt\/#\/schema\/person\/fe61448b21c0d59086e75fcc1f9d8f6b"},"breadcrumb":{"@id":"https:\/\/hotnewsinworld.com\/pt\/ministro-fala-em-mais-500-despedimentos-na-tap-e-nega-%e2%80%b3chantagem%e2%80%b3\/#breadcrumb"},"inLanguage":"pt-PT","potentialAction":[{"@type":"ReadAction","target":["https:\/\/hotnewsinworld.com\/pt\/ministro-fala-em-mais-500-despedimentos-na-tap-e-nega-%e2%80%b3chantagem%e2%80%b3\/"]}]},{"@type":"ImageObject","inLanguage":"pt-PT","@id":"https:\/\/hotnewsinworld.com\/pt\/ministro-fala-em-mais-500-despedimentos-na-tap-e-nega-%e2%80%b3chantagem%e2%80%b3\/#primaryimage","url":"https:\/\/hotnewsinworld.com\/pt\/wp-content\/uploads\/sites\/2\/2021\/04\/Ministro-fala-em-mais-500-despedimentos-na-TAP-e-nega.jpg","contentUrl":"https:\/\/hotnewsinworld.com\/pt\/wp-content\/uploads\/sites\/2\/2021\/04\/Ministro-fala-em-mais-500-despedimentos-na-TAP-e-nega.jpg","width":800,"height":420,"caption":"Ministro fala em mais 500 despedimentos na TAP e nega \u2033chantagem\u2033"},{"@type":"BreadcrumbList","@id":"https:\/\/hotnewsinworld.com\/pt\/ministro-fala-em-mais-500-despedimentos-na-tap-e-nega-%e2%80%b3chantagem%e2%80%b3\/#breadcrumb","itemListElement":[{"@type":"ListItem","position":1,"name":"\u0413\u043b\u0430\u0432\u043d\u0430\u044f \u0441\u0442\u0440\u0430\u043d\u0438\u0446\u0430","item":"https:\/\/hotnewsinworld.com\/pt\/"},{"@type":"ListItem","position":2,"name":"Ministro fala em mais 500 despedimentos na TAP e nega \u2033chantagem\u2033"}]},{"@type":"WebSite","@id":"https:\/\/hotnewsinworld.com\/pt\/#website","url":"https:\/\/hotnewsinworld.com\/pt\/","name":"Hot News in World","description":"Hot News in World Portugal","potentialAction":[{"@type":"SearchAction","target":{"@type":"EntryPoint","urlTemplate":"https:\/\/hotnewsinworld.com\/pt\/?s={search_term_string}"},"query-input":{"@type":"PropertyValueSpecification","valueRequired":true,"valueName":"search_term_string"}}],"inLanguage":"pt-PT"},{"@type":"Person","@id":"https:\/\/hotnewsinworld.com\/pt\/#\/schema\/person\/fe61448b21c0d59086e75fcc1f9d8f6b","name":"hotnewsinworld","image":{"@type":"ImageObject","inLanguage":"pt-PT","@id":"https:\/\/secure.gravatar.com\/avatar\/8a09ac165600ce2e1c38fe593c63928eb1e6e7ba5c5a907d67787c41b3d00c14?s=96&d=mm&r=g","url":"https:\/\/secure.gravatar.com\/avatar\/8a09ac165600ce2e1c38fe593c63928eb1e6e7ba5c5a907d67787c41b3d00c14?s=96&d=mm&r=g","contentUrl":"https:\/\/secure.gravatar.com\/avatar\/8a09ac165600ce2e1c38fe593c63928eb1e6e7ba5c5a907d67787c41b3d00c14?s=96&d=mm&r=g","caption":"hotnewsinworld"},"url":"https:\/\/hotnewsinworld.com\/pt\/author\/pt\/"}]}},"_links":{"self":[{"href":"https:\/\/hotnewsinworld.com\/pt\/wp-json\/wp\/v2\/posts\/3507","targetHints":{"allow":["GET"]}}],"collection":[{"href":"https:\/\/hotnewsinworld.com\/pt\/wp-json\/wp\/v2\/posts"}],"about":[{"href":"https:\/\/hotnewsinworld.com\/pt\/wp-json\/wp\/v2\/types\/post"}],"author":[{"embeddable":true,"href":"https:\/\/hotnewsinworld.com\/pt\/wp-json\/wp\/v2\/users\/2"}],"replies":[{"embeddable":true,"href":"https:\/\/hotnewsinworld.com\/pt\/wp-json\/wp\/v2\/comments?post=3507"}],"version-history":[{"count":1,"href":"https:\/\/hotnewsinworld.com\/pt\/wp-json\/wp\/v2\/posts\/3507\/revisions"}],"predecessor-version":[{"id":3509,"href":"https:\/\/hotnewsinworld.com\/pt\/wp-json\/wp\/v2\/posts\/3507\/revisions\/3509"}],"wp:featuredmedia":[{"embeddable":true,"href":"https:\/\/hotnewsinworld.com\/pt\/wp-json\/wp\/v2\/media\/3508"}],"wp:attachment":[{"href":"https:\/\/hotnewsinworld.com\/pt\/wp-json\/wp\/v2\/media?parent=3507"}],"wp:term":[{"taxonomy":"category","embeddable":true,"href":"https:\/\/hotnewsinworld.com\/pt\/wp-json\/wp\/v2\/categories?post=3507"},{"taxonomy":"post_tag","embeddable":true,"href":"https:\/\/hotnewsinworld.com\/pt\/wp-json\/wp\/v2\/tags?post=3507"}],"curies":[{"name":"wp","href":"https:\/\/api.w.org\/{rel}","templated":true}]}}