{"id":3516,"date":"2021-04-25T12:53:50","date_gmt":"2021-04-25T09:53:50","guid":{"rendered":"https:\/\/hotnewsinworld.com\/pt\/a-praca-que-tem-espaco-para-todos-e-cruza-a-tradicao-com-a-modernidade\/"},"modified":"2021-04-25T12:53:53","modified_gmt":"2021-04-25T09:53:53","slug":"a-praca-que-tem-espaco-para-todos-e-cruza-a-tradicao-com-a-modernidade","status":"publish","type":"post","link":"https:\/\/hotnewsinworld.com\/pt\/a-praca-que-tem-espaco-para-todos-e-cruza-a-tradicao-com-a-modernidade\/","title":{"rendered":"A Pra\u00e7a que tem espa\u00e7o para todos e cruza a tradi\u00e7\u00e3o com a modernidade"},"content":{"rendered":"<p>Produzido por:Hoje\u00a0\u00e0s\u00a000:00,\u00a0atualizado \u00e0s 08:35Produzido por:Remontamos \u00e0 Era Dourada dos anos 50 para relembrar a constru\u00e7\u00e3o do Mercado Municipal de Vila Nova de Famalic\u00e3o. Agora, j\u00e1 no s\u00e9culo XXI, o mercado renasce com o nome dado pelos famalicenses: a Pra\u00e7a.Os anos 50 foram marcados pela Era Dourada para a televis\u00e3o, para a r\u00e1dio e para a constru\u00e7\u00e3o de edif\u00edcios emblem\u00e1ticos de v\u00e1rias regi\u00f5es do pa\u00eds e que se prolongaram ao longo dos anos e da hist\u00f3ria de uma localidade.Se a Era Dourada foi marcada pelo aumento de vendas de televis\u00f5es e pelo reconhecimento do potencial da r\u00e1dio, ent\u00e3o n\u00e3o se pode deixar escapar tamb\u00e9m a constru\u00e7\u00e3o do emblem\u00e1tico Mercado Municipal de Vila Nova de Famalic\u00e3o.Tudo come\u00e7ou quando, no dia 1 de junho de 1950, decorreu o concurso para a adjudica\u00e7\u00e3o do Mercado, que acabou por ser largamente concorrido. Adjudicada aos empreiteiros famalicenses Os\u00f3rio &amp; Coelho, a obra come\u00e7ou no dia 6 de julho de 1950 e foi inaugurada a 21 de setembro de 1952.&#8221;Obra de tal envergadura, situada numa das entradas da vila, que muito veio aformosear aquele local e satisfazer velhas aspira\u00e7\u00f5es, preenchendo uma lacuna da progressiva vila&#8221;. Era assim que os jornais da \u00e9poca descreviam o Mercado que viria a ser o palco de muitas viv\u00eancias dos famalicenses.O Mercado Municipal continua a ter um valor inestim\u00e1vel para as gentes da terra que sempre o denominaram de &#8220;a Pra\u00e7a&#8221;. Passados 69 anos, este \u00e9 o momento em que o Mercado Municipal renasce e, desta vez, com o nome que os famalicenses lhe chamaram ao longo de todas as d\u00e9cadas.A Pra\u00e7a renasce com um novo conceito. Um conceito mais moderno, atrativo, funcional e que ser\u00e1 o ponto de encontro privilegiado de Famalic\u00e3o. Ser\u00e1 nesta nova Pra\u00e7a que o munic\u00edpio vai proporcionar novas viv\u00eancias culturais e urbanas, sempre com a preocupa\u00e7\u00e3o de manter um estilo de vida mais saud\u00e1vel e com mais qualidade.Num espa\u00e7o que acolhe todos e onde a tradi\u00e7\u00e3o se cruza com a modernidade e inova\u00e7\u00e3o, o conforto vai ser uma das mais-valias da Pra\u00e7a, permitindo que os famalicenses possam usufruir da mesma em qualquer esta\u00e7\u00e3o do ano, fa\u00e7a chuva ou fa\u00e7a sol.Os detalhes que fazem a diferen\u00e7aA Pra\u00e7a foi pensada ao pormenor, contando com uma zona de restaura\u00e7\u00e3o totalmente inovadora, com esplanada coberta e ao ar livre e com seis restaurantes. Para al\u00e9m disso, vai contar com um lugar de frescos destinado a 2 peixarias, 1 talho, 6 bancas de frutas e legumes, 3 floristas e, ainda, 2 espa\u00e7os de queijaria\/charcutaria.Mas n\u00e3o fica por a\u00ed. A Pra\u00e7a vai ter tamb\u00e9m espa\u00e7os de arranjos de vestu\u00e1rio; loja de vestu\u00e1rio; retrosaria; drogaria; barbearia; ourivesaria; lavandaria; padaria e caf\u00e9 snack-bar, bem como, um espa\u00e7o de Cozinha Experimental para promo\u00e7\u00e3o de workshops, degusta\u00e7\u00f5es e showcookings.Tamb\u00e9m os produtores locais v\u00e3o ter um local destinado \u00e0 venda direta e ocasional de produtos agr\u00edcolas, agroalimentares e pecu\u00e1rios: o Mercado dos Lavradores. Por fim, mas n\u00e3o menos importante, o espa\u00e7o tamb\u00e9m vai ser um local onde pode descontrair e respirar ar puro atrav\u00e9s dos espa\u00e7os ajardinados.A Pra\u00e7a, como referiu o Presidente da C\u00e2mara Municipal de Vila Nova de Famalic\u00e3o, Paulo Cunha, \u00e9 &#8220;um espa\u00e7o-\u00e2ncora para a revitaliza\u00e7\u00e3o do centro urbano e para a moderniza\u00e7\u00e3o da atividade comercial circundante&#8221;. A reabilita\u00e7\u00e3o f\u00edsica da mesma significa novas viv\u00eancias culturais e urbanas que pretendem ir ao encontro das necessidades do mercado e das ambi\u00e7\u00f5es das gera\u00e7\u00f5es futuras.O espa\u00e7o deve ser um ponto de passagem obrigat\u00f3ria na cidade, tudo gra\u00e7as \u00e0 qualidade e diversidade de produtos e \u00e0s din\u00e2micas de anima\u00e7\u00e3o cultural e a\u00e7\u00f5es pedag\u00f3gicas constantes, criando, assim, &#8220;um novo conceito de Pra\u00e7a&#8221;.<script async defer src=\"https:\/\/platform.instagram.com\/en_US\/embeds.js\"><\/script><br \/>\n<br \/>\n<!--noindex--><br \/>\n<a href=\"http:\/\/feeds.jn.pt\/~r\/JN-ECONOMIA\/~3\/yD22ugBO1ok\/a-praca-que-tem-espaco-para-todos-e-cruza-a-tradicao-com-a-modernidade-13590456.html\" rel=\"nofollow\">Source link <\/a><br \/>\n<!--\/noindex--><\/p>\n","protected":false},"excerpt":{"rendered":"<p>Produzido por:Hoje\u00a0\u00e0s\u00a000:00,\u00a0atualizado \u00e0s 08:35Produzido por:Remontamos \u00e0 Era Dourada dos anos 50 para relembrar a constru\u00e7\u00e3o do Mercado Municipal de Vila Nova de Famalic\u00e3o. Agora, j\u00e1 no s\u00e9culo XXI, o mercado renasce com o nome dado pelos famalicenses: a Pra\u00e7a.Os anos 50 foram marcados pela Era Dourada para a televis\u00e3o, para a r\u00e1dio e para a [&hellip;]<\/p>\n","protected":false},"author":2,"featured_media":3517,"comment_status":"open","ping_status":"open","sticky":false,"template":"","format":"standard","meta":{"footnotes":""},"categories":[1],"tags":[],"class_list":["post-3516","post","type-post","status-publish","format-standard","has-post-thumbnail","hentry","category-ultimas-noticias-financeiras"],"yoast_head":"<!-- This site is optimized with the Yoast SEO plugin v27.4 - https:\/\/yoast.com\/product\/yoast-seo-wordpress\/ -->\n<title>A Pra\u00e7a que tem espa\u00e7o para todos e cruza a tradi\u00e7\u00e3o com a modernidade - Hot News in World<\/title>\n<meta name=\"robots\" content=\"index, follow, max-snippet:-1, max-image-preview:large, max-video-preview:-1\" \/>\n<link rel=\"canonical\" href=\"https:\/\/hotnewsinworld.com\/pt\/a-praca-que-tem-espaco-para-todos-e-cruza-a-tradicao-com-a-modernidade\/\" \/>\n<meta property=\"og:locale\" content=\"pt_PT\" \/>\n<meta property=\"og:type\" content=\"article\" \/>\n<meta property=\"og:title\" content=\"A Pra\u00e7a que tem espa\u00e7o para todos e cruza a tradi\u00e7\u00e3o com a modernidade - Hot News in World\" \/>\n<meta property=\"og:description\" content=\"Produzido por:Hoje\u00a0\u00e0s\u00a000:00,\u00a0atualizado \u00e0s 08:35Produzido por:Remontamos \u00e0 Era Dourada dos anos 50 para relembrar a constru\u00e7\u00e3o do Mercado Municipal de Vila Nova de Famalic\u00e3o. Agora, j\u00e1 no s\u00e9culo XXI, o mercado renasce com o nome dado pelos famalicenses: a Pra\u00e7a.Os anos 50 foram marcados pela Era Dourada para a televis\u00e3o, para a r\u00e1dio e para a [&hellip;]\" \/>\n<meta property=\"og:url\" content=\"https:\/\/hotnewsinworld.com\/pt\/a-praca-que-tem-espaco-para-todos-e-cruza-a-tradicao-com-a-modernidade\/\" \/>\n<meta property=\"og:site_name\" content=\"Hot News in World\" \/>\n<meta property=\"article:published_time\" content=\"2021-04-25T09:53:50+00:00\" \/>\n<meta property=\"article:modified_time\" content=\"2021-04-25T09:53:53+00:00\" \/>\n<meta property=\"og:image\" content=\"https:\/\/hotnewsinworld.com\/pt\/wp-content\/uploads\/sites\/2\/2021\/04\/A-Praca-que-tem-espaco-para-todos-e-cruza-a.jpg\" \/>\n\t<meta property=\"og:image:width\" content=\"800\" \/>\n\t<meta property=\"og:image:height\" content=\"420\" \/>\n\t<meta property=\"og:image:type\" content=\"image\/jpeg\" \/>\n<meta name=\"author\" content=\"hotnewsinworld\" \/>\n<meta name=\"twitter:card\" content=\"summary_large_image\" \/>\n<meta name=\"twitter:label1\" content=\"Escrito por\" \/>\n\t<meta name=\"twitter:data1\" content=\"hotnewsinworld\" \/>\n\t<meta name=\"twitter:label2\" content=\"Tempo estimado de leitura\" \/>\n\t<meta name=\"twitter:data2\" content=\"3 minutos\" \/>\n<script type=\"application\/ld+json\" class=\"yoast-schema-graph\">{\"@context\":\"https:\\\/\\\/schema.org\",\"@graph\":[{\"@type\":\"Article\",\"@id\":\"https:\\\/\\\/hotnewsinworld.com\\\/pt\\\/a-praca-que-tem-espaco-para-todos-e-cruza-a-tradicao-com-a-modernidade\\\/#article\",\"isPartOf\":{\"@id\":\"https:\\\/\\\/hotnewsinworld.com\\\/pt\\\/a-praca-que-tem-espaco-para-todos-e-cruza-a-tradicao-com-a-modernidade\\\/\"},\"author\":{\"name\":\"hotnewsinworld\",\"@id\":\"https:\\\/\\\/hotnewsinworld.com\\\/pt\\\/#\\\/schema\\\/person\\\/fe61448b21c0d59086e75fcc1f9d8f6b\"},\"headline\":\"A Pra\u00e7a que tem espa\u00e7o para todos e cruza a tradi\u00e7\u00e3o com a modernidade\",\"datePublished\":\"2021-04-25T09:53:50+00:00\",\"dateModified\":\"2021-04-25T09:53:53+00:00\",\"mainEntityOfPage\":{\"@id\":\"https:\\\/\\\/hotnewsinworld.com\\\/pt\\\/a-praca-que-tem-espaco-para-todos-e-cruza-a-tradicao-com-a-modernidade\\\/\"},\"wordCount\":696,\"commentCount\":0,\"image\":{\"@id\":\"https:\\\/\\\/hotnewsinworld.com\\\/pt\\\/a-praca-que-tem-espaco-para-todos-e-cruza-a-tradicao-com-a-modernidade\\\/#primaryimage\"},\"thumbnailUrl\":\"https:\\\/\\\/hotnewsinworld.com\\\/pt\\\/wp-content\\\/uploads\\\/sites\\\/2\\\/2021\\\/04\\\/A-Praca-que-tem-espaco-para-todos-e-cruza-a.jpg\",\"articleSection\":[\"\u00daLTIMAS NOT\u00cdCIAS FINANCEIRAS\"],\"inLanguage\":\"pt-PT\",\"potentialAction\":[{\"@type\":\"CommentAction\",\"name\":\"Comment\",\"target\":[\"https:\\\/\\\/hotnewsinworld.com\\\/pt\\\/a-praca-que-tem-espaco-para-todos-e-cruza-a-tradicao-com-a-modernidade\\\/#respond\"]}]},{\"@type\":\"WebPage\",\"@id\":\"https:\\\/\\\/hotnewsinworld.com\\\/pt\\\/a-praca-que-tem-espaco-para-todos-e-cruza-a-tradicao-com-a-modernidade\\\/\",\"url\":\"https:\\\/\\\/hotnewsinworld.com\\\/pt\\\/a-praca-que-tem-espaco-para-todos-e-cruza-a-tradicao-com-a-modernidade\\\/\",\"name\":\"A Pra\u00e7a que tem espa\u00e7o para todos e cruza a tradi\u00e7\u00e3o com a modernidade - Hot News in World\",\"isPartOf\":{\"@id\":\"https:\\\/\\\/hotnewsinworld.com\\\/pt\\\/#website\"},\"primaryImageOfPage\":{\"@id\":\"https:\\\/\\\/hotnewsinworld.com\\\/pt\\\/a-praca-que-tem-espaco-para-todos-e-cruza-a-tradicao-com-a-modernidade\\\/#primaryimage\"},\"image\":{\"@id\":\"https:\\\/\\\/hotnewsinworld.com\\\/pt\\\/a-praca-que-tem-espaco-para-todos-e-cruza-a-tradicao-com-a-modernidade\\\/#primaryimage\"},\"thumbnailUrl\":\"https:\\\/\\\/hotnewsinworld.com\\\/pt\\\/wp-content\\\/uploads\\\/sites\\\/2\\\/2021\\\/04\\\/A-Praca-que-tem-espaco-para-todos-e-cruza-a.jpg\",\"datePublished\":\"2021-04-25T09:53:50+00:00\",\"dateModified\":\"2021-04-25T09:53:53+00:00\",\"author\":{\"@id\":\"https:\\\/\\\/hotnewsinworld.com\\\/pt\\\/#\\\/schema\\\/person\\\/fe61448b21c0d59086e75fcc1f9d8f6b\"},\"breadcrumb\":{\"@id\":\"https:\\\/\\\/hotnewsinworld.com\\\/pt\\\/a-praca-que-tem-espaco-para-todos-e-cruza-a-tradicao-com-a-modernidade\\\/#breadcrumb\"},\"inLanguage\":\"pt-PT\",\"potentialAction\":[{\"@type\":\"ReadAction\",\"target\":[\"https:\\\/\\\/hotnewsinworld.com\\\/pt\\\/a-praca-que-tem-espaco-para-todos-e-cruza-a-tradicao-com-a-modernidade\\\/\"]}]},{\"@type\":\"ImageObject\",\"inLanguage\":\"pt-PT\",\"@id\":\"https:\\\/\\\/hotnewsinworld.com\\\/pt\\\/a-praca-que-tem-espaco-para-todos-e-cruza-a-tradicao-com-a-modernidade\\\/#primaryimage\",\"url\":\"https:\\\/\\\/hotnewsinworld.com\\\/pt\\\/wp-content\\\/uploads\\\/sites\\\/2\\\/2021\\\/04\\\/A-Praca-que-tem-espaco-para-todos-e-cruza-a.jpg\",\"contentUrl\":\"https:\\\/\\\/hotnewsinworld.com\\\/pt\\\/wp-content\\\/uploads\\\/sites\\\/2\\\/2021\\\/04\\\/A-Praca-que-tem-espaco-para-todos-e-cruza-a.jpg\",\"width\":800,\"height\":420,\"caption\":\"A Pra\u00e7a que tem espa\u00e7o para todos e cruza a tradi\u00e7\u00e3o com a modernidade\"},{\"@type\":\"BreadcrumbList\",\"@id\":\"https:\\\/\\\/hotnewsinworld.com\\\/pt\\\/a-praca-que-tem-espaco-para-todos-e-cruza-a-tradicao-com-a-modernidade\\\/#breadcrumb\",\"itemListElement\":[{\"@type\":\"ListItem\",\"position\":1,\"name\":\"\u0413\u043b\u0430\u0432\u043d\u0430\u044f \u0441\u0442\u0440\u0430\u043d\u0438\u0446\u0430\",\"item\":\"https:\\\/\\\/hotnewsinworld.com\\\/pt\\\/\"},{\"@type\":\"ListItem\",\"position\":2,\"name\":\"A Pra\u00e7a que tem espa\u00e7o para todos e cruza a tradi\u00e7\u00e3o com a modernidade\"}]},{\"@type\":\"WebSite\",\"@id\":\"https:\\\/\\\/hotnewsinworld.com\\\/pt\\\/#website\",\"url\":\"https:\\\/\\\/hotnewsinworld.com\\\/pt\\\/\",\"name\":\"Hot News in World\",\"description\":\"Hot News in World Portugal\",\"potentialAction\":[{\"@type\":\"SearchAction\",\"target\":{\"@type\":\"EntryPoint\",\"urlTemplate\":\"https:\\\/\\\/hotnewsinworld.com\\\/pt\\\/?s={search_term_string}\"},\"query-input\":{\"@type\":\"PropertyValueSpecification\",\"valueRequired\":true,\"valueName\":\"search_term_string\"}}],\"inLanguage\":\"pt-PT\"},{\"@type\":\"Person\",\"@id\":\"https:\\\/\\\/hotnewsinworld.com\\\/pt\\\/#\\\/schema\\\/person\\\/fe61448b21c0d59086e75fcc1f9d8f6b\",\"name\":\"hotnewsinworld\",\"image\":{\"@type\":\"ImageObject\",\"inLanguage\":\"pt-PT\",\"@id\":\"https:\\\/\\\/secure.gravatar.com\\\/avatar\\\/8a09ac165600ce2e1c38fe593c63928eb1e6e7ba5c5a907d67787c41b3d00c14?s=96&d=mm&r=g\",\"url\":\"https:\\\/\\\/secure.gravatar.com\\\/avatar\\\/8a09ac165600ce2e1c38fe593c63928eb1e6e7ba5c5a907d67787c41b3d00c14?s=96&d=mm&r=g\",\"contentUrl\":\"https:\\\/\\\/secure.gravatar.com\\\/avatar\\\/8a09ac165600ce2e1c38fe593c63928eb1e6e7ba5c5a907d67787c41b3d00c14?s=96&d=mm&r=g\",\"caption\":\"hotnewsinworld\"},\"url\":\"https:\\\/\\\/hotnewsinworld.com\\\/pt\\\/author\\\/pt\\\/\"}]}<\/script>\n<!-- \/ Yoast SEO plugin. -->","yoast_head_json":{"title":"A Pra\u00e7a que tem espa\u00e7o para todos e cruza a tradi\u00e7\u00e3o com a modernidade - Hot News in World","robots":{"index":"index","follow":"follow","max-snippet":"max-snippet:-1","max-image-preview":"max-image-preview:large","max-video-preview":"max-video-preview:-1"},"canonical":"https:\/\/hotnewsinworld.com\/pt\/a-praca-que-tem-espaco-para-todos-e-cruza-a-tradicao-com-a-modernidade\/","og_locale":"pt_PT","og_type":"article","og_title":"A Pra\u00e7a que tem espa\u00e7o para todos e cruza a tradi\u00e7\u00e3o com a modernidade - Hot News in World","og_description":"Produzido por:Hoje\u00a0\u00e0s\u00a000:00,\u00a0atualizado \u00e0s 08:35Produzido por:Remontamos \u00e0 Era Dourada dos anos 50 para relembrar a constru\u00e7\u00e3o do Mercado Municipal de Vila Nova de Famalic\u00e3o. Agora, j\u00e1 no s\u00e9culo XXI, o mercado renasce com o nome dado pelos famalicenses: a Pra\u00e7a.Os anos 50 foram marcados pela Era Dourada para a televis\u00e3o, para a r\u00e1dio e para a [&hellip;]","og_url":"https:\/\/hotnewsinworld.com\/pt\/a-praca-que-tem-espaco-para-todos-e-cruza-a-tradicao-com-a-modernidade\/","og_site_name":"Hot News in World","article_published_time":"2021-04-25T09:53:50+00:00","article_modified_time":"2021-04-25T09:53:53+00:00","og_image":[{"width":800,"height":420,"url":"https:\/\/hotnewsinworld.com\/pt\/wp-content\/uploads\/sites\/2\/2021\/04\/A-Praca-que-tem-espaco-para-todos-e-cruza-a.jpg","type":"image\/jpeg"}],"author":"hotnewsinworld","twitter_card":"summary_large_image","twitter_misc":{"Escrito por":"hotnewsinworld","Tempo estimado de leitura":"3 minutos"},"schema":{"@context":"https:\/\/schema.org","@graph":[{"@type":"Article","@id":"https:\/\/hotnewsinworld.com\/pt\/a-praca-que-tem-espaco-para-todos-e-cruza-a-tradicao-com-a-modernidade\/#article","isPartOf":{"@id":"https:\/\/hotnewsinworld.com\/pt\/a-praca-que-tem-espaco-para-todos-e-cruza-a-tradicao-com-a-modernidade\/"},"author":{"name":"hotnewsinworld","@id":"https:\/\/hotnewsinworld.com\/pt\/#\/schema\/person\/fe61448b21c0d59086e75fcc1f9d8f6b"},"headline":"A Pra\u00e7a que tem espa\u00e7o para todos e cruza a tradi\u00e7\u00e3o com a modernidade","datePublished":"2021-04-25T09:53:50+00:00","dateModified":"2021-04-25T09:53:53+00:00","mainEntityOfPage":{"@id":"https:\/\/hotnewsinworld.com\/pt\/a-praca-que-tem-espaco-para-todos-e-cruza-a-tradicao-com-a-modernidade\/"},"wordCount":696,"commentCount":0,"image":{"@id":"https:\/\/hotnewsinworld.com\/pt\/a-praca-que-tem-espaco-para-todos-e-cruza-a-tradicao-com-a-modernidade\/#primaryimage"},"thumbnailUrl":"https:\/\/hotnewsinworld.com\/pt\/wp-content\/uploads\/sites\/2\/2021\/04\/A-Praca-que-tem-espaco-para-todos-e-cruza-a.jpg","articleSection":["\u00daLTIMAS NOT\u00cdCIAS FINANCEIRAS"],"inLanguage":"pt-PT","potentialAction":[{"@type":"CommentAction","name":"Comment","target":["https:\/\/hotnewsinworld.com\/pt\/a-praca-que-tem-espaco-para-todos-e-cruza-a-tradicao-com-a-modernidade\/#respond"]}]},{"@type":"WebPage","@id":"https:\/\/hotnewsinworld.com\/pt\/a-praca-que-tem-espaco-para-todos-e-cruza-a-tradicao-com-a-modernidade\/","url":"https:\/\/hotnewsinworld.com\/pt\/a-praca-que-tem-espaco-para-todos-e-cruza-a-tradicao-com-a-modernidade\/","name":"A Pra\u00e7a que tem espa\u00e7o para todos e cruza a tradi\u00e7\u00e3o com a modernidade - Hot News in World","isPartOf":{"@id":"https:\/\/hotnewsinworld.com\/pt\/#website"},"primaryImageOfPage":{"@id":"https:\/\/hotnewsinworld.com\/pt\/a-praca-que-tem-espaco-para-todos-e-cruza-a-tradicao-com-a-modernidade\/#primaryimage"},"image":{"@id":"https:\/\/hotnewsinworld.com\/pt\/a-praca-que-tem-espaco-para-todos-e-cruza-a-tradicao-com-a-modernidade\/#primaryimage"},"thumbnailUrl":"https:\/\/hotnewsinworld.com\/pt\/wp-content\/uploads\/sites\/2\/2021\/04\/A-Praca-que-tem-espaco-para-todos-e-cruza-a.jpg","datePublished":"2021-04-25T09:53:50+00:00","dateModified":"2021-04-25T09:53:53+00:00","author":{"@id":"https:\/\/hotnewsinworld.com\/pt\/#\/schema\/person\/fe61448b21c0d59086e75fcc1f9d8f6b"},"breadcrumb":{"@id":"https:\/\/hotnewsinworld.com\/pt\/a-praca-que-tem-espaco-para-todos-e-cruza-a-tradicao-com-a-modernidade\/#breadcrumb"},"inLanguage":"pt-PT","potentialAction":[{"@type":"ReadAction","target":["https:\/\/hotnewsinworld.com\/pt\/a-praca-que-tem-espaco-para-todos-e-cruza-a-tradicao-com-a-modernidade\/"]}]},{"@type":"ImageObject","inLanguage":"pt-PT","@id":"https:\/\/hotnewsinworld.com\/pt\/a-praca-que-tem-espaco-para-todos-e-cruza-a-tradicao-com-a-modernidade\/#primaryimage","url":"https:\/\/hotnewsinworld.com\/pt\/wp-content\/uploads\/sites\/2\/2021\/04\/A-Praca-que-tem-espaco-para-todos-e-cruza-a.jpg","contentUrl":"https:\/\/hotnewsinworld.com\/pt\/wp-content\/uploads\/sites\/2\/2021\/04\/A-Praca-que-tem-espaco-para-todos-e-cruza-a.jpg","width":800,"height":420,"caption":"A Pra\u00e7a que tem espa\u00e7o para todos e cruza a tradi\u00e7\u00e3o com a modernidade"},{"@type":"BreadcrumbList","@id":"https:\/\/hotnewsinworld.com\/pt\/a-praca-que-tem-espaco-para-todos-e-cruza-a-tradicao-com-a-modernidade\/#breadcrumb","itemListElement":[{"@type":"ListItem","position":1,"name":"\u0413\u043b\u0430\u0432\u043d\u0430\u044f \u0441\u0442\u0440\u0430\u043d\u0438\u0446\u0430","item":"https:\/\/hotnewsinworld.com\/pt\/"},{"@type":"ListItem","position":2,"name":"A Pra\u00e7a que tem espa\u00e7o para todos e cruza a tradi\u00e7\u00e3o com a modernidade"}]},{"@type":"WebSite","@id":"https:\/\/hotnewsinworld.com\/pt\/#website","url":"https:\/\/hotnewsinworld.com\/pt\/","name":"Hot News in World","description":"Hot News in World Portugal","potentialAction":[{"@type":"SearchAction","target":{"@type":"EntryPoint","urlTemplate":"https:\/\/hotnewsinworld.com\/pt\/?s={search_term_string}"},"query-input":{"@type":"PropertyValueSpecification","valueRequired":true,"valueName":"search_term_string"}}],"inLanguage":"pt-PT"},{"@type":"Person","@id":"https:\/\/hotnewsinworld.com\/pt\/#\/schema\/person\/fe61448b21c0d59086e75fcc1f9d8f6b","name":"hotnewsinworld","image":{"@type":"ImageObject","inLanguage":"pt-PT","@id":"https:\/\/secure.gravatar.com\/avatar\/8a09ac165600ce2e1c38fe593c63928eb1e6e7ba5c5a907d67787c41b3d00c14?s=96&d=mm&r=g","url":"https:\/\/secure.gravatar.com\/avatar\/8a09ac165600ce2e1c38fe593c63928eb1e6e7ba5c5a907d67787c41b3d00c14?s=96&d=mm&r=g","contentUrl":"https:\/\/secure.gravatar.com\/avatar\/8a09ac165600ce2e1c38fe593c63928eb1e6e7ba5c5a907d67787c41b3d00c14?s=96&d=mm&r=g","caption":"hotnewsinworld"},"url":"https:\/\/hotnewsinworld.com\/pt\/author\/pt\/"}]}},"_links":{"self":[{"href":"https:\/\/hotnewsinworld.com\/pt\/wp-json\/wp\/v2\/posts\/3516","targetHints":{"allow":["GET"]}}],"collection":[{"href":"https:\/\/hotnewsinworld.com\/pt\/wp-json\/wp\/v2\/posts"}],"about":[{"href":"https:\/\/hotnewsinworld.com\/pt\/wp-json\/wp\/v2\/types\/post"}],"author":[{"embeddable":true,"href":"https:\/\/hotnewsinworld.com\/pt\/wp-json\/wp\/v2\/users\/2"}],"replies":[{"embeddable":true,"href":"https:\/\/hotnewsinworld.com\/pt\/wp-json\/wp\/v2\/comments?post=3516"}],"version-history":[{"count":1,"href":"https:\/\/hotnewsinworld.com\/pt\/wp-json\/wp\/v2\/posts\/3516\/revisions"}],"predecessor-version":[{"id":3518,"href":"https:\/\/hotnewsinworld.com\/pt\/wp-json\/wp\/v2\/posts\/3516\/revisions\/3518"}],"wp:featuredmedia":[{"embeddable":true,"href":"https:\/\/hotnewsinworld.com\/pt\/wp-json\/wp\/v2\/media\/3517"}],"wp:attachment":[{"href":"https:\/\/hotnewsinworld.com\/pt\/wp-json\/wp\/v2\/media?parent=3516"}],"wp:term":[{"taxonomy":"category","embeddable":true,"href":"https:\/\/hotnewsinworld.com\/pt\/wp-json\/wp\/v2\/categories?post=3516"},{"taxonomy":"post_tag","embeddable":true,"href":"https:\/\/hotnewsinworld.com\/pt\/wp-json\/wp\/v2\/tags?post=3516"}],"curies":[{"name":"wp","href":"https:\/\/api.w.org\/{rel}","templated":true}]}}