{"id":3519,"date":"2021-04-26T01:01:59","date_gmt":"2021-04-25T22:01:59","guid":{"rendered":"https:\/\/hotnewsinworld.com\/pt\/costa-inaugura-linha-do-minho-mais-rapida-mas-com-renovacao-incompleta\/"},"modified":"2021-04-26T01:02:02","modified_gmt":"2021-04-25T22:02:02","slug":"costa-inaugura-linha-do-minho-mais-rapida-mas-com-renovacao-incompleta","status":"publish","type":"post","link":"https:\/\/hotnewsinworld.com\/pt\/costa-inaugura-linha-do-minho-mais-rapida-mas-com-renovacao-incompleta\/","title":{"rendered":"Costa inaugura Linha do Minho mais r\u00e1pida mas com renova\u00e7\u00e3o incompleta"},"content":{"rendered":"<p>Diogo Ferreira Nunes (JN\/DV)Hoje\u00a0\u00e0s\u00a014:57Os comboios el\u00e9tricos come\u00e7am a circular a partir deste domingo na Linha do Minho. Com automotoras no servi\u00e7o regional ou locomotivas e carruagens no inter-regional e intercidades, os utentes poder\u00e3o viajar mais depressa, com mais conforto e menos polui\u00e7\u00e3o entre Porto e Valen\u00e7a. Ficam a faltar sinais modernos \u00e0 linha ferrovi\u00e1ria mais a norte. A (meia) obra ser\u00e1 inaugurada amanh\u00e3 por Ant\u00f3nio Costa.O primeiro-ministro chegar\u00e1 a Valen\u00e7a no novo comboio inter-regional di\u00e1rio entre Coimbra-B e a fronteira, que ter\u00e1 partida uma vez por dia, \u00e0s 7.25 horas. O chefe de Governo apenas subir\u00e1 a bordo em Viana do Castelo \u00e0s 10.37 horas. A chegada a Valen\u00e7a ser\u00e1 \u00e0s 11.16 horas, segundo o hor\u00e1rio da CP.Este e os outros inter-regionais &#8211; entre Porto e Valen\u00e7a &#8211; ser\u00e3o efetuados com uma das nove locomotivas 2600 recuperadas nas oficinas de Contumil, 65 mil euros por unidade. Encostadas quase uma d\u00e9cada, elas v\u00e3o rebocar, para j\u00e1, carruagens Corail, usualmente de reserva para o Intercidades.<br \/>\n<br \/>\n<!--noindex--><br \/>\n<a href=\"http:\/\/feeds.jn.pt\/~r\/JN-ECONOMIA\/~3\/rcuOgt45PTk\/costa-inaugura-linha-do-minho-mais-rapida-mas-com-renovacao-incompleta-13609318.html\" rel=\"nofollow\">Source link <\/a><br \/>\n<!--\/noindex--><\/p>\n","protected":false},"excerpt":{"rendered":"<p>Diogo Ferreira Nunes (JN\/DV)Hoje\u00a0\u00e0s\u00a014:57Os comboios el\u00e9tricos come\u00e7am a circular a partir deste domingo na Linha do Minho. Com automotoras no servi\u00e7o regional ou locomotivas e carruagens no inter-regional e intercidades, os utentes poder\u00e3o viajar mais depressa, com mais conforto e menos polui\u00e7\u00e3o entre Porto e Valen\u00e7a. Ficam a faltar sinais modernos \u00e0 linha ferrovi\u00e1ria mais [&hellip;]<\/p>\n","protected":false},"author":2,"featured_media":3520,"comment_status":"open","ping_status":"open","sticky":false,"template":"","format":"standard","meta":{"footnotes":""},"categories":[1],"tags":[],"class_list":["post-3519","post","type-post","status-publish","format-standard","has-post-thumbnail","hentry","category-ultimas-noticias-financeiras"],"yoast_head":"<!-- This site is optimized with the Yoast SEO plugin v27.4 - https:\/\/yoast.com\/product\/yoast-seo-wordpress\/ -->\n<title>Costa inaugura Linha do Minho mais r\u00e1pida mas com renova\u00e7\u00e3o incompleta - Hot News in World<\/title>\n<meta name=\"robots\" content=\"index, follow, max-snippet:-1, max-image-preview:large, max-video-preview:-1\" \/>\n<link rel=\"canonical\" href=\"https:\/\/hotnewsinworld.com\/pt\/costa-inaugura-linha-do-minho-mais-rapida-mas-com-renovacao-incompleta\/\" \/>\n<meta property=\"og:locale\" content=\"pt_PT\" \/>\n<meta property=\"og:type\" content=\"article\" \/>\n<meta property=\"og:title\" content=\"Costa inaugura Linha do Minho mais r\u00e1pida mas com renova\u00e7\u00e3o incompleta - Hot News in World\" \/>\n<meta property=\"og:description\" content=\"Diogo Ferreira Nunes (JN\/DV)Hoje\u00a0\u00e0s\u00a014:57Os comboios el\u00e9tricos come\u00e7am a circular a partir deste domingo na Linha do Minho. Com automotoras no servi\u00e7o regional ou locomotivas e carruagens no inter-regional e intercidades, os utentes poder\u00e3o viajar mais depressa, com mais conforto e menos polui\u00e7\u00e3o entre Porto e Valen\u00e7a. Ficam a faltar sinais modernos \u00e0 linha ferrovi\u00e1ria mais [&hellip;]\" \/>\n<meta property=\"og:url\" content=\"https:\/\/hotnewsinworld.com\/pt\/costa-inaugura-linha-do-minho-mais-rapida-mas-com-renovacao-incompleta\/\" \/>\n<meta property=\"og:site_name\" content=\"Hot News in World\" \/>\n<meta property=\"article:published_time\" content=\"2021-04-25T22:01:59+00:00\" \/>\n<meta property=\"article:modified_time\" content=\"2021-04-25T22:02:02+00:00\" \/>\n<meta property=\"og:image\" content=\"https:\/\/hotnewsinworld.com\/pt\/wp-content\/uploads\/sites\/2\/2021\/04\/Costa-inaugura-Linha-do-Minho-mais-rapida-mas-com-renovacao.jpg\" \/>\n\t<meta property=\"og:image:width\" content=\"800\" \/>\n\t<meta property=\"og:image:height\" content=\"420\" \/>\n\t<meta property=\"og:image:type\" content=\"image\/jpeg\" \/>\n<meta name=\"author\" content=\"hotnewsinworld\" \/>\n<meta name=\"twitter:card\" content=\"summary_large_image\" \/>\n<meta name=\"twitter:label1\" content=\"Escrito por\" \/>\n\t<meta name=\"twitter:data1\" content=\"hotnewsinworld\" \/>\n\t<meta name=\"twitter:label2\" content=\"Tempo estimado de leitura\" \/>\n\t<meta name=\"twitter:data2\" content=\"1 minuto\" \/>\n<script type=\"application\/ld+json\" class=\"yoast-schema-graph\">{\"@context\":\"https:\\\/\\\/schema.org\",\"@graph\":[{\"@type\":\"Article\",\"@id\":\"https:\\\/\\\/hotnewsinworld.com\\\/pt\\\/costa-inaugura-linha-do-minho-mais-rapida-mas-com-renovacao-incompleta\\\/#article\",\"isPartOf\":{\"@id\":\"https:\\\/\\\/hotnewsinworld.com\\\/pt\\\/costa-inaugura-linha-do-minho-mais-rapida-mas-com-renovacao-incompleta\\\/\"},\"author\":{\"name\":\"hotnewsinworld\",\"@id\":\"https:\\\/\\\/hotnewsinworld.com\\\/pt\\\/#\\\/schema\\\/person\\\/fe61448b21c0d59086e75fcc1f9d8f6b\"},\"headline\":\"Costa inaugura Linha do Minho mais r\u00e1pida mas com renova\u00e7\u00e3o incompleta\",\"datePublished\":\"2021-04-25T22:01:59+00:00\",\"dateModified\":\"2021-04-25T22:02:02+00:00\",\"mainEntityOfPage\":{\"@id\":\"https:\\\/\\\/hotnewsinworld.com\\\/pt\\\/costa-inaugura-linha-do-minho-mais-rapida-mas-com-renovacao-incompleta\\\/\"},\"wordCount\":194,\"commentCount\":0,\"image\":{\"@id\":\"https:\\\/\\\/hotnewsinworld.com\\\/pt\\\/costa-inaugura-linha-do-minho-mais-rapida-mas-com-renovacao-incompleta\\\/#primaryimage\"},\"thumbnailUrl\":\"https:\\\/\\\/hotnewsinworld.com\\\/pt\\\/wp-content\\\/uploads\\\/sites\\\/2\\\/2021\\\/04\\\/Costa-inaugura-Linha-do-Minho-mais-rapida-mas-com-renovacao.jpg\",\"articleSection\":[\"\u00daLTIMAS NOT\u00cdCIAS FINANCEIRAS\"],\"inLanguage\":\"pt-PT\",\"potentialAction\":[{\"@type\":\"CommentAction\",\"name\":\"Comment\",\"target\":[\"https:\\\/\\\/hotnewsinworld.com\\\/pt\\\/costa-inaugura-linha-do-minho-mais-rapida-mas-com-renovacao-incompleta\\\/#respond\"]}]},{\"@type\":\"WebPage\",\"@id\":\"https:\\\/\\\/hotnewsinworld.com\\\/pt\\\/costa-inaugura-linha-do-minho-mais-rapida-mas-com-renovacao-incompleta\\\/\",\"url\":\"https:\\\/\\\/hotnewsinworld.com\\\/pt\\\/costa-inaugura-linha-do-minho-mais-rapida-mas-com-renovacao-incompleta\\\/\",\"name\":\"Costa inaugura Linha do Minho mais r\u00e1pida mas com renova\u00e7\u00e3o incompleta - Hot News in World\",\"isPartOf\":{\"@id\":\"https:\\\/\\\/hotnewsinworld.com\\\/pt\\\/#website\"},\"primaryImageOfPage\":{\"@id\":\"https:\\\/\\\/hotnewsinworld.com\\\/pt\\\/costa-inaugura-linha-do-minho-mais-rapida-mas-com-renovacao-incompleta\\\/#primaryimage\"},\"image\":{\"@id\":\"https:\\\/\\\/hotnewsinworld.com\\\/pt\\\/costa-inaugura-linha-do-minho-mais-rapida-mas-com-renovacao-incompleta\\\/#primaryimage\"},\"thumbnailUrl\":\"https:\\\/\\\/hotnewsinworld.com\\\/pt\\\/wp-content\\\/uploads\\\/sites\\\/2\\\/2021\\\/04\\\/Costa-inaugura-Linha-do-Minho-mais-rapida-mas-com-renovacao.jpg\",\"datePublished\":\"2021-04-25T22:01:59+00:00\",\"dateModified\":\"2021-04-25T22:02:02+00:00\",\"author\":{\"@id\":\"https:\\\/\\\/hotnewsinworld.com\\\/pt\\\/#\\\/schema\\\/person\\\/fe61448b21c0d59086e75fcc1f9d8f6b\"},\"breadcrumb\":{\"@id\":\"https:\\\/\\\/hotnewsinworld.com\\\/pt\\\/costa-inaugura-linha-do-minho-mais-rapida-mas-com-renovacao-incompleta\\\/#breadcrumb\"},\"inLanguage\":\"pt-PT\",\"potentialAction\":[{\"@type\":\"ReadAction\",\"target\":[\"https:\\\/\\\/hotnewsinworld.com\\\/pt\\\/costa-inaugura-linha-do-minho-mais-rapida-mas-com-renovacao-incompleta\\\/\"]}]},{\"@type\":\"ImageObject\",\"inLanguage\":\"pt-PT\",\"@id\":\"https:\\\/\\\/hotnewsinworld.com\\\/pt\\\/costa-inaugura-linha-do-minho-mais-rapida-mas-com-renovacao-incompleta\\\/#primaryimage\",\"url\":\"https:\\\/\\\/hotnewsinworld.com\\\/pt\\\/wp-content\\\/uploads\\\/sites\\\/2\\\/2021\\\/04\\\/Costa-inaugura-Linha-do-Minho-mais-rapida-mas-com-renovacao.jpg\",\"contentUrl\":\"https:\\\/\\\/hotnewsinworld.com\\\/pt\\\/wp-content\\\/uploads\\\/sites\\\/2\\\/2021\\\/04\\\/Costa-inaugura-Linha-do-Minho-mais-rapida-mas-com-renovacao.jpg\",\"width\":800,\"height\":420,\"caption\":\"Costa inaugura Linha do Minho mais r\u00e1pida mas com renova\u00e7\u00e3o incompleta\"},{\"@type\":\"BreadcrumbList\",\"@id\":\"https:\\\/\\\/hotnewsinworld.com\\\/pt\\\/costa-inaugura-linha-do-minho-mais-rapida-mas-com-renovacao-incompleta\\\/#breadcrumb\",\"itemListElement\":[{\"@type\":\"ListItem\",\"position\":1,\"name\":\"\u0413\u043b\u0430\u0432\u043d\u0430\u044f \u0441\u0442\u0440\u0430\u043d\u0438\u0446\u0430\",\"item\":\"https:\\\/\\\/hotnewsinworld.com\\\/pt\\\/\"},{\"@type\":\"ListItem\",\"position\":2,\"name\":\"Costa inaugura Linha do Minho mais r\u00e1pida mas com renova\u00e7\u00e3o incompleta\"}]},{\"@type\":\"WebSite\",\"@id\":\"https:\\\/\\\/hotnewsinworld.com\\\/pt\\\/#website\",\"url\":\"https:\\\/\\\/hotnewsinworld.com\\\/pt\\\/\",\"name\":\"Hot News in World\",\"description\":\"Hot News in World Portugal\",\"potentialAction\":[{\"@type\":\"SearchAction\",\"target\":{\"@type\":\"EntryPoint\",\"urlTemplate\":\"https:\\\/\\\/hotnewsinworld.com\\\/pt\\\/?s={search_term_string}\"},\"query-input\":{\"@type\":\"PropertyValueSpecification\",\"valueRequired\":true,\"valueName\":\"search_term_string\"}}],\"inLanguage\":\"pt-PT\"},{\"@type\":\"Person\",\"@id\":\"https:\\\/\\\/hotnewsinworld.com\\\/pt\\\/#\\\/schema\\\/person\\\/fe61448b21c0d59086e75fcc1f9d8f6b\",\"name\":\"hotnewsinworld\",\"image\":{\"@type\":\"ImageObject\",\"inLanguage\":\"pt-PT\",\"@id\":\"https:\\\/\\\/secure.gravatar.com\\\/avatar\\\/8a09ac165600ce2e1c38fe593c63928eb1e6e7ba5c5a907d67787c41b3d00c14?s=96&d=mm&r=g\",\"url\":\"https:\\\/\\\/secure.gravatar.com\\\/avatar\\\/8a09ac165600ce2e1c38fe593c63928eb1e6e7ba5c5a907d67787c41b3d00c14?s=96&d=mm&r=g\",\"contentUrl\":\"https:\\\/\\\/secure.gravatar.com\\\/avatar\\\/8a09ac165600ce2e1c38fe593c63928eb1e6e7ba5c5a907d67787c41b3d00c14?s=96&d=mm&r=g\",\"caption\":\"hotnewsinworld\"},\"url\":\"https:\\\/\\\/hotnewsinworld.com\\\/pt\\\/author\\\/pt\\\/\"}]}<\/script>\n<!-- \/ Yoast SEO plugin. -->","yoast_head_json":{"title":"Costa inaugura Linha do Minho mais r\u00e1pida mas com renova\u00e7\u00e3o incompleta - Hot News in World","robots":{"index":"index","follow":"follow","max-snippet":"max-snippet:-1","max-image-preview":"max-image-preview:large","max-video-preview":"max-video-preview:-1"},"canonical":"https:\/\/hotnewsinworld.com\/pt\/costa-inaugura-linha-do-minho-mais-rapida-mas-com-renovacao-incompleta\/","og_locale":"pt_PT","og_type":"article","og_title":"Costa inaugura Linha do Minho mais r\u00e1pida mas com renova\u00e7\u00e3o incompleta - Hot News in World","og_description":"Diogo Ferreira Nunes (JN\/DV)Hoje\u00a0\u00e0s\u00a014:57Os comboios el\u00e9tricos come\u00e7am a circular a partir deste domingo na Linha do Minho. Com automotoras no servi\u00e7o regional ou locomotivas e carruagens no inter-regional e intercidades, os utentes poder\u00e3o viajar mais depressa, com mais conforto e menos polui\u00e7\u00e3o entre Porto e Valen\u00e7a. Ficam a faltar sinais modernos \u00e0 linha ferrovi\u00e1ria mais [&hellip;]","og_url":"https:\/\/hotnewsinworld.com\/pt\/costa-inaugura-linha-do-minho-mais-rapida-mas-com-renovacao-incompleta\/","og_site_name":"Hot News in World","article_published_time":"2021-04-25T22:01:59+00:00","article_modified_time":"2021-04-25T22:02:02+00:00","og_image":[{"width":800,"height":420,"url":"https:\/\/hotnewsinworld.com\/pt\/wp-content\/uploads\/sites\/2\/2021\/04\/Costa-inaugura-Linha-do-Minho-mais-rapida-mas-com-renovacao.jpg","type":"image\/jpeg"}],"author":"hotnewsinworld","twitter_card":"summary_large_image","twitter_misc":{"Escrito por":"hotnewsinworld","Tempo estimado de leitura":"1 minuto"},"schema":{"@context":"https:\/\/schema.org","@graph":[{"@type":"Article","@id":"https:\/\/hotnewsinworld.com\/pt\/costa-inaugura-linha-do-minho-mais-rapida-mas-com-renovacao-incompleta\/#article","isPartOf":{"@id":"https:\/\/hotnewsinworld.com\/pt\/costa-inaugura-linha-do-minho-mais-rapida-mas-com-renovacao-incompleta\/"},"author":{"name":"hotnewsinworld","@id":"https:\/\/hotnewsinworld.com\/pt\/#\/schema\/person\/fe61448b21c0d59086e75fcc1f9d8f6b"},"headline":"Costa inaugura Linha do Minho mais r\u00e1pida mas com renova\u00e7\u00e3o incompleta","datePublished":"2021-04-25T22:01:59+00:00","dateModified":"2021-04-25T22:02:02+00:00","mainEntityOfPage":{"@id":"https:\/\/hotnewsinworld.com\/pt\/costa-inaugura-linha-do-minho-mais-rapida-mas-com-renovacao-incompleta\/"},"wordCount":194,"commentCount":0,"image":{"@id":"https:\/\/hotnewsinworld.com\/pt\/costa-inaugura-linha-do-minho-mais-rapida-mas-com-renovacao-incompleta\/#primaryimage"},"thumbnailUrl":"https:\/\/hotnewsinworld.com\/pt\/wp-content\/uploads\/sites\/2\/2021\/04\/Costa-inaugura-Linha-do-Minho-mais-rapida-mas-com-renovacao.jpg","articleSection":["\u00daLTIMAS NOT\u00cdCIAS FINANCEIRAS"],"inLanguage":"pt-PT","potentialAction":[{"@type":"CommentAction","name":"Comment","target":["https:\/\/hotnewsinworld.com\/pt\/costa-inaugura-linha-do-minho-mais-rapida-mas-com-renovacao-incompleta\/#respond"]}]},{"@type":"WebPage","@id":"https:\/\/hotnewsinworld.com\/pt\/costa-inaugura-linha-do-minho-mais-rapida-mas-com-renovacao-incompleta\/","url":"https:\/\/hotnewsinworld.com\/pt\/costa-inaugura-linha-do-minho-mais-rapida-mas-com-renovacao-incompleta\/","name":"Costa inaugura Linha do Minho mais r\u00e1pida mas com renova\u00e7\u00e3o incompleta - Hot News in World","isPartOf":{"@id":"https:\/\/hotnewsinworld.com\/pt\/#website"},"primaryImageOfPage":{"@id":"https:\/\/hotnewsinworld.com\/pt\/costa-inaugura-linha-do-minho-mais-rapida-mas-com-renovacao-incompleta\/#primaryimage"},"image":{"@id":"https:\/\/hotnewsinworld.com\/pt\/costa-inaugura-linha-do-minho-mais-rapida-mas-com-renovacao-incompleta\/#primaryimage"},"thumbnailUrl":"https:\/\/hotnewsinworld.com\/pt\/wp-content\/uploads\/sites\/2\/2021\/04\/Costa-inaugura-Linha-do-Minho-mais-rapida-mas-com-renovacao.jpg","datePublished":"2021-04-25T22:01:59+00:00","dateModified":"2021-04-25T22:02:02+00:00","author":{"@id":"https:\/\/hotnewsinworld.com\/pt\/#\/schema\/person\/fe61448b21c0d59086e75fcc1f9d8f6b"},"breadcrumb":{"@id":"https:\/\/hotnewsinworld.com\/pt\/costa-inaugura-linha-do-minho-mais-rapida-mas-com-renovacao-incompleta\/#breadcrumb"},"inLanguage":"pt-PT","potentialAction":[{"@type":"ReadAction","target":["https:\/\/hotnewsinworld.com\/pt\/costa-inaugura-linha-do-minho-mais-rapida-mas-com-renovacao-incompleta\/"]}]},{"@type":"ImageObject","inLanguage":"pt-PT","@id":"https:\/\/hotnewsinworld.com\/pt\/costa-inaugura-linha-do-minho-mais-rapida-mas-com-renovacao-incompleta\/#primaryimage","url":"https:\/\/hotnewsinworld.com\/pt\/wp-content\/uploads\/sites\/2\/2021\/04\/Costa-inaugura-Linha-do-Minho-mais-rapida-mas-com-renovacao.jpg","contentUrl":"https:\/\/hotnewsinworld.com\/pt\/wp-content\/uploads\/sites\/2\/2021\/04\/Costa-inaugura-Linha-do-Minho-mais-rapida-mas-com-renovacao.jpg","width":800,"height":420,"caption":"Costa inaugura Linha do Minho mais r\u00e1pida mas com renova\u00e7\u00e3o incompleta"},{"@type":"BreadcrumbList","@id":"https:\/\/hotnewsinworld.com\/pt\/costa-inaugura-linha-do-minho-mais-rapida-mas-com-renovacao-incompleta\/#breadcrumb","itemListElement":[{"@type":"ListItem","position":1,"name":"\u0413\u043b\u0430\u0432\u043d\u0430\u044f \u0441\u0442\u0440\u0430\u043d\u0438\u0446\u0430","item":"https:\/\/hotnewsinworld.com\/pt\/"},{"@type":"ListItem","position":2,"name":"Costa inaugura Linha do Minho mais r\u00e1pida mas com renova\u00e7\u00e3o incompleta"}]},{"@type":"WebSite","@id":"https:\/\/hotnewsinworld.com\/pt\/#website","url":"https:\/\/hotnewsinworld.com\/pt\/","name":"Hot News in World","description":"Hot News in World Portugal","potentialAction":[{"@type":"SearchAction","target":{"@type":"EntryPoint","urlTemplate":"https:\/\/hotnewsinworld.com\/pt\/?s={search_term_string}"},"query-input":{"@type":"PropertyValueSpecification","valueRequired":true,"valueName":"search_term_string"}}],"inLanguage":"pt-PT"},{"@type":"Person","@id":"https:\/\/hotnewsinworld.com\/pt\/#\/schema\/person\/fe61448b21c0d59086e75fcc1f9d8f6b","name":"hotnewsinworld","image":{"@type":"ImageObject","inLanguage":"pt-PT","@id":"https:\/\/secure.gravatar.com\/avatar\/8a09ac165600ce2e1c38fe593c63928eb1e6e7ba5c5a907d67787c41b3d00c14?s=96&d=mm&r=g","url":"https:\/\/secure.gravatar.com\/avatar\/8a09ac165600ce2e1c38fe593c63928eb1e6e7ba5c5a907d67787c41b3d00c14?s=96&d=mm&r=g","contentUrl":"https:\/\/secure.gravatar.com\/avatar\/8a09ac165600ce2e1c38fe593c63928eb1e6e7ba5c5a907d67787c41b3d00c14?s=96&d=mm&r=g","caption":"hotnewsinworld"},"url":"https:\/\/hotnewsinworld.com\/pt\/author\/pt\/"}]}},"_links":{"self":[{"href":"https:\/\/hotnewsinworld.com\/pt\/wp-json\/wp\/v2\/posts\/3519","targetHints":{"allow":["GET"]}}],"collection":[{"href":"https:\/\/hotnewsinworld.com\/pt\/wp-json\/wp\/v2\/posts"}],"about":[{"href":"https:\/\/hotnewsinworld.com\/pt\/wp-json\/wp\/v2\/types\/post"}],"author":[{"embeddable":true,"href":"https:\/\/hotnewsinworld.com\/pt\/wp-json\/wp\/v2\/users\/2"}],"replies":[{"embeddable":true,"href":"https:\/\/hotnewsinworld.com\/pt\/wp-json\/wp\/v2\/comments?post=3519"}],"version-history":[{"count":1,"href":"https:\/\/hotnewsinworld.com\/pt\/wp-json\/wp\/v2\/posts\/3519\/revisions"}],"predecessor-version":[{"id":3521,"href":"https:\/\/hotnewsinworld.com\/pt\/wp-json\/wp\/v2\/posts\/3519\/revisions\/3521"}],"wp:featuredmedia":[{"embeddable":true,"href":"https:\/\/hotnewsinworld.com\/pt\/wp-json\/wp\/v2\/media\/3520"}],"wp:attachment":[{"href":"https:\/\/hotnewsinworld.com\/pt\/wp-json\/wp\/v2\/media?parent=3519"}],"wp:term":[{"taxonomy":"category","embeddable":true,"href":"https:\/\/hotnewsinworld.com\/pt\/wp-json\/wp\/v2\/categories?post=3519"},{"taxonomy":"post_tag","embeddable":true,"href":"https:\/\/hotnewsinworld.com\/pt\/wp-json\/wp\/v2\/tags?post=3519"}],"curies":[{"name":"wp","href":"https:\/\/api.w.org\/{rel}","templated":true}]}}