{"id":3531,"date":"2021-04-28T01:30:51","date_gmt":"2021-04-27T22:30:51","guid":{"rendered":"https:\/\/hotnewsinworld.com\/pt\/pais-confrontado-com-uma-crise-muito-grave-diz-antonio-costa-e-silva\/"},"modified":"2021-04-28T01:30:53","modified_gmt":"2021-04-27T22:30:53","slug":"pais-confrontado-com-uma-crise-muito-grave-diz-antonio-costa-e-silva","status":"publish","type":"post","link":"https:\/\/hotnewsinworld.com\/pt\/pais-confrontado-com-uma-crise-muito-grave-diz-antonio-costa-e-silva\/","title":{"rendered":"Pa\u00eds confrontado com uma crise muito grave, diz Ant\u00f3nio Costa e Silva"},"content":{"rendered":"<p>JN\/Ag\u00eanciasHoje\u00a0\u00e0s\u00a016:48O gestor Ant\u00f3nio Costa Silva considerou esta ter\u00e7a-feira, no parlamento, que Portugal est\u00e1 confrontado com uma crise econ\u00f3mica e social grave e dif\u00edcil, destacando a import\u00e2ncia da articula\u00e7\u00e3o entre as institui\u00e7\u00f5es e os especialistas.&#8221;O pa\u00eds est\u00e1 confrontado com uma crise muito grave, muito dif\u00edcil, n\u00e3o s\u00f3 pela pandemia, mas tamb\u00e9m [ao n\u00edvel] econ\u00f3mico e social&#8221;, afirmou Ant\u00f3nio Costa e Silva, durante uma audi\u00e7\u00e3o parlamentar na comiss\u00e3o eventual para o acompanhamento da aplica\u00e7\u00e3o medidas resposta \u00e0 pandemia covid-19 e do processo de recupera\u00e7\u00e3o econ\u00f3mica e social.Este respons\u00e1vel, que foi nomeado pelo Governo para coordenar a prepara\u00e7\u00e3o do plano de relan\u00e7amento da economia, sublinhou ser necess\u00e1rio fazer um balan\u00e7o do processo de resposta \u00e0 pandemia, destacando a import\u00e2ncia da articula\u00e7\u00e3o entre as institui\u00e7\u00f5es democr\u00e1ticas e os especialistas.No que se refere \u00e0 recupera\u00e7\u00e3o econ\u00f3mica e social, o especialista lembrou que Portugal tem cerca de 430 mil desempregados inscritos nos centros de emprego, um n\u00famero que, conforme alertou, poder\u00e1 ainda ser maior, que 27% das empresas apresentam capitais pr\u00f3prios negativos, ou seja, est\u00e3o &#8220;\u00e0 beira da fal\u00eancia&#8221;, e que um em cada cinco portugueses est\u00e3o no limiar da pobreza.Por outro lado, o gestor vincou que medidas como as linhas de cr\u00e9dito, as morat\u00f3rias e o &#8216;lay-off&#8217; simplificado tiveram impacto na subida da d\u00edvida.No entanto, reconheceu que algumas respostas est\u00e3o a funcionar, apesar dos benefici\u00e1rios apresentarem algumas queixas, nomeadamente, devido \u00e0 burocracia das mesmas.Para o tamb\u00e9m professor, a articula\u00e7\u00e3o entre institui\u00e7\u00f5es e especialistas deve ser utilizada perante crises futuras, nomeadamente, no que se refere a tem\u00e1ticas como altera\u00e7\u00f5es clim\u00e1ticas, energia e ataques cibern\u00e9ticos.Durante a sua interven\u00e7\u00e3o inicial, Ant\u00f3nio Costa e Silva lembrou ainda que a pandemia &#8220;suscitou uma resposta do \u00e2mago do sistema democr\u00e1tico&#8221;, acrescentando que o parlamento e os pol\u00edticos &#8220;foram capazes de encontrar plataformas para a decis\u00e3o pol\u00edtica&#8221; e, a partir da\u00ed, contribuir para o bem comum.&#8221;H\u00e1 quest\u00f5es suscitadas pela pandemia, como a organiza\u00e7\u00e3o da informa\u00e7\u00e3o, [gest\u00e3o] do conhecimento e tamb\u00e9m do desconhecimento [&#8230;], que s\u00e3o uma experi\u00eancia rica que o pa\u00eds tem acumulada. Positiva, com erros, omiss\u00f5es e tamb\u00e9m com respostas importantes que n\u00e3o podemos deixar de considerar&#8221;, notou.&#8221;O pa\u00eds s\u00f3 vai superar a crise econ\u00f3mica e social e gerar riqueza atrav\u00e9s de um modelo de desenvolvimento assente na inova\u00e7\u00e3o tecnol\u00f3gica e, por isso, o papel das universidade e polit\u00e9cnicos \u00e9 importante&#8221;, disse.<br \/>\n<br \/>\n<!--noindex--><br \/>\n<a href=\"http:\/\/feeds.jn.pt\/~r\/JN-ECONOMIA\/~3\/SSaCcso9eLM\/pais-confrontado-com-uma-crise-muito-grave-diz-antonio-costa-e-silva-13617935.html\" rel=\"nofollow\">Source link <\/a><br \/>\n<!--\/noindex--><\/p>\n","protected":false},"excerpt":{"rendered":"<p>JN\/Ag\u00eanciasHoje\u00a0\u00e0s\u00a016:48O gestor Ant\u00f3nio Costa Silva considerou esta ter\u00e7a-feira, no parlamento, que Portugal est\u00e1 confrontado com uma crise econ\u00f3mica e social grave e dif\u00edcil, destacando a import\u00e2ncia da articula\u00e7\u00e3o entre as institui\u00e7\u00f5es e os especialistas.&#8221;O pa\u00eds est\u00e1 confrontado com uma crise muito grave, muito dif\u00edcil, n\u00e3o s\u00f3 pela pandemia, mas tamb\u00e9m [ao n\u00edvel] econ\u00f3mico e social&#8221;, [&hellip;]<\/p>\n","protected":false},"author":2,"featured_media":3532,"comment_status":"open","ping_status":"open","sticky":false,"template":"","format":"standard","meta":{"footnotes":""},"categories":[1],"tags":[],"class_list":["post-3531","post","type-post","status-publish","format-standard","has-post-thumbnail","hentry","category-ultimas-noticias-financeiras"],"yoast_head":"<!-- This site is optimized with the Yoast SEO plugin v27.4 - https:\/\/yoast.com\/product\/yoast-seo-wordpress\/ -->\n<title>Pa\u00eds confrontado com uma crise muito grave, diz Ant\u00f3nio Costa e Silva - Hot News in World<\/title>\n<meta name=\"robots\" content=\"index, follow, max-snippet:-1, max-image-preview:large, max-video-preview:-1\" \/>\n<link rel=\"canonical\" href=\"https:\/\/hotnewsinworld.com\/pt\/pais-confrontado-com-uma-crise-muito-grave-diz-antonio-costa-e-silva\/\" \/>\n<meta property=\"og:locale\" content=\"pt_PT\" \/>\n<meta property=\"og:type\" content=\"article\" \/>\n<meta property=\"og:title\" content=\"Pa\u00eds confrontado com uma crise muito grave, diz Ant\u00f3nio Costa e Silva - Hot News in World\" \/>\n<meta property=\"og:description\" content=\"JN\/Ag\u00eanciasHoje\u00a0\u00e0s\u00a016:48O gestor Ant\u00f3nio Costa Silva considerou esta ter\u00e7a-feira, no parlamento, que Portugal est\u00e1 confrontado com uma crise econ\u00f3mica e social grave e dif\u00edcil, destacando a import\u00e2ncia da articula\u00e7\u00e3o entre as institui\u00e7\u00f5es e os especialistas.&#8221;O pa\u00eds est\u00e1 confrontado com uma crise muito grave, muito dif\u00edcil, n\u00e3o s\u00f3 pela pandemia, mas tamb\u00e9m [ao n\u00edvel] econ\u00f3mico e social&#8221;, [&hellip;]\" \/>\n<meta property=\"og:url\" content=\"https:\/\/hotnewsinworld.com\/pt\/pais-confrontado-com-uma-crise-muito-grave-diz-antonio-costa-e-silva\/\" \/>\n<meta property=\"og:site_name\" content=\"Hot News in World\" \/>\n<meta property=\"article:published_time\" content=\"2021-04-27T22:30:51+00:00\" \/>\n<meta property=\"article:modified_time\" content=\"2021-04-27T22:30:53+00:00\" \/>\n<meta property=\"og:image\" content=\"https:\/\/hotnewsinworld.com\/pt\/wp-content\/uploads\/sites\/2\/2021\/04\/Pais-confrontado-com-uma-crise-muito-grave-diz-Antonio-Costa.jpg\" \/>\n\t<meta property=\"og:image:width\" content=\"800\" \/>\n\t<meta property=\"og:image:height\" content=\"420\" \/>\n\t<meta property=\"og:image:type\" content=\"image\/jpeg\" \/>\n<meta name=\"author\" content=\"hotnewsinworld\" \/>\n<meta name=\"twitter:card\" content=\"summary_large_image\" \/>\n<meta name=\"twitter:label1\" content=\"Escrito por\" \/>\n\t<meta name=\"twitter:data1\" content=\"hotnewsinworld\" \/>\n\t<meta name=\"twitter:label2\" content=\"Tempo estimado de leitura\" \/>\n\t<meta name=\"twitter:data2\" content=\"2 minutos\" \/>\n<script type=\"application\/ld+json\" class=\"yoast-schema-graph\">{\"@context\":\"https:\\\/\\\/schema.org\",\"@graph\":[{\"@type\":\"Article\",\"@id\":\"https:\\\/\\\/hotnewsinworld.com\\\/pt\\\/pais-confrontado-com-uma-crise-muito-grave-diz-antonio-costa-e-silva\\\/#article\",\"isPartOf\":{\"@id\":\"https:\\\/\\\/hotnewsinworld.com\\\/pt\\\/pais-confrontado-com-uma-crise-muito-grave-diz-antonio-costa-e-silva\\\/\"},\"author\":{\"name\":\"hotnewsinworld\",\"@id\":\"https:\\\/\\\/hotnewsinworld.com\\\/pt\\\/#\\\/schema\\\/person\\\/fe61448b21c0d59086e75fcc1f9d8f6b\"},\"headline\":\"Pa\u00eds confrontado com uma crise muito grave, diz Ant\u00f3nio Costa e Silva\",\"datePublished\":\"2021-04-27T22:30:51+00:00\",\"dateModified\":\"2021-04-27T22:30:53+00:00\",\"mainEntityOfPage\":{\"@id\":\"https:\\\/\\\/hotnewsinworld.com\\\/pt\\\/pais-confrontado-com-uma-crise-muito-grave-diz-antonio-costa-e-silva\\\/\"},\"wordCount\":471,\"commentCount\":0,\"image\":{\"@id\":\"https:\\\/\\\/hotnewsinworld.com\\\/pt\\\/pais-confrontado-com-uma-crise-muito-grave-diz-antonio-costa-e-silva\\\/#primaryimage\"},\"thumbnailUrl\":\"https:\\\/\\\/hotnewsinworld.com\\\/pt\\\/wp-content\\\/uploads\\\/sites\\\/2\\\/2021\\\/04\\\/Pais-confrontado-com-uma-crise-muito-grave-diz-Antonio-Costa.jpg\",\"articleSection\":[\"\u00daLTIMAS NOT\u00cdCIAS FINANCEIRAS\"],\"inLanguage\":\"pt-PT\",\"potentialAction\":[{\"@type\":\"CommentAction\",\"name\":\"Comment\",\"target\":[\"https:\\\/\\\/hotnewsinworld.com\\\/pt\\\/pais-confrontado-com-uma-crise-muito-grave-diz-antonio-costa-e-silva\\\/#respond\"]}]},{\"@type\":\"WebPage\",\"@id\":\"https:\\\/\\\/hotnewsinworld.com\\\/pt\\\/pais-confrontado-com-uma-crise-muito-grave-diz-antonio-costa-e-silva\\\/\",\"url\":\"https:\\\/\\\/hotnewsinworld.com\\\/pt\\\/pais-confrontado-com-uma-crise-muito-grave-diz-antonio-costa-e-silva\\\/\",\"name\":\"Pa\u00eds confrontado com uma crise muito grave, diz Ant\u00f3nio Costa e Silva - Hot News in World\",\"isPartOf\":{\"@id\":\"https:\\\/\\\/hotnewsinworld.com\\\/pt\\\/#website\"},\"primaryImageOfPage\":{\"@id\":\"https:\\\/\\\/hotnewsinworld.com\\\/pt\\\/pais-confrontado-com-uma-crise-muito-grave-diz-antonio-costa-e-silva\\\/#primaryimage\"},\"image\":{\"@id\":\"https:\\\/\\\/hotnewsinworld.com\\\/pt\\\/pais-confrontado-com-uma-crise-muito-grave-diz-antonio-costa-e-silva\\\/#primaryimage\"},\"thumbnailUrl\":\"https:\\\/\\\/hotnewsinworld.com\\\/pt\\\/wp-content\\\/uploads\\\/sites\\\/2\\\/2021\\\/04\\\/Pais-confrontado-com-uma-crise-muito-grave-diz-Antonio-Costa.jpg\",\"datePublished\":\"2021-04-27T22:30:51+00:00\",\"dateModified\":\"2021-04-27T22:30:53+00:00\",\"author\":{\"@id\":\"https:\\\/\\\/hotnewsinworld.com\\\/pt\\\/#\\\/schema\\\/person\\\/fe61448b21c0d59086e75fcc1f9d8f6b\"},\"breadcrumb\":{\"@id\":\"https:\\\/\\\/hotnewsinworld.com\\\/pt\\\/pais-confrontado-com-uma-crise-muito-grave-diz-antonio-costa-e-silva\\\/#breadcrumb\"},\"inLanguage\":\"pt-PT\",\"potentialAction\":[{\"@type\":\"ReadAction\",\"target\":[\"https:\\\/\\\/hotnewsinworld.com\\\/pt\\\/pais-confrontado-com-uma-crise-muito-grave-diz-antonio-costa-e-silva\\\/\"]}]},{\"@type\":\"ImageObject\",\"inLanguage\":\"pt-PT\",\"@id\":\"https:\\\/\\\/hotnewsinworld.com\\\/pt\\\/pais-confrontado-com-uma-crise-muito-grave-diz-antonio-costa-e-silva\\\/#primaryimage\",\"url\":\"https:\\\/\\\/hotnewsinworld.com\\\/pt\\\/wp-content\\\/uploads\\\/sites\\\/2\\\/2021\\\/04\\\/Pais-confrontado-com-uma-crise-muito-grave-diz-Antonio-Costa.jpg\",\"contentUrl\":\"https:\\\/\\\/hotnewsinworld.com\\\/pt\\\/wp-content\\\/uploads\\\/sites\\\/2\\\/2021\\\/04\\\/Pais-confrontado-com-uma-crise-muito-grave-diz-Antonio-Costa.jpg\",\"width\":800,\"height\":420,\"caption\":\"Pa\u00eds confrontado com uma crise muito grave, diz Ant\u00f3nio Costa e Silva\"},{\"@type\":\"BreadcrumbList\",\"@id\":\"https:\\\/\\\/hotnewsinworld.com\\\/pt\\\/pais-confrontado-com-uma-crise-muito-grave-diz-antonio-costa-e-silva\\\/#breadcrumb\",\"itemListElement\":[{\"@type\":\"ListItem\",\"position\":1,\"name\":\"\u0413\u043b\u0430\u0432\u043d\u0430\u044f \u0441\u0442\u0440\u0430\u043d\u0438\u0446\u0430\",\"item\":\"https:\\\/\\\/hotnewsinworld.com\\\/pt\\\/\"},{\"@type\":\"ListItem\",\"position\":2,\"name\":\"Pa\u00eds confrontado com uma crise muito grave, diz Ant\u00f3nio Costa e Silva\"}]},{\"@type\":\"WebSite\",\"@id\":\"https:\\\/\\\/hotnewsinworld.com\\\/pt\\\/#website\",\"url\":\"https:\\\/\\\/hotnewsinworld.com\\\/pt\\\/\",\"name\":\"Hot News in World\",\"description\":\"Hot News in World Portugal\",\"potentialAction\":[{\"@type\":\"SearchAction\",\"target\":{\"@type\":\"EntryPoint\",\"urlTemplate\":\"https:\\\/\\\/hotnewsinworld.com\\\/pt\\\/?s={search_term_string}\"},\"query-input\":{\"@type\":\"PropertyValueSpecification\",\"valueRequired\":true,\"valueName\":\"search_term_string\"}}],\"inLanguage\":\"pt-PT\"},{\"@type\":\"Person\",\"@id\":\"https:\\\/\\\/hotnewsinworld.com\\\/pt\\\/#\\\/schema\\\/person\\\/fe61448b21c0d59086e75fcc1f9d8f6b\",\"name\":\"hotnewsinworld\",\"image\":{\"@type\":\"ImageObject\",\"inLanguage\":\"pt-PT\",\"@id\":\"https:\\\/\\\/secure.gravatar.com\\\/avatar\\\/8a09ac165600ce2e1c38fe593c63928eb1e6e7ba5c5a907d67787c41b3d00c14?s=96&d=mm&r=g\",\"url\":\"https:\\\/\\\/secure.gravatar.com\\\/avatar\\\/8a09ac165600ce2e1c38fe593c63928eb1e6e7ba5c5a907d67787c41b3d00c14?s=96&d=mm&r=g\",\"contentUrl\":\"https:\\\/\\\/secure.gravatar.com\\\/avatar\\\/8a09ac165600ce2e1c38fe593c63928eb1e6e7ba5c5a907d67787c41b3d00c14?s=96&d=mm&r=g\",\"caption\":\"hotnewsinworld\"},\"url\":\"https:\\\/\\\/hotnewsinworld.com\\\/pt\\\/author\\\/pt\\\/\"}]}<\/script>\n<!-- \/ Yoast SEO plugin. -->","yoast_head_json":{"title":"Pa\u00eds confrontado com uma crise muito grave, diz Ant\u00f3nio Costa e Silva - Hot News in World","robots":{"index":"index","follow":"follow","max-snippet":"max-snippet:-1","max-image-preview":"max-image-preview:large","max-video-preview":"max-video-preview:-1"},"canonical":"https:\/\/hotnewsinworld.com\/pt\/pais-confrontado-com-uma-crise-muito-grave-diz-antonio-costa-e-silva\/","og_locale":"pt_PT","og_type":"article","og_title":"Pa\u00eds confrontado com uma crise muito grave, diz Ant\u00f3nio Costa e Silva - Hot News in World","og_description":"JN\/Ag\u00eanciasHoje\u00a0\u00e0s\u00a016:48O gestor Ant\u00f3nio Costa Silva considerou esta ter\u00e7a-feira, no parlamento, que Portugal est\u00e1 confrontado com uma crise econ\u00f3mica e social grave e dif\u00edcil, destacando a import\u00e2ncia da articula\u00e7\u00e3o entre as institui\u00e7\u00f5es e os especialistas.&#8221;O pa\u00eds est\u00e1 confrontado com uma crise muito grave, muito dif\u00edcil, n\u00e3o s\u00f3 pela pandemia, mas tamb\u00e9m [ao n\u00edvel] econ\u00f3mico e social&#8221;, [&hellip;]","og_url":"https:\/\/hotnewsinworld.com\/pt\/pais-confrontado-com-uma-crise-muito-grave-diz-antonio-costa-e-silva\/","og_site_name":"Hot News in World","article_published_time":"2021-04-27T22:30:51+00:00","article_modified_time":"2021-04-27T22:30:53+00:00","og_image":[{"width":800,"height":420,"url":"https:\/\/hotnewsinworld.com\/pt\/wp-content\/uploads\/sites\/2\/2021\/04\/Pais-confrontado-com-uma-crise-muito-grave-diz-Antonio-Costa.jpg","type":"image\/jpeg"}],"author":"hotnewsinworld","twitter_card":"summary_large_image","twitter_misc":{"Escrito por":"hotnewsinworld","Tempo estimado de leitura":"2 minutos"},"schema":{"@context":"https:\/\/schema.org","@graph":[{"@type":"Article","@id":"https:\/\/hotnewsinworld.com\/pt\/pais-confrontado-com-uma-crise-muito-grave-diz-antonio-costa-e-silva\/#article","isPartOf":{"@id":"https:\/\/hotnewsinworld.com\/pt\/pais-confrontado-com-uma-crise-muito-grave-diz-antonio-costa-e-silva\/"},"author":{"name":"hotnewsinworld","@id":"https:\/\/hotnewsinworld.com\/pt\/#\/schema\/person\/fe61448b21c0d59086e75fcc1f9d8f6b"},"headline":"Pa\u00eds confrontado com uma crise muito grave, diz Ant\u00f3nio Costa e Silva","datePublished":"2021-04-27T22:30:51+00:00","dateModified":"2021-04-27T22:30:53+00:00","mainEntityOfPage":{"@id":"https:\/\/hotnewsinworld.com\/pt\/pais-confrontado-com-uma-crise-muito-grave-diz-antonio-costa-e-silva\/"},"wordCount":471,"commentCount":0,"image":{"@id":"https:\/\/hotnewsinworld.com\/pt\/pais-confrontado-com-uma-crise-muito-grave-diz-antonio-costa-e-silva\/#primaryimage"},"thumbnailUrl":"https:\/\/hotnewsinworld.com\/pt\/wp-content\/uploads\/sites\/2\/2021\/04\/Pais-confrontado-com-uma-crise-muito-grave-diz-Antonio-Costa.jpg","articleSection":["\u00daLTIMAS NOT\u00cdCIAS FINANCEIRAS"],"inLanguage":"pt-PT","potentialAction":[{"@type":"CommentAction","name":"Comment","target":["https:\/\/hotnewsinworld.com\/pt\/pais-confrontado-com-uma-crise-muito-grave-diz-antonio-costa-e-silva\/#respond"]}]},{"@type":"WebPage","@id":"https:\/\/hotnewsinworld.com\/pt\/pais-confrontado-com-uma-crise-muito-grave-diz-antonio-costa-e-silva\/","url":"https:\/\/hotnewsinworld.com\/pt\/pais-confrontado-com-uma-crise-muito-grave-diz-antonio-costa-e-silva\/","name":"Pa\u00eds confrontado com uma crise muito grave, diz Ant\u00f3nio Costa e Silva - Hot News in World","isPartOf":{"@id":"https:\/\/hotnewsinworld.com\/pt\/#website"},"primaryImageOfPage":{"@id":"https:\/\/hotnewsinworld.com\/pt\/pais-confrontado-com-uma-crise-muito-grave-diz-antonio-costa-e-silva\/#primaryimage"},"image":{"@id":"https:\/\/hotnewsinworld.com\/pt\/pais-confrontado-com-uma-crise-muito-grave-diz-antonio-costa-e-silva\/#primaryimage"},"thumbnailUrl":"https:\/\/hotnewsinworld.com\/pt\/wp-content\/uploads\/sites\/2\/2021\/04\/Pais-confrontado-com-uma-crise-muito-grave-diz-Antonio-Costa.jpg","datePublished":"2021-04-27T22:30:51+00:00","dateModified":"2021-04-27T22:30:53+00:00","author":{"@id":"https:\/\/hotnewsinworld.com\/pt\/#\/schema\/person\/fe61448b21c0d59086e75fcc1f9d8f6b"},"breadcrumb":{"@id":"https:\/\/hotnewsinworld.com\/pt\/pais-confrontado-com-uma-crise-muito-grave-diz-antonio-costa-e-silva\/#breadcrumb"},"inLanguage":"pt-PT","potentialAction":[{"@type":"ReadAction","target":["https:\/\/hotnewsinworld.com\/pt\/pais-confrontado-com-uma-crise-muito-grave-diz-antonio-costa-e-silva\/"]}]},{"@type":"ImageObject","inLanguage":"pt-PT","@id":"https:\/\/hotnewsinworld.com\/pt\/pais-confrontado-com-uma-crise-muito-grave-diz-antonio-costa-e-silva\/#primaryimage","url":"https:\/\/hotnewsinworld.com\/pt\/wp-content\/uploads\/sites\/2\/2021\/04\/Pais-confrontado-com-uma-crise-muito-grave-diz-Antonio-Costa.jpg","contentUrl":"https:\/\/hotnewsinworld.com\/pt\/wp-content\/uploads\/sites\/2\/2021\/04\/Pais-confrontado-com-uma-crise-muito-grave-diz-Antonio-Costa.jpg","width":800,"height":420,"caption":"Pa\u00eds confrontado com uma crise muito grave, diz Ant\u00f3nio Costa e Silva"},{"@type":"BreadcrumbList","@id":"https:\/\/hotnewsinworld.com\/pt\/pais-confrontado-com-uma-crise-muito-grave-diz-antonio-costa-e-silva\/#breadcrumb","itemListElement":[{"@type":"ListItem","position":1,"name":"\u0413\u043b\u0430\u0432\u043d\u0430\u044f \u0441\u0442\u0440\u0430\u043d\u0438\u0446\u0430","item":"https:\/\/hotnewsinworld.com\/pt\/"},{"@type":"ListItem","position":2,"name":"Pa\u00eds confrontado com uma crise muito grave, diz Ant\u00f3nio Costa e Silva"}]},{"@type":"WebSite","@id":"https:\/\/hotnewsinworld.com\/pt\/#website","url":"https:\/\/hotnewsinworld.com\/pt\/","name":"Hot News in World","description":"Hot News in World Portugal","potentialAction":[{"@type":"SearchAction","target":{"@type":"EntryPoint","urlTemplate":"https:\/\/hotnewsinworld.com\/pt\/?s={search_term_string}"},"query-input":{"@type":"PropertyValueSpecification","valueRequired":true,"valueName":"search_term_string"}}],"inLanguage":"pt-PT"},{"@type":"Person","@id":"https:\/\/hotnewsinworld.com\/pt\/#\/schema\/person\/fe61448b21c0d59086e75fcc1f9d8f6b","name":"hotnewsinworld","image":{"@type":"ImageObject","inLanguage":"pt-PT","@id":"https:\/\/secure.gravatar.com\/avatar\/8a09ac165600ce2e1c38fe593c63928eb1e6e7ba5c5a907d67787c41b3d00c14?s=96&d=mm&r=g","url":"https:\/\/secure.gravatar.com\/avatar\/8a09ac165600ce2e1c38fe593c63928eb1e6e7ba5c5a907d67787c41b3d00c14?s=96&d=mm&r=g","contentUrl":"https:\/\/secure.gravatar.com\/avatar\/8a09ac165600ce2e1c38fe593c63928eb1e6e7ba5c5a907d67787c41b3d00c14?s=96&d=mm&r=g","caption":"hotnewsinworld"},"url":"https:\/\/hotnewsinworld.com\/pt\/author\/pt\/"}]}},"_links":{"self":[{"href":"https:\/\/hotnewsinworld.com\/pt\/wp-json\/wp\/v2\/posts\/3531","targetHints":{"allow":["GET"]}}],"collection":[{"href":"https:\/\/hotnewsinworld.com\/pt\/wp-json\/wp\/v2\/posts"}],"about":[{"href":"https:\/\/hotnewsinworld.com\/pt\/wp-json\/wp\/v2\/types\/post"}],"author":[{"embeddable":true,"href":"https:\/\/hotnewsinworld.com\/pt\/wp-json\/wp\/v2\/users\/2"}],"replies":[{"embeddable":true,"href":"https:\/\/hotnewsinworld.com\/pt\/wp-json\/wp\/v2\/comments?post=3531"}],"version-history":[{"count":1,"href":"https:\/\/hotnewsinworld.com\/pt\/wp-json\/wp\/v2\/posts\/3531\/revisions"}],"predecessor-version":[{"id":3533,"href":"https:\/\/hotnewsinworld.com\/pt\/wp-json\/wp\/v2\/posts\/3531\/revisions\/3533"}],"wp:featuredmedia":[{"embeddable":true,"href":"https:\/\/hotnewsinworld.com\/pt\/wp-json\/wp\/v2\/media\/3532"}],"wp:attachment":[{"href":"https:\/\/hotnewsinworld.com\/pt\/wp-json\/wp\/v2\/media?parent=3531"}],"wp:term":[{"taxonomy":"category","embeddable":true,"href":"https:\/\/hotnewsinworld.com\/pt\/wp-json\/wp\/v2\/categories?post=3531"},{"taxonomy":"post_tag","embeddable":true,"href":"https:\/\/hotnewsinworld.com\/pt\/wp-json\/wp\/v2\/tags?post=3531"}],"curies":[{"name":"wp","href":"https:\/\/api.w.org\/{rel}","templated":true}]}}