{"id":3543,"date":"2021-04-30T01:51:15","date_gmt":"2021-04-29T22:51:15","guid":{"rendered":"https:\/\/hotnewsinworld.com\/pt\/pms2021-vai-repensar-a-mobilidade-na-era-pos-covid\/"},"modified":"2021-04-30T01:51:18","modified_gmt":"2021-04-29T22:51:18","slug":"pms2021-vai-repensar-a-mobilidade-na-era-pos-covid","status":"publish","type":"post","link":"https:\/\/hotnewsinworld.com\/pt\/pms2021-vai-repensar-a-mobilidade-na-era-pos-covid\/","title":{"rendered":"PMS2021 vai repensar a mobilidade na era p\u00f3s-covid\u00a0"},"content":{"rendered":"<p>A 4\u00aa edi\u00e7\u00e3o do Portugal Mobi Summit come\u00e7a na pr\u00f3xima ter\u00e7a-feira, num debate online, a antever as tend\u00eancias de mobilidade que se v\u00e3o manter ap\u00f3s um ano de confinamentos.Que desafios e oportunidades nos trazem os novos tempos para repensar todo o sistema de mobilidade, criado ainda na l\u00f3gica do s\u00e9culo passado, e sem a amea\u00e7a clim\u00e1tica? No rescaldo de um ano de pandemia, que travou a fundo as desloca\u00e7\u00f5es, e em pleno desconfinamento, a 4\u00aa edi\u00e7\u00e3o do Portugal Mobi Summit avan\u00e7a j\u00e1 em maio rumo a uma nova mobilidade. Questionar, discutir e inspirar a mudan\u00e7a nesta \u00e1rea \u00e9 o prop\u00f3sito da iniciativa do Global Media Group e da EDP que depois de, em 2020, se ter afirmado como um evento internacional vai, este ano, refor\u00e7ar esse perfil com a participa\u00e7\u00e3o de oradores e p\u00fablicos de diferentes geografias.A primeira sess\u00e3o de debate \u00e9 j\u00e1 dia 4 e vai focar-se no tema &#8220;Mobilidade p\u00f3s-Covid &#8211; que tend\u00eancias permanecem para l\u00e1 do confinamento&#8221;.Contando com a parceria da Via Verde, do CEiiA, e da C\u00e2mara Municipal de Cascais &#8211; uma smart city &#8211; o PMS2021 vai manter um formato digital, com sess\u00f5es de debate e entrevistas online, reproduzidos nas marcas Di\u00e1rio de Not\u00edcias, Jornal de Not\u00edcias, TSF, Dinheiro Vivo e Motor24. At\u00e9 \u00e0 grande cimeira de outubro ser\u00e1 poss\u00edvel acompanhar nos meios do GMG reportagens com figuras p\u00fablicas e l\u00edderes de opini\u00e3o sobre a sua primeira experi\u00eancia el\u00e9trica, na s\u00e9rie &#8220;going electric&#8221;, assistir \u00e0s hist\u00f3rias de mudan\u00e7a e inova\u00e7\u00e3o nas pequenas e m\u00e9dias empresas portuguesas na s\u00e9rie &#8220;PME Green Mobility&#8221;, bem como escutar e responder \u00e0s d\u00favidas dos jovens na s\u00e9rie de reportagens &#8220;Sub-23 Mobility&#8221;.Nos dias 20, 21 e 22 de outubro, em ambiente virtual, a grande cimeira volta a juntar em Cascais um vasto painel de oradores e convidados nacionais e internacionais. Tr\u00eas dias de debate em que se juntam em palco figuras de refer\u00eancia nas \u00e1reas da mobilidade sustent\u00e1vel, smart cities, transi\u00e7\u00e3o energ\u00e9tica, transi\u00e7\u00e3o digital, inova\u00e7\u00e3o, ou pol\u00edticas p\u00fablicas de transporte e planeamento urbano.Mudan\u00e7as que est\u00e3o alinhadas com os compromissos assumidos a n\u00edvel comunit\u00e1rio de redu\u00e7\u00e3o das emiss\u00f5es de di\u00f3xido de carbono e de refor\u00e7o das fontes de energia mais limpas, bem como de uma mobilidade mais acess\u00edvel para todos. Esses s\u00e3o, de resto, os compromissos que norteiam os parceiros da iniciativa, desde a EDP, que ocupa uma posi\u00e7\u00e3o de lideran\u00e7a no setor das renov\u00e1veis e que est\u00e1 a expandir a rede de carregamento el\u00e9trico em Portugal e no estrangeiro, tanto em casa como nas estradas, ou do CEiiA, que continua a desenvolver solu\u00e7\u00f5es de transporte mais ecol\u00f3gicas, nomeadamente no dom\u00ednio da aeron\u00e1utica. Pelo lado da Via Verde, a empresa continua a apostar nas solu\u00e7\u00f5es de mobilidade partilhada e a levar o seu inovador sistema de pagamento de estacionamento atrav\u00e9s de uma app a cada vez mais cidades do pa\u00eds.J\u00e1 Cascais tornou-se o primeiro concelho a instituir a gratuitidade dos transporte p\u00fablicos rodovi\u00e1rios, para desincentivar o uso do transporte individual e contribuir para reduzir a polui\u00e7\u00e3o atmosf\u00e9rica, ao mesmo tempo que continua a refor\u00e7ar a rede de ciclovias, que chegar\u00e3o brevemente aos 90 km, e a disponibilizar bicicletas integradas no inovador sistema MobiCascais, operacion\u00e1vel atrav\u00e9s de uma app.Veja tudo sobre mobilidade e Portugal Mobi Summit em www.portugalms.com<br \/>\n<br \/>\n<!--noindex--><br \/>\n<a href=\"http:\/\/feeds.jn.pt\/~r\/JN-ECONOMIA\/~3\/X7VRN99TD_M\/pms2021-vai-repensar-a-mobilidade-na-era-pos-covid--13627986.html\" rel=\"nofollow\">Source link <\/a><br \/>\n<!--\/noindex--><\/p>\n","protected":false},"excerpt":{"rendered":"<p>A 4\u00aa edi\u00e7\u00e3o do Portugal Mobi Summit come\u00e7a na pr\u00f3xima ter\u00e7a-feira, num debate online, a antever as tend\u00eancias de mobilidade que se v\u00e3o manter ap\u00f3s um ano de confinamentos.Que desafios e oportunidades nos trazem os novos tempos para repensar todo o sistema de mobilidade, criado ainda na l\u00f3gica do s\u00e9culo passado, e sem a amea\u00e7a [&hellip;]<\/p>\n","protected":false},"author":2,"featured_media":3544,"comment_status":"open","ping_status":"open","sticky":false,"template":"","format":"standard","meta":{"footnotes":""},"categories":[1],"tags":[],"class_list":["post-3543","post","type-post","status-publish","format-standard","has-post-thumbnail","hentry","category-ultimas-noticias-financeiras"],"yoast_head":"<!-- This site is optimized with the Yoast SEO plugin v27.4 - https:\/\/yoast.com\/product\/yoast-seo-wordpress\/ -->\n<title>PMS2021 vai repensar a mobilidade na era p\u00f3s-covid\u00a0 - Hot News in World<\/title>\n<meta name=\"robots\" content=\"index, follow, max-snippet:-1, max-image-preview:large, max-video-preview:-1\" \/>\n<link rel=\"canonical\" href=\"https:\/\/hotnewsinworld.com\/pt\/pms2021-vai-repensar-a-mobilidade-na-era-pos-covid\/\" \/>\n<meta property=\"og:locale\" content=\"pt_PT\" \/>\n<meta property=\"og:type\" content=\"article\" \/>\n<meta property=\"og:title\" content=\"PMS2021 vai repensar a mobilidade na era p\u00f3s-covid\u00a0 - Hot News in World\" \/>\n<meta property=\"og:description\" content=\"A 4\u00aa edi\u00e7\u00e3o do Portugal Mobi Summit come\u00e7a na pr\u00f3xima ter\u00e7a-feira, num debate online, a antever as tend\u00eancias de mobilidade que se v\u00e3o manter ap\u00f3s um ano de confinamentos.Que desafios e oportunidades nos trazem os novos tempos para repensar todo o sistema de mobilidade, criado ainda na l\u00f3gica do s\u00e9culo passado, e sem a amea\u00e7a [&hellip;]\" \/>\n<meta property=\"og:url\" content=\"https:\/\/hotnewsinworld.com\/pt\/pms2021-vai-repensar-a-mobilidade-na-era-pos-covid\/\" \/>\n<meta property=\"og:site_name\" content=\"Hot News in World\" \/>\n<meta property=\"article:published_time\" content=\"2021-04-29T22:51:15+00:00\" \/>\n<meta property=\"article:modified_time\" content=\"2021-04-29T22:51:18+00:00\" \/>\n<meta property=\"og:image\" content=\"https:\/\/hotnewsinworld.com\/pt\/wp-content\/uploads\/sites\/2\/2021\/04\/PMS2021-vai-repensar-a-mobilidade-na-era-pos-covid.jpg\" \/>\n\t<meta property=\"og:image:width\" content=\"800\" \/>\n\t<meta property=\"og:image:height\" content=\"420\" \/>\n\t<meta property=\"og:image:type\" content=\"image\/jpeg\" \/>\n<meta name=\"author\" content=\"hotnewsinworld\" \/>\n<meta name=\"twitter:card\" content=\"summary_large_image\" \/>\n<meta name=\"twitter:label1\" content=\"Escrito por\" \/>\n\t<meta name=\"twitter:data1\" content=\"hotnewsinworld\" \/>\n\t<meta name=\"twitter:label2\" content=\"Tempo estimado de leitura\" \/>\n\t<meta name=\"twitter:data2\" content=\"3 minutos\" \/>\n<script type=\"application\/ld+json\" class=\"yoast-schema-graph\">{\"@context\":\"https:\\\/\\\/schema.org\",\"@graph\":[{\"@type\":\"Article\",\"@id\":\"https:\\\/\\\/hotnewsinworld.com\\\/pt\\\/pms2021-vai-repensar-a-mobilidade-na-era-pos-covid\\\/#article\",\"isPartOf\":{\"@id\":\"https:\\\/\\\/hotnewsinworld.com\\\/pt\\\/pms2021-vai-repensar-a-mobilidade-na-era-pos-covid\\\/\"},\"author\":{\"name\":\"hotnewsinworld\",\"@id\":\"https:\\\/\\\/hotnewsinworld.com\\\/pt\\\/#\\\/schema\\\/person\\\/fe61448b21c0d59086e75fcc1f9d8f6b\"},\"headline\":\"PMS2021 vai repensar a mobilidade na era p\u00f3s-covid\u00a0\",\"datePublished\":\"2021-04-29T22:51:15+00:00\",\"dateModified\":\"2021-04-29T22:51:18+00:00\",\"mainEntityOfPage\":{\"@id\":\"https:\\\/\\\/hotnewsinworld.com\\\/pt\\\/pms2021-vai-repensar-a-mobilidade-na-era-pos-covid\\\/\"},\"wordCount\":623,\"commentCount\":0,\"image\":{\"@id\":\"https:\\\/\\\/hotnewsinworld.com\\\/pt\\\/pms2021-vai-repensar-a-mobilidade-na-era-pos-covid\\\/#primaryimage\"},\"thumbnailUrl\":\"https:\\\/\\\/hotnewsinworld.com\\\/pt\\\/wp-content\\\/uploads\\\/sites\\\/2\\\/2021\\\/04\\\/PMS2021-vai-repensar-a-mobilidade-na-era-pos-covid.jpg\",\"articleSection\":[\"\u00daLTIMAS NOT\u00cdCIAS FINANCEIRAS\"],\"inLanguage\":\"pt-PT\",\"potentialAction\":[{\"@type\":\"CommentAction\",\"name\":\"Comment\",\"target\":[\"https:\\\/\\\/hotnewsinworld.com\\\/pt\\\/pms2021-vai-repensar-a-mobilidade-na-era-pos-covid\\\/#respond\"]}]},{\"@type\":\"WebPage\",\"@id\":\"https:\\\/\\\/hotnewsinworld.com\\\/pt\\\/pms2021-vai-repensar-a-mobilidade-na-era-pos-covid\\\/\",\"url\":\"https:\\\/\\\/hotnewsinworld.com\\\/pt\\\/pms2021-vai-repensar-a-mobilidade-na-era-pos-covid\\\/\",\"name\":\"PMS2021 vai repensar a mobilidade na era p\u00f3s-covid\u00a0 - Hot News in World\",\"isPartOf\":{\"@id\":\"https:\\\/\\\/hotnewsinworld.com\\\/pt\\\/#website\"},\"primaryImageOfPage\":{\"@id\":\"https:\\\/\\\/hotnewsinworld.com\\\/pt\\\/pms2021-vai-repensar-a-mobilidade-na-era-pos-covid\\\/#primaryimage\"},\"image\":{\"@id\":\"https:\\\/\\\/hotnewsinworld.com\\\/pt\\\/pms2021-vai-repensar-a-mobilidade-na-era-pos-covid\\\/#primaryimage\"},\"thumbnailUrl\":\"https:\\\/\\\/hotnewsinworld.com\\\/pt\\\/wp-content\\\/uploads\\\/sites\\\/2\\\/2021\\\/04\\\/PMS2021-vai-repensar-a-mobilidade-na-era-pos-covid.jpg\",\"datePublished\":\"2021-04-29T22:51:15+00:00\",\"dateModified\":\"2021-04-29T22:51:18+00:00\",\"author\":{\"@id\":\"https:\\\/\\\/hotnewsinworld.com\\\/pt\\\/#\\\/schema\\\/person\\\/fe61448b21c0d59086e75fcc1f9d8f6b\"},\"breadcrumb\":{\"@id\":\"https:\\\/\\\/hotnewsinworld.com\\\/pt\\\/pms2021-vai-repensar-a-mobilidade-na-era-pos-covid\\\/#breadcrumb\"},\"inLanguage\":\"pt-PT\",\"potentialAction\":[{\"@type\":\"ReadAction\",\"target\":[\"https:\\\/\\\/hotnewsinworld.com\\\/pt\\\/pms2021-vai-repensar-a-mobilidade-na-era-pos-covid\\\/\"]}]},{\"@type\":\"ImageObject\",\"inLanguage\":\"pt-PT\",\"@id\":\"https:\\\/\\\/hotnewsinworld.com\\\/pt\\\/pms2021-vai-repensar-a-mobilidade-na-era-pos-covid\\\/#primaryimage\",\"url\":\"https:\\\/\\\/hotnewsinworld.com\\\/pt\\\/wp-content\\\/uploads\\\/sites\\\/2\\\/2021\\\/04\\\/PMS2021-vai-repensar-a-mobilidade-na-era-pos-covid.jpg\",\"contentUrl\":\"https:\\\/\\\/hotnewsinworld.com\\\/pt\\\/wp-content\\\/uploads\\\/sites\\\/2\\\/2021\\\/04\\\/PMS2021-vai-repensar-a-mobilidade-na-era-pos-covid.jpg\",\"width\":800,\"height\":420,\"caption\":\"PMS2021 vai repensar a mobilidade na era p\u00f3s-covid\u00a0\"},{\"@type\":\"BreadcrumbList\",\"@id\":\"https:\\\/\\\/hotnewsinworld.com\\\/pt\\\/pms2021-vai-repensar-a-mobilidade-na-era-pos-covid\\\/#breadcrumb\",\"itemListElement\":[{\"@type\":\"ListItem\",\"position\":1,\"name\":\"\u0413\u043b\u0430\u0432\u043d\u0430\u044f \u0441\u0442\u0440\u0430\u043d\u0438\u0446\u0430\",\"item\":\"https:\\\/\\\/hotnewsinworld.com\\\/pt\\\/\"},{\"@type\":\"ListItem\",\"position\":2,\"name\":\"PMS2021 vai repensar a mobilidade na era p\u00f3s-covid\u00a0\"}]},{\"@type\":\"WebSite\",\"@id\":\"https:\\\/\\\/hotnewsinworld.com\\\/pt\\\/#website\",\"url\":\"https:\\\/\\\/hotnewsinworld.com\\\/pt\\\/\",\"name\":\"Hot News in World\",\"description\":\"Hot News in World Portugal\",\"potentialAction\":[{\"@type\":\"SearchAction\",\"target\":{\"@type\":\"EntryPoint\",\"urlTemplate\":\"https:\\\/\\\/hotnewsinworld.com\\\/pt\\\/?s={search_term_string}\"},\"query-input\":{\"@type\":\"PropertyValueSpecification\",\"valueRequired\":true,\"valueName\":\"search_term_string\"}}],\"inLanguage\":\"pt-PT\"},{\"@type\":\"Person\",\"@id\":\"https:\\\/\\\/hotnewsinworld.com\\\/pt\\\/#\\\/schema\\\/person\\\/fe61448b21c0d59086e75fcc1f9d8f6b\",\"name\":\"hotnewsinworld\",\"image\":{\"@type\":\"ImageObject\",\"inLanguage\":\"pt-PT\",\"@id\":\"https:\\\/\\\/secure.gravatar.com\\\/avatar\\\/8a09ac165600ce2e1c38fe593c63928eb1e6e7ba5c5a907d67787c41b3d00c14?s=96&d=mm&r=g\",\"url\":\"https:\\\/\\\/secure.gravatar.com\\\/avatar\\\/8a09ac165600ce2e1c38fe593c63928eb1e6e7ba5c5a907d67787c41b3d00c14?s=96&d=mm&r=g\",\"contentUrl\":\"https:\\\/\\\/secure.gravatar.com\\\/avatar\\\/8a09ac165600ce2e1c38fe593c63928eb1e6e7ba5c5a907d67787c41b3d00c14?s=96&d=mm&r=g\",\"caption\":\"hotnewsinworld\"},\"url\":\"https:\\\/\\\/hotnewsinworld.com\\\/pt\\\/author\\\/pt\\\/\"}]}<\/script>\n<!-- \/ Yoast SEO plugin. -->","yoast_head_json":{"title":"PMS2021 vai repensar a mobilidade na era p\u00f3s-covid\u00a0 - Hot News in World","robots":{"index":"index","follow":"follow","max-snippet":"max-snippet:-1","max-image-preview":"max-image-preview:large","max-video-preview":"max-video-preview:-1"},"canonical":"https:\/\/hotnewsinworld.com\/pt\/pms2021-vai-repensar-a-mobilidade-na-era-pos-covid\/","og_locale":"pt_PT","og_type":"article","og_title":"PMS2021 vai repensar a mobilidade na era p\u00f3s-covid\u00a0 - Hot News in World","og_description":"A 4\u00aa edi\u00e7\u00e3o do Portugal Mobi Summit come\u00e7a na pr\u00f3xima ter\u00e7a-feira, num debate online, a antever as tend\u00eancias de mobilidade que se v\u00e3o manter ap\u00f3s um ano de confinamentos.Que desafios e oportunidades nos trazem os novos tempos para repensar todo o sistema de mobilidade, criado ainda na l\u00f3gica do s\u00e9culo passado, e sem a amea\u00e7a [&hellip;]","og_url":"https:\/\/hotnewsinworld.com\/pt\/pms2021-vai-repensar-a-mobilidade-na-era-pos-covid\/","og_site_name":"Hot News in World","article_published_time":"2021-04-29T22:51:15+00:00","article_modified_time":"2021-04-29T22:51:18+00:00","og_image":[{"width":800,"height":420,"url":"https:\/\/hotnewsinworld.com\/pt\/wp-content\/uploads\/sites\/2\/2021\/04\/PMS2021-vai-repensar-a-mobilidade-na-era-pos-covid.jpg","type":"image\/jpeg"}],"author":"hotnewsinworld","twitter_card":"summary_large_image","twitter_misc":{"Escrito por":"hotnewsinworld","Tempo estimado de leitura":"3 minutos"},"schema":{"@context":"https:\/\/schema.org","@graph":[{"@type":"Article","@id":"https:\/\/hotnewsinworld.com\/pt\/pms2021-vai-repensar-a-mobilidade-na-era-pos-covid\/#article","isPartOf":{"@id":"https:\/\/hotnewsinworld.com\/pt\/pms2021-vai-repensar-a-mobilidade-na-era-pos-covid\/"},"author":{"name":"hotnewsinworld","@id":"https:\/\/hotnewsinworld.com\/pt\/#\/schema\/person\/fe61448b21c0d59086e75fcc1f9d8f6b"},"headline":"PMS2021 vai repensar a mobilidade na era p\u00f3s-covid\u00a0","datePublished":"2021-04-29T22:51:15+00:00","dateModified":"2021-04-29T22:51:18+00:00","mainEntityOfPage":{"@id":"https:\/\/hotnewsinworld.com\/pt\/pms2021-vai-repensar-a-mobilidade-na-era-pos-covid\/"},"wordCount":623,"commentCount":0,"image":{"@id":"https:\/\/hotnewsinworld.com\/pt\/pms2021-vai-repensar-a-mobilidade-na-era-pos-covid\/#primaryimage"},"thumbnailUrl":"https:\/\/hotnewsinworld.com\/pt\/wp-content\/uploads\/sites\/2\/2021\/04\/PMS2021-vai-repensar-a-mobilidade-na-era-pos-covid.jpg","articleSection":["\u00daLTIMAS NOT\u00cdCIAS FINANCEIRAS"],"inLanguage":"pt-PT","potentialAction":[{"@type":"CommentAction","name":"Comment","target":["https:\/\/hotnewsinworld.com\/pt\/pms2021-vai-repensar-a-mobilidade-na-era-pos-covid\/#respond"]}]},{"@type":"WebPage","@id":"https:\/\/hotnewsinworld.com\/pt\/pms2021-vai-repensar-a-mobilidade-na-era-pos-covid\/","url":"https:\/\/hotnewsinworld.com\/pt\/pms2021-vai-repensar-a-mobilidade-na-era-pos-covid\/","name":"PMS2021 vai repensar a mobilidade na era p\u00f3s-covid\u00a0 - Hot News in World","isPartOf":{"@id":"https:\/\/hotnewsinworld.com\/pt\/#website"},"primaryImageOfPage":{"@id":"https:\/\/hotnewsinworld.com\/pt\/pms2021-vai-repensar-a-mobilidade-na-era-pos-covid\/#primaryimage"},"image":{"@id":"https:\/\/hotnewsinworld.com\/pt\/pms2021-vai-repensar-a-mobilidade-na-era-pos-covid\/#primaryimage"},"thumbnailUrl":"https:\/\/hotnewsinworld.com\/pt\/wp-content\/uploads\/sites\/2\/2021\/04\/PMS2021-vai-repensar-a-mobilidade-na-era-pos-covid.jpg","datePublished":"2021-04-29T22:51:15+00:00","dateModified":"2021-04-29T22:51:18+00:00","author":{"@id":"https:\/\/hotnewsinworld.com\/pt\/#\/schema\/person\/fe61448b21c0d59086e75fcc1f9d8f6b"},"breadcrumb":{"@id":"https:\/\/hotnewsinworld.com\/pt\/pms2021-vai-repensar-a-mobilidade-na-era-pos-covid\/#breadcrumb"},"inLanguage":"pt-PT","potentialAction":[{"@type":"ReadAction","target":["https:\/\/hotnewsinworld.com\/pt\/pms2021-vai-repensar-a-mobilidade-na-era-pos-covid\/"]}]},{"@type":"ImageObject","inLanguage":"pt-PT","@id":"https:\/\/hotnewsinworld.com\/pt\/pms2021-vai-repensar-a-mobilidade-na-era-pos-covid\/#primaryimage","url":"https:\/\/hotnewsinworld.com\/pt\/wp-content\/uploads\/sites\/2\/2021\/04\/PMS2021-vai-repensar-a-mobilidade-na-era-pos-covid.jpg","contentUrl":"https:\/\/hotnewsinworld.com\/pt\/wp-content\/uploads\/sites\/2\/2021\/04\/PMS2021-vai-repensar-a-mobilidade-na-era-pos-covid.jpg","width":800,"height":420,"caption":"PMS2021 vai repensar a mobilidade na era p\u00f3s-covid\u00a0"},{"@type":"BreadcrumbList","@id":"https:\/\/hotnewsinworld.com\/pt\/pms2021-vai-repensar-a-mobilidade-na-era-pos-covid\/#breadcrumb","itemListElement":[{"@type":"ListItem","position":1,"name":"\u0413\u043b\u0430\u0432\u043d\u0430\u044f \u0441\u0442\u0440\u0430\u043d\u0438\u0446\u0430","item":"https:\/\/hotnewsinworld.com\/pt\/"},{"@type":"ListItem","position":2,"name":"PMS2021 vai repensar a mobilidade na era p\u00f3s-covid\u00a0"}]},{"@type":"WebSite","@id":"https:\/\/hotnewsinworld.com\/pt\/#website","url":"https:\/\/hotnewsinworld.com\/pt\/","name":"Hot News in World","description":"Hot News in World Portugal","potentialAction":[{"@type":"SearchAction","target":{"@type":"EntryPoint","urlTemplate":"https:\/\/hotnewsinworld.com\/pt\/?s={search_term_string}"},"query-input":{"@type":"PropertyValueSpecification","valueRequired":true,"valueName":"search_term_string"}}],"inLanguage":"pt-PT"},{"@type":"Person","@id":"https:\/\/hotnewsinworld.com\/pt\/#\/schema\/person\/fe61448b21c0d59086e75fcc1f9d8f6b","name":"hotnewsinworld","image":{"@type":"ImageObject","inLanguage":"pt-PT","@id":"https:\/\/secure.gravatar.com\/avatar\/8a09ac165600ce2e1c38fe593c63928eb1e6e7ba5c5a907d67787c41b3d00c14?s=96&d=mm&r=g","url":"https:\/\/secure.gravatar.com\/avatar\/8a09ac165600ce2e1c38fe593c63928eb1e6e7ba5c5a907d67787c41b3d00c14?s=96&d=mm&r=g","contentUrl":"https:\/\/secure.gravatar.com\/avatar\/8a09ac165600ce2e1c38fe593c63928eb1e6e7ba5c5a907d67787c41b3d00c14?s=96&d=mm&r=g","caption":"hotnewsinworld"},"url":"https:\/\/hotnewsinworld.com\/pt\/author\/pt\/"}]}},"_links":{"self":[{"href":"https:\/\/hotnewsinworld.com\/pt\/wp-json\/wp\/v2\/posts\/3543","targetHints":{"allow":["GET"]}}],"collection":[{"href":"https:\/\/hotnewsinworld.com\/pt\/wp-json\/wp\/v2\/posts"}],"about":[{"href":"https:\/\/hotnewsinworld.com\/pt\/wp-json\/wp\/v2\/types\/post"}],"author":[{"embeddable":true,"href":"https:\/\/hotnewsinworld.com\/pt\/wp-json\/wp\/v2\/users\/2"}],"replies":[{"embeddable":true,"href":"https:\/\/hotnewsinworld.com\/pt\/wp-json\/wp\/v2\/comments?post=3543"}],"version-history":[{"count":1,"href":"https:\/\/hotnewsinworld.com\/pt\/wp-json\/wp\/v2\/posts\/3543\/revisions"}],"predecessor-version":[{"id":3545,"href":"https:\/\/hotnewsinworld.com\/pt\/wp-json\/wp\/v2\/posts\/3543\/revisions\/3545"}],"wp:featuredmedia":[{"embeddable":true,"href":"https:\/\/hotnewsinworld.com\/pt\/wp-json\/wp\/v2\/media\/3544"}],"wp:attachment":[{"href":"https:\/\/hotnewsinworld.com\/pt\/wp-json\/wp\/v2\/media?parent=3543"}],"wp:term":[{"taxonomy":"category","embeddable":true,"href":"https:\/\/hotnewsinworld.com\/pt\/wp-json\/wp\/v2\/categories?post=3543"},{"taxonomy":"post_tag","embeddable":true,"href":"https:\/\/hotnewsinworld.com\/pt\/wp-json\/wp\/v2\/tags?post=3543"}],"curies":[{"name":"wp","href":"https:\/\/api.w.org\/{rel}","templated":true}]}}