{"id":3549,"date":"2021-05-01T01:56:32","date_gmt":"2021-04-30T22:56:32","guid":{"rendered":"https:\/\/hotnewsinworld.com\/pt\/trabalhadores-de-hipers-e-supermercados-mobilizados-para-greve-no-1o-de-maio\/"},"modified":"2021-05-01T01:56:35","modified_gmt":"2021-04-30T22:56:35","slug":"trabalhadores-de-hipers-e-supermercados-mobilizados-para-greve-no-1o-de-maio","status":"publish","type":"post","link":"https:\/\/hotnewsinworld.com\/pt\/trabalhadores-de-hipers-e-supermercados-mobilizados-para-greve-no-1o-de-maio\/","title":{"rendered":"Trabalhadores de hipers e supermercados mobilizados para greve no 1\u00ba de Maio"},"content":{"rendered":"<p>JN\/Ag\u00eanciasHoje\u00a0\u00e0s\u00a019:31Os trabalhadores da grande distribui\u00e7\u00e3o est\u00e3o &#8220;fortemente mobilizados&#8221; para a greve de s\u00e1bado, pelo direito a n\u00e3o trabalhar no 1.\u00ba de Maio e pela negocia\u00e7\u00e3o do contrato coletivo, segundo a estrutura sindical.O Sindicato dos Trabalhadores do Com\u00e9rcio, Escrit\u00f3rios e Servi\u00e7os de Portugal (CESP) afirma em comunicado que &#8220;os trabalhadores est\u00e3o fortemente mobilizados para a ades\u00e3o \u00e0 greve no 1.\u00ba de Maio&#8221;, feriado que assinala o Dia do Trabalhador.A greve abrange &#8220;os trabalhadores de todas as cadeias de supermercados e hipermercados&#8221; e outras empresas, como o El Corte Ingl\u00eas que, pela primeira vez desde que est\u00e1 em Portugal, decidiu abrir no Dia do Trabalhador, diz C\u00e9lia Lopes, dirigente do CESP, \u00e0 Lusa.Os trabalhadores ir\u00e3o realizar piquetes de greve por todo o pa\u00eds e uma concentra\u00e7\u00e3o no El Corte Ingl\u00eas, em Lisboa, com a presen\u00e7a da secret\u00e1ria-geral da CGTP, Isabel Camarinha.Em causa est\u00e1 &#8220;o direito a n\u00e3o trabalhar no 1.\u00ba de Maio e a negocia\u00e7\u00e3o do contrato coletivo que n\u00e3o \u00e9 revisto desde 2016&#8221;, afirma C\u00e9lia Lopes.Segundo o CESP, os sal\u00e1rios dos trabalhadores da grande distribui\u00e7\u00e3o, em topo de carreira, s\u00e3o de 665 euros, valor do sal\u00e1rio m\u00ednimo nacional, e a Associa\u00e7\u00e3o Portuguesa de Empresas de Distribui\u00e7\u00e3o (APED) apresentou proposta para fixar o sal\u00e1rio dos trabalhadores especializados (topo de carreira) em 698,25 euros &#8220;abaixo do valor previsto para o sal\u00e1rio m\u00ednimo nacional em 2022&#8221;.Al\u00e9m disso, a associa\u00e7\u00e3o patronal exige que os sindicatos &#8220;aceitem introduzir o regime de banco de horas e aceitem a redu\u00e7\u00e3o do valor pago pelo trabalho extraordin\u00e1rio&#8221;, l\u00ea-se num comunicado do CESP.&#8221;Estivemos fechados muitos meses&#8221;Fonte oficial do El Corte Ingl\u00eas disse \u00e0 Lusa que a empresa reitera o &#8220;empenho em manter um quadro de pessoal remunerado acima da m\u00e9dia e com elevados n\u00edveis de reten\u00e7\u00e3o e forma\u00e7\u00e3o em ambiente de trabalho&#8221;, recusando coment\u00e1rios aos protestos agendados pelo CESP.A empresa explicou que a decis\u00e3o de abrir no 1\u00ba de Maio foi tomada em conjunto com os quadros da empresa e \u00e9 uma forma de mitigar, &#8220;ainda que muito ligeiramente&#8221;, as perdas dos \u00faltimos meses.&#8221;Estivemos fechados muitos meses e a nossa principal preocupa\u00e7\u00e3o sempre foi a manuten\u00e7\u00e3o dos postos de trabalho e, mesmo quando recorremos ao expediente do &#8216;lay-off&#8217;, conseguimos compensar a diferen\u00e7a salarial, com complemento entregue pela empresa&#8221;, sublinha o El Corte Ingl\u00eas.<br \/>\n<br \/>\n<!--noindex--><br \/>\n<a href=\"http:\/\/feeds.jn.pt\/~r\/JN-ECONOMIA\/~3\/JDDhgxriJ3w\/trabalhadores-de-hipers-e-supermercados-mobilizados-para-greve-no-1-de-maio-13632339.html\" rel=\"nofollow\">Source link <\/a><br \/>\n<!--\/noindex--><\/p>\n","protected":false},"excerpt":{"rendered":"<p>JN\/Ag\u00eanciasHoje\u00a0\u00e0s\u00a019:31Os trabalhadores da grande distribui\u00e7\u00e3o est\u00e3o &#8220;fortemente mobilizados&#8221; para a greve de s\u00e1bado, pelo direito a n\u00e3o trabalhar no 1.\u00ba de Maio e pela negocia\u00e7\u00e3o do contrato coletivo, segundo a estrutura sindical.O Sindicato dos Trabalhadores do Com\u00e9rcio, Escrit\u00f3rios e Servi\u00e7os de Portugal (CESP) afirma em comunicado que &#8220;os trabalhadores est\u00e3o fortemente mobilizados para a ades\u00e3o [&hellip;]<\/p>\n","protected":false},"author":2,"featured_media":3550,"comment_status":"open","ping_status":"open","sticky":false,"template":"","format":"standard","meta":{"footnotes":""},"categories":[1],"tags":[],"class_list":["post-3549","post","type-post","status-publish","format-standard","has-post-thumbnail","hentry","category-ultimas-noticias-financeiras"],"yoast_head":"<!-- This site is optimized with the Yoast SEO plugin v27.4 - https:\/\/yoast.com\/product\/yoast-seo-wordpress\/ -->\n<title>Trabalhadores de hipers e supermercados mobilizados para greve no 1\u00ba de Maio - Hot News in World<\/title>\n<meta name=\"robots\" content=\"index, follow, max-snippet:-1, max-image-preview:large, max-video-preview:-1\" \/>\n<link rel=\"canonical\" href=\"https:\/\/hotnewsinworld.com\/pt\/trabalhadores-de-hipers-e-supermercados-mobilizados-para-greve-no-1o-de-maio\/\" \/>\n<meta property=\"og:locale\" content=\"pt_PT\" \/>\n<meta property=\"og:type\" content=\"article\" \/>\n<meta property=\"og:title\" content=\"Trabalhadores de hipers e supermercados mobilizados para greve no 1\u00ba de Maio - Hot News in World\" \/>\n<meta property=\"og:description\" content=\"JN\/Ag\u00eanciasHoje\u00a0\u00e0s\u00a019:31Os trabalhadores da grande distribui\u00e7\u00e3o est\u00e3o &#8220;fortemente mobilizados&#8221; para a greve de s\u00e1bado, pelo direito a n\u00e3o trabalhar no 1.\u00ba de Maio e pela negocia\u00e7\u00e3o do contrato coletivo, segundo a estrutura sindical.O Sindicato dos Trabalhadores do Com\u00e9rcio, Escrit\u00f3rios e Servi\u00e7os de Portugal (CESP) afirma em comunicado que &#8220;os trabalhadores est\u00e3o fortemente mobilizados para a ades\u00e3o [&hellip;]\" \/>\n<meta property=\"og:url\" content=\"https:\/\/hotnewsinworld.com\/pt\/trabalhadores-de-hipers-e-supermercados-mobilizados-para-greve-no-1o-de-maio\/\" \/>\n<meta property=\"og:site_name\" content=\"Hot News in World\" \/>\n<meta property=\"article:published_time\" content=\"2021-04-30T22:56:32+00:00\" \/>\n<meta property=\"article:modified_time\" content=\"2021-04-30T22:56:35+00:00\" \/>\n<meta property=\"og:image\" content=\"https:\/\/hotnewsinworld.com\/pt\/wp-content\/uploads\/sites\/2\/2021\/05\/Trabalhadores-de-hipers-e-supermercados-mobilizados-para-greve-no-1o.jpg\" \/>\n\t<meta property=\"og:image:width\" content=\"800\" \/>\n\t<meta property=\"og:image:height\" content=\"420\" \/>\n\t<meta property=\"og:image:type\" content=\"image\/jpeg\" \/>\n<meta name=\"author\" content=\"hotnewsinworld\" \/>\n<meta name=\"twitter:card\" content=\"summary_large_image\" \/>\n<meta name=\"twitter:label1\" content=\"Escrito por\" \/>\n\t<meta name=\"twitter:data1\" content=\"hotnewsinworld\" \/>\n\t<meta name=\"twitter:label2\" content=\"Tempo estimado de leitura\" \/>\n\t<meta name=\"twitter:data2\" content=\"2 minutos\" \/>\n<script type=\"application\/ld+json\" class=\"yoast-schema-graph\">{\"@context\":\"https:\\\/\\\/schema.org\",\"@graph\":[{\"@type\":\"Article\",\"@id\":\"https:\\\/\\\/hotnewsinworld.com\\\/pt\\\/trabalhadores-de-hipers-e-supermercados-mobilizados-para-greve-no-1o-de-maio\\\/#article\",\"isPartOf\":{\"@id\":\"https:\\\/\\\/hotnewsinworld.com\\\/pt\\\/trabalhadores-de-hipers-e-supermercados-mobilizados-para-greve-no-1o-de-maio\\\/\"},\"author\":{\"name\":\"hotnewsinworld\",\"@id\":\"https:\\\/\\\/hotnewsinworld.com\\\/pt\\\/#\\\/schema\\\/person\\\/fe61448b21c0d59086e75fcc1f9d8f6b\"},\"headline\":\"Trabalhadores de hipers e supermercados mobilizados para greve no 1\u00ba de Maio\",\"datePublished\":\"2021-04-30T22:56:32+00:00\",\"dateModified\":\"2021-04-30T22:56:35+00:00\",\"mainEntityOfPage\":{\"@id\":\"https:\\\/\\\/hotnewsinworld.com\\\/pt\\\/trabalhadores-de-hipers-e-supermercados-mobilizados-para-greve-no-1o-de-maio\\\/\"},\"wordCount\":435,\"commentCount\":0,\"image\":{\"@id\":\"https:\\\/\\\/hotnewsinworld.com\\\/pt\\\/trabalhadores-de-hipers-e-supermercados-mobilizados-para-greve-no-1o-de-maio\\\/#primaryimage\"},\"thumbnailUrl\":\"https:\\\/\\\/hotnewsinworld.com\\\/pt\\\/wp-content\\\/uploads\\\/sites\\\/2\\\/2021\\\/05\\\/Trabalhadores-de-hipers-e-supermercados-mobilizados-para-greve-no-1o.jpg\",\"articleSection\":[\"\u00daLTIMAS NOT\u00cdCIAS FINANCEIRAS\"],\"inLanguage\":\"pt-PT\",\"potentialAction\":[{\"@type\":\"CommentAction\",\"name\":\"Comment\",\"target\":[\"https:\\\/\\\/hotnewsinworld.com\\\/pt\\\/trabalhadores-de-hipers-e-supermercados-mobilizados-para-greve-no-1o-de-maio\\\/#respond\"]}]},{\"@type\":\"WebPage\",\"@id\":\"https:\\\/\\\/hotnewsinworld.com\\\/pt\\\/trabalhadores-de-hipers-e-supermercados-mobilizados-para-greve-no-1o-de-maio\\\/\",\"url\":\"https:\\\/\\\/hotnewsinworld.com\\\/pt\\\/trabalhadores-de-hipers-e-supermercados-mobilizados-para-greve-no-1o-de-maio\\\/\",\"name\":\"Trabalhadores de hipers e supermercados mobilizados para greve no 1\u00ba de Maio - Hot News in World\",\"isPartOf\":{\"@id\":\"https:\\\/\\\/hotnewsinworld.com\\\/pt\\\/#website\"},\"primaryImageOfPage\":{\"@id\":\"https:\\\/\\\/hotnewsinworld.com\\\/pt\\\/trabalhadores-de-hipers-e-supermercados-mobilizados-para-greve-no-1o-de-maio\\\/#primaryimage\"},\"image\":{\"@id\":\"https:\\\/\\\/hotnewsinworld.com\\\/pt\\\/trabalhadores-de-hipers-e-supermercados-mobilizados-para-greve-no-1o-de-maio\\\/#primaryimage\"},\"thumbnailUrl\":\"https:\\\/\\\/hotnewsinworld.com\\\/pt\\\/wp-content\\\/uploads\\\/sites\\\/2\\\/2021\\\/05\\\/Trabalhadores-de-hipers-e-supermercados-mobilizados-para-greve-no-1o.jpg\",\"datePublished\":\"2021-04-30T22:56:32+00:00\",\"dateModified\":\"2021-04-30T22:56:35+00:00\",\"author\":{\"@id\":\"https:\\\/\\\/hotnewsinworld.com\\\/pt\\\/#\\\/schema\\\/person\\\/fe61448b21c0d59086e75fcc1f9d8f6b\"},\"breadcrumb\":{\"@id\":\"https:\\\/\\\/hotnewsinworld.com\\\/pt\\\/trabalhadores-de-hipers-e-supermercados-mobilizados-para-greve-no-1o-de-maio\\\/#breadcrumb\"},\"inLanguage\":\"pt-PT\",\"potentialAction\":[{\"@type\":\"ReadAction\",\"target\":[\"https:\\\/\\\/hotnewsinworld.com\\\/pt\\\/trabalhadores-de-hipers-e-supermercados-mobilizados-para-greve-no-1o-de-maio\\\/\"]}]},{\"@type\":\"ImageObject\",\"inLanguage\":\"pt-PT\",\"@id\":\"https:\\\/\\\/hotnewsinworld.com\\\/pt\\\/trabalhadores-de-hipers-e-supermercados-mobilizados-para-greve-no-1o-de-maio\\\/#primaryimage\",\"url\":\"https:\\\/\\\/hotnewsinworld.com\\\/pt\\\/wp-content\\\/uploads\\\/sites\\\/2\\\/2021\\\/05\\\/Trabalhadores-de-hipers-e-supermercados-mobilizados-para-greve-no-1o.jpg\",\"contentUrl\":\"https:\\\/\\\/hotnewsinworld.com\\\/pt\\\/wp-content\\\/uploads\\\/sites\\\/2\\\/2021\\\/05\\\/Trabalhadores-de-hipers-e-supermercados-mobilizados-para-greve-no-1o.jpg\",\"width\":800,\"height\":420,\"caption\":\"Trabalhadores de hipers e supermercados mobilizados para greve no 1\u00ba de Maio\"},{\"@type\":\"BreadcrumbList\",\"@id\":\"https:\\\/\\\/hotnewsinworld.com\\\/pt\\\/trabalhadores-de-hipers-e-supermercados-mobilizados-para-greve-no-1o-de-maio\\\/#breadcrumb\",\"itemListElement\":[{\"@type\":\"ListItem\",\"position\":1,\"name\":\"\u0413\u043b\u0430\u0432\u043d\u0430\u044f \u0441\u0442\u0440\u0430\u043d\u0438\u0446\u0430\",\"item\":\"https:\\\/\\\/hotnewsinworld.com\\\/pt\\\/\"},{\"@type\":\"ListItem\",\"position\":2,\"name\":\"Trabalhadores de hipers e supermercados mobilizados para greve no 1\u00ba de Maio\"}]},{\"@type\":\"WebSite\",\"@id\":\"https:\\\/\\\/hotnewsinworld.com\\\/pt\\\/#website\",\"url\":\"https:\\\/\\\/hotnewsinworld.com\\\/pt\\\/\",\"name\":\"Hot News in World\",\"description\":\"Hot News in World Portugal\",\"potentialAction\":[{\"@type\":\"SearchAction\",\"target\":{\"@type\":\"EntryPoint\",\"urlTemplate\":\"https:\\\/\\\/hotnewsinworld.com\\\/pt\\\/?s={search_term_string}\"},\"query-input\":{\"@type\":\"PropertyValueSpecification\",\"valueRequired\":true,\"valueName\":\"search_term_string\"}}],\"inLanguage\":\"pt-PT\"},{\"@type\":\"Person\",\"@id\":\"https:\\\/\\\/hotnewsinworld.com\\\/pt\\\/#\\\/schema\\\/person\\\/fe61448b21c0d59086e75fcc1f9d8f6b\",\"name\":\"hotnewsinworld\",\"image\":{\"@type\":\"ImageObject\",\"inLanguage\":\"pt-PT\",\"@id\":\"https:\\\/\\\/secure.gravatar.com\\\/avatar\\\/8a09ac165600ce2e1c38fe593c63928eb1e6e7ba5c5a907d67787c41b3d00c14?s=96&d=mm&r=g\",\"url\":\"https:\\\/\\\/secure.gravatar.com\\\/avatar\\\/8a09ac165600ce2e1c38fe593c63928eb1e6e7ba5c5a907d67787c41b3d00c14?s=96&d=mm&r=g\",\"contentUrl\":\"https:\\\/\\\/secure.gravatar.com\\\/avatar\\\/8a09ac165600ce2e1c38fe593c63928eb1e6e7ba5c5a907d67787c41b3d00c14?s=96&d=mm&r=g\",\"caption\":\"hotnewsinworld\"},\"url\":\"https:\\\/\\\/hotnewsinworld.com\\\/pt\\\/author\\\/pt\\\/\"}]}<\/script>\n<!-- \/ Yoast SEO plugin. -->","yoast_head_json":{"title":"Trabalhadores de hipers e supermercados mobilizados para greve no 1\u00ba de Maio - Hot News in World","robots":{"index":"index","follow":"follow","max-snippet":"max-snippet:-1","max-image-preview":"max-image-preview:large","max-video-preview":"max-video-preview:-1"},"canonical":"https:\/\/hotnewsinworld.com\/pt\/trabalhadores-de-hipers-e-supermercados-mobilizados-para-greve-no-1o-de-maio\/","og_locale":"pt_PT","og_type":"article","og_title":"Trabalhadores de hipers e supermercados mobilizados para greve no 1\u00ba de Maio - Hot News in World","og_description":"JN\/Ag\u00eanciasHoje\u00a0\u00e0s\u00a019:31Os trabalhadores da grande distribui\u00e7\u00e3o est\u00e3o &#8220;fortemente mobilizados&#8221; para a greve de s\u00e1bado, pelo direito a n\u00e3o trabalhar no 1.\u00ba de Maio e pela negocia\u00e7\u00e3o do contrato coletivo, segundo a estrutura sindical.O Sindicato dos Trabalhadores do Com\u00e9rcio, Escrit\u00f3rios e Servi\u00e7os de Portugal (CESP) afirma em comunicado que &#8220;os trabalhadores est\u00e3o fortemente mobilizados para a ades\u00e3o [&hellip;]","og_url":"https:\/\/hotnewsinworld.com\/pt\/trabalhadores-de-hipers-e-supermercados-mobilizados-para-greve-no-1o-de-maio\/","og_site_name":"Hot News in World","article_published_time":"2021-04-30T22:56:32+00:00","article_modified_time":"2021-04-30T22:56:35+00:00","og_image":[{"width":800,"height":420,"url":"https:\/\/hotnewsinworld.com\/pt\/wp-content\/uploads\/sites\/2\/2021\/05\/Trabalhadores-de-hipers-e-supermercados-mobilizados-para-greve-no-1o.jpg","type":"image\/jpeg"}],"author":"hotnewsinworld","twitter_card":"summary_large_image","twitter_misc":{"Escrito por":"hotnewsinworld","Tempo estimado de leitura":"2 minutos"},"schema":{"@context":"https:\/\/schema.org","@graph":[{"@type":"Article","@id":"https:\/\/hotnewsinworld.com\/pt\/trabalhadores-de-hipers-e-supermercados-mobilizados-para-greve-no-1o-de-maio\/#article","isPartOf":{"@id":"https:\/\/hotnewsinworld.com\/pt\/trabalhadores-de-hipers-e-supermercados-mobilizados-para-greve-no-1o-de-maio\/"},"author":{"name":"hotnewsinworld","@id":"https:\/\/hotnewsinworld.com\/pt\/#\/schema\/person\/fe61448b21c0d59086e75fcc1f9d8f6b"},"headline":"Trabalhadores de hipers e supermercados mobilizados para greve no 1\u00ba de Maio","datePublished":"2021-04-30T22:56:32+00:00","dateModified":"2021-04-30T22:56:35+00:00","mainEntityOfPage":{"@id":"https:\/\/hotnewsinworld.com\/pt\/trabalhadores-de-hipers-e-supermercados-mobilizados-para-greve-no-1o-de-maio\/"},"wordCount":435,"commentCount":0,"image":{"@id":"https:\/\/hotnewsinworld.com\/pt\/trabalhadores-de-hipers-e-supermercados-mobilizados-para-greve-no-1o-de-maio\/#primaryimage"},"thumbnailUrl":"https:\/\/hotnewsinworld.com\/pt\/wp-content\/uploads\/sites\/2\/2021\/05\/Trabalhadores-de-hipers-e-supermercados-mobilizados-para-greve-no-1o.jpg","articleSection":["\u00daLTIMAS NOT\u00cdCIAS FINANCEIRAS"],"inLanguage":"pt-PT","potentialAction":[{"@type":"CommentAction","name":"Comment","target":["https:\/\/hotnewsinworld.com\/pt\/trabalhadores-de-hipers-e-supermercados-mobilizados-para-greve-no-1o-de-maio\/#respond"]}]},{"@type":"WebPage","@id":"https:\/\/hotnewsinworld.com\/pt\/trabalhadores-de-hipers-e-supermercados-mobilizados-para-greve-no-1o-de-maio\/","url":"https:\/\/hotnewsinworld.com\/pt\/trabalhadores-de-hipers-e-supermercados-mobilizados-para-greve-no-1o-de-maio\/","name":"Trabalhadores de hipers e supermercados mobilizados para greve no 1\u00ba de Maio - Hot News in World","isPartOf":{"@id":"https:\/\/hotnewsinworld.com\/pt\/#website"},"primaryImageOfPage":{"@id":"https:\/\/hotnewsinworld.com\/pt\/trabalhadores-de-hipers-e-supermercados-mobilizados-para-greve-no-1o-de-maio\/#primaryimage"},"image":{"@id":"https:\/\/hotnewsinworld.com\/pt\/trabalhadores-de-hipers-e-supermercados-mobilizados-para-greve-no-1o-de-maio\/#primaryimage"},"thumbnailUrl":"https:\/\/hotnewsinworld.com\/pt\/wp-content\/uploads\/sites\/2\/2021\/05\/Trabalhadores-de-hipers-e-supermercados-mobilizados-para-greve-no-1o.jpg","datePublished":"2021-04-30T22:56:32+00:00","dateModified":"2021-04-30T22:56:35+00:00","author":{"@id":"https:\/\/hotnewsinworld.com\/pt\/#\/schema\/person\/fe61448b21c0d59086e75fcc1f9d8f6b"},"breadcrumb":{"@id":"https:\/\/hotnewsinworld.com\/pt\/trabalhadores-de-hipers-e-supermercados-mobilizados-para-greve-no-1o-de-maio\/#breadcrumb"},"inLanguage":"pt-PT","potentialAction":[{"@type":"ReadAction","target":["https:\/\/hotnewsinworld.com\/pt\/trabalhadores-de-hipers-e-supermercados-mobilizados-para-greve-no-1o-de-maio\/"]}]},{"@type":"ImageObject","inLanguage":"pt-PT","@id":"https:\/\/hotnewsinworld.com\/pt\/trabalhadores-de-hipers-e-supermercados-mobilizados-para-greve-no-1o-de-maio\/#primaryimage","url":"https:\/\/hotnewsinworld.com\/pt\/wp-content\/uploads\/sites\/2\/2021\/05\/Trabalhadores-de-hipers-e-supermercados-mobilizados-para-greve-no-1o.jpg","contentUrl":"https:\/\/hotnewsinworld.com\/pt\/wp-content\/uploads\/sites\/2\/2021\/05\/Trabalhadores-de-hipers-e-supermercados-mobilizados-para-greve-no-1o.jpg","width":800,"height":420,"caption":"Trabalhadores de hipers e supermercados mobilizados para greve no 1\u00ba de Maio"},{"@type":"BreadcrumbList","@id":"https:\/\/hotnewsinworld.com\/pt\/trabalhadores-de-hipers-e-supermercados-mobilizados-para-greve-no-1o-de-maio\/#breadcrumb","itemListElement":[{"@type":"ListItem","position":1,"name":"\u0413\u043b\u0430\u0432\u043d\u0430\u044f \u0441\u0442\u0440\u0430\u043d\u0438\u0446\u0430","item":"https:\/\/hotnewsinworld.com\/pt\/"},{"@type":"ListItem","position":2,"name":"Trabalhadores de hipers e supermercados mobilizados para greve no 1\u00ba de Maio"}]},{"@type":"WebSite","@id":"https:\/\/hotnewsinworld.com\/pt\/#website","url":"https:\/\/hotnewsinworld.com\/pt\/","name":"Hot News in World","description":"Hot News in World Portugal","potentialAction":[{"@type":"SearchAction","target":{"@type":"EntryPoint","urlTemplate":"https:\/\/hotnewsinworld.com\/pt\/?s={search_term_string}"},"query-input":{"@type":"PropertyValueSpecification","valueRequired":true,"valueName":"search_term_string"}}],"inLanguage":"pt-PT"},{"@type":"Person","@id":"https:\/\/hotnewsinworld.com\/pt\/#\/schema\/person\/fe61448b21c0d59086e75fcc1f9d8f6b","name":"hotnewsinworld","image":{"@type":"ImageObject","inLanguage":"pt-PT","@id":"https:\/\/secure.gravatar.com\/avatar\/8a09ac165600ce2e1c38fe593c63928eb1e6e7ba5c5a907d67787c41b3d00c14?s=96&d=mm&r=g","url":"https:\/\/secure.gravatar.com\/avatar\/8a09ac165600ce2e1c38fe593c63928eb1e6e7ba5c5a907d67787c41b3d00c14?s=96&d=mm&r=g","contentUrl":"https:\/\/secure.gravatar.com\/avatar\/8a09ac165600ce2e1c38fe593c63928eb1e6e7ba5c5a907d67787c41b3d00c14?s=96&d=mm&r=g","caption":"hotnewsinworld"},"url":"https:\/\/hotnewsinworld.com\/pt\/author\/pt\/"}]}},"_links":{"self":[{"href":"https:\/\/hotnewsinworld.com\/pt\/wp-json\/wp\/v2\/posts\/3549","targetHints":{"allow":["GET"]}}],"collection":[{"href":"https:\/\/hotnewsinworld.com\/pt\/wp-json\/wp\/v2\/posts"}],"about":[{"href":"https:\/\/hotnewsinworld.com\/pt\/wp-json\/wp\/v2\/types\/post"}],"author":[{"embeddable":true,"href":"https:\/\/hotnewsinworld.com\/pt\/wp-json\/wp\/v2\/users\/2"}],"replies":[{"embeddable":true,"href":"https:\/\/hotnewsinworld.com\/pt\/wp-json\/wp\/v2\/comments?post=3549"}],"version-history":[{"count":1,"href":"https:\/\/hotnewsinworld.com\/pt\/wp-json\/wp\/v2\/posts\/3549\/revisions"}],"predecessor-version":[{"id":3551,"href":"https:\/\/hotnewsinworld.com\/pt\/wp-json\/wp\/v2\/posts\/3549\/revisions\/3551"}],"wp:featuredmedia":[{"embeddable":true,"href":"https:\/\/hotnewsinworld.com\/pt\/wp-json\/wp\/v2\/media\/3550"}],"wp:attachment":[{"href":"https:\/\/hotnewsinworld.com\/pt\/wp-json\/wp\/v2\/media?parent=3549"}],"wp:term":[{"taxonomy":"category","embeddable":true,"href":"https:\/\/hotnewsinworld.com\/pt\/wp-json\/wp\/v2\/categories?post=3549"},{"taxonomy":"post_tag","embeddable":true,"href":"https:\/\/hotnewsinworld.com\/pt\/wp-json\/wp\/v2\/tags?post=3549"}],"curies":[{"name":"wp","href":"https:\/\/api.w.org\/{rel}","templated":true}]}}