{"id":3552,"date":"2021-05-01T13:57:09","date_gmt":"2021-05-01T10:57:09","guid":{"rendered":"https:\/\/hotnewsinworld.com\/pt\/cp-alerta-para-possiveis-%e2%80%b3atrasos-e-supressoes%e2%80%b3-a-partir-de-segunda-feira-devido-a-greve\/"},"modified":"2021-05-01T13:57:13","modified_gmt":"2021-05-01T10:57:13","slug":"cp-alerta-para-possiveis-%e2%80%b3atrasos-e-supressoes%e2%80%b3-a-partir-de-segunda-feira-devido-a-greve","status":"publish","type":"post","link":"https:\/\/hotnewsinworld.com\/pt\/cp-alerta-para-possiveis-%e2%80%b3atrasos-e-supressoes%e2%80%b3-a-partir-de-segunda-feira-devido-a-greve\/","title":{"rendered":"CP alerta para poss\u00edveis \u2033atrasos e supress\u00f5es\u2033 a partir de segunda-feira devido \u00e0 greve"},"content":{"rendered":"<p>JN\/Ag\u00eanciasOntem\u00a0\u00e0s\u00a018:09A CP alertou esta sexta-feira para a possibilidade de ocorr\u00eancia de &#8220;atrasos e supress\u00f5es&#8221; face \u00e0 greve dos trabalhadores \u00e0s horas extraordin\u00e1rias, entre segunda-feira e 17 de maio, apesar de prever realizar a &#8220;larga maioria&#8221; dos comboios.&#8221;A CP &#8211; Comboios de Portugal informa que, por motivo de greve convocada por uma organiza\u00e7\u00e3o sindical, podem ocorrer algumas perturba\u00e7\u00f5es na circula\u00e7\u00e3o de comboios, no per\u00edodo de 3 a 17 de maio de 2021&#8243;, indicou, em comunicado, a empresa.Apesar de prever realizar a &#8220;larga maioria dos seus comboios&#8221;, a CP alertou para a possibilidade de ocorr\u00eancia de &#8220;alguns atrasos e supress\u00f5es, a n\u00edvel nacional&#8221;.Os clientes com bilhetes para viajar em comboios alfa pendular, intercidades, interegional e regional podem pedir o reembolso do valor total ou a sua revalida\u00e7\u00e3o, sem custos.&#8221;A CP lamenta os inc\u00f3modos causados aos seus clientes, recomendando a obten\u00e7\u00e3o de informa\u00e7\u00e3o sobre o estado da circula\u00e7\u00e3o de comboios atrav\u00e9s do contacto com os canais de informa\u00e7\u00e3o da empresa&#8221;, notou.Os trabalhadores do setor ferrovi\u00e1rio v\u00e3o estar em greve \u00e0s horas extra a partir de segunda-feira e at\u00e9 17 de maio, reivindicando a valoriza\u00e7\u00e3o dos sal\u00e1rios e melhores condi\u00e7\u00f5es de vida.Em 19 de abril, o Sindicato Nacional dos Trabalhadores do Setor Ferrovi\u00e1rio (SNTSF), afeto \u00e0 CGTP, entregou um pr\u00e9-aviso de greve ao trabalho extraordin\u00e1rio entre as 00:00 da pr\u00f3xima segunda-feira e as 24:00 do dia 17 de maio.A estrutura sindical adiantou, em comunicado, que esta foi &#8220;uma das formas de luta discutidas nos contactos e plen\u00e1rios que se t\u00eam realizado&#8221;, nos quais os trabalhadores t\u00eam sido esclarecidos e mobilizados a dar resposta &#8220;\u00e0 falta de propostas concretas&#8221; do Governo e da CP.Na mesma nota, o sindicato acusou a administra\u00e7\u00e3o da CP e o executivo de realizarem &#8220;manobras de divers\u00e3o em negocia\u00e7\u00f5es onde impera a chantagem e intransig\u00eancia&#8221;, ap\u00f3s a entrega do caderno reivindicativo, que prev\u00ea a revis\u00e3o do acordo da empresa (AE), o &#8220;aumento das cl\u00e1usulas de express\u00e3o pecuni\u00e1ria&#8221; e a subida dos sal\u00e1rios.<br \/>\n<br \/>\n<!--noindex--><br \/>\n<a href=\"http:\/\/feeds.jn.pt\/~r\/JN-ECONOMIA\/~3\/LuPE81z0j9s\/cp-alerta-para-possiveis-atrasos-e-supressoes-a-partir-de-segunda-feira-devido-a-greve-13631922.html\" rel=\"nofollow\">Source link <\/a><br \/>\n<!--\/noindex--><\/p>\n","protected":false},"excerpt":{"rendered":"<p>JN\/Ag\u00eanciasOntem\u00a0\u00e0s\u00a018:09A CP alertou esta sexta-feira para a possibilidade de ocorr\u00eancia de &#8220;atrasos e supress\u00f5es&#8221; face \u00e0 greve dos trabalhadores \u00e0s horas extraordin\u00e1rias, entre segunda-feira e 17 de maio, apesar de prever realizar a &#8220;larga maioria&#8221; dos comboios.&#8221;A CP &#8211; Comboios de Portugal informa que, por motivo de greve convocada por uma organiza\u00e7\u00e3o sindical, podem ocorrer [&hellip;]<\/p>\n","protected":false},"author":2,"featured_media":3553,"comment_status":"open","ping_status":"open","sticky":false,"template":"","format":"standard","meta":{"footnotes":""},"categories":[1],"tags":[],"class_list":["post-3552","post","type-post","status-publish","format-standard","has-post-thumbnail","hentry","category-ultimas-noticias-financeiras"],"yoast_head":"<!-- This site is optimized with the Yoast SEO plugin v27.4 - https:\/\/yoast.com\/product\/yoast-seo-wordpress\/ -->\n<title>CP alerta para poss\u00edveis \u2033atrasos e supress\u00f5es\u2033 a partir de segunda-feira devido \u00e0 greve - Hot News in World<\/title>\n<meta name=\"robots\" content=\"index, follow, max-snippet:-1, max-image-preview:large, max-video-preview:-1\" \/>\n<link rel=\"canonical\" href=\"https:\/\/hotnewsinworld.com\/pt\/cp-alerta-para-possiveis-\u2033atrasos-e-supressoes\u2033-a-partir-de-segunda-feira-devido-a-greve\/\" \/>\n<meta property=\"og:locale\" content=\"pt_PT\" \/>\n<meta property=\"og:type\" content=\"article\" \/>\n<meta property=\"og:title\" content=\"CP alerta para poss\u00edveis \u2033atrasos e supress\u00f5es\u2033 a partir de segunda-feira devido \u00e0 greve - Hot News in World\" \/>\n<meta property=\"og:description\" content=\"JN\/Ag\u00eanciasOntem\u00a0\u00e0s\u00a018:09A CP alertou esta sexta-feira para a possibilidade de ocorr\u00eancia de &#8220;atrasos e supress\u00f5es&#8221; face \u00e0 greve dos trabalhadores \u00e0s horas extraordin\u00e1rias, entre segunda-feira e 17 de maio, apesar de prever realizar a &#8220;larga maioria&#8221; dos comboios.&#8221;A CP &#8211; Comboios de Portugal informa que, por motivo de greve convocada por uma organiza\u00e7\u00e3o sindical, podem ocorrer [&hellip;]\" \/>\n<meta property=\"og:url\" content=\"https:\/\/hotnewsinworld.com\/pt\/cp-alerta-para-possiveis-\u2033atrasos-e-supressoes\u2033-a-partir-de-segunda-feira-devido-a-greve\/\" \/>\n<meta property=\"og:site_name\" content=\"Hot News in World\" \/>\n<meta property=\"article:published_time\" content=\"2021-05-01T10:57:09+00:00\" \/>\n<meta property=\"article:modified_time\" content=\"2021-05-01T10:57:13+00:00\" \/>\n<meta property=\"og:image\" content=\"https:\/\/hotnewsinworld.com\/pt\/wp-content\/uploads\/sites\/2\/2021\/05\/CP-alerta-para-possiveis-\u2033atrasos-e-supressoes\u2033-a-partir-de.jpg\" \/>\n\t<meta property=\"og:image:width\" content=\"800\" \/>\n\t<meta property=\"og:image:height\" content=\"420\" \/>\n\t<meta property=\"og:image:type\" content=\"image\/jpeg\" \/>\n<meta name=\"author\" content=\"hotnewsinworld\" \/>\n<meta name=\"twitter:card\" content=\"summary_large_image\" \/>\n<meta name=\"twitter:label1\" content=\"Escrito por\" \/>\n\t<meta name=\"twitter:data1\" content=\"hotnewsinworld\" \/>\n\t<meta name=\"twitter:label2\" content=\"Tempo estimado de leitura\" \/>\n\t<meta name=\"twitter:data2\" content=\"2 minutos\" \/>\n<script type=\"application\/ld+json\" class=\"yoast-schema-graph\">{\"@context\":\"https:\\\/\\\/schema.org\",\"@graph\":[{\"@type\":\"Article\",\"@id\":\"https:\\\/\\\/hotnewsinworld.com\\\/pt\\\/cp-alerta-para-possiveis-%e2%80%b3atrasos-e-supressoes%e2%80%b3-a-partir-de-segunda-feira-devido-a-greve\\\/#article\",\"isPartOf\":{\"@id\":\"https:\\\/\\\/hotnewsinworld.com\\\/pt\\\/cp-alerta-para-possiveis-%e2%80%b3atrasos-e-supressoes%e2%80%b3-a-partir-de-segunda-feira-devido-a-greve\\\/\"},\"author\":{\"name\":\"hotnewsinworld\",\"@id\":\"https:\\\/\\\/hotnewsinworld.com\\\/pt\\\/#\\\/schema\\\/person\\\/fe61448b21c0d59086e75fcc1f9d8f6b\"},\"headline\":\"CP alerta para poss\u00edveis \u2033atrasos e supress\u00f5es\u2033 a partir de segunda-feira devido \u00e0 greve\",\"datePublished\":\"2021-05-01T10:57:09+00:00\",\"dateModified\":\"2021-05-01T10:57:13+00:00\",\"mainEntityOfPage\":{\"@id\":\"https:\\\/\\\/hotnewsinworld.com\\\/pt\\\/cp-alerta-para-possiveis-%e2%80%b3atrasos-e-supressoes%e2%80%b3-a-partir-de-segunda-feira-devido-a-greve\\\/\"},\"wordCount\":377,\"commentCount\":0,\"image\":{\"@id\":\"https:\\\/\\\/hotnewsinworld.com\\\/pt\\\/cp-alerta-para-possiveis-%e2%80%b3atrasos-e-supressoes%e2%80%b3-a-partir-de-segunda-feira-devido-a-greve\\\/#primaryimage\"},\"thumbnailUrl\":\"https:\\\/\\\/hotnewsinworld.com\\\/pt\\\/wp-content\\\/uploads\\\/sites\\\/2\\\/2021\\\/05\\\/CP-alerta-para-possiveis-\u2033atrasos-e-supressoes\u2033-a-partir-de.jpg\",\"articleSection\":[\"\u00daLTIMAS NOT\u00cdCIAS FINANCEIRAS\"],\"inLanguage\":\"pt-PT\",\"potentialAction\":[{\"@type\":\"CommentAction\",\"name\":\"Comment\",\"target\":[\"https:\\\/\\\/hotnewsinworld.com\\\/pt\\\/cp-alerta-para-possiveis-%e2%80%b3atrasos-e-supressoes%e2%80%b3-a-partir-de-segunda-feira-devido-a-greve\\\/#respond\"]}]},{\"@type\":\"WebPage\",\"@id\":\"https:\\\/\\\/hotnewsinworld.com\\\/pt\\\/cp-alerta-para-possiveis-%e2%80%b3atrasos-e-supressoes%e2%80%b3-a-partir-de-segunda-feira-devido-a-greve\\\/\",\"url\":\"https:\\\/\\\/hotnewsinworld.com\\\/pt\\\/cp-alerta-para-possiveis-%e2%80%b3atrasos-e-supressoes%e2%80%b3-a-partir-de-segunda-feira-devido-a-greve\\\/\",\"name\":\"CP alerta para poss\u00edveis \u2033atrasos e supress\u00f5es\u2033 a partir de segunda-feira devido \u00e0 greve - Hot News in World\",\"isPartOf\":{\"@id\":\"https:\\\/\\\/hotnewsinworld.com\\\/pt\\\/#website\"},\"primaryImageOfPage\":{\"@id\":\"https:\\\/\\\/hotnewsinworld.com\\\/pt\\\/cp-alerta-para-possiveis-%e2%80%b3atrasos-e-supressoes%e2%80%b3-a-partir-de-segunda-feira-devido-a-greve\\\/#primaryimage\"},\"image\":{\"@id\":\"https:\\\/\\\/hotnewsinworld.com\\\/pt\\\/cp-alerta-para-possiveis-%e2%80%b3atrasos-e-supressoes%e2%80%b3-a-partir-de-segunda-feira-devido-a-greve\\\/#primaryimage\"},\"thumbnailUrl\":\"https:\\\/\\\/hotnewsinworld.com\\\/pt\\\/wp-content\\\/uploads\\\/sites\\\/2\\\/2021\\\/05\\\/CP-alerta-para-possiveis-\u2033atrasos-e-supressoes\u2033-a-partir-de.jpg\",\"datePublished\":\"2021-05-01T10:57:09+00:00\",\"dateModified\":\"2021-05-01T10:57:13+00:00\",\"author\":{\"@id\":\"https:\\\/\\\/hotnewsinworld.com\\\/pt\\\/#\\\/schema\\\/person\\\/fe61448b21c0d59086e75fcc1f9d8f6b\"},\"breadcrumb\":{\"@id\":\"https:\\\/\\\/hotnewsinworld.com\\\/pt\\\/cp-alerta-para-possiveis-%e2%80%b3atrasos-e-supressoes%e2%80%b3-a-partir-de-segunda-feira-devido-a-greve\\\/#breadcrumb\"},\"inLanguage\":\"pt-PT\",\"potentialAction\":[{\"@type\":\"ReadAction\",\"target\":[\"https:\\\/\\\/hotnewsinworld.com\\\/pt\\\/cp-alerta-para-possiveis-%e2%80%b3atrasos-e-supressoes%e2%80%b3-a-partir-de-segunda-feira-devido-a-greve\\\/\"]}]},{\"@type\":\"ImageObject\",\"inLanguage\":\"pt-PT\",\"@id\":\"https:\\\/\\\/hotnewsinworld.com\\\/pt\\\/cp-alerta-para-possiveis-%e2%80%b3atrasos-e-supressoes%e2%80%b3-a-partir-de-segunda-feira-devido-a-greve\\\/#primaryimage\",\"url\":\"https:\\\/\\\/hotnewsinworld.com\\\/pt\\\/wp-content\\\/uploads\\\/sites\\\/2\\\/2021\\\/05\\\/CP-alerta-para-possiveis-\u2033atrasos-e-supressoes\u2033-a-partir-de.jpg\",\"contentUrl\":\"https:\\\/\\\/hotnewsinworld.com\\\/pt\\\/wp-content\\\/uploads\\\/sites\\\/2\\\/2021\\\/05\\\/CP-alerta-para-possiveis-\u2033atrasos-e-supressoes\u2033-a-partir-de.jpg\",\"width\":800,\"height\":420,\"caption\":\"CP alerta para poss\u00edveis \u2033atrasos e supress\u00f5es\u2033 a partir de segunda-feira devido \u00e0 greve\"},{\"@type\":\"BreadcrumbList\",\"@id\":\"https:\\\/\\\/hotnewsinworld.com\\\/pt\\\/cp-alerta-para-possiveis-%e2%80%b3atrasos-e-supressoes%e2%80%b3-a-partir-de-segunda-feira-devido-a-greve\\\/#breadcrumb\",\"itemListElement\":[{\"@type\":\"ListItem\",\"position\":1,\"name\":\"\u0413\u043b\u0430\u0432\u043d\u0430\u044f \u0441\u0442\u0440\u0430\u043d\u0438\u0446\u0430\",\"item\":\"https:\\\/\\\/hotnewsinworld.com\\\/pt\\\/\"},{\"@type\":\"ListItem\",\"position\":2,\"name\":\"CP alerta para poss\u00edveis \u2033atrasos e supress\u00f5es\u2033 a partir de segunda-feira devido \u00e0 greve\"}]},{\"@type\":\"WebSite\",\"@id\":\"https:\\\/\\\/hotnewsinworld.com\\\/pt\\\/#website\",\"url\":\"https:\\\/\\\/hotnewsinworld.com\\\/pt\\\/\",\"name\":\"Hot News in World\",\"description\":\"Hot News in World Portugal\",\"potentialAction\":[{\"@type\":\"SearchAction\",\"target\":{\"@type\":\"EntryPoint\",\"urlTemplate\":\"https:\\\/\\\/hotnewsinworld.com\\\/pt\\\/?s={search_term_string}\"},\"query-input\":{\"@type\":\"PropertyValueSpecification\",\"valueRequired\":true,\"valueName\":\"search_term_string\"}}],\"inLanguage\":\"pt-PT\"},{\"@type\":\"Person\",\"@id\":\"https:\\\/\\\/hotnewsinworld.com\\\/pt\\\/#\\\/schema\\\/person\\\/fe61448b21c0d59086e75fcc1f9d8f6b\",\"name\":\"hotnewsinworld\",\"image\":{\"@type\":\"ImageObject\",\"inLanguage\":\"pt-PT\",\"@id\":\"https:\\\/\\\/secure.gravatar.com\\\/avatar\\\/8a09ac165600ce2e1c38fe593c63928eb1e6e7ba5c5a907d67787c41b3d00c14?s=96&d=mm&r=g\",\"url\":\"https:\\\/\\\/secure.gravatar.com\\\/avatar\\\/8a09ac165600ce2e1c38fe593c63928eb1e6e7ba5c5a907d67787c41b3d00c14?s=96&d=mm&r=g\",\"contentUrl\":\"https:\\\/\\\/secure.gravatar.com\\\/avatar\\\/8a09ac165600ce2e1c38fe593c63928eb1e6e7ba5c5a907d67787c41b3d00c14?s=96&d=mm&r=g\",\"caption\":\"hotnewsinworld\"},\"url\":\"https:\\\/\\\/hotnewsinworld.com\\\/pt\\\/author\\\/pt\\\/\"}]}<\/script>\n<!-- \/ Yoast SEO plugin. -->","yoast_head_json":{"title":"CP alerta para poss\u00edveis \u2033atrasos e supress\u00f5es\u2033 a partir de segunda-feira devido \u00e0 greve - Hot News in World","robots":{"index":"index","follow":"follow","max-snippet":"max-snippet:-1","max-image-preview":"max-image-preview:large","max-video-preview":"max-video-preview:-1"},"canonical":"https:\/\/hotnewsinworld.com\/pt\/cp-alerta-para-possiveis-\u2033atrasos-e-supressoes\u2033-a-partir-de-segunda-feira-devido-a-greve\/","og_locale":"pt_PT","og_type":"article","og_title":"CP alerta para poss\u00edveis \u2033atrasos e supress\u00f5es\u2033 a partir de segunda-feira devido \u00e0 greve - Hot News in World","og_description":"JN\/Ag\u00eanciasOntem\u00a0\u00e0s\u00a018:09A CP alertou esta sexta-feira para a possibilidade de ocorr\u00eancia de &#8220;atrasos e supress\u00f5es&#8221; face \u00e0 greve dos trabalhadores \u00e0s horas extraordin\u00e1rias, entre segunda-feira e 17 de maio, apesar de prever realizar a &#8220;larga maioria&#8221; dos comboios.&#8221;A CP &#8211; Comboios de Portugal informa que, por motivo de greve convocada por uma organiza\u00e7\u00e3o sindical, podem ocorrer [&hellip;]","og_url":"https:\/\/hotnewsinworld.com\/pt\/cp-alerta-para-possiveis-\u2033atrasos-e-supressoes\u2033-a-partir-de-segunda-feira-devido-a-greve\/","og_site_name":"Hot News in World","article_published_time":"2021-05-01T10:57:09+00:00","article_modified_time":"2021-05-01T10:57:13+00:00","og_image":[{"width":800,"height":420,"url":"https:\/\/hotnewsinworld.com\/pt\/wp-content\/uploads\/sites\/2\/2021\/05\/CP-alerta-para-possiveis-\u2033atrasos-e-supressoes\u2033-a-partir-de.jpg","type":"image\/jpeg"}],"author":"hotnewsinworld","twitter_card":"summary_large_image","twitter_misc":{"Escrito por":"hotnewsinworld","Tempo estimado de leitura":"2 minutos"},"schema":{"@context":"https:\/\/schema.org","@graph":[{"@type":"Article","@id":"https:\/\/hotnewsinworld.com\/pt\/cp-alerta-para-possiveis-%e2%80%b3atrasos-e-supressoes%e2%80%b3-a-partir-de-segunda-feira-devido-a-greve\/#article","isPartOf":{"@id":"https:\/\/hotnewsinworld.com\/pt\/cp-alerta-para-possiveis-%e2%80%b3atrasos-e-supressoes%e2%80%b3-a-partir-de-segunda-feira-devido-a-greve\/"},"author":{"name":"hotnewsinworld","@id":"https:\/\/hotnewsinworld.com\/pt\/#\/schema\/person\/fe61448b21c0d59086e75fcc1f9d8f6b"},"headline":"CP alerta para poss\u00edveis \u2033atrasos e supress\u00f5es\u2033 a partir de segunda-feira devido \u00e0 greve","datePublished":"2021-05-01T10:57:09+00:00","dateModified":"2021-05-01T10:57:13+00:00","mainEntityOfPage":{"@id":"https:\/\/hotnewsinworld.com\/pt\/cp-alerta-para-possiveis-%e2%80%b3atrasos-e-supressoes%e2%80%b3-a-partir-de-segunda-feira-devido-a-greve\/"},"wordCount":377,"commentCount":0,"image":{"@id":"https:\/\/hotnewsinworld.com\/pt\/cp-alerta-para-possiveis-%e2%80%b3atrasos-e-supressoes%e2%80%b3-a-partir-de-segunda-feira-devido-a-greve\/#primaryimage"},"thumbnailUrl":"https:\/\/hotnewsinworld.com\/pt\/wp-content\/uploads\/sites\/2\/2021\/05\/CP-alerta-para-possiveis-\u2033atrasos-e-supressoes\u2033-a-partir-de.jpg","articleSection":["\u00daLTIMAS NOT\u00cdCIAS FINANCEIRAS"],"inLanguage":"pt-PT","potentialAction":[{"@type":"CommentAction","name":"Comment","target":["https:\/\/hotnewsinworld.com\/pt\/cp-alerta-para-possiveis-%e2%80%b3atrasos-e-supressoes%e2%80%b3-a-partir-de-segunda-feira-devido-a-greve\/#respond"]}]},{"@type":"WebPage","@id":"https:\/\/hotnewsinworld.com\/pt\/cp-alerta-para-possiveis-%e2%80%b3atrasos-e-supressoes%e2%80%b3-a-partir-de-segunda-feira-devido-a-greve\/","url":"https:\/\/hotnewsinworld.com\/pt\/cp-alerta-para-possiveis-%e2%80%b3atrasos-e-supressoes%e2%80%b3-a-partir-de-segunda-feira-devido-a-greve\/","name":"CP alerta para poss\u00edveis \u2033atrasos e supress\u00f5es\u2033 a partir de segunda-feira devido \u00e0 greve - Hot News in World","isPartOf":{"@id":"https:\/\/hotnewsinworld.com\/pt\/#website"},"primaryImageOfPage":{"@id":"https:\/\/hotnewsinworld.com\/pt\/cp-alerta-para-possiveis-%e2%80%b3atrasos-e-supressoes%e2%80%b3-a-partir-de-segunda-feira-devido-a-greve\/#primaryimage"},"image":{"@id":"https:\/\/hotnewsinworld.com\/pt\/cp-alerta-para-possiveis-%e2%80%b3atrasos-e-supressoes%e2%80%b3-a-partir-de-segunda-feira-devido-a-greve\/#primaryimage"},"thumbnailUrl":"https:\/\/hotnewsinworld.com\/pt\/wp-content\/uploads\/sites\/2\/2021\/05\/CP-alerta-para-possiveis-\u2033atrasos-e-supressoes\u2033-a-partir-de.jpg","datePublished":"2021-05-01T10:57:09+00:00","dateModified":"2021-05-01T10:57:13+00:00","author":{"@id":"https:\/\/hotnewsinworld.com\/pt\/#\/schema\/person\/fe61448b21c0d59086e75fcc1f9d8f6b"},"breadcrumb":{"@id":"https:\/\/hotnewsinworld.com\/pt\/cp-alerta-para-possiveis-%e2%80%b3atrasos-e-supressoes%e2%80%b3-a-partir-de-segunda-feira-devido-a-greve\/#breadcrumb"},"inLanguage":"pt-PT","potentialAction":[{"@type":"ReadAction","target":["https:\/\/hotnewsinworld.com\/pt\/cp-alerta-para-possiveis-%e2%80%b3atrasos-e-supressoes%e2%80%b3-a-partir-de-segunda-feira-devido-a-greve\/"]}]},{"@type":"ImageObject","inLanguage":"pt-PT","@id":"https:\/\/hotnewsinworld.com\/pt\/cp-alerta-para-possiveis-%e2%80%b3atrasos-e-supressoes%e2%80%b3-a-partir-de-segunda-feira-devido-a-greve\/#primaryimage","url":"https:\/\/hotnewsinworld.com\/pt\/wp-content\/uploads\/sites\/2\/2021\/05\/CP-alerta-para-possiveis-\u2033atrasos-e-supressoes\u2033-a-partir-de.jpg","contentUrl":"https:\/\/hotnewsinworld.com\/pt\/wp-content\/uploads\/sites\/2\/2021\/05\/CP-alerta-para-possiveis-\u2033atrasos-e-supressoes\u2033-a-partir-de.jpg","width":800,"height":420,"caption":"CP alerta para poss\u00edveis \u2033atrasos e supress\u00f5es\u2033 a partir de segunda-feira devido \u00e0 greve"},{"@type":"BreadcrumbList","@id":"https:\/\/hotnewsinworld.com\/pt\/cp-alerta-para-possiveis-%e2%80%b3atrasos-e-supressoes%e2%80%b3-a-partir-de-segunda-feira-devido-a-greve\/#breadcrumb","itemListElement":[{"@type":"ListItem","position":1,"name":"\u0413\u043b\u0430\u0432\u043d\u0430\u044f \u0441\u0442\u0440\u0430\u043d\u0438\u0446\u0430","item":"https:\/\/hotnewsinworld.com\/pt\/"},{"@type":"ListItem","position":2,"name":"CP alerta para poss\u00edveis \u2033atrasos e supress\u00f5es\u2033 a partir de segunda-feira devido \u00e0 greve"}]},{"@type":"WebSite","@id":"https:\/\/hotnewsinworld.com\/pt\/#website","url":"https:\/\/hotnewsinworld.com\/pt\/","name":"Hot News in World","description":"Hot News in World Portugal","potentialAction":[{"@type":"SearchAction","target":{"@type":"EntryPoint","urlTemplate":"https:\/\/hotnewsinworld.com\/pt\/?s={search_term_string}"},"query-input":{"@type":"PropertyValueSpecification","valueRequired":true,"valueName":"search_term_string"}}],"inLanguage":"pt-PT"},{"@type":"Person","@id":"https:\/\/hotnewsinworld.com\/pt\/#\/schema\/person\/fe61448b21c0d59086e75fcc1f9d8f6b","name":"hotnewsinworld","image":{"@type":"ImageObject","inLanguage":"pt-PT","@id":"https:\/\/secure.gravatar.com\/avatar\/8a09ac165600ce2e1c38fe593c63928eb1e6e7ba5c5a907d67787c41b3d00c14?s=96&d=mm&r=g","url":"https:\/\/secure.gravatar.com\/avatar\/8a09ac165600ce2e1c38fe593c63928eb1e6e7ba5c5a907d67787c41b3d00c14?s=96&d=mm&r=g","contentUrl":"https:\/\/secure.gravatar.com\/avatar\/8a09ac165600ce2e1c38fe593c63928eb1e6e7ba5c5a907d67787c41b3d00c14?s=96&d=mm&r=g","caption":"hotnewsinworld"},"url":"https:\/\/hotnewsinworld.com\/pt\/author\/pt\/"}]}},"_links":{"self":[{"href":"https:\/\/hotnewsinworld.com\/pt\/wp-json\/wp\/v2\/posts\/3552","targetHints":{"allow":["GET"]}}],"collection":[{"href":"https:\/\/hotnewsinworld.com\/pt\/wp-json\/wp\/v2\/posts"}],"about":[{"href":"https:\/\/hotnewsinworld.com\/pt\/wp-json\/wp\/v2\/types\/post"}],"author":[{"embeddable":true,"href":"https:\/\/hotnewsinworld.com\/pt\/wp-json\/wp\/v2\/users\/2"}],"replies":[{"embeddable":true,"href":"https:\/\/hotnewsinworld.com\/pt\/wp-json\/wp\/v2\/comments?post=3552"}],"version-history":[{"count":1,"href":"https:\/\/hotnewsinworld.com\/pt\/wp-json\/wp\/v2\/posts\/3552\/revisions"}],"predecessor-version":[{"id":3554,"href":"https:\/\/hotnewsinworld.com\/pt\/wp-json\/wp\/v2\/posts\/3552\/revisions\/3554"}],"wp:featuredmedia":[{"embeddable":true,"href":"https:\/\/hotnewsinworld.com\/pt\/wp-json\/wp\/v2\/media\/3553"}],"wp:attachment":[{"href":"https:\/\/hotnewsinworld.com\/pt\/wp-json\/wp\/v2\/media?parent=3552"}],"wp:term":[{"taxonomy":"category","embeddable":true,"href":"https:\/\/hotnewsinworld.com\/pt\/wp-json\/wp\/v2\/categories?post=3552"},{"taxonomy":"post_tag","embeddable":true,"href":"https:\/\/hotnewsinworld.com\/pt\/wp-json\/wp\/v2\/tags?post=3552"}],"curies":[{"name":"wp","href":"https:\/\/api.w.org\/{rel}","templated":true}]}}