{"id":3591,"date":"2021-05-08T03:44:51","date_gmt":"2021-05-08T00:44:51","guid":{"rendered":"https:\/\/hotnewsinworld.com\/pt\/presidente-da-republica-promulga-compensacao-as-empresas-por-subida-do-salario-minimo\/"},"modified":"2021-05-08T03:44:53","modified_gmt":"2021-05-08T00:44:53","slug":"presidente-da-republica-promulga-compensacao-as-empresas-por-subida-do-salario-minimo","status":"publish","type":"post","link":"https:\/\/hotnewsinworld.com\/pt\/presidente-da-republica-promulga-compensacao-as-empresas-por-subida-do-salario-minimo\/","title":{"rendered":"Presidente da Rep\u00fablica promulga compensa\u00e7\u00e3o \u00e0s empresas por subida do sal\u00e1rio m\u00ednimo"},"content":{"rendered":"<p>JN\/Ag\u00eanciasHoje\u00a0\u00e0s\u00a001:01O Presidente da Rep\u00fablica promulgou na sexta-feira o decreto-lei do Governo que cria uma medida excecional de compensa\u00e7\u00e3o \u00e0s entidades empregadoras pela subida do sal\u00e1rio m\u00ednimo nacional.Marcelo Rebelo de Sousa promulgou este diploma &#8220;atendendo, por um lado, ao consenso existente quanto \u00e0 justi\u00e7a de ir elevando o sal\u00e1rio m\u00ednimo nacional, e, por outro lado, \u00e0 situa\u00e7\u00e3o invocada pelo setor empresarial, n\u00e3o obstante as repercuss\u00f5es para o universo dos que pagam impostos&#8221;, l\u00ea-se numa nota publicada no s\u00edtio oficial da Presid\u00eancia da Rep\u00fablica na Internet.Em janeiro deste ano, o sal\u00e1rio m\u00ednimo nacional aumentou 30 euros, passando a ser de 665 euros.O decreto-lei agora promulgado foi aprovado em Conselho de Ministros no dia 29 de abril.Segundo o comunicado dessa reuni\u00e3o do Conselho de Ministros, este diploma &#8220;cria uma medida excecional de compensa\u00e7\u00e3o das entidades empregadoras, face ao aumento do valor da retribui\u00e7\u00e3o m\u00ednima mensal garantida (RMMG), atrav\u00e9s da atribui\u00e7\u00e3o de um subs\u00eddio pecuni\u00e1rio&#8221;.&#8221;Esta medida sublinha a import\u00e2ncia que o aumento do valor da RMMG assume na promo\u00e7\u00e3o de um trabalho mais digno e na promo\u00e7\u00e3o do crescimento, sem descurar o peso financeiro que tal representa na atual conjuntura econ\u00f3mica para as empresas&#8221;, afirma o Governo, nesse comunicado.Tamb\u00e9m na sexta-feira, o Presidente da Rep\u00fablica promulgou o diploma que altera o regime de apoio extraordin\u00e1rio \u00e0 retoma progressiva em empresas em situa\u00e7\u00e3o de crise empresarial com redu\u00e7\u00e3o tempor\u00e1ria do per\u00edodo normal de trabalho.Este decreto-lei foi aprovado igualmente em 29 de abril, &#8220;atendendo ao atual contexto pand\u00e9mico, e no seguimento da retoma gradual e faseada das atividades econ\u00f3micas&#8221;, de acordo com o comunicado do Conselho de Ministros.Na mesma nota divulgada no s\u00edtio oficial da Presid\u00eancia da Rep\u00fablica na Internet, l\u00ea-se ainda que Marcelo Rebelo de Sousa promulgou o diploma do Governo que procede \u00e0 aprova\u00e7\u00e3o do regime do procedimento de injun\u00e7\u00e3o em mat\u00e9ria de arrendamento e o diploma que cria o Hospital de Vila Franca de Xira, E.P.E..Em rela\u00e7\u00e3o a este \u00faltimo diploma, o chefe de Estado decidiu promulg\u00e1-lo &#8220;atendendo \u00e0 cessa\u00e7\u00e3o da PPP e \u00e0 necessidade de estabelecer um per\u00edodo transit\u00f3rio de um ano no dom\u00ednio da contrata\u00e7\u00e3o por ajuste direto&#8221;. Quanto ao primeiro, teve em conta &#8220;que as solu\u00e7\u00f5es mais controvertidas seguem as disposi\u00e7\u00f5es do NRAU [Novo Regime do Arrendamento Urbano], aprovado pela Lei n.\u00ba 6\/2006, de 27 de fevereiro&#8221;.Durante o processo de negocia\u00e7\u00e3o com os parceiros para a fixa\u00e7\u00e3o do sal\u00e1rio m\u00ednimo nacional em 2021, o Governo referiu que seria criada uma medida para devolver \u00e0s empresas uma parte do acr\u00e9scimo de encargos com a Taxa Social \u00danica (TSU) que a subida do sal\u00e1rio m\u00ednimo implica &#8211; que no caso dos 30 euros se traduz em 7,13 euros mensais.Em 9 de dezembro do ano passado, o ministro de Estado e da Economia, Pedro Siza Vieira, anunciou que o Governo pretendia devolver \u00e0s empresas em 2021 uma parte TSU correspondente ao aumento de encargos pelo crescimento de 30 euros do sal\u00e1rio m\u00ednimo nacional.Posteriormente, em 22 de dezembro, no final da reuni\u00e3o do Conselho de Ministros que aprovou a subida do sal\u00e1rio m\u00ednimo, o secret\u00e1rio de Estado da Seguran\u00e7a Social, Gabriel Bastos, referindo-se \u00e0 medida anunciada pelo ministro da Economia, disse ser inten\u00e7\u00e3o do Governo que esse apoio pudesse &#8220;ser pago de uma s\u00f3 vez durante o primeiro semestre de 2021&#8221;.O Governo tem como objetivo que o sal\u00e1rio m\u00ednimo nacional atinja os 750 euros no final da legislatura.<br \/>\n<br \/>\n<!--noindex--><br \/>\n<a href=\"http:\/\/feeds.jn.pt\/~r\/JN-ECONOMIA\/~3\/D8dG30Bcqi0\/presidente-da-republica-promulga-compensacao-as-empresas-por-subida-do-salario-minimo-13698228.html\" rel=\"nofollow\">Source link <\/a><br \/>\n<!--\/noindex--><\/p>\n","protected":false},"excerpt":{"rendered":"<p>JN\/Ag\u00eanciasHoje\u00a0\u00e0s\u00a001:01O Presidente da Rep\u00fablica promulgou na sexta-feira o decreto-lei do Governo que cria uma medida excecional de compensa\u00e7\u00e3o \u00e0s entidades empregadoras pela subida do sal\u00e1rio m\u00ednimo nacional.Marcelo Rebelo de Sousa promulgou este diploma &#8220;atendendo, por um lado, ao consenso existente quanto \u00e0 justi\u00e7a de ir elevando o sal\u00e1rio m\u00ednimo nacional, e, por outro lado, \u00e0 [&hellip;]<\/p>\n","protected":false},"author":2,"featured_media":3592,"comment_status":"open","ping_status":"open","sticky":false,"template":"","format":"standard","meta":{"footnotes":""},"categories":[1],"tags":[],"class_list":["post-3591","post","type-post","status-publish","format-standard","has-post-thumbnail","hentry","category-ultimas-noticias-financeiras"],"yoast_head":"<!-- This site is optimized with the Yoast SEO plugin v27.4 - https:\/\/yoast.com\/product\/yoast-seo-wordpress\/ -->\n<title>Presidente da Rep\u00fablica promulga compensa\u00e7\u00e3o \u00e0s empresas por subida do sal\u00e1rio m\u00ednimo - Hot News in World<\/title>\n<meta name=\"robots\" content=\"index, follow, max-snippet:-1, max-image-preview:large, max-video-preview:-1\" \/>\n<link rel=\"canonical\" href=\"https:\/\/hotnewsinworld.com\/pt\/presidente-da-republica-promulga-compensacao-as-empresas-por-subida-do-salario-minimo\/\" \/>\n<meta property=\"og:locale\" content=\"pt_PT\" \/>\n<meta property=\"og:type\" content=\"article\" \/>\n<meta property=\"og:title\" content=\"Presidente da Rep\u00fablica promulga compensa\u00e7\u00e3o \u00e0s empresas por subida do sal\u00e1rio m\u00ednimo - Hot News in World\" \/>\n<meta property=\"og:description\" content=\"JN\/Ag\u00eanciasHoje\u00a0\u00e0s\u00a001:01O Presidente da Rep\u00fablica promulgou na sexta-feira o decreto-lei do Governo que cria uma medida excecional de compensa\u00e7\u00e3o \u00e0s entidades empregadoras pela subida do sal\u00e1rio m\u00ednimo nacional.Marcelo Rebelo de Sousa promulgou este diploma &#8220;atendendo, por um lado, ao consenso existente quanto \u00e0 justi\u00e7a de ir elevando o sal\u00e1rio m\u00ednimo nacional, e, por outro lado, \u00e0 [&hellip;]\" \/>\n<meta property=\"og:url\" content=\"https:\/\/hotnewsinworld.com\/pt\/presidente-da-republica-promulga-compensacao-as-empresas-por-subida-do-salario-minimo\/\" \/>\n<meta property=\"og:site_name\" content=\"Hot News in World\" \/>\n<meta property=\"article:published_time\" content=\"2021-05-08T00:44:51+00:00\" \/>\n<meta property=\"article:modified_time\" content=\"2021-05-08T00:44:53+00:00\" \/>\n<meta property=\"og:image\" content=\"https:\/\/hotnewsinworld.com\/pt\/wp-content\/uploads\/sites\/2\/2021\/05\/Presidente-da-Republica-promulga-compensacao-as-empresas-por-subida-do.jpg\" \/>\n\t<meta property=\"og:image:width\" content=\"800\" \/>\n\t<meta property=\"og:image:height\" content=\"420\" \/>\n\t<meta property=\"og:image:type\" content=\"image\/jpeg\" \/>\n<meta name=\"author\" content=\"hotnewsinworld\" \/>\n<meta name=\"twitter:card\" content=\"summary_large_image\" \/>\n<meta name=\"twitter:label1\" content=\"Escrito por\" \/>\n\t<meta name=\"twitter:data1\" content=\"hotnewsinworld\" \/>\n\t<meta name=\"twitter:label2\" content=\"Tempo estimado de leitura\" \/>\n\t<meta name=\"twitter:data2\" content=\"3 minutos\" \/>\n<script type=\"application\/ld+json\" class=\"yoast-schema-graph\">{\"@context\":\"https:\\\/\\\/schema.org\",\"@graph\":[{\"@type\":\"Article\",\"@id\":\"https:\\\/\\\/hotnewsinworld.com\\\/pt\\\/presidente-da-republica-promulga-compensacao-as-empresas-por-subida-do-salario-minimo\\\/#article\",\"isPartOf\":{\"@id\":\"https:\\\/\\\/hotnewsinworld.com\\\/pt\\\/presidente-da-republica-promulga-compensacao-as-empresas-por-subida-do-salario-minimo\\\/\"},\"author\":{\"name\":\"hotnewsinworld\",\"@id\":\"https:\\\/\\\/hotnewsinworld.com\\\/pt\\\/#\\\/schema\\\/person\\\/fe61448b21c0d59086e75fcc1f9d8f6b\"},\"headline\":\"Presidente da Rep\u00fablica promulga compensa\u00e7\u00e3o \u00e0s empresas por subida do sal\u00e1rio m\u00ednimo\",\"datePublished\":\"2021-05-08T00:44:51+00:00\",\"dateModified\":\"2021-05-08T00:44:53+00:00\",\"mainEntityOfPage\":{\"@id\":\"https:\\\/\\\/hotnewsinworld.com\\\/pt\\\/presidente-da-republica-promulga-compensacao-as-empresas-por-subida-do-salario-minimo\\\/\"},\"wordCount\":639,\"commentCount\":0,\"image\":{\"@id\":\"https:\\\/\\\/hotnewsinworld.com\\\/pt\\\/presidente-da-republica-promulga-compensacao-as-empresas-por-subida-do-salario-minimo\\\/#primaryimage\"},\"thumbnailUrl\":\"https:\\\/\\\/hotnewsinworld.com\\\/pt\\\/wp-content\\\/uploads\\\/sites\\\/2\\\/2021\\\/05\\\/Presidente-da-Republica-promulga-compensacao-as-empresas-por-subida-do.jpg\",\"articleSection\":[\"\u00daLTIMAS NOT\u00cdCIAS FINANCEIRAS\"],\"inLanguage\":\"pt-PT\",\"potentialAction\":[{\"@type\":\"CommentAction\",\"name\":\"Comment\",\"target\":[\"https:\\\/\\\/hotnewsinworld.com\\\/pt\\\/presidente-da-republica-promulga-compensacao-as-empresas-por-subida-do-salario-minimo\\\/#respond\"]}]},{\"@type\":\"WebPage\",\"@id\":\"https:\\\/\\\/hotnewsinworld.com\\\/pt\\\/presidente-da-republica-promulga-compensacao-as-empresas-por-subida-do-salario-minimo\\\/\",\"url\":\"https:\\\/\\\/hotnewsinworld.com\\\/pt\\\/presidente-da-republica-promulga-compensacao-as-empresas-por-subida-do-salario-minimo\\\/\",\"name\":\"Presidente da Rep\u00fablica promulga compensa\u00e7\u00e3o \u00e0s empresas por subida do sal\u00e1rio m\u00ednimo - Hot News in World\",\"isPartOf\":{\"@id\":\"https:\\\/\\\/hotnewsinworld.com\\\/pt\\\/#website\"},\"primaryImageOfPage\":{\"@id\":\"https:\\\/\\\/hotnewsinworld.com\\\/pt\\\/presidente-da-republica-promulga-compensacao-as-empresas-por-subida-do-salario-minimo\\\/#primaryimage\"},\"image\":{\"@id\":\"https:\\\/\\\/hotnewsinworld.com\\\/pt\\\/presidente-da-republica-promulga-compensacao-as-empresas-por-subida-do-salario-minimo\\\/#primaryimage\"},\"thumbnailUrl\":\"https:\\\/\\\/hotnewsinworld.com\\\/pt\\\/wp-content\\\/uploads\\\/sites\\\/2\\\/2021\\\/05\\\/Presidente-da-Republica-promulga-compensacao-as-empresas-por-subida-do.jpg\",\"datePublished\":\"2021-05-08T00:44:51+00:00\",\"dateModified\":\"2021-05-08T00:44:53+00:00\",\"author\":{\"@id\":\"https:\\\/\\\/hotnewsinworld.com\\\/pt\\\/#\\\/schema\\\/person\\\/fe61448b21c0d59086e75fcc1f9d8f6b\"},\"breadcrumb\":{\"@id\":\"https:\\\/\\\/hotnewsinworld.com\\\/pt\\\/presidente-da-republica-promulga-compensacao-as-empresas-por-subida-do-salario-minimo\\\/#breadcrumb\"},\"inLanguage\":\"pt-PT\",\"potentialAction\":[{\"@type\":\"ReadAction\",\"target\":[\"https:\\\/\\\/hotnewsinworld.com\\\/pt\\\/presidente-da-republica-promulga-compensacao-as-empresas-por-subida-do-salario-minimo\\\/\"]}]},{\"@type\":\"ImageObject\",\"inLanguage\":\"pt-PT\",\"@id\":\"https:\\\/\\\/hotnewsinworld.com\\\/pt\\\/presidente-da-republica-promulga-compensacao-as-empresas-por-subida-do-salario-minimo\\\/#primaryimage\",\"url\":\"https:\\\/\\\/hotnewsinworld.com\\\/pt\\\/wp-content\\\/uploads\\\/sites\\\/2\\\/2021\\\/05\\\/Presidente-da-Republica-promulga-compensacao-as-empresas-por-subida-do.jpg\",\"contentUrl\":\"https:\\\/\\\/hotnewsinworld.com\\\/pt\\\/wp-content\\\/uploads\\\/sites\\\/2\\\/2021\\\/05\\\/Presidente-da-Republica-promulga-compensacao-as-empresas-por-subida-do.jpg\",\"width\":800,\"height\":420,\"caption\":\"Presidente da Rep\u00fablica promulga compensa\u00e7\u00e3o \u00e0s empresas por subida do sal\u00e1rio m\u00ednimo\"},{\"@type\":\"BreadcrumbList\",\"@id\":\"https:\\\/\\\/hotnewsinworld.com\\\/pt\\\/presidente-da-republica-promulga-compensacao-as-empresas-por-subida-do-salario-minimo\\\/#breadcrumb\",\"itemListElement\":[{\"@type\":\"ListItem\",\"position\":1,\"name\":\"\u0413\u043b\u0430\u0432\u043d\u0430\u044f \u0441\u0442\u0440\u0430\u043d\u0438\u0446\u0430\",\"item\":\"https:\\\/\\\/hotnewsinworld.com\\\/pt\\\/\"},{\"@type\":\"ListItem\",\"position\":2,\"name\":\"Presidente da Rep\u00fablica promulga compensa\u00e7\u00e3o \u00e0s empresas por subida do sal\u00e1rio m\u00ednimo\"}]},{\"@type\":\"WebSite\",\"@id\":\"https:\\\/\\\/hotnewsinworld.com\\\/pt\\\/#website\",\"url\":\"https:\\\/\\\/hotnewsinworld.com\\\/pt\\\/\",\"name\":\"Hot News in World\",\"description\":\"Hot News in World Portugal\",\"potentialAction\":[{\"@type\":\"SearchAction\",\"target\":{\"@type\":\"EntryPoint\",\"urlTemplate\":\"https:\\\/\\\/hotnewsinworld.com\\\/pt\\\/?s={search_term_string}\"},\"query-input\":{\"@type\":\"PropertyValueSpecification\",\"valueRequired\":true,\"valueName\":\"search_term_string\"}}],\"inLanguage\":\"pt-PT\"},{\"@type\":\"Person\",\"@id\":\"https:\\\/\\\/hotnewsinworld.com\\\/pt\\\/#\\\/schema\\\/person\\\/fe61448b21c0d59086e75fcc1f9d8f6b\",\"name\":\"hotnewsinworld\",\"image\":{\"@type\":\"ImageObject\",\"inLanguage\":\"pt-PT\",\"@id\":\"https:\\\/\\\/secure.gravatar.com\\\/avatar\\\/8a09ac165600ce2e1c38fe593c63928eb1e6e7ba5c5a907d67787c41b3d00c14?s=96&d=mm&r=g\",\"url\":\"https:\\\/\\\/secure.gravatar.com\\\/avatar\\\/8a09ac165600ce2e1c38fe593c63928eb1e6e7ba5c5a907d67787c41b3d00c14?s=96&d=mm&r=g\",\"contentUrl\":\"https:\\\/\\\/secure.gravatar.com\\\/avatar\\\/8a09ac165600ce2e1c38fe593c63928eb1e6e7ba5c5a907d67787c41b3d00c14?s=96&d=mm&r=g\",\"caption\":\"hotnewsinworld\"},\"url\":\"https:\\\/\\\/hotnewsinworld.com\\\/pt\\\/author\\\/pt\\\/\"}]}<\/script>\n<!-- \/ Yoast SEO plugin. -->","yoast_head_json":{"title":"Presidente da Rep\u00fablica promulga compensa\u00e7\u00e3o \u00e0s empresas por subida do sal\u00e1rio m\u00ednimo - Hot News in World","robots":{"index":"index","follow":"follow","max-snippet":"max-snippet:-1","max-image-preview":"max-image-preview:large","max-video-preview":"max-video-preview:-1"},"canonical":"https:\/\/hotnewsinworld.com\/pt\/presidente-da-republica-promulga-compensacao-as-empresas-por-subida-do-salario-minimo\/","og_locale":"pt_PT","og_type":"article","og_title":"Presidente da Rep\u00fablica promulga compensa\u00e7\u00e3o \u00e0s empresas por subida do sal\u00e1rio m\u00ednimo - Hot News in World","og_description":"JN\/Ag\u00eanciasHoje\u00a0\u00e0s\u00a001:01O Presidente da Rep\u00fablica promulgou na sexta-feira o decreto-lei do Governo que cria uma medida excecional de compensa\u00e7\u00e3o \u00e0s entidades empregadoras pela subida do sal\u00e1rio m\u00ednimo nacional.Marcelo Rebelo de Sousa promulgou este diploma &#8220;atendendo, por um lado, ao consenso existente quanto \u00e0 justi\u00e7a de ir elevando o sal\u00e1rio m\u00ednimo nacional, e, por outro lado, \u00e0 [&hellip;]","og_url":"https:\/\/hotnewsinworld.com\/pt\/presidente-da-republica-promulga-compensacao-as-empresas-por-subida-do-salario-minimo\/","og_site_name":"Hot News in World","article_published_time":"2021-05-08T00:44:51+00:00","article_modified_time":"2021-05-08T00:44:53+00:00","og_image":[{"width":800,"height":420,"url":"https:\/\/hotnewsinworld.com\/pt\/wp-content\/uploads\/sites\/2\/2021\/05\/Presidente-da-Republica-promulga-compensacao-as-empresas-por-subida-do.jpg","type":"image\/jpeg"}],"author":"hotnewsinworld","twitter_card":"summary_large_image","twitter_misc":{"Escrito por":"hotnewsinworld","Tempo estimado de leitura":"3 minutos"},"schema":{"@context":"https:\/\/schema.org","@graph":[{"@type":"Article","@id":"https:\/\/hotnewsinworld.com\/pt\/presidente-da-republica-promulga-compensacao-as-empresas-por-subida-do-salario-minimo\/#article","isPartOf":{"@id":"https:\/\/hotnewsinworld.com\/pt\/presidente-da-republica-promulga-compensacao-as-empresas-por-subida-do-salario-minimo\/"},"author":{"name":"hotnewsinworld","@id":"https:\/\/hotnewsinworld.com\/pt\/#\/schema\/person\/fe61448b21c0d59086e75fcc1f9d8f6b"},"headline":"Presidente da Rep\u00fablica promulga compensa\u00e7\u00e3o \u00e0s empresas por subida do sal\u00e1rio m\u00ednimo","datePublished":"2021-05-08T00:44:51+00:00","dateModified":"2021-05-08T00:44:53+00:00","mainEntityOfPage":{"@id":"https:\/\/hotnewsinworld.com\/pt\/presidente-da-republica-promulga-compensacao-as-empresas-por-subida-do-salario-minimo\/"},"wordCount":639,"commentCount":0,"image":{"@id":"https:\/\/hotnewsinworld.com\/pt\/presidente-da-republica-promulga-compensacao-as-empresas-por-subida-do-salario-minimo\/#primaryimage"},"thumbnailUrl":"https:\/\/hotnewsinworld.com\/pt\/wp-content\/uploads\/sites\/2\/2021\/05\/Presidente-da-Republica-promulga-compensacao-as-empresas-por-subida-do.jpg","articleSection":["\u00daLTIMAS NOT\u00cdCIAS FINANCEIRAS"],"inLanguage":"pt-PT","potentialAction":[{"@type":"CommentAction","name":"Comment","target":["https:\/\/hotnewsinworld.com\/pt\/presidente-da-republica-promulga-compensacao-as-empresas-por-subida-do-salario-minimo\/#respond"]}]},{"@type":"WebPage","@id":"https:\/\/hotnewsinworld.com\/pt\/presidente-da-republica-promulga-compensacao-as-empresas-por-subida-do-salario-minimo\/","url":"https:\/\/hotnewsinworld.com\/pt\/presidente-da-republica-promulga-compensacao-as-empresas-por-subida-do-salario-minimo\/","name":"Presidente da Rep\u00fablica promulga compensa\u00e7\u00e3o \u00e0s empresas por subida do sal\u00e1rio m\u00ednimo - Hot News in World","isPartOf":{"@id":"https:\/\/hotnewsinworld.com\/pt\/#website"},"primaryImageOfPage":{"@id":"https:\/\/hotnewsinworld.com\/pt\/presidente-da-republica-promulga-compensacao-as-empresas-por-subida-do-salario-minimo\/#primaryimage"},"image":{"@id":"https:\/\/hotnewsinworld.com\/pt\/presidente-da-republica-promulga-compensacao-as-empresas-por-subida-do-salario-minimo\/#primaryimage"},"thumbnailUrl":"https:\/\/hotnewsinworld.com\/pt\/wp-content\/uploads\/sites\/2\/2021\/05\/Presidente-da-Republica-promulga-compensacao-as-empresas-por-subida-do.jpg","datePublished":"2021-05-08T00:44:51+00:00","dateModified":"2021-05-08T00:44:53+00:00","author":{"@id":"https:\/\/hotnewsinworld.com\/pt\/#\/schema\/person\/fe61448b21c0d59086e75fcc1f9d8f6b"},"breadcrumb":{"@id":"https:\/\/hotnewsinworld.com\/pt\/presidente-da-republica-promulga-compensacao-as-empresas-por-subida-do-salario-minimo\/#breadcrumb"},"inLanguage":"pt-PT","potentialAction":[{"@type":"ReadAction","target":["https:\/\/hotnewsinworld.com\/pt\/presidente-da-republica-promulga-compensacao-as-empresas-por-subida-do-salario-minimo\/"]}]},{"@type":"ImageObject","inLanguage":"pt-PT","@id":"https:\/\/hotnewsinworld.com\/pt\/presidente-da-republica-promulga-compensacao-as-empresas-por-subida-do-salario-minimo\/#primaryimage","url":"https:\/\/hotnewsinworld.com\/pt\/wp-content\/uploads\/sites\/2\/2021\/05\/Presidente-da-Republica-promulga-compensacao-as-empresas-por-subida-do.jpg","contentUrl":"https:\/\/hotnewsinworld.com\/pt\/wp-content\/uploads\/sites\/2\/2021\/05\/Presidente-da-Republica-promulga-compensacao-as-empresas-por-subida-do.jpg","width":800,"height":420,"caption":"Presidente da Rep\u00fablica promulga compensa\u00e7\u00e3o \u00e0s empresas por subida do sal\u00e1rio m\u00ednimo"},{"@type":"BreadcrumbList","@id":"https:\/\/hotnewsinworld.com\/pt\/presidente-da-republica-promulga-compensacao-as-empresas-por-subida-do-salario-minimo\/#breadcrumb","itemListElement":[{"@type":"ListItem","position":1,"name":"\u0413\u043b\u0430\u0432\u043d\u0430\u044f \u0441\u0442\u0440\u0430\u043d\u0438\u0446\u0430","item":"https:\/\/hotnewsinworld.com\/pt\/"},{"@type":"ListItem","position":2,"name":"Presidente da Rep\u00fablica promulga compensa\u00e7\u00e3o \u00e0s empresas por subida do sal\u00e1rio m\u00ednimo"}]},{"@type":"WebSite","@id":"https:\/\/hotnewsinworld.com\/pt\/#website","url":"https:\/\/hotnewsinworld.com\/pt\/","name":"Hot News in World","description":"Hot News in World Portugal","potentialAction":[{"@type":"SearchAction","target":{"@type":"EntryPoint","urlTemplate":"https:\/\/hotnewsinworld.com\/pt\/?s={search_term_string}"},"query-input":{"@type":"PropertyValueSpecification","valueRequired":true,"valueName":"search_term_string"}}],"inLanguage":"pt-PT"},{"@type":"Person","@id":"https:\/\/hotnewsinworld.com\/pt\/#\/schema\/person\/fe61448b21c0d59086e75fcc1f9d8f6b","name":"hotnewsinworld","image":{"@type":"ImageObject","inLanguage":"pt-PT","@id":"https:\/\/secure.gravatar.com\/avatar\/8a09ac165600ce2e1c38fe593c63928eb1e6e7ba5c5a907d67787c41b3d00c14?s=96&d=mm&r=g","url":"https:\/\/secure.gravatar.com\/avatar\/8a09ac165600ce2e1c38fe593c63928eb1e6e7ba5c5a907d67787c41b3d00c14?s=96&d=mm&r=g","contentUrl":"https:\/\/secure.gravatar.com\/avatar\/8a09ac165600ce2e1c38fe593c63928eb1e6e7ba5c5a907d67787c41b3d00c14?s=96&d=mm&r=g","caption":"hotnewsinworld"},"url":"https:\/\/hotnewsinworld.com\/pt\/author\/pt\/"}]}},"_links":{"self":[{"href":"https:\/\/hotnewsinworld.com\/pt\/wp-json\/wp\/v2\/posts\/3591","targetHints":{"allow":["GET"]}}],"collection":[{"href":"https:\/\/hotnewsinworld.com\/pt\/wp-json\/wp\/v2\/posts"}],"about":[{"href":"https:\/\/hotnewsinworld.com\/pt\/wp-json\/wp\/v2\/types\/post"}],"author":[{"embeddable":true,"href":"https:\/\/hotnewsinworld.com\/pt\/wp-json\/wp\/v2\/users\/2"}],"replies":[{"embeddable":true,"href":"https:\/\/hotnewsinworld.com\/pt\/wp-json\/wp\/v2\/comments?post=3591"}],"version-history":[{"count":1,"href":"https:\/\/hotnewsinworld.com\/pt\/wp-json\/wp\/v2\/posts\/3591\/revisions"}],"predecessor-version":[{"id":3593,"href":"https:\/\/hotnewsinworld.com\/pt\/wp-json\/wp\/v2\/posts\/3591\/revisions\/3593"}],"wp:featuredmedia":[{"embeddable":true,"href":"https:\/\/hotnewsinworld.com\/pt\/wp-json\/wp\/v2\/media\/3592"}],"wp:attachment":[{"href":"https:\/\/hotnewsinworld.com\/pt\/wp-json\/wp\/v2\/media?parent=3591"}],"wp:term":[{"taxonomy":"category","embeddable":true,"href":"https:\/\/hotnewsinworld.com\/pt\/wp-json\/wp\/v2\/categories?post=3591"},{"taxonomy":"post_tag","embeddable":true,"href":"https:\/\/hotnewsinworld.com\/pt\/wp-json\/wp\/v2\/tags?post=3591"}],"curies":[{"name":"wp","href":"https:\/\/api.w.org\/{rel}","templated":true}]}}