{"id":3594,"date":"2021-05-08T15:47:06","date_gmt":"2021-05-08T12:47:06","guid":{"rendered":"https:\/\/hotnewsinworld.com\/pt\/19-359-agregados-pagaram-adicional-de-solidariedade-do-irs\/"},"modified":"2021-05-08T15:47:09","modified_gmt":"2021-05-08T12:47:09","slug":"19-359-agregados-pagaram-adicional-de-solidariedade-do-irs","status":"publish","type":"post","link":"https:\/\/hotnewsinworld.com\/pt\/19-359-agregados-pagaram-adicional-de-solidariedade-do-irs\/","title":{"rendered":"19.359 agregados pagaram adicional de solidariedade do IRS"},"content":{"rendered":"<p>JN\/Ag\u00eanciasHoje\u00a0\u00e0s\u00a009:36Entre o Continente e as regi\u00f5es aut\u00f3nomas dos A\u00e7ores e da Madeira s\u00e3o 19.359 os agregados com rendimento colet\u00e1vel acima dos 80 mil euros e que, por esse motivo, foram chamados a pagar taxa adicional de solidariedade do IRS.Em causa est\u00e1 uma taxa adicional de IRS de 2,5% aplic\u00e1vel ao rendimento colet\u00e1vel (depois de aplicada a dedu\u00e7\u00e3o espec\u00edfica ou, quando superiores, os descontos para a Seguran\u00e7a Social) superior a 80 mil euros e 5% na parte que supere os 250 mil euros anuais.De acordo com as estat\u00edsticas do IRS de 2019 (cuja declara\u00e7\u00e3o foi entregue em 2020), agora divulgadas pela Autoridade Tribut\u00e1ria e Aduaneira, foram 18.701 os agregados residentes no Continente que suportaram este adicional de solidariedade naquele ano, a que se somam 378 contribuintes dos A\u00e7ores e 280 da Madeira.Os mesmos dados &#8211; que pela primeira vez discriminam este tipo de informa\u00e7\u00e3o &#8211; indicam que em todas estas geografias se verifica uma tend\u00eancia de subida do n\u00famero de pessoas com rendimentos suscet\u00edveis de entrarem no raio de alcance desta taxa adicional do IRS de 2017 em diante.Dos 18.701 agregados do Continente que pagaram este adicional de solidariedade, a maior parte (17.413) enquadrou-se no primeiro escal\u00e3o, ou seja, foi tributado pela taxa de 2,5% que incide sobre rendimentos colet\u00e1veis superiores a 80 mil euros e at\u00e9 250 mil euros anuais.Nos a\u00e7ores, foram 372 os que pagaram os 2,5%, havendo seis agregados que passaram para o patamar seguinte, de 5%, enquanto na Madeira os n\u00fameros foram de, respetivamente, de 270 e 10.Relativamente ao montante total do imposto resultante da aplica\u00e7\u00e3o da taxa adicional, a AT assinala que o mesmo ascende a 37,7 milh\u00f5es de euros, sendo que 42,57% refere-se ao 1 .\u00ba escal\u00e3o e 57,43% ao 2 .\u00ba escal\u00e3o.Esta taxa adicional tem sofrido v\u00e1rios ajustamentos ao longo dos anos, \u00e0 semelhan\u00e7a do que tem sucedido com o n\u00famero e respetivos limites dos escal\u00f5es de rendimentos, bem como das taxas que lhes s\u00e3o aplic\u00e1veis.Lan\u00e7ada como medida tempor\u00e1ria, este adicional ganhou car\u00e1ter permanente com o Or\u00e7amento do Estado para 2012 (OE2012) a prever que da\u00ed em diante era aplicada uma taxa adicional de 2,5% ao quantitativo do rendimento colet\u00e1vel superior a 153.300 euros.Um ano depois, e na sequ\u00eancia da redu\u00e7\u00e3o do n\u00famero de escal\u00f5es ent\u00e3o observada, o OE2013 criou dois escal\u00f5es, determinando que &#8220;o quantitativo da parte do rendimento colet\u00e1vel que exceda 80.000 euros, quando superior a 250.000 euros, \u00e9 dividido em duas partes: uma, igual a 170.000 euros, \u00e0 qual se aplica a taxa de 2,5 %; outra, igual ao rendimento colet\u00e1vel que exceda 250.000 euros, \u00e0 qual se aplica a taxa de 5%&#8221;.<br \/>\n<br \/>\n<!--noindex--><br \/>\n<a href=\"http:\/\/feeds.jn.pt\/~r\/JN-ECONOMIA\/~3\/3cz8tl2R-aE\/19359-agregados-pagaram-adicional-de-solidariedade-do-irs-13698659.html\" rel=\"nofollow\">Source link <\/a><br \/>\n<!--\/noindex--><\/p>\n","protected":false},"excerpt":{"rendered":"<p>JN\/Ag\u00eanciasHoje\u00a0\u00e0s\u00a009:36Entre o Continente e as regi\u00f5es aut\u00f3nomas dos A\u00e7ores e da Madeira s\u00e3o 19.359 os agregados com rendimento colet\u00e1vel acima dos 80 mil euros e que, por esse motivo, foram chamados a pagar taxa adicional de solidariedade do IRS.Em causa est\u00e1 uma taxa adicional de IRS de 2,5% aplic\u00e1vel ao rendimento colet\u00e1vel (depois de aplicada [&hellip;]<\/p>\n","protected":false},"author":2,"featured_media":3595,"comment_status":"open","ping_status":"open","sticky":false,"template":"","format":"standard","meta":{"footnotes":""},"categories":[1],"tags":[],"class_list":["post-3594","post","type-post","status-publish","format-standard","has-post-thumbnail","hentry","category-ultimas-noticias-financeiras"],"yoast_head":"<!-- This site is optimized with the Yoast SEO plugin v27.4 - https:\/\/yoast.com\/product\/yoast-seo-wordpress\/ -->\n<title>19.359 agregados pagaram adicional de solidariedade do IRS - Hot News in World<\/title>\n<meta name=\"robots\" content=\"index, follow, max-snippet:-1, max-image-preview:large, max-video-preview:-1\" \/>\n<link rel=\"canonical\" href=\"https:\/\/hotnewsinworld.com\/pt\/19-359-agregados-pagaram-adicional-de-solidariedade-do-irs\/\" \/>\n<meta property=\"og:locale\" content=\"pt_PT\" \/>\n<meta property=\"og:type\" content=\"article\" \/>\n<meta property=\"og:title\" content=\"19.359 agregados pagaram adicional de solidariedade do IRS - Hot News in World\" \/>\n<meta property=\"og:description\" content=\"JN\/Ag\u00eanciasHoje\u00a0\u00e0s\u00a009:36Entre o Continente e as regi\u00f5es aut\u00f3nomas dos A\u00e7ores e da Madeira s\u00e3o 19.359 os agregados com rendimento colet\u00e1vel acima dos 80 mil euros e que, por esse motivo, foram chamados a pagar taxa adicional de solidariedade do IRS.Em causa est\u00e1 uma taxa adicional de IRS de 2,5% aplic\u00e1vel ao rendimento colet\u00e1vel (depois de aplicada [&hellip;]\" \/>\n<meta property=\"og:url\" content=\"https:\/\/hotnewsinworld.com\/pt\/19-359-agregados-pagaram-adicional-de-solidariedade-do-irs\/\" \/>\n<meta property=\"og:site_name\" content=\"Hot News in World\" \/>\n<meta property=\"article:published_time\" content=\"2021-05-08T12:47:06+00:00\" \/>\n<meta property=\"article:modified_time\" content=\"2021-05-08T12:47:09+00:00\" \/>\n<meta property=\"og:image\" content=\"https:\/\/hotnewsinworld.com\/pt\/wp-content\/uploads\/sites\/2\/2021\/05\/19359-agregados-pagaram-adicional-de-solidariedade-do-IRS.jpg\" \/>\n\t<meta property=\"og:image:width\" content=\"800\" \/>\n\t<meta property=\"og:image:height\" content=\"420\" \/>\n\t<meta property=\"og:image:type\" content=\"image\/jpeg\" \/>\n<meta name=\"author\" content=\"hotnewsinworld\" \/>\n<meta name=\"twitter:card\" content=\"summary_large_image\" \/>\n<meta name=\"twitter:label1\" content=\"Escrito por\" \/>\n\t<meta name=\"twitter:data1\" content=\"hotnewsinworld\" \/>\n\t<meta name=\"twitter:label2\" content=\"Tempo estimado de leitura\" \/>\n\t<meta name=\"twitter:data2\" content=\"2 minutos\" \/>\n<script type=\"application\/ld+json\" class=\"yoast-schema-graph\">{\"@context\":\"https:\\\/\\\/schema.org\",\"@graph\":[{\"@type\":\"Article\",\"@id\":\"https:\\\/\\\/hotnewsinworld.com\\\/pt\\\/19-359-agregados-pagaram-adicional-de-solidariedade-do-irs\\\/#article\",\"isPartOf\":{\"@id\":\"https:\\\/\\\/hotnewsinworld.com\\\/pt\\\/19-359-agregados-pagaram-adicional-de-solidariedade-do-irs\\\/\"},\"author\":{\"name\":\"hotnewsinworld\",\"@id\":\"https:\\\/\\\/hotnewsinworld.com\\\/pt\\\/#\\\/schema\\\/person\\\/fe61448b21c0d59086e75fcc1f9d8f6b\"},\"headline\":\"19.359 agregados pagaram adicional de solidariedade do IRS\",\"datePublished\":\"2021-05-08T12:47:06+00:00\",\"dateModified\":\"2021-05-08T12:47:09+00:00\",\"mainEntityOfPage\":{\"@id\":\"https:\\\/\\\/hotnewsinworld.com\\\/pt\\\/19-359-agregados-pagaram-adicional-de-solidariedade-do-irs\\\/\"},\"wordCount\":456,\"commentCount\":0,\"image\":{\"@id\":\"https:\\\/\\\/hotnewsinworld.com\\\/pt\\\/19-359-agregados-pagaram-adicional-de-solidariedade-do-irs\\\/#primaryimage\"},\"thumbnailUrl\":\"https:\\\/\\\/hotnewsinworld.com\\\/pt\\\/wp-content\\\/uploads\\\/sites\\\/2\\\/2021\\\/05\\\/19359-agregados-pagaram-adicional-de-solidariedade-do-IRS.jpg\",\"articleSection\":[\"\u00daLTIMAS NOT\u00cdCIAS FINANCEIRAS\"],\"inLanguage\":\"pt-PT\",\"potentialAction\":[{\"@type\":\"CommentAction\",\"name\":\"Comment\",\"target\":[\"https:\\\/\\\/hotnewsinworld.com\\\/pt\\\/19-359-agregados-pagaram-adicional-de-solidariedade-do-irs\\\/#respond\"]}]},{\"@type\":\"WebPage\",\"@id\":\"https:\\\/\\\/hotnewsinworld.com\\\/pt\\\/19-359-agregados-pagaram-adicional-de-solidariedade-do-irs\\\/\",\"url\":\"https:\\\/\\\/hotnewsinworld.com\\\/pt\\\/19-359-agregados-pagaram-adicional-de-solidariedade-do-irs\\\/\",\"name\":\"19.359 agregados pagaram adicional de solidariedade do IRS - Hot News in World\",\"isPartOf\":{\"@id\":\"https:\\\/\\\/hotnewsinworld.com\\\/pt\\\/#website\"},\"primaryImageOfPage\":{\"@id\":\"https:\\\/\\\/hotnewsinworld.com\\\/pt\\\/19-359-agregados-pagaram-adicional-de-solidariedade-do-irs\\\/#primaryimage\"},\"image\":{\"@id\":\"https:\\\/\\\/hotnewsinworld.com\\\/pt\\\/19-359-agregados-pagaram-adicional-de-solidariedade-do-irs\\\/#primaryimage\"},\"thumbnailUrl\":\"https:\\\/\\\/hotnewsinworld.com\\\/pt\\\/wp-content\\\/uploads\\\/sites\\\/2\\\/2021\\\/05\\\/19359-agregados-pagaram-adicional-de-solidariedade-do-IRS.jpg\",\"datePublished\":\"2021-05-08T12:47:06+00:00\",\"dateModified\":\"2021-05-08T12:47:09+00:00\",\"author\":{\"@id\":\"https:\\\/\\\/hotnewsinworld.com\\\/pt\\\/#\\\/schema\\\/person\\\/fe61448b21c0d59086e75fcc1f9d8f6b\"},\"breadcrumb\":{\"@id\":\"https:\\\/\\\/hotnewsinworld.com\\\/pt\\\/19-359-agregados-pagaram-adicional-de-solidariedade-do-irs\\\/#breadcrumb\"},\"inLanguage\":\"pt-PT\",\"potentialAction\":[{\"@type\":\"ReadAction\",\"target\":[\"https:\\\/\\\/hotnewsinworld.com\\\/pt\\\/19-359-agregados-pagaram-adicional-de-solidariedade-do-irs\\\/\"]}]},{\"@type\":\"ImageObject\",\"inLanguage\":\"pt-PT\",\"@id\":\"https:\\\/\\\/hotnewsinworld.com\\\/pt\\\/19-359-agregados-pagaram-adicional-de-solidariedade-do-irs\\\/#primaryimage\",\"url\":\"https:\\\/\\\/hotnewsinworld.com\\\/pt\\\/wp-content\\\/uploads\\\/sites\\\/2\\\/2021\\\/05\\\/19359-agregados-pagaram-adicional-de-solidariedade-do-IRS.jpg\",\"contentUrl\":\"https:\\\/\\\/hotnewsinworld.com\\\/pt\\\/wp-content\\\/uploads\\\/sites\\\/2\\\/2021\\\/05\\\/19359-agregados-pagaram-adicional-de-solidariedade-do-IRS.jpg\",\"width\":800,\"height\":420,\"caption\":\"19.359 agregados pagaram adicional de solidariedade do IRS\"},{\"@type\":\"BreadcrumbList\",\"@id\":\"https:\\\/\\\/hotnewsinworld.com\\\/pt\\\/19-359-agregados-pagaram-adicional-de-solidariedade-do-irs\\\/#breadcrumb\",\"itemListElement\":[{\"@type\":\"ListItem\",\"position\":1,\"name\":\"\u0413\u043b\u0430\u0432\u043d\u0430\u044f \u0441\u0442\u0440\u0430\u043d\u0438\u0446\u0430\",\"item\":\"https:\\\/\\\/hotnewsinworld.com\\\/pt\\\/\"},{\"@type\":\"ListItem\",\"position\":2,\"name\":\"19.359 agregados pagaram adicional de solidariedade do IRS\"}]},{\"@type\":\"WebSite\",\"@id\":\"https:\\\/\\\/hotnewsinworld.com\\\/pt\\\/#website\",\"url\":\"https:\\\/\\\/hotnewsinworld.com\\\/pt\\\/\",\"name\":\"Hot News in World\",\"description\":\"Hot News in World Portugal\",\"potentialAction\":[{\"@type\":\"SearchAction\",\"target\":{\"@type\":\"EntryPoint\",\"urlTemplate\":\"https:\\\/\\\/hotnewsinworld.com\\\/pt\\\/?s={search_term_string}\"},\"query-input\":{\"@type\":\"PropertyValueSpecification\",\"valueRequired\":true,\"valueName\":\"search_term_string\"}}],\"inLanguage\":\"pt-PT\"},{\"@type\":\"Person\",\"@id\":\"https:\\\/\\\/hotnewsinworld.com\\\/pt\\\/#\\\/schema\\\/person\\\/fe61448b21c0d59086e75fcc1f9d8f6b\",\"name\":\"hotnewsinworld\",\"image\":{\"@type\":\"ImageObject\",\"inLanguage\":\"pt-PT\",\"@id\":\"https:\\\/\\\/secure.gravatar.com\\\/avatar\\\/8a09ac165600ce2e1c38fe593c63928eb1e6e7ba5c5a907d67787c41b3d00c14?s=96&d=mm&r=g\",\"url\":\"https:\\\/\\\/secure.gravatar.com\\\/avatar\\\/8a09ac165600ce2e1c38fe593c63928eb1e6e7ba5c5a907d67787c41b3d00c14?s=96&d=mm&r=g\",\"contentUrl\":\"https:\\\/\\\/secure.gravatar.com\\\/avatar\\\/8a09ac165600ce2e1c38fe593c63928eb1e6e7ba5c5a907d67787c41b3d00c14?s=96&d=mm&r=g\",\"caption\":\"hotnewsinworld\"},\"url\":\"https:\\\/\\\/hotnewsinworld.com\\\/pt\\\/author\\\/pt\\\/\"}]}<\/script>\n<!-- \/ Yoast SEO plugin. -->","yoast_head_json":{"title":"19.359 agregados pagaram adicional de solidariedade do IRS - Hot News in World","robots":{"index":"index","follow":"follow","max-snippet":"max-snippet:-1","max-image-preview":"max-image-preview:large","max-video-preview":"max-video-preview:-1"},"canonical":"https:\/\/hotnewsinworld.com\/pt\/19-359-agregados-pagaram-adicional-de-solidariedade-do-irs\/","og_locale":"pt_PT","og_type":"article","og_title":"19.359 agregados pagaram adicional de solidariedade do IRS - Hot News in World","og_description":"JN\/Ag\u00eanciasHoje\u00a0\u00e0s\u00a009:36Entre o Continente e as regi\u00f5es aut\u00f3nomas dos A\u00e7ores e da Madeira s\u00e3o 19.359 os agregados com rendimento colet\u00e1vel acima dos 80 mil euros e que, por esse motivo, foram chamados a pagar taxa adicional de solidariedade do IRS.Em causa est\u00e1 uma taxa adicional de IRS de 2,5% aplic\u00e1vel ao rendimento colet\u00e1vel (depois de aplicada [&hellip;]","og_url":"https:\/\/hotnewsinworld.com\/pt\/19-359-agregados-pagaram-adicional-de-solidariedade-do-irs\/","og_site_name":"Hot News in World","article_published_time":"2021-05-08T12:47:06+00:00","article_modified_time":"2021-05-08T12:47:09+00:00","og_image":[{"width":800,"height":420,"url":"https:\/\/hotnewsinworld.com\/pt\/wp-content\/uploads\/sites\/2\/2021\/05\/19359-agregados-pagaram-adicional-de-solidariedade-do-IRS.jpg","type":"image\/jpeg"}],"author":"hotnewsinworld","twitter_card":"summary_large_image","twitter_misc":{"Escrito por":"hotnewsinworld","Tempo estimado de leitura":"2 minutos"},"schema":{"@context":"https:\/\/schema.org","@graph":[{"@type":"Article","@id":"https:\/\/hotnewsinworld.com\/pt\/19-359-agregados-pagaram-adicional-de-solidariedade-do-irs\/#article","isPartOf":{"@id":"https:\/\/hotnewsinworld.com\/pt\/19-359-agregados-pagaram-adicional-de-solidariedade-do-irs\/"},"author":{"name":"hotnewsinworld","@id":"https:\/\/hotnewsinworld.com\/pt\/#\/schema\/person\/fe61448b21c0d59086e75fcc1f9d8f6b"},"headline":"19.359 agregados pagaram adicional de solidariedade do IRS","datePublished":"2021-05-08T12:47:06+00:00","dateModified":"2021-05-08T12:47:09+00:00","mainEntityOfPage":{"@id":"https:\/\/hotnewsinworld.com\/pt\/19-359-agregados-pagaram-adicional-de-solidariedade-do-irs\/"},"wordCount":456,"commentCount":0,"image":{"@id":"https:\/\/hotnewsinworld.com\/pt\/19-359-agregados-pagaram-adicional-de-solidariedade-do-irs\/#primaryimage"},"thumbnailUrl":"https:\/\/hotnewsinworld.com\/pt\/wp-content\/uploads\/sites\/2\/2021\/05\/19359-agregados-pagaram-adicional-de-solidariedade-do-IRS.jpg","articleSection":["\u00daLTIMAS NOT\u00cdCIAS FINANCEIRAS"],"inLanguage":"pt-PT","potentialAction":[{"@type":"CommentAction","name":"Comment","target":["https:\/\/hotnewsinworld.com\/pt\/19-359-agregados-pagaram-adicional-de-solidariedade-do-irs\/#respond"]}]},{"@type":"WebPage","@id":"https:\/\/hotnewsinworld.com\/pt\/19-359-agregados-pagaram-adicional-de-solidariedade-do-irs\/","url":"https:\/\/hotnewsinworld.com\/pt\/19-359-agregados-pagaram-adicional-de-solidariedade-do-irs\/","name":"19.359 agregados pagaram adicional de solidariedade do IRS - Hot News in World","isPartOf":{"@id":"https:\/\/hotnewsinworld.com\/pt\/#website"},"primaryImageOfPage":{"@id":"https:\/\/hotnewsinworld.com\/pt\/19-359-agregados-pagaram-adicional-de-solidariedade-do-irs\/#primaryimage"},"image":{"@id":"https:\/\/hotnewsinworld.com\/pt\/19-359-agregados-pagaram-adicional-de-solidariedade-do-irs\/#primaryimage"},"thumbnailUrl":"https:\/\/hotnewsinworld.com\/pt\/wp-content\/uploads\/sites\/2\/2021\/05\/19359-agregados-pagaram-adicional-de-solidariedade-do-IRS.jpg","datePublished":"2021-05-08T12:47:06+00:00","dateModified":"2021-05-08T12:47:09+00:00","author":{"@id":"https:\/\/hotnewsinworld.com\/pt\/#\/schema\/person\/fe61448b21c0d59086e75fcc1f9d8f6b"},"breadcrumb":{"@id":"https:\/\/hotnewsinworld.com\/pt\/19-359-agregados-pagaram-adicional-de-solidariedade-do-irs\/#breadcrumb"},"inLanguage":"pt-PT","potentialAction":[{"@type":"ReadAction","target":["https:\/\/hotnewsinworld.com\/pt\/19-359-agregados-pagaram-adicional-de-solidariedade-do-irs\/"]}]},{"@type":"ImageObject","inLanguage":"pt-PT","@id":"https:\/\/hotnewsinworld.com\/pt\/19-359-agregados-pagaram-adicional-de-solidariedade-do-irs\/#primaryimage","url":"https:\/\/hotnewsinworld.com\/pt\/wp-content\/uploads\/sites\/2\/2021\/05\/19359-agregados-pagaram-adicional-de-solidariedade-do-IRS.jpg","contentUrl":"https:\/\/hotnewsinworld.com\/pt\/wp-content\/uploads\/sites\/2\/2021\/05\/19359-agregados-pagaram-adicional-de-solidariedade-do-IRS.jpg","width":800,"height":420,"caption":"19.359 agregados pagaram adicional de solidariedade do IRS"},{"@type":"BreadcrumbList","@id":"https:\/\/hotnewsinworld.com\/pt\/19-359-agregados-pagaram-adicional-de-solidariedade-do-irs\/#breadcrumb","itemListElement":[{"@type":"ListItem","position":1,"name":"\u0413\u043b\u0430\u0432\u043d\u0430\u044f \u0441\u0442\u0440\u0430\u043d\u0438\u0446\u0430","item":"https:\/\/hotnewsinworld.com\/pt\/"},{"@type":"ListItem","position":2,"name":"19.359 agregados pagaram adicional de solidariedade do IRS"}]},{"@type":"WebSite","@id":"https:\/\/hotnewsinworld.com\/pt\/#website","url":"https:\/\/hotnewsinworld.com\/pt\/","name":"Hot News in World","description":"Hot News in World Portugal","potentialAction":[{"@type":"SearchAction","target":{"@type":"EntryPoint","urlTemplate":"https:\/\/hotnewsinworld.com\/pt\/?s={search_term_string}"},"query-input":{"@type":"PropertyValueSpecification","valueRequired":true,"valueName":"search_term_string"}}],"inLanguage":"pt-PT"},{"@type":"Person","@id":"https:\/\/hotnewsinworld.com\/pt\/#\/schema\/person\/fe61448b21c0d59086e75fcc1f9d8f6b","name":"hotnewsinworld","image":{"@type":"ImageObject","inLanguage":"pt-PT","@id":"https:\/\/secure.gravatar.com\/avatar\/8a09ac165600ce2e1c38fe593c63928eb1e6e7ba5c5a907d67787c41b3d00c14?s=96&d=mm&r=g","url":"https:\/\/secure.gravatar.com\/avatar\/8a09ac165600ce2e1c38fe593c63928eb1e6e7ba5c5a907d67787c41b3d00c14?s=96&d=mm&r=g","contentUrl":"https:\/\/secure.gravatar.com\/avatar\/8a09ac165600ce2e1c38fe593c63928eb1e6e7ba5c5a907d67787c41b3d00c14?s=96&d=mm&r=g","caption":"hotnewsinworld"},"url":"https:\/\/hotnewsinworld.com\/pt\/author\/pt\/"}]}},"_links":{"self":[{"href":"https:\/\/hotnewsinworld.com\/pt\/wp-json\/wp\/v2\/posts\/3594","targetHints":{"allow":["GET"]}}],"collection":[{"href":"https:\/\/hotnewsinworld.com\/pt\/wp-json\/wp\/v2\/posts"}],"about":[{"href":"https:\/\/hotnewsinworld.com\/pt\/wp-json\/wp\/v2\/types\/post"}],"author":[{"embeddable":true,"href":"https:\/\/hotnewsinworld.com\/pt\/wp-json\/wp\/v2\/users\/2"}],"replies":[{"embeddable":true,"href":"https:\/\/hotnewsinworld.com\/pt\/wp-json\/wp\/v2\/comments?post=3594"}],"version-history":[{"count":1,"href":"https:\/\/hotnewsinworld.com\/pt\/wp-json\/wp\/v2\/posts\/3594\/revisions"}],"predecessor-version":[{"id":3596,"href":"https:\/\/hotnewsinworld.com\/pt\/wp-json\/wp\/v2\/posts\/3594\/revisions\/3596"}],"wp:featuredmedia":[{"embeddable":true,"href":"https:\/\/hotnewsinworld.com\/pt\/wp-json\/wp\/v2\/media\/3595"}],"wp:attachment":[{"href":"https:\/\/hotnewsinworld.com\/pt\/wp-json\/wp\/v2\/media?parent=3594"}],"wp:term":[{"taxonomy":"category","embeddable":true,"href":"https:\/\/hotnewsinworld.com\/pt\/wp-json\/wp\/v2\/categories?post=3594"},{"taxonomy":"post_tag","embeddable":true,"href":"https:\/\/hotnewsinworld.com\/pt\/wp-json\/wp\/v2\/tags?post=3594"}],"curies":[{"name":"wp","href":"https:\/\/api.w.org\/{rel}","templated":true}]}}