{"id":4080,"date":"2021-07-30T08:44:58","date_gmt":"2021-07-30T05:44:58","guid":{"rendered":"https:\/\/hotnewsinworld.com\/pt\/maior-venda-de-canabis-medicinal-a-granel-da-ue-vai-sair-de-aljustrel\/"},"modified":"2021-07-30T08:45:01","modified_gmt":"2021-07-30T05:45:01","slug":"maior-venda-de-canabis-medicinal-a-granel-da-ue-vai-sair-de-aljustrel","status":"publish","type":"post","link":"https:\/\/hotnewsinworld.com\/pt\/maior-venda-de-canabis-medicinal-a-granel-da-ue-vai-sair-de-aljustrel\/","title":{"rendered":"Maior venda de can\u00e1bis medicinal a granel da UE vai sair de Aljustrel"},"content":{"rendered":"<p>JN\/Ag\u00eanciasOntem\u00a0\u00e0s\u00a019:00A RPK Biopharma anunciou, esta quinta-feira, a primeira venda de can\u00e1bis medicinal a granel produzido na sua explora\u00e7\u00e3o no concelho de Aljustrel (Beja), naquela que ser\u00e1 &#8220;a maior transa\u00e7\u00e3o&#8221; do g\u00e9nero &#8220;conhecida na Uni\u00e3o Europeia at\u00e9 \u00e0 data&#8221;.Em comunicado enviado \u00e0 ag\u00eancia Lusa, a empresa canadiana Flowr Corporation, propriet\u00e1ria da RPK Biopharma, revelou que o acordo de fornecimento &#8220;de biomassa de can\u00e1bis medicinal com alto teor de THC&#8221; [tetra-hidrocanabinol, composto derivado destas plantas] foi celebrado com a Galaxiavertical (Galaxia), pelo montante &#8220;de aproximadamente 500 mil euros&#8221;.Segundo a empresa, o neg\u00f3cio est\u00e1 ainda sujeito &#8220;a determinadas condi\u00e7\u00f5es precedentes, incluindo as aprova\u00e7\u00f5es necess\u00e1rias do Infarmed e a rece\u00e7\u00e3o de um certificado final de an\u00e1lise pela Galaxia&#8221;.Caso o acordo avance, ser\u00e1 &#8220;um enorme passo no desenvolvimento da estrat\u00e9gia europeia da empresa&#8221; e representar\u00e1 &#8220;a maior transa\u00e7\u00e3o de venda a granel de can\u00e1bis medicinal conhecida na Uni\u00e3o Europeia at\u00e9 \u00e0 data&#8221;, destacou a Flowr.Citado no comunicado, Darryl Brooker, administrador executivo (CEO) da empresa canadiana, adiantou que, em 2020, a RPK Biopharma conseguiu &#8220;cultivar can\u00e1bis medicinal ao ar livre com sucesso em mais de 30 hectares&#8221; na sua explora\u00e7\u00e3o no concelho alentejano de Aljustrel, localizada perto de Montes Velhos.&#8221;Os resultados mostraram que Aljustrel \u00e9 o local ideal para cultivar can\u00e1bis medicinal ao ar livre e com uma estrutura de custos que tornar\u00e1 o nosso produto muito competitivo como contributo para produtos m\u00e9dicos derivados da can\u00e1bis&#8221;, disse o gestor.Darryl Brooker acrescentou que a Galaxia deve receber &#8220;o produto at\u00e9 ao final do ano&#8221;, esperando que a coopera\u00e7\u00e3o entre ambas as empresas continue &#8220;no futuro&#8221;.A Flowr Corporation \u00e9 uma empresa produtora de can\u00e1bis sediada em Toronto (Canad\u00e1), que tem no concelho de Aljustrel a maior planta\u00e7\u00e3o de can\u00e1bis para fins medicinais da Europa. A planta\u00e7\u00e3o vai chegar aos 40 hectares este ano, ap\u00f3s um investimento total de cerca de 45 milh\u00f5es de euros, e poder\u00e1 criar at\u00e9 200 postos de trabalho.A primeira colheita &#8220;rendeu aproximadamente tr\u00eas mil quilos de flor de can\u00e1bis com alto teor de THC&#8221;, anunciou a empresa no in\u00edcio deste ano.<br \/>\n<br \/>\n<!--noindex--><br \/>\n<a href=\"http:\/\/feeds.jn.pt\/~r\/JN-ECONOMIA\/~3\/a4avY0UZzWQ\/maior-venda-de-canabis-medicinal-a-granel-da-ue-vai-sair-de-aljustrel-13988968.html\" rel=\"nofollow\">Source link <\/a><br \/>\n<!--\/noindex--><\/p>\n","protected":false},"excerpt":{"rendered":"<p>JN\/Ag\u00eanciasOntem\u00a0\u00e0s\u00a019:00A RPK Biopharma anunciou, esta quinta-feira, a primeira venda de can\u00e1bis medicinal a granel produzido na sua explora\u00e7\u00e3o no concelho de Aljustrel (Beja), naquela que ser\u00e1 &#8220;a maior transa\u00e7\u00e3o&#8221; do g\u00e9nero &#8220;conhecida na Uni\u00e3o Europeia at\u00e9 \u00e0 data&#8221;.Em comunicado enviado \u00e0 ag\u00eancia Lusa, a empresa canadiana Flowr Corporation, propriet\u00e1ria da RPK Biopharma, revelou que o [&hellip;]<\/p>\n","protected":false},"author":2,"featured_media":4081,"comment_status":"open","ping_status":"open","sticky":false,"template":"","format":"standard","meta":{"footnotes":""},"categories":[1],"tags":[],"class_list":["post-4080","post","type-post","status-publish","format-standard","has-post-thumbnail","hentry","category-ultimas-noticias-financeiras"],"yoast_head":"<!-- This site is optimized with the Yoast SEO plugin v27.4 - https:\/\/yoast.com\/product\/yoast-seo-wordpress\/ -->\n<title>Maior venda de can\u00e1bis medicinal a granel da UE vai sair de Aljustrel - Hot News in World<\/title>\n<meta name=\"robots\" content=\"index, follow, max-snippet:-1, max-image-preview:large, max-video-preview:-1\" \/>\n<link rel=\"canonical\" href=\"https:\/\/hotnewsinworld.com\/pt\/maior-venda-de-canabis-medicinal-a-granel-da-ue-vai-sair-de-aljustrel\/\" \/>\n<meta property=\"og:locale\" content=\"pt_PT\" \/>\n<meta property=\"og:type\" content=\"article\" \/>\n<meta property=\"og:title\" content=\"Maior venda de can\u00e1bis medicinal a granel da UE vai sair de Aljustrel - Hot News in World\" \/>\n<meta property=\"og:description\" content=\"JN\/Ag\u00eanciasOntem\u00a0\u00e0s\u00a019:00A RPK Biopharma anunciou, esta quinta-feira, a primeira venda de can\u00e1bis medicinal a granel produzido na sua explora\u00e7\u00e3o no concelho de Aljustrel (Beja), naquela que ser\u00e1 &#8220;a maior transa\u00e7\u00e3o&#8221; do g\u00e9nero &#8220;conhecida na Uni\u00e3o Europeia at\u00e9 \u00e0 data&#8221;.Em comunicado enviado \u00e0 ag\u00eancia Lusa, a empresa canadiana Flowr Corporation, propriet\u00e1ria da RPK Biopharma, revelou que o [&hellip;]\" \/>\n<meta property=\"og:url\" content=\"https:\/\/hotnewsinworld.com\/pt\/maior-venda-de-canabis-medicinal-a-granel-da-ue-vai-sair-de-aljustrel\/\" \/>\n<meta property=\"og:site_name\" content=\"Hot News in World\" \/>\n<meta property=\"article:published_time\" content=\"2021-07-30T05:44:58+00:00\" \/>\n<meta property=\"article:modified_time\" content=\"2021-07-30T05:45:01+00:00\" \/>\n<meta property=\"og:image\" content=\"https:\/\/hotnewsinworld.com\/pt\/wp-content\/uploads\/sites\/2\/2021\/07\/Maior-venda-de-canabis-medicinal-a-granel-da-UE-vai.jpg\" \/>\n\t<meta property=\"og:image:width\" content=\"799\" \/>\n\t<meta property=\"og:image:height\" content=\"420\" \/>\n\t<meta property=\"og:image:type\" content=\"image\/jpeg\" \/>\n<meta name=\"author\" content=\"hotnewsinworld\" \/>\n<meta name=\"twitter:card\" content=\"summary_large_image\" \/>\n<meta name=\"twitter:label1\" content=\"Escrito por\" \/>\n\t<meta name=\"twitter:data1\" content=\"hotnewsinworld\" \/>\n\t<meta name=\"twitter:label2\" content=\"Tempo estimado de leitura\" \/>\n\t<meta name=\"twitter:data2\" content=\"2 minutos\" \/>\n<script type=\"application\/ld+json\" class=\"yoast-schema-graph\">{\"@context\":\"https:\\\/\\\/schema.org\",\"@graph\":[{\"@type\":\"Article\",\"@id\":\"https:\\\/\\\/hotnewsinworld.com\\\/pt\\\/maior-venda-de-canabis-medicinal-a-granel-da-ue-vai-sair-de-aljustrel\\\/#article\",\"isPartOf\":{\"@id\":\"https:\\\/\\\/hotnewsinworld.com\\\/pt\\\/maior-venda-de-canabis-medicinal-a-granel-da-ue-vai-sair-de-aljustrel\\\/\"},\"author\":{\"name\":\"hotnewsinworld\",\"@id\":\"https:\\\/\\\/hotnewsinworld.com\\\/pt\\\/#\\\/schema\\\/person\\\/fe61448b21c0d59086e75fcc1f9d8f6b\"},\"headline\":\"Maior venda de can\u00e1bis medicinal a granel da UE vai sair de Aljustrel\",\"datePublished\":\"2021-07-30T05:44:58+00:00\",\"dateModified\":\"2021-07-30T05:45:01+00:00\",\"mainEntityOfPage\":{\"@id\":\"https:\\\/\\\/hotnewsinworld.com\\\/pt\\\/maior-venda-de-canabis-medicinal-a-granel-da-ue-vai-sair-de-aljustrel\\\/\"},\"wordCount\":387,\"commentCount\":0,\"image\":{\"@id\":\"https:\\\/\\\/hotnewsinworld.com\\\/pt\\\/maior-venda-de-canabis-medicinal-a-granel-da-ue-vai-sair-de-aljustrel\\\/#primaryimage\"},\"thumbnailUrl\":\"https:\\\/\\\/hotnewsinworld.com\\\/pt\\\/wp-content\\\/uploads\\\/sites\\\/2\\\/2021\\\/07\\\/Maior-venda-de-canabis-medicinal-a-granel-da-UE-vai.jpg\",\"articleSection\":[\"\u00daLTIMAS NOT\u00cdCIAS FINANCEIRAS\"],\"inLanguage\":\"pt-PT\",\"potentialAction\":[{\"@type\":\"CommentAction\",\"name\":\"Comment\",\"target\":[\"https:\\\/\\\/hotnewsinworld.com\\\/pt\\\/maior-venda-de-canabis-medicinal-a-granel-da-ue-vai-sair-de-aljustrel\\\/#respond\"]}]},{\"@type\":\"WebPage\",\"@id\":\"https:\\\/\\\/hotnewsinworld.com\\\/pt\\\/maior-venda-de-canabis-medicinal-a-granel-da-ue-vai-sair-de-aljustrel\\\/\",\"url\":\"https:\\\/\\\/hotnewsinworld.com\\\/pt\\\/maior-venda-de-canabis-medicinal-a-granel-da-ue-vai-sair-de-aljustrel\\\/\",\"name\":\"Maior venda de can\u00e1bis medicinal a granel da UE vai sair de Aljustrel - Hot News in World\",\"isPartOf\":{\"@id\":\"https:\\\/\\\/hotnewsinworld.com\\\/pt\\\/#website\"},\"primaryImageOfPage\":{\"@id\":\"https:\\\/\\\/hotnewsinworld.com\\\/pt\\\/maior-venda-de-canabis-medicinal-a-granel-da-ue-vai-sair-de-aljustrel\\\/#primaryimage\"},\"image\":{\"@id\":\"https:\\\/\\\/hotnewsinworld.com\\\/pt\\\/maior-venda-de-canabis-medicinal-a-granel-da-ue-vai-sair-de-aljustrel\\\/#primaryimage\"},\"thumbnailUrl\":\"https:\\\/\\\/hotnewsinworld.com\\\/pt\\\/wp-content\\\/uploads\\\/sites\\\/2\\\/2021\\\/07\\\/Maior-venda-de-canabis-medicinal-a-granel-da-UE-vai.jpg\",\"datePublished\":\"2021-07-30T05:44:58+00:00\",\"dateModified\":\"2021-07-30T05:45:01+00:00\",\"author\":{\"@id\":\"https:\\\/\\\/hotnewsinworld.com\\\/pt\\\/#\\\/schema\\\/person\\\/fe61448b21c0d59086e75fcc1f9d8f6b\"},\"breadcrumb\":{\"@id\":\"https:\\\/\\\/hotnewsinworld.com\\\/pt\\\/maior-venda-de-canabis-medicinal-a-granel-da-ue-vai-sair-de-aljustrel\\\/#breadcrumb\"},\"inLanguage\":\"pt-PT\",\"potentialAction\":[{\"@type\":\"ReadAction\",\"target\":[\"https:\\\/\\\/hotnewsinworld.com\\\/pt\\\/maior-venda-de-canabis-medicinal-a-granel-da-ue-vai-sair-de-aljustrel\\\/\"]}]},{\"@type\":\"ImageObject\",\"inLanguage\":\"pt-PT\",\"@id\":\"https:\\\/\\\/hotnewsinworld.com\\\/pt\\\/maior-venda-de-canabis-medicinal-a-granel-da-ue-vai-sair-de-aljustrel\\\/#primaryimage\",\"url\":\"https:\\\/\\\/hotnewsinworld.com\\\/pt\\\/wp-content\\\/uploads\\\/sites\\\/2\\\/2021\\\/07\\\/Maior-venda-de-canabis-medicinal-a-granel-da-UE-vai.jpg\",\"contentUrl\":\"https:\\\/\\\/hotnewsinworld.com\\\/pt\\\/wp-content\\\/uploads\\\/sites\\\/2\\\/2021\\\/07\\\/Maior-venda-de-canabis-medicinal-a-granel-da-UE-vai.jpg\",\"width\":799,\"height\":420,\"caption\":\"Maior venda de can\u00e1bis medicinal a granel da UE vai sair de Aljustrel\"},{\"@type\":\"BreadcrumbList\",\"@id\":\"https:\\\/\\\/hotnewsinworld.com\\\/pt\\\/maior-venda-de-canabis-medicinal-a-granel-da-ue-vai-sair-de-aljustrel\\\/#breadcrumb\",\"itemListElement\":[{\"@type\":\"ListItem\",\"position\":1,\"name\":\"\u0413\u043b\u0430\u0432\u043d\u0430\u044f \u0441\u0442\u0440\u0430\u043d\u0438\u0446\u0430\",\"item\":\"https:\\\/\\\/hotnewsinworld.com\\\/pt\\\/\"},{\"@type\":\"ListItem\",\"position\":2,\"name\":\"Maior venda de can\u00e1bis medicinal a granel da UE vai sair de Aljustrel\"}]},{\"@type\":\"WebSite\",\"@id\":\"https:\\\/\\\/hotnewsinworld.com\\\/pt\\\/#website\",\"url\":\"https:\\\/\\\/hotnewsinworld.com\\\/pt\\\/\",\"name\":\"Hot News in World\",\"description\":\"Hot News in World Portugal\",\"potentialAction\":[{\"@type\":\"SearchAction\",\"target\":{\"@type\":\"EntryPoint\",\"urlTemplate\":\"https:\\\/\\\/hotnewsinworld.com\\\/pt\\\/?s={search_term_string}\"},\"query-input\":{\"@type\":\"PropertyValueSpecification\",\"valueRequired\":true,\"valueName\":\"search_term_string\"}}],\"inLanguage\":\"pt-PT\"},{\"@type\":\"Person\",\"@id\":\"https:\\\/\\\/hotnewsinworld.com\\\/pt\\\/#\\\/schema\\\/person\\\/fe61448b21c0d59086e75fcc1f9d8f6b\",\"name\":\"hotnewsinworld\",\"image\":{\"@type\":\"ImageObject\",\"inLanguage\":\"pt-PT\",\"@id\":\"https:\\\/\\\/secure.gravatar.com\\\/avatar\\\/8a09ac165600ce2e1c38fe593c63928eb1e6e7ba5c5a907d67787c41b3d00c14?s=96&d=mm&r=g\",\"url\":\"https:\\\/\\\/secure.gravatar.com\\\/avatar\\\/8a09ac165600ce2e1c38fe593c63928eb1e6e7ba5c5a907d67787c41b3d00c14?s=96&d=mm&r=g\",\"contentUrl\":\"https:\\\/\\\/secure.gravatar.com\\\/avatar\\\/8a09ac165600ce2e1c38fe593c63928eb1e6e7ba5c5a907d67787c41b3d00c14?s=96&d=mm&r=g\",\"caption\":\"hotnewsinworld\"},\"url\":\"https:\\\/\\\/hotnewsinworld.com\\\/pt\\\/author\\\/pt\\\/\"}]}<\/script>\n<!-- \/ Yoast SEO plugin. -->","yoast_head_json":{"title":"Maior venda de can\u00e1bis medicinal a granel da UE vai sair de Aljustrel - Hot News in World","robots":{"index":"index","follow":"follow","max-snippet":"max-snippet:-1","max-image-preview":"max-image-preview:large","max-video-preview":"max-video-preview:-1"},"canonical":"https:\/\/hotnewsinworld.com\/pt\/maior-venda-de-canabis-medicinal-a-granel-da-ue-vai-sair-de-aljustrel\/","og_locale":"pt_PT","og_type":"article","og_title":"Maior venda de can\u00e1bis medicinal a granel da UE vai sair de Aljustrel - Hot News in World","og_description":"JN\/Ag\u00eanciasOntem\u00a0\u00e0s\u00a019:00A RPK Biopharma anunciou, esta quinta-feira, a primeira venda de can\u00e1bis medicinal a granel produzido na sua explora\u00e7\u00e3o no concelho de Aljustrel (Beja), naquela que ser\u00e1 &#8220;a maior transa\u00e7\u00e3o&#8221; do g\u00e9nero &#8220;conhecida na Uni\u00e3o Europeia at\u00e9 \u00e0 data&#8221;.Em comunicado enviado \u00e0 ag\u00eancia Lusa, a empresa canadiana Flowr Corporation, propriet\u00e1ria da RPK Biopharma, revelou que o [&hellip;]","og_url":"https:\/\/hotnewsinworld.com\/pt\/maior-venda-de-canabis-medicinal-a-granel-da-ue-vai-sair-de-aljustrel\/","og_site_name":"Hot News in World","article_published_time":"2021-07-30T05:44:58+00:00","article_modified_time":"2021-07-30T05:45:01+00:00","og_image":[{"width":799,"height":420,"url":"https:\/\/hotnewsinworld.com\/pt\/wp-content\/uploads\/sites\/2\/2021\/07\/Maior-venda-de-canabis-medicinal-a-granel-da-UE-vai.jpg","type":"image\/jpeg"}],"author":"hotnewsinworld","twitter_card":"summary_large_image","twitter_misc":{"Escrito por":"hotnewsinworld","Tempo estimado de leitura":"2 minutos"},"schema":{"@context":"https:\/\/schema.org","@graph":[{"@type":"Article","@id":"https:\/\/hotnewsinworld.com\/pt\/maior-venda-de-canabis-medicinal-a-granel-da-ue-vai-sair-de-aljustrel\/#article","isPartOf":{"@id":"https:\/\/hotnewsinworld.com\/pt\/maior-venda-de-canabis-medicinal-a-granel-da-ue-vai-sair-de-aljustrel\/"},"author":{"name":"hotnewsinworld","@id":"https:\/\/hotnewsinworld.com\/pt\/#\/schema\/person\/fe61448b21c0d59086e75fcc1f9d8f6b"},"headline":"Maior venda de can\u00e1bis medicinal a granel da UE vai sair de Aljustrel","datePublished":"2021-07-30T05:44:58+00:00","dateModified":"2021-07-30T05:45:01+00:00","mainEntityOfPage":{"@id":"https:\/\/hotnewsinworld.com\/pt\/maior-venda-de-canabis-medicinal-a-granel-da-ue-vai-sair-de-aljustrel\/"},"wordCount":387,"commentCount":0,"image":{"@id":"https:\/\/hotnewsinworld.com\/pt\/maior-venda-de-canabis-medicinal-a-granel-da-ue-vai-sair-de-aljustrel\/#primaryimage"},"thumbnailUrl":"https:\/\/hotnewsinworld.com\/pt\/wp-content\/uploads\/sites\/2\/2021\/07\/Maior-venda-de-canabis-medicinal-a-granel-da-UE-vai.jpg","articleSection":["\u00daLTIMAS NOT\u00cdCIAS FINANCEIRAS"],"inLanguage":"pt-PT","potentialAction":[{"@type":"CommentAction","name":"Comment","target":["https:\/\/hotnewsinworld.com\/pt\/maior-venda-de-canabis-medicinal-a-granel-da-ue-vai-sair-de-aljustrel\/#respond"]}]},{"@type":"WebPage","@id":"https:\/\/hotnewsinworld.com\/pt\/maior-venda-de-canabis-medicinal-a-granel-da-ue-vai-sair-de-aljustrel\/","url":"https:\/\/hotnewsinworld.com\/pt\/maior-venda-de-canabis-medicinal-a-granel-da-ue-vai-sair-de-aljustrel\/","name":"Maior venda de can\u00e1bis medicinal a granel da UE vai sair de Aljustrel - Hot News in World","isPartOf":{"@id":"https:\/\/hotnewsinworld.com\/pt\/#website"},"primaryImageOfPage":{"@id":"https:\/\/hotnewsinworld.com\/pt\/maior-venda-de-canabis-medicinal-a-granel-da-ue-vai-sair-de-aljustrel\/#primaryimage"},"image":{"@id":"https:\/\/hotnewsinworld.com\/pt\/maior-venda-de-canabis-medicinal-a-granel-da-ue-vai-sair-de-aljustrel\/#primaryimage"},"thumbnailUrl":"https:\/\/hotnewsinworld.com\/pt\/wp-content\/uploads\/sites\/2\/2021\/07\/Maior-venda-de-canabis-medicinal-a-granel-da-UE-vai.jpg","datePublished":"2021-07-30T05:44:58+00:00","dateModified":"2021-07-30T05:45:01+00:00","author":{"@id":"https:\/\/hotnewsinworld.com\/pt\/#\/schema\/person\/fe61448b21c0d59086e75fcc1f9d8f6b"},"breadcrumb":{"@id":"https:\/\/hotnewsinworld.com\/pt\/maior-venda-de-canabis-medicinal-a-granel-da-ue-vai-sair-de-aljustrel\/#breadcrumb"},"inLanguage":"pt-PT","potentialAction":[{"@type":"ReadAction","target":["https:\/\/hotnewsinworld.com\/pt\/maior-venda-de-canabis-medicinal-a-granel-da-ue-vai-sair-de-aljustrel\/"]}]},{"@type":"ImageObject","inLanguage":"pt-PT","@id":"https:\/\/hotnewsinworld.com\/pt\/maior-venda-de-canabis-medicinal-a-granel-da-ue-vai-sair-de-aljustrel\/#primaryimage","url":"https:\/\/hotnewsinworld.com\/pt\/wp-content\/uploads\/sites\/2\/2021\/07\/Maior-venda-de-canabis-medicinal-a-granel-da-UE-vai.jpg","contentUrl":"https:\/\/hotnewsinworld.com\/pt\/wp-content\/uploads\/sites\/2\/2021\/07\/Maior-venda-de-canabis-medicinal-a-granel-da-UE-vai.jpg","width":799,"height":420,"caption":"Maior venda de can\u00e1bis medicinal a granel da UE vai sair de Aljustrel"},{"@type":"BreadcrumbList","@id":"https:\/\/hotnewsinworld.com\/pt\/maior-venda-de-canabis-medicinal-a-granel-da-ue-vai-sair-de-aljustrel\/#breadcrumb","itemListElement":[{"@type":"ListItem","position":1,"name":"\u0413\u043b\u0430\u0432\u043d\u0430\u044f \u0441\u0442\u0440\u0430\u043d\u0438\u0446\u0430","item":"https:\/\/hotnewsinworld.com\/pt\/"},{"@type":"ListItem","position":2,"name":"Maior venda de can\u00e1bis medicinal a granel da UE vai sair de Aljustrel"}]},{"@type":"WebSite","@id":"https:\/\/hotnewsinworld.com\/pt\/#website","url":"https:\/\/hotnewsinworld.com\/pt\/","name":"Hot News in World","description":"Hot News in World Portugal","potentialAction":[{"@type":"SearchAction","target":{"@type":"EntryPoint","urlTemplate":"https:\/\/hotnewsinworld.com\/pt\/?s={search_term_string}"},"query-input":{"@type":"PropertyValueSpecification","valueRequired":true,"valueName":"search_term_string"}}],"inLanguage":"pt-PT"},{"@type":"Person","@id":"https:\/\/hotnewsinworld.com\/pt\/#\/schema\/person\/fe61448b21c0d59086e75fcc1f9d8f6b","name":"hotnewsinworld","image":{"@type":"ImageObject","inLanguage":"pt-PT","@id":"https:\/\/secure.gravatar.com\/avatar\/8a09ac165600ce2e1c38fe593c63928eb1e6e7ba5c5a907d67787c41b3d00c14?s=96&d=mm&r=g","url":"https:\/\/secure.gravatar.com\/avatar\/8a09ac165600ce2e1c38fe593c63928eb1e6e7ba5c5a907d67787c41b3d00c14?s=96&d=mm&r=g","contentUrl":"https:\/\/secure.gravatar.com\/avatar\/8a09ac165600ce2e1c38fe593c63928eb1e6e7ba5c5a907d67787c41b3d00c14?s=96&d=mm&r=g","caption":"hotnewsinworld"},"url":"https:\/\/hotnewsinworld.com\/pt\/author\/pt\/"}]}},"_links":{"self":[{"href":"https:\/\/hotnewsinworld.com\/pt\/wp-json\/wp\/v2\/posts\/4080","targetHints":{"allow":["GET"]}}],"collection":[{"href":"https:\/\/hotnewsinworld.com\/pt\/wp-json\/wp\/v2\/posts"}],"about":[{"href":"https:\/\/hotnewsinworld.com\/pt\/wp-json\/wp\/v2\/types\/post"}],"author":[{"embeddable":true,"href":"https:\/\/hotnewsinworld.com\/pt\/wp-json\/wp\/v2\/users\/2"}],"replies":[{"embeddable":true,"href":"https:\/\/hotnewsinworld.com\/pt\/wp-json\/wp\/v2\/comments?post=4080"}],"version-history":[{"count":1,"href":"https:\/\/hotnewsinworld.com\/pt\/wp-json\/wp\/v2\/posts\/4080\/revisions"}],"predecessor-version":[{"id":4082,"href":"https:\/\/hotnewsinworld.com\/pt\/wp-json\/wp\/v2\/posts\/4080\/revisions\/4082"}],"wp:featuredmedia":[{"embeddable":true,"href":"https:\/\/hotnewsinworld.com\/pt\/wp-json\/wp\/v2\/media\/4081"}],"wp:attachment":[{"href":"https:\/\/hotnewsinworld.com\/pt\/wp-json\/wp\/v2\/media?parent=4080"}],"wp:term":[{"taxonomy":"category","embeddable":true,"href":"https:\/\/hotnewsinworld.com\/pt\/wp-json\/wp\/v2\/categories?post=4080"},{"taxonomy":"post_tag","embeddable":true,"href":"https:\/\/hotnewsinworld.com\/pt\/wp-json\/wp\/v2\/tags?post=4080"}],"curies":[{"name":"wp","href":"https:\/\/api.w.org\/{rel}","templated":true}]}}