{"id":4086,"date":"2021-07-31T09:09:59","date_gmt":"2021-07-31T06:09:59","guid":{"rendered":"https:\/\/hotnewsinworld.com\/pt\/governo-diz-que-apoios-sociais-vao-ser-descontinuados-com-a-retoma\/"},"modified":"2021-07-31T09:10:02","modified_gmt":"2021-07-31T06:10:02","slug":"governo-diz-que-apoios-sociais-vao-ser-descontinuados-com-a-retoma","status":"publish","type":"post","link":"https:\/\/hotnewsinworld.com\/pt\/governo-diz-que-apoios-sociais-vao-ser-descontinuados-com-a-retoma\/","title":{"rendered":"Governo diz que apoios sociais v\u00e3o ser descontinuados com a retoma"},"content":{"rendered":"<p>JN\/Ag\u00eanciasOntem\u00a0\u00e0s\u00a019:51O ministro da Economia afirmou, esta sexta-feira, que, face \u00e0 retoma econ\u00f3mica, os apoios sociais v\u00e3o ser descontinuados e fez um &#8220;balan\u00e7o positivo&#8221; da utiliza\u00e7\u00e3o dos fundos europeus pelas empresas para enfrentar a crise.&#8221;Temos que descontinuar os apoios sociais, n\u00e3o tenho d\u00favidas a esse respeito. Espero que j\u00e1 estejamos no fim da covid. Mas temos que ir retirando estes apoios \u00e0s empresas, os apoios sociais&#8221;, declarou Pedro Siza Vieira.O governante falava ap\u00f3s reunir-se com os respons\u00e1veis da Associa\u00e7\u00e3o Comercial e Industrial do Funchal &#8211; C\u00e2mara do Com\u00e9rcio do Funchal e diversos empres\u00e1rios de diferentes setores da regi\u00e3o no final da visita que efetuou, esta sexta-feira, \u00e0 Madeira, acompanhado pelo vice-presidente do Governo Regional, Pedro Calado, e pelo secret\u00e1rio da Economia da Madeira, Rui Barreto.O respons\u00e1vel respondeu a v\u00e1rias quest\u00f5es colocadas pelos empres\u00e1rios madeirenses, entre os quais um da \u00e1rea da tecnologia, que real\u00e7ou o problema da &#8220;falta de pessoas para trabalhar&#8221; na regi\u00e3o porque est\u00e3o dependentes de subs\u00eddios.Siza Vieira argumentou que estes aux\u00edlios n\u00e3o podem ser &#8220;retirados cedo demais&#8221;, porque ainda n\u00e3o se sabe &#8220;qual o ritmo de recupera\u00e7\u00e3o da economia&#8221;.&#8221;Tivemos mesmo que estender os apoios sociais e alargamos o per\u00edodo de dura\u00e7\u00e3o&#8221; dos subs\u00eddios durante a crise, entre outras medidas, para evitar que as pessoas &#8220;ca\u00edssem na mis\u00e9ria&#8221;, argumentou o ministro, complementando que a sua retirada &#8220;n\u00e3o pode acontecer muito cedo&#8221;.O ministro real\u00e7ou que o Governo &#8220;despendeu imenso em apoios sociais e isso foi positivo&#8221;, porque tamb\u00e9m permitiu o aumento do rendimento dos portugueses em 2020 e o &#8220;consumo privado voltou a disparar&#8221;.Outro ponto focado foi a necessidade da forma\u00e7\u00e3o adequada \u00e0s necessidades do tecido empresarial que os empres\u00e1rios consideram estar atualmente &#8220;desfasado&#8221;.Pedro Siza Vieira corroborou ser preciso &#8220;adequar a forma\u00e7\u00e3o \u00e0s necessidades do futuro&#8221;, um processo que tem de ser acelerado para Portugal poder responder aos desafios do futuro.&#8221;Os nossos jovens v\u00e3o estar cada vez mais qualificados e vamos ter que lhes dar ocupa\u00e7\u00f5es mais exigentes e melhor remuneradas e, se calhar, vamos ter que trazer gente de foram para fazer outras ocupa\u00e7\u00f5es menos qualificadas&#8221;, afirmou.O governante referiu que est\u00e1 a ocorrer &#8220;uma recupera\u00e7\u00e3o econ\u00f3mica em capa&#8221;, a duas velocidades, havendo setores que est\u00e3o a &#8220;recuperar muito bem&#8221;, como a constru\u00e7\u00e3o, a ind\u00fastria transformadora e as tecnologias, enquanto outros, nomeadamente, o turismos e as empresas do ramo alimentar, &#8220;sentiram fortemente o impacto da crise&#8221;.Siza Vieira tamb\u00e9m destacou que a Madeira foi a primeira regi\u00e3o a lan\u00e7ar linhas de apoio \u00e0s empresas, com fundos pr\u00f3prios, operacionalizadas pelo Banco de Fomento, na ordem dos 120 milh\u00f5es de euros, que &#8220;oferecia a possibilidade de reconvers\u00e3o de parte do cr\u00e9dito em subsidio a fundo perdido&#8221;.&#8221;Trabalhamos muito de perto com a secretaria regional da Economia para fazermos a notifica\u00e7\u00e3o \u00e0 Comiss\u00e3o Europeia para que autorizasse este esquema&#8221; e foi &#8220;com muita satisfa\u00e7\u00e3o que n\u00f3s pr\u00f3prios come\u00e7amos a imitar no continente o esquema madeirense&#8221;, adiantou.O ministro complementou que &#8220;depois a Comiss\u00e3o Europeia incorporou no regime geral de aux\u00edlios tempor\u00e1rios por causa da pandemia covid este esquema que a Madeira lan\u00e7ou&#8221;.Siza Vieira salientou que &#8220;n\u00e3o h\u00e1 possibilidade, ao abrigo do PRR, de dar subven\u00e7\u00f5es&#8221; reivindicadas pelas empresas e fez &#8220;um balan\u00e7o positivo da aplica\u00e7\u00e3o dos fundos europeus&#8221; por parte do tecido empresarial, que foram &#8220;um bal\u00e3o de oxig\u00e9nio&#8221; neste tempo de crise.O ministro ainda falou das acessibilidades e da mobilidade a\u00e9rea como &#8220;um ponto critico para Portugal&#8221;, porque 90% das pessoas que visitam o pa\u00eds chegam de avi\u00e3o.Siza Vieira assegurou que &#8220;o esfor\u00e7o na recupera\u00e7\u00e3o das acessibilidades a\u00e9reas tem sido muito grande&#8221;, mencionando que se tem reunido com administradores de v\u00e1rias companhias a\u00e9reas.No final desta desloca\u00e7\u00e3o \u00e0 Madeira, o ministro da Economia ainda se reuniu com o presidente da C\u00e2mara do Funchal, Miguel Silva Gouveia.<br \/>\n<br \/>\n<!--noindex--><br \/>\n<a href=\"http:\/\/feeds.jn.pt\/~r\/JN-ECONOMIA\/~3\/pZMNz9Ephns\/governo-diz-que-apoios-sociais-vao-ser-descontinuados-com-a-retoma-13993243.html\" rel=\"nofollow\">Source link <\/a><br \/>\n<!--\/noindex--><\/p>\n","protected":false},"excerpt":{"rendered":"<p>JN\/Ag\u00eanciasOntem\u00a0\u00e0s\u00a019:51O ministro da Economia afirmou, esta sexta-feira, que, face \u00e0 retoma econ\u00f3mica, os apoios sociais v\u00e3o ser descontinuados e fez um &#8220;balan\u00e7o positivo&#8221; da utiliza\u00e7\u00e3o dos fundos europeus pelas empresas para enfrentar a crise.&#8221;Temos que descontinuar os apoios sociais, n\u00e3o tenho d\u00favidas a esse respeito. Espero que j\u00e1 estejamos no fim da covid. Mas temos [&hellip;]<\/p>\n","protected":false},"author":2,"featured_media":4087,"comment_status":"open","ping_status":"open","sticky":false,"template":"","format":"standard","meta":{"footnotes":""},"categories":[1],"tags":[],"class_list":["post-4086","post","type-post","status-publish","format-standard","has-post-thumbnail","hentry","category-ultimas-noticias-financeiras"],"yoast_head":"<!-- This site is optimized with the Yoast SEO plugin v27.4 - https:\/\/yoast.com\/product\/yoast-seo-wordpress\/ -->\n<title>Governo diz que apoios sociais v\u00e3o ser descontinuados com a retoma - Hot News in World<\/title>\n<meta name=\"robots\" content=\"index, follow, max-snippet:-1, max-image-preview:large, max-video-preview:-1\" \/>\n<link rel=\"canonical\" href=\"https:\/\/hotnewsinworld.com\/pt\/governo-diz-que-apoios-sociais-vao-ser-descontinuados-com-a-retoma\/\" \/>\n<meta property=\"og:locale\" content=\"pt_PT\" \/>\n<meta property=\"og:type\" content=\"article\" \/>\n<meta property=\"og:title\" content=\"Governo diz que apoios sociais v\u00e3o ser descontinuados com a retoma - Hot News in World\" \/>\n<meta property=\"og:description\" content=\"JN\/Ag\u00eanciasOntem\u00a0\u00e0s\u00a019:51O ministro da Economia afirmou, esta sexta-feira, que, face \u00e0 retoma econ\u00f3mica, os apoios sociais v\u00e3o ser descontinuados e fez um &#8220;balan\u00e7o positivo&#8221; da utiliza\u00e7\u00e3o dos fundos europeus pelas empresas para enfrentar a crise.&#8221;Temos que descontinuar os apoios sociais, n\u00e3o tenho d\u00favidas a esse respeito. Espero que j\u00e1 estejamos no fim da covid. Mas temos [&hellip;]\" \/>\n<meta property=\"og:url\" content=\"https:\/\/hotnewsinworld.com\/pt\/governo-diz-que-apoios-sociais-vao-ser-descontinuados-com-a-retoma\/\" \/>\n<meta property=\"og:site_name\" content=\"Hot News in World\" \/>\n<meta property=\"article:published_time\" content=\"2021-07-31T06:09:59+00:00\" \/>\n<meta property=\"article:modified_time\" content=\"2021-07-31T06:10:02+00:00\" \/>\n<meta property=\"og:image\" content=\"https:\/\/hotnewsinworld.com\/pt\/wp-content\/uploads\/sites\/2\/2021\/07\/Governo-diz-que-apoios-sociais-vao-ser-descontinuados-com-a.jpg\" \/>\n\t<meta property=\"og:image:width\" content=\"800\" \/>\n\t<meta property=\"og:image:height\" content=\"420\" \/>\n\t<meta property=\"og:image:type\" content=\"image\/jpeg\" \/>\n<meta name=\"author\" content=\"hotnewsinworld\" \/>\n<meta name=\"twitter:card\" content=\"summary_large_image\" \/>\n<meta name=\"twitter:label1\" content=\"Escrito por\" \/>\n\t<meta name=\"twitter:data1\" content=\"hotnewsinworld\" \/>\n\t<meta name=\"twitter:label2\" content=\"Tempo estimado de leitura\" \/>\n\t<meta name=\"twitter:data2\" content=\"4 minutos\" \/>\n<script type=\"application\/ld+json\" class=\"yoast-schema-graph\">{\"@context\":\"https:\\\/\\\/schema.org\",\"@graph\":[{\"@type\":\"Article\",\"@id\":\"https:\\\/\\\/hotnewsinworld.com\\\/pt\\\/governo-diz-que-apoios-sociais-vao-ser-descontinuados-com-a-retoma\\\/#article\",\"isPartOf\":{\"@id\":\"https:\\\/\\\/hotnewsinworld.com\\\/pt\\\/governo-diz-que-apoios-sociais-vao-ser-descontinuados-com-a-retoma\\\/\"},\"author\":{\"name\":\"hotnewsinworld\",\"@id\":\"https:\\\/\\\/hotnewsinworld.com\\\/pt\\\/#\\\/schema\\\/person\\\/fe61448b21c0d59086e75fcc1f9d8f6b\"},\"headline\":\"Governo diz que apoios sociais v\u00e3o ser descontinuados com a retoma\",\"datePublished\":\"2021-07-31T06:09:59+00:00\",\"dateModified\":\"2021-07-31T06:10:02+00:00\",\"mainEntityOfPage\":{\"@id\":\"https:\\\/\\\/hotnewsinworld.com\\\/pt\\\/governo-diz-que-apoios-sociais-vao-ser-descontinuados-com-a-retoma\\\/\"},\"wordCount\":716,\"commentCount\":0,\"image\":{\"@id\":\"https:\\\/\\\/hotnewsinworld.com\\\/pt\\\/governo-diz-que-apoios-sociais-vao-ser-descontinuados-com-a-retoma\\\/#primaryimage\"},\"thumbnailUrl\":\"https:\\\/\\\/hotnewsinworld.com\\\/pt\\\/wp-content\\\/uploads\\\/sites\\\/2\\\/2021\\\/07\\\/Governo-diz-que-apoios-sociais-vao-ser-descontinuados-com-a.jpg\",\"articleSection\":[\"\u00daLTIMAS NOT\u00cdCIAS FINANCEIRAS\"],\"inLanguage\":\"pt-PT\",\"potentialAction\":[{\"@type\":\"CommentAction\",\"name\":\"Comment\",\"target\":[\"https:\\\/\\\/hotnewsinworld.com\\\/pt\\\/governo-diz-que-apoios-sociais-vao-ser-descontinuados-com-a-retoma\\\/#respond\"]}]},{\"@type\":\"WebPage\",\"@id\":\"https:\\\/\\\/hotnewsinworld.com\\\/pt\\\/governo-diz-que-apoios-sociais-vao-ser-descontinuados-com-a-retoma\\\/\",\"url\":\"https:\\\/\\\/hotnewsinworld.com\\\/pt\\\/governo-diz-que-apoios-sociais-vao-ser-descontinuados-com-a-retoma\\\/\",\"name\":\"Governo diz que apoios sociais v\u00e3o ser descontinuados com a retoma - Hot News in World\",\"isPartOf\":{\"@id\":\"https:\\\/\\\/hotnewsinworld.com\\\/pt\\\/#website\"},\"primaryImageOfPage\":{\"@id\":\"https:\\\/\\\/hotnewsinworld.com\\\/pt\\\/governo-diz-que-apoios-sociais-vao-ser-descontinuados-com-a-retoma\\\/#primaryimage\"},\"image\":{\"@id\":\"https:\\\/\\\/hotnewsinworld.com\\\/pt\\\/governo-diz-que-apoios-sociais-vao-ser-descontinuados-com-a-retoma\\\/#primaryimage\"},\"thumbnailUrl\":\"https:\\\/\\\/hotnewsinworld.com\\\/pt\\\/wp-content\\\/uploads\\\/sites\\\/2\\\/2021\\\/07\\\/Governo-diz-que-apoios-sociais-vao-ser-descontinuados-com-a.jpg\",\"datePublished\":\"2021-07-31T06:09:59+00:00\",\"dateModified\":\"2021-07-31T06:10:02+00:00\",\"author\":{\"@id\":\"https:\\\/\\\/hotnewsinworld.com\\\/pt\\\/#\\\/schema\\\/person\\\/fe61448b21c0d59086e75fcc1f9d8f6b\"},\"breadcrumb\":{\"@id\":\"https:\\\/\\\/hotnewsinworld.com\\\/pt\\\/governo-diz-que-apoios-sociais-vao-ser-descontinuados-com-a-retoma\\\/#breadcrumb\"},\"inLanguage\":\"pt-PT\",\"potentialAction\":[{\"@type\":\"ReadAction\",\"target\":[\"https:\\\/\\\/hotnewsinworld.com\\\/pt\\\/governo-diz-que-apoios-sociais-vao-ser-descontinuados-com-a-retoma\\\/\"]}]},{\"@type\":\"ImageObject\",\"inLanguage\":\"pt-PT\",\"@id\":\"https:\\\/\\\/hotnewsinworld.com\\\/pt\\\/governo-diz-que-apoios-sociais-vao-ser-descontinuados-com-a-retoma\\\/#primaryimage\",\"url\":\"https:\\\/\\\/hotnewsinworld.com\\\/pt\\\/wp-content\\\/uploads\\\/sites\\\/2\\\/2021\\\/07\\\/Governo-diz-que-apoios-sociais-vao-ser-descontinuados-com-a.jpg\",\"contentUrl\":\"https:\\\/\\\/hotnewsinworld.com\\\/pt\\\/wp-content\\\/uploads\\\/sites\\\/2\\\/2021\\\/07\\\/Governo-diz-que-apoios-sociais-vao-ser-descontinuados-com-a.jpg\",\"width\":800,\"height\":420,\"caption\":\"Governo diz que apoios sociais v\u00e3o ser descontinuados com a retoma\"},{\"@type\":\"BreadcrumbList\",\"@id\":\"https:\\\/\\\/hotnewsinworld.com\\\/pt\\\/governo-diz-que-apoios-sociais-vao-ser-descontinuados-com-a-retoma\\\/#breadcrumb\",\"itemListElement\":[{\"@type\":\"ListItem\",\"position\":1,\"name\":\"\u0413\u043b\u0430\u0432\u043d\u0430\u044f \u0441\u0442\u0440\u0430\u043d\u0438\u0446\u0430\",\"item\":\"https:\\\/\\\/hotnewsinworld.com\\\/pt\\\/\"},{\"@type\":\"ListItem\",\"position\":2,\"name\":\"Governo diz que apoios sociais v\u00e3o ser descontinuados com a retoma\"}]},{\"@type\":\"WebSite\",\"@id\":\"https:\\\/\\\/hotnewsinworld.com\\\/pt\\\/#website\",\"url\":\"https:\\\/\\\/hotnewsinworld.com\\\/pt\\\/\",\"name\":\"Hot News in World\",\"description\":\"Hot News in World Portugal\",\"potentialAction\":[{\"@type\":\"SearchAction\",\"target\":{\"@type\":\"EntryPoint\",\"urlTemplate\":\"https:\\\/\\\/hotnewsinworld.com\\\/pt\\\/?s={search_term_string}\"},\"query-input\":{\"@type\":\"PropertyValueSpecification\",\"valueRequired\":true,\"valueName\":\"search_term_string\"}}],\"inLanguage\":\"pt-PT\"},{\"@type\":\"Person\",\"@id\":\"https:\\\/\\\/hotnewsinworld.com\\\/pt\\\/#\\\/schema\\\/person\\\/fe61448b21c0d59086e75fcc1f9d8f6b\",\"name\":\"hotnewsinworld\",\"image\":{\"@type\":\"ImageObject\",\"inLanguage\":\"pt-PT\",\"@id\":\"https:\\\/\\\/secure.gravatar.com\\\/avatar\\\/8a09ac165600ce2e1c38fe593c63928eb1e6e7ba5c5a907d67787c41b3d00c14?s=96&d=mm&r=g\",\"url\":\"https:\\\/\\\/secure.gravatar.com\\\/avatar\\\/8a09ac165600ce2e1c38fe593c63928eb1e6e7ba5c5a907d67787c41b3d00c14?s=96&d=mm&r=g\",\"contentUrl\":\"https:\\\/\\\/secure.gravatar.com\\\/avatar\\\/8a09ac165600ce2e1c38fe593c63928eb1e6e7ba5c5a907d67787c41b3d00c14?s=96&d=mm&r=g\",\"caption\":\"hotnewsinworld\"},\"url\":\"https:\\\/\\\/hotnewsinworld.com\\\/pt\\\/author\\\/pt\\\/\"}]}<\/script>\n<!-- \/ Yoast SEO plugin. -->","yoast_head_json":{"title":"Governo diz que apoios sociais v\u00e3o ser descontinuados com a retoma - Hot News in World","robots":{"index":"index","follow":"follow","max-snippet":"max-snippet:-1","max-image-preview":"max-image-preview:large","max-video-preview":"max-video-preview:-1"},"canonical":"https:\/\/hotnewsinworld.com\/pt\/governo-diz-que-apoios-sociais-vao-ser-descontinuados-com-a-retoma\/","og_locale":"pt_PT","og_type":"article","og_title":"Governo diz que apoios sociais v\u00e3o ser descontinuados com a retoma - Hot News in World","og_description":"JN\/Ag\u00eanciasOntem\u00a0\u00e0s\u00a019:51O ministro da Economia afirmou, esta sexta-feira, que, face \u00e0 retoma econ\u00f3mica, os apoios sociais v\u00e3o ser descontinuados e fez um &#8220;balan\u00e7o positivo&#8221; da utiliza\u00e7\u00e3o dos fundos europeus pelas empresas para enfrentar a crise.&#8221;Temos que descontinuar os apoios sociais, n\u00e3o tenho d\u00favidas a esse respeito. Espero que j\u00e1 estejamos no fim da covid. Mas temos [&hellip;]","og_url":"https:\/\/hotnewsinworld.com\/pt\/governo-diz-que-apoios-sociais-vao-ser-descontinuados-com-a-retoma\/","og_site_name":"Hot News in World","article_published_time":"2021-07-31T06:09:59+00:00","article_modified_time":"2021-07-31T06:10:02+00:00","og_image":[{"width":800,"height":420,"url":"https:\/\/hotnewsinworld.com\/pt\/wp-content\/uploads\/sites\/2\/2021\/07\/Governo-diz-que-apoios-sociais-vao-ser-descontinuados-com-a.jpg","type":"image\/jpeg"}],"author":"hotnewsinworld","twitter_card":"summary_large_image","twitter_misc":{"Escrito por":"hotnewsinworld","Tempo estimado de leitura":"4 minutos"},"schema":{"@context":"https:\/\/schema.org","@graph":[{"@type":"Article","@id":"https:\/\/hotnewsinworld.com\/pt\/governo-diz-que-apoios-sociais-vao-ser-descontinuados-com-a-retoma\/#article","isPartOf":{"@id":"https:\/\/hotnewsinworld.com\/pt\/governo-diz-que-apoios-sociais-vao-ser-descontinuados-com-a-retoma\/"},"author":{"name":"hotnewsinworld","@id":"https:\/\/hotnewsinworld.com\/pt\/#\/schema\/person\/fe61448b21c0d59086e75fcc1f9d8f6b"},"headline":"Governo diz que apoios sociais v\u00e3o ser descontinuados com a retoma","datePublished":"2021-07-31T06:09:59+00:00","dateModified":"2021-07-31T06:10:02+00:00","mainEntityOfPage":{"@id":"https:\/\/hotnewsinworld.com\/pt\/governo-diz-que-apoios-sociais-vao-ser-descontinuados-com-a-retoma\/"},"wordCount":716,"commentCount":0,"image":{"@id":"https:\/\/hotnewsinworld.com\/pt\/governo-diz-que-apoios-sociais-vao-ser-descontinuados-com-a-retoma\/#primaryimage"},"thumbnailUrl":"https:\/\/hotnewsinworld.com\/pt\/wp-content\/uploads\/sites\/2\/2021\/07\/Governo-diz-que-apoios-sociais-vao-ser-descontinuados-com-a.jpg","articleSection":["\u00daLTIMAS NOT\u00cdCIAS FINANCEIRAS"],"inLanguage":"pt-PT","potentialAction":[{"@type":"CommentAction","name":"Comment","target":["https:\/\/hotnewsinworld.com\/pt\/governo-diz-que-apoios-sociais-vao-ser-descontinuados-com-a-retoma\/#respond"]}]},{"@type":"WebPage","@id":"https:\/\/hotnewsinworld.com\/pt\/governo-diz-que-apoios-sociais-vao-ser-descontinuados-com-a-retoma\/","url":"https:\/\/hotnewsinworld.com\/pt\/governo-diz-que-apoios-sociais-vao-ser-descontinuados-com-a-retoma\/","name":"Governo diz que apoios sociais v\u00e3o ser descontinuados com a retoma - Hot News in World","isPartOf":{"@id":"https:\/\/hotnewsinworld.com\/pt\/#website"},"primaryImageOfPage":{"@id":"https:\/\/hotnewsinworld.com\/pt\/governo-diz-que-apoios-sociais-vao-ser-descontinuados-com-a-retoma\/#primaryimage"},"image":{"@id":"https:\/\/hotnewsinworld.com\/pt\/governo-diz-que-apoios-sociais-vao-ser-descontinuados-com-a-retoma\/#primaryimage"},"thumbnailUrl":"https:\/\/hotnewsinworld.com\/pt\/wp-content\/uploads\/sites\/2\/2021\/07\/Governo-diz-que-apoios-sociais-vao-ser-descontinuados-com-a.jpg","datePublished":"2021-07-31T06:09:59+00:00","dateModified":"2021-07-31T06:10:02+00:00","author":{"@id":"https:\/\/hotnewsinworld.com\/pt\/#\/schema\/person\/fe61448b21c0d59086e75fcc1f9d8f6b"},"breadcrumb":{"@id":"https:\/\/hotnewsinworld.com\/pt\/governo-diz-que-apoios-sociais-vao-ser-descontinuados-com-a-retoma\/#breadcrumb"},"inLanguage":"pt-PT","potentialAction":[{"@type":"ReadAction","target":["https:\/\/hotnewsinworld.com\/pt\/governo-diz-que-apoios-sociais-vao-ser-descontinuados-com-a-retoma\/"]}]},{"@type":"ImageObject","inLanguage":"pt-PT","@id":"https:\/\/hotnewsinworld.com\/pt\/governo-diz-que-apoios-sociais-vao-ser-descontinuados-com-a-retoma\/#primaryimage","url":"https:\/\/hotnewsinworld.com\/pt\/wp-content\/uploads\/sites\/2\/2021\/07\/Governo-diz-que-apoios-sociais-vao-ser-descontinuados-com-a.jpg","contentUrl":"https:\/\/hotnewsinworld.com\/pt\/wp-content\/uploads\/sites\/2\/2021\/07\/Governo-diz-que-apoios-sociais-vao-ser-descontinuados-com-a.jpg","width":800,"height":420,"caption":"Governo diz que apoios sociais v\u00e3o ser descontinuados com a retoma"},{"@type":"BreadcrumbList","@id":"https:\/\/hotnewsinworld.com\/pt\/governo-diz-que-apoios-sociais-vao-ser-descontinuados-com-a-retoma\/#breadcrumb","itemListElement":[{"@type":"ListItem","position":1,"name":"\u0413\u043b\u0430\u0432\u043d\u0430\u044f \u0441\u0442\u0440\u0430\u043d\u0438\u0446\u0430","item":"https:\/\/hotnewsinworld.com\/pt\/"},{"@type":"ListItem","position":2,"name":"Governo diz que apoios sociais v\u00e3o ser descontinuados com a retoma"}]},{"@type":"WebSite","@id":"https:\/\/hotnewsinworld.com\/pt\/#website","url":"https:\/\/hotnewsinworld.com\/pt\/","name":"Hot News in World","description":"Hot News in World Portugal","potentialAction":[{"@type":"SearchAction","target":{"@type":"EntryPoint","urlTemplate":"https:\/\/hotnewsinworld.com\/pt\/?s={search_term_string}"},"query-input":{"@type":"PropertyValueSpecification","valueRequired":true,"valueName":"search_term_string"}}],"inLanguage":"pt-PT"},{"@type":"Person","@id":"https:\/\/hotnewsinworld.com\/pt\/#\/schema\/person\/fe61448b21c0d59086e75fcc1f9d8f6b","name":"hotnewsinworld","image":{"@type":"ImageObject","inLanguage":"pt-PT","@id":"https:\/\/secure.gravatar.com\/avatar\/8a09ac165600ce2e1c38fe593c63928eb1e6e7ba5c5a907d67787c41b3d00c14?s=96&d=mm&r=g","url":"https:\/\/secure.gravatar.com\/avatar\/8a09ac165600ce2e1c38fe593c63928eb1e6e7ba5c5a907d67787c41b3d00c14?s=96&d=mm&r=g","contentUrl":"https:\/\/secure.gravatar.com\/avatar\/8a09ac165600ce2e1c38fe593c63928eb1e6e7ba5c5a907d67787c41b3d00c14?s=96&d=mm&r=g","caption":"hotnewsinworld"},"url":"https:\/\/hotnewsinworld.com\/pt\/author\/pt\/"}]}},"_links":{"self":[{"href":"https:\/\/hotnewsinworld.com\/pt\/wp-json\/wp\/v2\/posts\/4086","targetHints":{"allow":["GET"]}}],"collection":[{"href":"https:\/\/hotnewsinworld.com\/pt\/wp-json\/wp\/v2\/posts"}],"about":[{"href":"https:\/\/hotnewsinworld.com\/pt\/wp-json\/wp\/v2\/types\/post"}],"author":[{"embeddable":true,"href":"https:\/\/hotnewsinworld.com\/pt\/wp-json\/wp\/v2\/users\/2"}],"replies":[{"embeddable":true,"href":"https:\/\/hotnewsinworld.com\/pt\/wp-json\/wp\/v2\/comments?post=4086"}],"version-history":[{"count":1,"href":"https:\/\/hotnewsinworld.com\/pt\/wp-json\/wp\/v2\/posts\/4086\/revisions"}],"predecessor-version":[{"id":4088,"href":"https:\/\/hotnewsinworld.com\/pt\/wp-json\/wp\/v2\/posts\/4086\/revisions\/4088"}],"wp:featuredmedia":[{"embeddable":true,"href":"https:\/\/hotnewsinworld.com\/pt\/wp-json\/wp\/v2\/media\/4087"}],"wp:attachment":[{"href":"https:\/\/hotnewsinworld.com\/pt\/wp-json\/wp\/v2\/media?parent=4086"}],"wp:term":[{"taxonomy":"category","embeddable":true,"href":"https:\/\/hotnewsinworld.com\/pt\/wp-json\/wp\/v2\/categories?post=4086"},{"taxonomy":"post_tag","embeddable":true,"href":"https:\/\/hotnewsinworld.com\/pt\/wp-json\/wp\/v2\/tags?post=4086"}],"curies":[{"name":"wp","href":"https:\/\/api.w.org\/{rel}","templated":true}]}}