{"id":4092,"date":"2021-08-01T09:12:50","date_gmt":"2021-08-01T06:12:50","guid":{"rendered":"https:\/\/hotnewsinworld.com\/pt\/marcelo-satisfeito-com-reabertura-%e2%80%b3sensata%e2%80%b3-que-%e2%80%b3corresponde-a-expectativas-de-muitos%e2%80%b3\/"},"modified":"2021-08-01T09:13:06","modified_gmt":"2021-08-01T06:13:06","slug":"marcelo-satisfeito-com-reabertura-%e2%80%b3sensata%e2%80%b3-que-%e2%80%b3corresponde-a-expectativas-de-muitos%e2%80%b3","status":"publish","type":"post","link":"https:\/\/hotnewsinworld.com\/pt\/marcelo-satisfeito-com-reabertura-%e2%80%b3sensata%e2%80%b3-que-%e2%80%b3corresponde-a-expectativas-de-muitos%e2%80%b3\/","title":{"rendered":"Marcelo satisfeito com reabertura \u2033sensata\u2033 que \u2033corresponde a expectativas de muitos\u2033"},"content":{"rendered":"<p>JN\/Ag\u00eanciasHoje\u00a0\u00e0s\u00a001:07O Presidente da Rep\u00fablica, Marcelo Rebelo de Sousa, classificou, no s\u00e1bado, como &#8220;sensata&#8221; a reabertura do pa\u00eds e o al\u00edvio de restri\u00e7\u00f5es impostas pela pandemia, considerando que as medidas anunciadas pelo Governo correspondem \u00e0 &#8220;expectativa de muitos portugueses&#8221;.&#8221;Felizmente que a pandemia avan\u00e7a no bom sentido [e] que foram anunciadas j\u00e1 medidas de sucessiva, gradual e sensata abertura&#8221;, disse Marcelo Rebelo de Sousa perante cerca de meia centena de portugueses e luso-brasileiros reunidos na Casa de Portugal em S\u00e3o Paulo.Numa interven\u00e7\u00e3o que, segundo o chefe de Estado portugu\u00eas, pretendeu transmitir &#8220;o que se passa em Portugal&#8221;, Marcelo Rebelo de Sousa falou ainda de &#8220;sinais econ\u00f3micos muito positivos&#8221; e de n\u00fameros de exporta\u00e7\u00f5es &#8220;surpreendentes de bons&#8221;, s\u00f3 poss\u00edveis, disse, pela forma como &#8220;a sociedade, as empresas e os trabalhadores souberam enfrentar os tempos dif\u00edceis&#8221;.Aos jornalistas, Marcelo Rebelo de Sousa acrescentou que &#8220;a posi\u00e7\u00e3o tomada pelo primeiro-ministro e pelo Governo&#8221; vai &#8220;ao encontro das expectativas de muitos portugueses&#8221;.&#8221;Nisto est\u00e1 impl\u00edcito aquilo que considero de ju\u00edzo favor\u00e1vel, claramente favor\u00e1vel, ao que foi decidido&#8221;, acrescentou.Questionado sobre se as novas medidas fizeram retornar a harmonia entre Presidente da Rep\u00fablica e Governo sobre esta mat\u00e9ria, Marcelo Rebelo de Sousa apontou como um dos grandes princ\u00edpios de gerir a pandemia de covid-19 &#8220;a solidariedade estrat\u00e9gica&#8221;.&#8221;A solidariedade estrat\u00e9gica \u00e9 ter um objetivo e trabalhar de forma sistem\u00e1tica em conjunto para atingir esse objetivo, envolvendo o maior n\u00famero&#8221; de pessoas, disse.O Presidente da Rep\u00fablica considerou que o percurso feito at\u00e9 agora &#8220;provou bem&#8221; e que n\u00e3o h\u00e1, por isso, &#8220;nenhuma raz\u00e3o para n\u00e3o se ir em frente no mesmo percurso de solidariedade estrat\u00e9gica&#8221;.O levantamento gradual das restri\u00e7\u00f5es em fun\u00e7\u00e3o da vacina\u00e7\u00e3o contra a covid-19 arranca este domingo com o controlo da pandemia de covid-19 a passar a ser feito &#8220;em fun\u00e7\u00e3o do crit\u00e9rio da taxa de vacina\u00e7\u00e3o da popula\u00e7\u00e3o portuguesa&#8221; e sem medidas diferenciadas para cada um dos 278 concelhos de Portugal continental.O plano do Governo de al\u00edvio das restri\u00e7\u00f5es prev\u00ea tr\u00eas fases para &#8220;liberta\u00e7\u00e3o da sociedade e da economia, de modo progressivo e gradual&#8221;, segundo anunciou o primeiro-ministro, Ant\u00f3nio Costa, na quinta-feira, ap\u00f3s a reuni\u00e3o do Conselho de Ministros, em Lisboa.Entre as medidas gerais que se enquadram nas tr\u00eas fases deste novo plano est\u00e1 a exig\u00eancia de certificado digital de vacina\u00e7\u00e3o ou teste negativo \u00e0 covid-19 para restaurantes no interior \u00e0s sextas-feiras a partir das 19 horas e aos s\u00e1bados, domingos e feriados durante todo o hor\u00e1rio de funcionamento, assim como para viagens por via a\u00e9rea ou mar\u00edtima, estabelecimentos tur\u00edsticos e alojamento local, termas e &#8216;spas&#8217;, casinos e bingos, eventos culturais, desportivos ou corporativos com mais de mil pessoas (em ambiente aberto) ou 500 pessoas (em ambiente fechado) e casamentos e batizados com mais de 10 pessoas.A primeira fase do plano de levantamento gradual das restri\u00e7\u00f5es come\u00e7a este domingo, quando h\u00e1 57% da popula\u00e7\u00e3o com vacina\u00e7\u00e3o completa, e determina o fim da limita\u00e7\u00e3o de circula\u00e7\u00e3o na via p\u00fablica que era aplicada, diariamente, entre as 23 horas e as 5 horas, aos concelhos de maior risco de incid\u00eancia de covid-19, assim como a possibilidade dos restaurantes e dos equipamentos culturais e desportivos funcionarem &#8220;de acordo com o hor\u00e1rio do respetivo licenciamento, com o limite das 2 horas.Nestas medidas de al\u00edvio est\u00e1 tamb\u00e9m a reabertura de bares e discotecas e a passagem do teletrabalho &#8220;de obrigat\u00f3rio para recomendado, quando as atividades o permitam&#8221;.As tr\u00eas fases deste plano est\u00e3o associadas \u00e0 percentagem de popula\u00e7\u00e3o que as autoridades estimam ter a vacina\u00e7\u00e3o completa contra a covid-19 em 1 de agosto (57%), em 5 de setembro (71%) e em outubro (85%).O Presidente da Rep\u00fablica portugu\u00eas cumpriu no s\u00e1bado o segundo e \u00faltimo dia de visita a S\u00e3o Paulo, seguindo hoje para Bras\u00edlia.<br \/>\n<br \/>\n<!--noindex--><br \/>\n<a href=\"http:\/\/feeds.jn.pt\/~r\/JN-ECONOMIA\/~3\/yiJnYZI9ZB4\/marcelo-satisfeito-com-reabertura-sensata-que-corresponde-a-expectativas-de-muitos--13995976.html\" rel=\"nofollow\">Source link <\/a><br \/>\n<!--\/noindex--><\/p>\n","protected":false},"excerpt":{"rendered":"<p>JN\/Ag\u00eanciasHoje\u00a0\u00e0s\u00a001:07O Presidente da Rep\u00fablica, Marcelo Rebelo de Sousa, classificou, no s\u00e1bado, como &#8220;sensata&#8221; a reabertura do pa\u00eds e o al\u00edvio de restri\u00e7\u00f5es impostas pela pandemia, considerando que as medidas anunciadas pelo Governo correspondem \u00e0 &#8220;expectativa de muitos portugueses&#8221;.&#8221;Felizmente que a pandemia avan\u00e7a no bom sentido [e] que foram anunciadas j\u00e1 medidas de sucessiva, gradual e [&hellip;]<\/p>\n","protected":false},"author":2,"featured_media":4093,"comment_status":"open","ping_status":"open","sticky":false,"template":"","format":"standard","meta":{"footnotes":""},"categories":[1],"tags":[],"class_list":["post-4092","post","type-post","status-publish","format-standard","has-post-thumbnail","hentry","category-ultimas-noticias-financeiras"],"yoast_head":"<!-- This site is optimized with the Yoast SEO plugin v27.4 - https:\/\/yoast.com\/product\/yoast-seo-wordpress\/ -->\n<title>Marcelo satisfeito com reabertura \u2033sensata\u2033 que \u2033corresponde a expectativas de muitos\u2033 - Hot News in World<\/title>\n<meta name=\"robots\" content=\"index, follow, max-snippet:-1, max-image-preview:large, max-video-preview:-1\" \/>\n<link rel=\"canonical\" href=\"https:\/\/hotnewsinworld.com\/pt\/marcelo-satisfeito-com-reabertura-\u2033sensata\u2033-que-\u2033corresponde-a-expectativas-de-muitos\u2033\/\" \/>\n<meta property=\"og:locale\" content=\"pt_PT\" \/>\n<meta property=\"og:type\" content=\"article\" \/>\n<meta property=\"og:title\" content=\"Marcelo satisfeito com reabertura \u2033sensata\u2033 que \u2033corresponde a expectativas de muitos\u2033 - Hot News in World\" \/>\n<meta property=\"og:description\" content=\"JN\/Ag\u00eanciasHoje\u00a0\u00e0s\u00a001:07O Presidente da Rep\u00fablica, Marcelo Rebelo de Sousa, classificou, no s\u00e1bado, como &#8220;sensata&#8221; a reabertura do pa\u00eds e o al\u00edvio de restri\u00e7\u00f5es impostas pela pandemia, considerando que as medidas anunciadas pelo Governo correspondem \u00e0 &#8220;expectativa de muitos portugueses&#8221;.&#8221;Felizmente que a pandemia avan\u00e7a no bom sentido [e] que foram anunciadas j\u00e1 medidas de sucessiva, gradual e [&hellip;]\" \/>\n<meta property=\"og:url\" content=\"https:\/\/hotnewsinworld.com\/pt\/marcelo-satisfeito-com-reabertura-\u2033sensata\u2033-que-\u2033corresponde-a-expectativas-de-muitos\u2033\/\" \/>\n<meta property=\"og:site_name\" content=\"Hot News in World\" \/>\n<meta property=\"article:published_time\" content=\"2021-08-01T06:12:50+00:00\" \/>\n<meta property=\"article:modified_time\" content=\"2021-08-01T06:13:06+00:00\" \/>\n<meta property=\"og:image\" content=\"https:\/\/hotnewsinworld.com\/pt\/wp-content\/uploads\/sites\/2\/2021\/08\/Marcelo-satisfeito-com-reabertura-\u2033sensata\u2033-que-\u2033corresponde-a-expectativas-de.jpg\" \/>\n\t<meta property=\"og:image:width\" content=\"800\" \/>\n\t<meta property=\"og:image:height\" content=\"420\" \/>\n\t<meta property=\"og:image:type\" content=\"image\/jpeg\" \/>\n<meta name=\"author\" content=\"hotnewsinworld\" \/>\n<meta name=\"twitter:card\" content=\"summary_large_image\" \/>\n<meta name=\"twitter:label1\" content=\"Escrito por\" \/>\n\t<meta name=\"twitter:data1\" content=\"hotnewsinworld\" \/>\n\t<meta name=\"twitter:label2\" content=\"Tempo estimado de leitura\" \/>\n\t<meta name=\"twitter:data2\" content=\"3 minutos\" \/>\n<script type=\"application\/ld+json\" class=\"yoast-schema-graph\">{\"@context\":\"https:\\\/\\\/schema.org\",\"@graph\":[{\"@type\":\"Article\",\"@id\":\"https:\\\/\\\/hotnewsinworld.com\\\/pt\\\/marcelo-satisfeito-com-reabertura-%e2%80%b3sensata%e2%80%b3-que-%e2%80%b3corresponde-a-expectativas-de-muitos%e2%80%b3\\\/#article\",\"isPartOf\":{\"@id\":\"https:\\\/\\\/hotnewsinworld.com\\\/pt\\\/marcelo-satisfeito-com-reabertura-%e2%80%b3sensata%e2%80%b3-que-%e2%80%b3corresponde-a-expectativas-de-muitos%e2%80%b3\\\/\"},\"author\":{\"name\":\"hotnewsinworld\",\"@id\":\"https:\\\/\\\/hotnewsinworld.com\\\/pt\\\/#\\\/schema\\\/person\\\/fe61448b21c0d59086e75fcc1f9d8f6b\"},\"headline\":\"Marcelo satisfeito com reabertura \u2033sensata\u2033 que \u2033corresponde a expectativas de muitos\u2033\",\"datePublished\":\"2021-08-01T06:12:50+00:00\",\"dateModified\":\"2021-08-01T06:13:06+00:00\",\"mainEntityOfPage\":{\"@id\":\"https:\\\/\\\/hotnewsinworld.com\\\/pt\\\/marcelo-satisfeito-com-reabertura-%e2%80%b3sensata%e2%80%b3-que-%e2%80%b3corresponde-a-expectativas-de-muitos%e2%80%b3\\\/\"},\"wordCount\":696,\"commentCount\":0,\"image\":{\"@id\":\"https:\\\/\\\/hotnewsinworld.com\\\/pt\\\/marcelo-satisfeito-com-reabertura-%e2%80%b3sensata%e2%80%b3-que-%e2%80%b3corresponde-a-expectativas-de-muitos%e2%80%b3\\\/#primaryimage\"},\"thumbnailUrl\":\"https:\\\/\\\/hotnewsinworld.com\\\/pt\\\/wp-content\\\/uploads\\\/sites\\\/2\\\/2021\\\/08\\\/Marcelo-satisfeito-com-reabertura-\u2033sensata\u2033-que-\u2033corresponde-a-expectativas-de.jpg\",\"articleSection\":[\"\u00daLTIMAS NOT\u00cdCIAS FINANCEIRAS\"],\"inLanguage\":\"pt-PT\",\"potentialAction\":[{\"@type\":\"CommentAction\",\"name\":\"Comment\",\"target\":[\"https:\\\/\\\/hotnewsinworld.com\\\/pt\\\/marcelo-satisfeito-com-reabertura-%e2%80%b3sensata%e2%80%b3-que-%e2%80%b3corresponde-a-expectativas-de-muitos%e2%80%b3\\\/#respond\"]}]},{\"@type\":\"WebPage\",\"@id\":\"https:\\\/\\\/hotnewsinworld.com\\\/pt\\\/marcelo-satisfeito-com-reabertura-%e2%80%b3sensata%e2%80%b3-que-%e2%80%b3corresponde-a-expectativas-de-muitos%e2%80%b3\\\/\",\"url\":\"https:\\\/\\\/hotnewsinworld.com\\\/pt\\\/marcelo-satisfeito-com-reabertura-%e2%80%b3sensata%e2%80%b3-que-%e2%80%b3corresponde-a-expectativas-de-muitos%e2%80%b3\\\/\",\"name\":\"Marcelo satisfeito com reabertura \u2033sensata\u2033 que \u2033corresponde a expectativas de muitos\u2033 - Hot News in World\",\"isPartOf\":{\"@id\":\"https:\\\/\\\/hotnewsinworld.com\\\/pt\\\/#website\"},\"primaryImageOfPage\":{\"@id\":\"https:\\\/\\\/hotnewsinworld.com\\\/pt\\\/marcelo-satisfeito-com-reabertura-%e2%80%b3sensata%e2%80%b3-que-%e2%80%b3corresponde-a-expectativas-de-muitos%e2%80%b3\\\/#primaryimage\"},\"image\":{\"@id\":\"https:\\\/\\\/hotnewsinworld.com\\\/pt\\\/marcelo-satisfeito-com-reabertura-%e2%80%b3sensata%e2%80%b3-que-%e2%80%b3corresponde-a-expectativas-de-muitos%e2%80%b3\\\/#primaryimage\"},\"thumbnailUrl\":\"https:\\\/\\\/hotnewsinworld.com\\\/pt\\\/wp-content\\\/uploads\\\/sites\\\/2\\\/2021\\\/08\\\/Marcelo-satisfeito-com-reabertura-\u2033sensata\u2033-que-\u2033corresponde-a-expectativas-de.jpg\",\"datePublished\":\"2021-08-01T06:12:50+00:00\",\"dateModified\":\"2021-08-01T06:13:06+00:00\",\"author\":{\"@id\":\"https:\\\/\\\/hotnewsinworld.com\\\/pt\\\/#\\\/schema\\\/person\\\/fe61448b21c0d59086e75fcc1f9d8f6b\"},\"breadcrumb\":{\"@id\":\"https:\\\/\\\/hotnewsinworld.com\\\/pt\\\/marcelo-satisfeito-com-reabertura-%e2%80%b3sensata%e2%80%b3-que-%e2%80%b3corresponde-a-expectativas-de-muitos%e2%80%b3\\\/#breadcrumb\"},\"inLanguage\":\"pt-PT\",\"potentialAction\":[{\"@type\":\"ReadAction\",\"target\":[\"https:\\\/\\\/hotnewsinworld.com\\\/pt\\\/marcelo-satisfeito-com-reabertura-%e2%80%b3sensata%e2%80%b3-que-%e2%80%b3corresponde-a-expectativas-de-muitos%e2%80%b3\\\/\"]}]},{\"@type\":\"ImageObject\",\"inLanguage\":\"pt-PT\",\"@id\":\"https:\\\/\\\/hotnewsinworld.com\\\/pt\\\/marcelo-satisfeito-com-reabertura-%e2%80%b3sensata%e2%80%b3-que-%e2%80%b3corresponde-a-expectativas-de-muitos%e2%80%b3\\\/#primaryimage\",\"url\":\"https:\\\/\\\/hotnewsinworld.com\\\/pt\\\/wp-content\\\/uploads\\\/sites\\\/2\\\/2021\\\/08\\\/Marcelo-satisfeito-com-reabertura-\u2033sensata\u2033-que-\u2033corresponde-a-expectativas-de.jpg\",\"contentUrl\":\"https:\\\/\\\/hotnewsinworld.com\\\/pt\\\/wp-content\\\/uploads\\\/sites\\\/2\\\/2021\\\/08\\\/Marcelo-satisfeito-com-reabertura-\u2033sensata\u2033-que-\u2033corresponde-a-expectativas-de.jpg\",\"width\":800,\"height\":420,\"caption\":\"Marcelo satisfeito com reabertura \u2033sensata\u2033 que \u2033corresponde a expectativas de muitos\u2033\"},{\"@type\":\"BreadcrumbList\",\"@id\":\"https:\\\/\\\/hotnewsinworld.com\\\/pt\\\/marcelo-satisfeito-com-reabertura-%e2%80%b3sensata%e2%80%b3-que-%e2%80%b3corresponde-a-expectativas-de-muitos%e2%80%b3\\\/#breadcrumb\",\"itemListElement\":[{\"@type\":\"ListItem\",\"position\":1,\"name\":\"\u0413\u043b\u0430\u0432\u043d\u0430\u044f \u0441\u0442\u0440\u0430\u043d\u0438\u0446\u0430\",\"item\":\"https:\\\/\\\/hotnewsinworld.com\\\/pt\\\/\"},{\"@type\":\"ListItem\",\"position\":2,\"name\":\"Marcelo satisfeito com reabertura \u2033sensata\u2033 que \u2033corresponde a expectativas de muitos\u2033\"}]},{\"@type\":\"WebSite\",\"@id\":\"https:\\\/\\\/hotnewsinworld.com\\\/pt\\\/#website\",\"url\":\"https:\\\/\\\/hotnewsinworld.com\\\/pt\\\/\",\"name\":\"Hot News in World\",\"description\":\"Hot News in World Portugal\",\"potentialAction\":[{\"@type\":\"SearchAction\",\"target\":{\"@type\":\"EntryPoint\",\"urlTemplate\":\"https:\\\/\\\/hotnewsinworld.com\\\/pt\\\/?s={search_term_string}\"},\"query-input\":{\"@type\":\"PropertyValueSpecification\",\"valueRequired\":true,\"valueName\":\"search_term_string\"}}],\"inLanguage\":\"pt-PT\"},{\"@type\":\"Person\",\"@id\":\"https:\\\/\\\/hotnewsinworld.com\\\/pt\\\/#\\\/schema\\\/person\\\/fe61448b21c0d59086e75fcc1f9d8f6b\",\"name\":\"hotnewsinworld\",\"image\":{\"@type\":\"ImageObject\",\"inLanguage\":\"pt-PT\",\"@id\":\"https:\\\/\\\/secure.gravatar.com\\\/avatar\\\/8a09ac165600ce2e1c38fe593c63928eb1e6e7ba5c5a907d67787c41b3d00c14?s=96&d=mm&r=g\",\"url\":\"https:\\\/\\\/secure.gravatar.com\\\/avatar\\\/8a09ac165600ce2e1c38fe593c63928eb1e6e7ba5c5a907d67787c41b3d00c14?s=96&d=mm&r=g\",\"contentUrl\":\"https:\\\/\\\/secure.gravatar.com\\\/avatar\\\/8a09ac165600ce2e1c38fe593c63928eb1e6e7ba5c5a907d67787c41b3d00c14?s=96&d=mm&r=g\",\"caption\":\"hotnewsinworld\"},\"url\":\"https:\\\/\\\/hotnewsinworld.com\\\/pt\\\/author\\\/pt\\\/\"}]}<\/script>\n<!-- \/ Yoast SEO plugin. -->","yoast_head_json":{"title":"Marcelo satisfeito com reabertura \u2033sensata\u2033 que \u2033corresponde a expectativas de muitos\u2033 - Hot News in World","robots":{"index":"index","follow":"follow","max-snippet":"max-snippet:-1","max-image-preview":"max-image-preview:large","max-video-preview":"max-video-preview:-1"},"canonical":"https:\/\/hotnewsinworld.com\/pt\/marcelo-satisfeito-com-reabertura-\u2033sensata\u2033-que-\u2033corresponde-a-expectativas-de-muitos\u2033\/","og_locale":"pt_PT","og_type":"article","og_title":"Marcelo satisfeito com reabertura \u2033sensata\u2033 que \u2033corresponde a expectativas de muitos\u2033 - Hot News in World","og_description":"JN\/Ag\u00eanciasHoje\u00a0\u00e0s\u00a001:07O Presidente da Rep\u00fablica, Marcelo Rebelo de Sousa, classificou, no s\u00e1bado, como &#8220;sensata&#8221; a reabertura do pa\u00eds e o al\u00edvio de restri\u00e7\u00f5es impostas pela pandemia, considerando que as medidas anunciadas pelo Governo correspondem \u00e0 &#8220;expectativa de muitos portugueses&#8221;.&#8221;Felizmente que a pandemia avan\u00e7a no bom sentido [e] que foram anunciadas j\u00e1 medidas de sucessiva, gradual e [&hellip;]","og_url":"https:\/\/hotnewsinworld.com\/pt\/marcelo-satisfeito-com-reabertura-\u2033sensata\u2033-que-\u2033corresponde-a-expectativas-de-muitos\u2033\/","og_site_name":"Hot News in World","article_published_time":"2021-08-01T06:12:50+00:00","article_modified_time":"2021-08-01T06:13:06+00:00","og_image":[{"width":800,"height":420,"url":"https:\/\/hotnewsinworld.com\/pt\/wp-content\/uploads\/sites\/2\/2021\/08\/Marcelo-satisfeito-com-reabertura-\u2033sensata\u2033-que-\u2033corresponde-a-expectativas-de.jpg","type":"image\/jpeg"}],"author":"hotnewsinworld","twitter_card":"summary_large_image","twitter_misc":{"Escrito por":"hotnewsinworld","Tempo estimado de leitura":"3 minutos"},"schema":{"@context":"https:\/\/schema.org","@graph":[{"@type":"Article","@id":"https:\/\/hotnewsinworld.com\/pt\/marcelo-satisfeito-com-reabertura-%e2%80%b3sensata%e2%80%b3-que-%e2%80%b3corresponde-a-expectativas-de-muitos%e2%80%b3\/#article","isPartOf":{"@id":"https:\/\/hotnewsinworld.com\/pt\/marcelo-satisfeito-com-reabertura-%e2%80%b3sensata%e2%80%b3-que-%e2%80%b3corresponde-a-expectativas-de-muitos%e2%80%b3\/"},"author":{"name":"hotnewsinworld","@id":"https:\/\/hotnewsinworld.com\/pt\/#\/schema\/person\/fe61448b21c0d59086e75fcc1f9d8f6b"},"headline":"Marcelo satisfeito com reabertura \u2033sensata\u2033 que \u2033corresponde a expectativas de muitos\u2033","datePublished":"2021-08-01T06:12:50+00:00","dateModified":"2021-08-01T06:13:06+00:00","mainEntityOfPage":{"@id":"https:\/\/hotnewsinworld.com\/pt\/marcelo-satisfeito-com-reabertura-%e2%80%b3sensata%e2%80%b3-que-%e2%80%b3corresponde-a-expectativas-de-muitos%e2%80%b3\/"},"wordCount":696,"commentCount":0,"image":{"@id":"https:\/\/hotnewsinworld.com\/pt\/marcelo-satisfeito-com-reabertura-%e2%80%b3sensata%e2%80%b3-que-%e2%80%b3corresponde-a-expectativas-de-muitos%e2%80%b3\/#primaryimage"},"thumbnailUrl":"https:\/\/hotnewsinworld.com\/pt\/wp-content\/uploads\/sites\/2\/2021\/08\/Marcelo-satisfeito-com-reabertura-\u2033sensata\u2033-que-\u2033corresponde-a-expectativas-de.jpg","articleSection":["\u00daLTIMAS NOT\u00cdCIAS FINANCEIRAS"],"inLanguage":"pt-PT","potentialAction":[{"@type":"CommentAction","name":"Comment","target":["https:\/\/hotnewsinworld.com\/pt\/marcelo-satisfeito-com-reabertura-%e2%80%b3sensata%e2%80%b3-que-%e2%80%b3corresponde-a-expectativas-de-muitos%e2%80%b3\/#respond"]}]},{"@type":"WebPage","@id":"https:\/\/hotnewsinworld.com\/pt\/marcelo-satisfeito-com-reabertura-%e2%80%b3sensata%e2%80%b3-que-%e2%80%b3corresponde-a-expectativas-de-muitos%e2%80%b3\/","url":"https:\/\/hotnewsinworld.com\/pt\/marcelo-satisfeito-com-reabertura-%e2%80%b3sensata%e2%80%b3-que-%e2%80%b3corresponde-a-expectativas-de-muitos%e2%80%b3\/","name":"Marcelo satisfeito com reabertura \u2033sensata\u2033 que \u2033corresponde a expectativas de muitos\u2033 - Hot News in World","isPartOf":{"@id":"https:\/\/hotnewsinworld.com\/pt\/#website"},"primaryImageOfPage":{"@id":"https:\/\/hotnewsinworld.com\/pt\/marcelo-satisfeito-com-reabertura-%e2%80%b3sensata%e2%80%b3-que-%e2%80%b3corresponde-a-expectativas-de-muitos%e2%80%b3\/#primaryimage"},"image":{"@id":"https:\/\/hotnewsinworld.com\/pt\/marcelo-satisfeito-com-reabertura-%e2%80%b3sensata%e2%80%b3-que-%e2%80%b3corresponde-a-expectativas-de-muitos%e2%80%b3\/#primaryimage"},"thumbnailUrl":"https:\/\/hotnewsinworld.com\/pt\/wp-content\/uploads\/sites\/2\/2021\/08\/Marcelo-satisfeito-com-reabertura-\u2033sensata\u2033-que-\u2033corresponde-a-expectativas-de.jpg","datePublished":"2021-08-01T06:12:50+00:00","dateModified":"2021-08-01T06:13:06+00:00","author":{"@id":"https:\/\/hotnewsinworld.com\/pt\/#\/schema\/person\/fe61448b21c0d59086e75fcc1f9d8f6b"},"breadcrumb":{"@id":"https:\/\/hotnewsinworld.com\/pt\/marcelo-satisfeito-com-reabertura-%e2%80%b3sensata%e2%80%b3-que-%e2%80%b3corresponde-a-expectativas-de-muitos%e2%80%b3\/#breadcrumb"},"inLanguage":"pt-PT","potentialAction":[{"@type":"ReadAction","target":["https:\/\/hotnewsinworld.com\/pt\/marcelo-satisfeito-com-reabertura-%e2%80%b3sensata%e2%80%b3-que-%e2%80%b3corresponde-a-expectativas-de-muitos%e2%80%b3\/"]}]},{"@type":"ImageObject","inLanguage":"pt-PT","@id":"https:\/\/hotnewsinworld.com\/pt\/marcelo-satisfeito-com-reabertura-%e2%80%b3sensata%e2%80%b3-que-%e2%80%b3corresponde-a-expectativas-de-muitos%e2%80%b3\/#primaryimage","url":"https:\/\/hotnewsinworld.com\/pt\/wp-content\/uploads\/sites\/2\/2021\/08\/Marcelo-satisfeito-com-reabertura-\u2033sensata\u2033-que-\u2033corresponde-a-expectativas-de.jpg","contentUrl":"https:\/\/hotnewsinworld.com\/pt\/wp-content\/uploads\/sites\/2\/2021\/08\/Marcelo-satisfeito-com-reabertura-\u2033sensata\u2033-que-\u2033corresponde-a-expectativas-de.jpg","width":800,"height":420,"caption":"Marcelo satisfeito com reabertura \u2033sensata\u2033 que \u2033corresponde a expectativas de muitos\u2033"},{"@type":"BreadcrumbList","@id":"https:\/\/hotnewsinworld.com\/pt\/marcelo-satisfeito-com-reabertura-%e2%80%b3sensata%e2%80%b3-que-%e2%80%b3corresponde-a-expectativas-de-muitos%e2%80%b3\/#breadcrumb","itemListElement":[{"@type":"ListItem","position":1,"name":"\u0413\u043b\u0430\u0432\u043d\u0430\u044f \u0441\u0442\u0440\u0430\u043d\u0438\u0446\u0430","item":"https:\/\/hotnewsinworld.com\/pt\/"},{"@type":"ListItem","position":2,"name":"Marcelo satisfeito com reabertura \u2033sensata\u2033 que \u2033corresponde a expectativas de muitos\u2033"}]},{"@type":"WebSite","@id":"https:\/\/hotnewsinworld.com\/pt\/#website","url":"https:\/\/hotnewsinworld.com\/pt\/","name":"Hot News in World","description":"Hot News in World Portugal","potentialAction":[{"@type":"SearchAction","target":{"@type":"EntryPoint","urlTemplate":"https:\/\/hotnewsinworld.com\/pt\/?s={search_term_string}"},"query-input":{"@type":"PropertyValueSpecification","valueRequired":true,"valueName":"search_term_string"}}],"inLanguage":"pt-PT"},{"@type":"Person","@id":"https:\/\/hotnewsinworld.com\/pt\/#\/schema\/person\/fe61448b21c0d59086e75fcc1f9d8f6b","name":"hotnewsinworld","image":{"@type":"ImageObject","inLanguage":"pt-PT","@id":"https:\/\/secure.gravatar.com\/avatar\/8a09ac165600ce2e1c38fe593c63928eb1e6e7ba5c5a907d67787c41b3d00c14?s=96&d=mm&r=g","url":"https:\/\/secure.gravatar.com\/avatar\/8a09ac165600ce2e1c38fe593c63928eb1e6e7ba5c5a907d67787c41b3d00c14?s=96&d=mm&r=g","contentUrl":"https:\/\/secure.gravatar.com\/avatar\/8a09ac165600ce2e1c38fe593c63928eb1e6e7ba5c5a907d67787c41b3d00c14?s=96&d=mm&r=g","caption":"hotnewsinworld"},"url":"https:\/\/hotnewsinworld.com\/pt\/author\/pt\/"}]}},"_links":{"self":[{"href":"https:\/\/hotnewsinworld.com\/pt\/wp-json\/wp\/v2\/posts\/4092","targetHints":{"allow":["GET"]}}],"collection":[{"href":"https:\/\/hotnewsinworld.com\/pt\/wp-json\/wp\/v2\/posts"}],"about":[{"href":"https:\/\/hotnewsinworld.com\/pt\/wp-json\/wp\/v2\/types\/post"}],"author":[{"embeddable":true,"href":"https:\/\/hotnewsinworld.com\/pt\/wp-json\/wp\/v2\/users\/2"}],"replies":[{"embeddable":true,"href":"https:\/\/hotnewsinworld.com\/pt\/wp-json\/wp\/v2\/comments?post=4092"}],"version-history":[{"count":1,"href":"https:\/\/hotnewsinworld.com\/pt\/wp-json\/wp\/v2\/posts\/4092\/revisions"}],"predecessor-version":[{"id":4094,"href":"https:\/\/hotnewsinworld.com\/pt\/wp-json\/wp\/v2\/posts\/4092\/revisions\/4094"}],"wp:featuredmedia":[{"embeddable":true,"href":"https:\/\/hotnewsinworld.com\/pt\/wp-json\/wp\/v2\/media\/4093"}],"wp:attachment":[{"href":"https:\/\/hotnewsinworld.com\/pt\/wp-json\/wp\/v2\/media?parent=4092"}],"wp:term":[{"taxonomy":"category","embeddable":true,"href":"https:\/\/hotnewsinworld.com\/pt\/wp-json\/wp\/v2\/categories?post=4092"},{"taxonomy":"post_tag","embeddable":true,"href":"https:\/\/hotnewsinworld.com\/pt\/wp-json\/wp\/v2\/tags?post=4092"}],"curies":[{"name":"wp","href":"https:\/\/api.w.org\/{rel}","templated":true}]}}