{"id":4101,"date":"2021-08-02T21:31:39","date_gmt":"2021-08-02T18:31:39","guid":{"rendered":"https:\/\/hotnewsinworld.com\/pt\/norte-regista-primeiro-aumento-nas-exportacoes-desde-o-inicio-da-pandemia\/"},"modified":"2021-08-02T21:31:42","modified_gmt":"2021-08-02T18:31:42","slug":"norte-regista-primeiro-aumento-nas-exportacoes-desde-o-inicio-da-pandemia","status":"publish","type":"post","link":"https:\/\/hotnewsinworld.com\/pt\/norte-regista-primeiro-aumento-nas-exportacoes-desde-o-inicio-da-pandemia\/","title":{"rendered":"Norte regista primeiro aumento nas exporta\u00e7\u00f5es desde o in\u00edcio da pandemia"},"content":{"rendered":"<p>JN\/Ag\u00eanciasHoje\u00a0\u00e0s\u00a013:45As exporta\u00e7\u00f5es de bens na regi\u00e3o Norte aumentaram 3,4% no primeiro trimestre deste ano, comparativamente ao mesmo trimestre de 2020, registando assim &#8220;o primeiro aumento&#8221; em termos hom\u00f3logos desde o in\u00edcio da pandemia da covid-19.O relat\u00f3rio trimestral Norte Conjuntura, elaborado pela Comiss\u00e3o de Coordena\u00e7\u00e3o e Desenvolvimento Regional do Norte (CCDR-N) e a que a Lusa teve hoje acesso, revela que as exporta\u00e7\u00f5es &#8220;mantiveram a sua trajet\u00f3ria de recupera\u00e7\u00e3o&#8221; no primeiro trimestre de 2021 (janeiro, fevereiro, mar\u00e7o) com um crescimento de 3,4% em rela\u00e7\u00e3o ao mesmo per\u00edodo de 2020.Apesar da trajet\u00f3ria de recupera\u00e7\u00e3o das exporta\u00e7\u00f5es de bens &#8220;ter sido relevante em contexto de crise&#8221;, o relat\u00f3rio destaca o facto de o primeiro trimestre de 2020 incluir 12 dias de confinamento obrigat\u00f3rio em mar\u00e7o, &#8220;num quadro em que j\u00e1 existiam fortes restri\u00e7\u00f5es ao com\u00e9rcio internacional, pelo que o valor das exporta\u00e7\u00f5es do Norte nesse trimestre j\u00e1 tinha sido afeto pelo ambiente recessivo&#8221;.Comparando o primeiro trimestre de 2021 com o per\u00edodo hom\u00f3logo de 2019, as exporta\u00e7\u00f5es de bens no Norte diminu\u00edram 1,6%, redu\u00e7\u00e3o que, no entanto, \u00e9 &#8220;menor do que a esperada, tendo em conta as sucessivas interrup\u00e7\u00f5es nas cadeias de valor internacionais durante a pandemia em 2020&#8243;, salienta a CCDR-N.&#8221;Algumas das classes de bens j\u00e1 recuperaram o valor que alcan\u00e7aram antes da crise pand\u00e9mica&#8221;, refere o relat\u00f3rio, dando como exemplo as exporta\u00e7\u00f5es no setor dos ve\u00edculos autom\u00f3veis, outros ve\u00edculos terrestres e as suas partes e acess\u00f3rios.As exporta\u00e7\u00f5es de vestu\u00e1rio e acess\u00f3rios, um dos segmentos mais importantes das ind\u00fastrias tradicionais do Norte, &#8220;inverteram a tend\u00eancia decrescente e registaram uma varia\u00e7\u00e3o positiva de 9,8%&#8221;, contrariamente \u00e0s exporta\u00e7\u00f5es de cal\u00e7ado, polainas e artefactos semelhantes que diminu\u00edram 8,8% no primeiro trimestre de 2021 face ao mesmo per\u00edodo hom\u00f3logo de 2020&#8243;.&#8221;Este segmento ainda se encontra longe do valor pr\u00e9-pandemia, uma vez que o valor das exporta\u00e7\u00f5es neste trimestre foi inferior em 14,4% ao do hom\u00f3logo de 2019&#8243;, salienta.Relativamente \u00e0s importa\u00e7\u00f5es, o Norte &#8220;manteve a trajet\u00f3ria de recupera\u00e7\u00e3o que iniciou ap\u00f3s o primeiro confinamento obrigat\u00f3rio&#8221;, refere o relat\u00f3rio, acrescentando que a regi\u00e3o registou &#8220;apenas&#8221; uma diminui\u00e7\u00e3o hom\u00f3loga de 0,4% no primeiro trimestre de 2021.&#8221;A aquisi\u00e7\u00e3o de bens de capital ao exterior em contexto de crise econ\u00f3mica durante o primeiro trimestre de 2021 \u00e9 um sinal positivo de que a economia do Norte continua a realizar investimentos importantes de forma a aumentar a sua capacidade produtiva no futuro, ou a incorporar novo conhecimento externo que vem embutido nos bens de capital&#8221;, refere.Em mat\u00e9ria de constru\u00e7\u00e3o, o relat\u00f3rio indica que, a Norte, o setor &#8220;continua a atravessar um bom momento&#8221; com o n\u00famero de edif\u00edcios licenciados a crescer 5% em rela\u00e7\u00e3o ao per\u00edodo hom\u00f3logo de 2020 e 13,9% face ao trimestre precedente (outubro, novembro, dezembro de 2020).J\u00e1 quanto \u00e0 taxa de desemprego, o Norte Conjuntura destaca que o mesmo aumento de 7,2% para 7,4% entre o \u00faltimo trimestre de 2020 (outubro, novembro, dezembro) e o primeiro trimestre de 2021, &#8220;uma evolu\u00e7\u00e3o de sentido contr\u00e1rio \u00e0 redu\u00e7\u00e3o de 7,3% para 7,1% observada em Portugal&#8221;.A Norte, o desemprego nos jovens aumentou de 20,8% para 22,5%, &#8220;o valor mais elevado entre todos os grupos et\u00e1rios&#8221;, quando comparado o \u00faltimo trimestre de 2020 e o primeiro trimestre de 2021.No per\u00edodo em an\u00e1lise, o relat\u00f3rio destaca ainda que o Norte atingiu &#8220;a marca hist\u00f3rica&#8221; de 500 mil pessoas empregadas com o ensino superior, com um crescimento de 11,5% face ao mesmo per\u00edodo de 2019.&#8221;Nesse per\u00edodo foram criados, em termos l\u00edquidos, 51.500 empregos para trabalhadores com o ensino superior&#8221;, refere o documento, acrescentando, contudo, que a popula\u00e7\u00e3o empregada no setor da hotelaria, restaura\u00e7\u00e3o e similares diminuiu 25,6% no primeiro trimestre do ano.&#8221;Num per\u00edodo de um ano foram eliminados, em termos l\u00edquidos, 19.100 postos de trabalho&#8221;, acrescenta.Tamb\u00e9m os indicadores do turismo voltaram a registar &#8220;redu\u00e7\u00f5es muito acentuadas&#8221; no primeiro trimestre do ano, salienta o relat\u00f3rio, indicando que o n\u00famero de h\u00f3spedes baixou em 74% e as dormidas em 75,3%.<br \/>\n<br \/>\n<!--noindex--><br \/>\n<a href=\"http:\/\/feeds.jn.pt\/~r\/JN-ECONOMIA\/~3\/0iU_zaFAv4E\/norte-regista-primeiro-aumento-nas-exportacoes-desde-o-inicio-da-pandemia-13999297.html\" rel=\"nofollow\">Source link <\/a><br \/>\n<!--\/noindex--><\/p>\n","protected":false},"excerpt":{"rendered":"<p>JN\/Ag\u00eanciasHoje\u00a0\u00e0s\u00a013:45As exporta\u00e7\u00f5es de bens na regi\u00e3o Norte aumentaram 3,4% no primeiro trimestre deste ano, comparativamente ao mesmo trimestre de 2020, registando assim &#8220;o primeiro aumento&#8221; em termos hom\u00f3logos desde o in\u00edcio da pandemia da covid-19.O relat\u00f3rio trimestral Norte Conjuntura, elaborado pela Comiss\u00e3o de Coordena\u00e7\u00e3o e Desenvolvimento Regional do Norte (CCDR-N) e a que a Lusa [&hellip;]<\/p>\n","protected":false},"author":2,"featured_media":4102,"comment_status":"open","ping_status":"open","sticky":false,"template":"","format":"standard","meta":{"footnotes":""},"categories":[1],"tags":[],"class_list":["post-4101","post","type-post","status-publish","format-standard","has-post-thumbnail","hentry","category-ultimas-noticias-financeiras"],"yoast_head":"<!-- This site is optimized with the Yoast SEO plugin v27.4 - https:\/\/yoast.com\/product\/yoast-seo-wordpress\/ -->\n<title>Norte regista primeiro aumento nas exporta\u00e7\u00f5es desde o in\u00edcio da pandemia - Hot News in World<\/title>\n<meta name=\"robots\" content=\"index, follow, max-snippet:-1, max-image-preview:large, max-video-preview:-1\" \/>\n<link rel=\"canonical\" href=\"https:\/\/hotnewsinworld.com\/pt\/norte-regista-primeiro-aumento-nas-exportacoes-desde-o-inicio-da-pandemia\/\" \/>\n<meta property=\"og:locale\" content=\"pt_PT\" \/>\n<meta property=\"og:type\" content=\"article\" \/>\n<meta property=\"og:title\" content=\"Norte regista primeiro aumento nas exporta\u00e7\u00f5es desde o in\u00edcio da pandemia - Hot News in World\" \/>\n<meta property=\"og:description\" content=\"JN\/Ag\u00eanciasHoje\u00a0\u00e0s\u00a013:45As exporta\u00e7\u00f5es de bens na regi\u00e3o Norte aumentaram 3,4% no primeiro trimestre deste ano, comparativamente ao mesmo trimestre de 2020, registando assim &#8220;o primeiro aumento&#8221; em termos hom\u00f3logos desde o in\u00edcio da pandemia da covid-19.O relat\u00f3rio trimestral Norte Conjuntura, elaborado pela Comiss\u00e3o de Coordena\u00e7\u00e3o e Desenvolvimento Regional do Norte (CCDR-N) e a que a Lusa [&hellip;]\" \/>\n<meta property=\"og:url\" content=\"https:\/\/hotnewsinworld.com\/pt\/norte-regista-primeiro-aumento-nas-exportacoes-desde-o-inicio-da-pandemia\/\" \/>\n<meta property=\"og:site_name\" content=\"Hot News in World\" \/>\n<meta property=\"article:published_time\" content=\"2021-08-02T18:31:39+00:00\" \/>\n<meta property=\"article:modified_time\" content=\"2021-08-02T18:31:42+00:00\" \/>\n<meta property=\"og:image\" content=\"https:\/\/hotnewsinworld.com\/pt\/wp-content\/uploads\/sites\/2\/2021\/08\/Norte-regista-primeiro-aumento-nas-exportacoes-desde-o-inicio-da.jpg\" \/>\n\t<meta property=\"og:image:width\" content=\"800\" \/>\n\t<meta property=\"og:image:height\" content=\"420\" \/>\n\t<meta property=\"og:image:type\" content=\"image\/jpeg\" \/>\n<meta name=\"author\" content=\"hotnewsinworld\" \/>\n<meta name=\"twitter:card\" content=\"summary_large_image\" \/>\n<meta name=\"twitter:label1\" content=\"Escrito por\" \/>\n\t<meta name=\"twitter:data1\" content=\"hotnewsinworld\" \/>\n\t<meta name=\"twitter:label2\" content=\"Tempo estimado de leitura\" \/>\n\t<meta name=\"twitter:data2\" content=\"4 minutos\" \/>\n<script type=\"application\/ld+json\" class=\"yoast-schema-graph\">{\"@context\":\"https:\\\/\\\/schema.org\",\"@graph\":[{\"@type\":\"Article\",\"@id\":\"https:\\\/\\\/hotnewsinworld.com\\\/pt\\\/norte-regista-primeiro-aumento-nas-exportacoes-desde-o-inicio-da-pandemia\\\/#article\",\"isPartOf\":{\"@id\":\"https:\\\/\\\/hotnewsinworld.com\\\/pt\\\/norte-regista-primeiro-aumento-nas-exportacoes-desde-o-inicio-da-pandemia\\\/\"},\"author\":{\"name\":\"hotnewsinworld\",\"@id\":\"https:\\\/\\\/hotnewsinworld.com\\\/pt\\\/#\\\/schema\\\/person\\\/fe61448b21c0d59086e75fcc1f9d8f6b\"},\"headline\":\"Norte regista primeiro aumento nas exporta\u00e7\u00f5es desde o in\u00edcio da pandemia\",\"datePublished\":\"2021-08-02T18:31:39+00:00\",\"dateModified\":\"2021-08-02T18:31:42+00:00\",\"mainEntityOfPage\":{\"@id\":\"https:\\\/\\\/hotnewsinworld.com\\\/pt\\\/norte-regista-primeiro-aumento-nas-exportacoes-desde-o-inicio-da-pandemia\\\/\"},\"wordCount\":719,\"commentCount\":0,\"image\":{\"@id\":\"https:\\\/\\\/hotnewsinworld.com\\\/pt\\\/norte-regista-primeiro-aumento-nas-exportacoes-desde-o-inicio-da-pandemia\\\/#primaryimage\"},\"thumbnailUrl\":\"https:\\\/\\\/hotnewsinworld.com\\\/pt\\\/wp-content\\\/uploads\\\/sites\\\/2\\\/2021\\\/08\\\/Norte-regista-primeiro-aumento-nas-exportacoes-desde-o-inicio-da.jpg\",\"articleSection\":[\"\u00daLTIMAS NOT\u00cdCIAS FINANCEIRAS\"],\"inLanguage\":\"pt-PT\",\"potentialAction\":[{\"@type\":\"CommentAction\",\"name\":\"Comment\",\"target\":[\"https:\\\/\\\/hotnewsinworld.com\\\/pt\\\/norte-regista-primeiro-aumento-nas-exportacoes-desde-o-inicio-da-pandemia\\\/#respond\"]}]},{\"@type\":\"WebPage\",\"@id\":\"https:\\\/\\\/hotnewsinworld.com\\\/pt\\\/norte-regista-primeiro-aumento-nas-exportacoes-desde-o-inicio-da-pandemia\\\/\",\"url\":\"https:\\\/\\\/hotnewsinworld.com\\\/pt\\\/norte-regista-primeiro-aumento-nas-exportacoes-desde-o-inicio-da-pandemia\\\/\",\"name\":\"Norte regista primeiro aumento nas exporta\u00e7\u00f5es desde o in\u00edcio da pandemia - Hot News in World\",\"isPartOf\":{\"@id\":\"https:\\\/\\\/hotnewsinworld.com\\\/pt\\\/#website\"},\"primaryImageOfPage\":{\"@id\":\"https:\\\/\\\/hotnewsinworld.com\\\/pt\\\/norte-regista-primeiro-aumento-nas-exportacoes-desde-o-inicio-da-pandemia\\\/#primaryimage\"},\"image\":{\"@id\":\"https:\\\/\\\/hotnewsinworld.com\\\/pt\\\/norte-regista-primeiro-aumento-nas-exportacoes-desde-o-inicio-da-pandemia\\\/#primaryimage\"},\"thumbnailUrl\":\"https:\\\/\\\/hotnewsinworld.com\\\/pt\\\/wp-content\\\/uploads\\\/sites\\\/2\\\/2021\\\/08\\\/Norte-regista-primeiro-aumento-nas-exportacoes-desde-o-inicio-da.jpg\",\"datePublished\":\"2021-08-02T18:31:39+00:00\",\"dateModified\":\"2021-08-02T18:31:42+00:00\",\"author\":{\"@id\":\"https:\\\/\\\/hotnewsinworld.com\\\/pt\\\/#\\\/schema\\\/person\\\/fe61448b21c0d59086e75fcc1f9d8f6b\"},\"breadcrumb\":{\"@id\":\"https:\\\/\\\/hotnewsinworld.com\\\/pt\\\/norte-regista-primeiro-aumento-nas-exportacoes-desde-o-inicio-da-pandemia\\\/#breadcrumb\"},\"inLanguage\":\"pt-PT\",\"potentialAction\":[{\"@type\":\"ReadAction\",\"target\":[\"https:\\\/\\\/hotnewsinworld.com\\\/pt\\\/norte-regista-primeiro-aumento-nas-exportacoes-desde-o-inicio-da-pandemia\\\/\"]}]},{\"@type\":\"ImageObject\",\"inLanguage\":\"pt-PT\",\"@id\":\"https:\\\/\\\/hotnewsinworld.com\\\/pt\\\/norte-regista-primeiro-aumento-nas-exportacoes-desde-o-inicio-da-pandemia\\\/#primaryimage\",\"url\":\"https:\\\/\\\/hotnewsinworld.com\\\/pt\\\/wp-content\\\/uploads\\\/sites\\\/2\\\/2021\\\/08\\\/Norte-regista-primeiro-aumento-nas-exportacoes-desde-o-inicio-da.jpg\",\"contentUrl\":\"https:\\\/\\\/hotnewsinworld.com\\\/pt\\\/wp-content\\\/uploads\\\/sites\\\/2\\\/2021\\\/08\\\/Norte-regista-primeiro-aumento-nas-exportacoes-desde-o-inicio-da.jpg\",\"width\":800,\"height\":420,\"caption\":\"Norte regista primeiro aumento nas exporta\u00e7\u00f5es desde o in\u00edcio da pandemia\"},{\"@type\":\"BreadcrumbList\",\"@id\":\"https:\\\/\\\/hotnewsinworld.com\\\/pt\\\/norte-regista-primeiro-aumento-nas-exportacoes-desde-o-inicio-da-pandemia\\\/#breadcrumb\",\"itemListElement\":[{\"@type\":\"ListItem\",\"position\":1,\"name\":\"\u0413\u043b\u0430\u0432\u043d\u0430\u044f \u0441\u0442\u0440\u0430\u043d\u0438\u0446\u0430\",\"item\":\"https:\\\/\\\/hotnewsinworld.com\\\/pt\\\/\"},{\"@type\":\"ListItem\",\"position\":2,\"name\":\"Norte regista primeiro aumento nas exporta\u00e7\u00f5es desde o in\u00edcio da pandemia\"}]},{\"@type\":\"WebSite\",\"@id\":\"https:\\\/\\\/hotnewsinworld.com\\\/pt\\\/#website\",\"url\":\"https:\\\/\\\/hotnewsinworld.com\\\/pt\\\/\",\"name\":\"Hot News in World\",\"description\":\"Hot News in World Portugal\",\"potentialAction\":[{\"@type\":\"SearchAction\",\"target\":{\"@type\":\"EntryPoint\",\"urlTemplate\":\"https:\\\/\\\/hotnewsinworld.com\\\/pt\\\/?s={search_term_string}\"},\"query-input\":{\"@type\":\"PropertyValueSpecification\",\"valueRequired\":true,\"valueName\":\"search_term_string\"}}],\"inLanguage\":\"pt-PT\"},{\"@type\":\"Person\",\"@id\":\"https:\\\/\\\/hotnewsinworld.com\\\/pt\\\/#\\\/schema\\\/person\\\/fe61448b21c0d59086e75fcc1f9d8f6b\",\"name\":\"hotnewsinworld\",\"image\":{\"@type\":\"ImageObject\",\"inLanguage\":\"pt-PT\",\"@id\":\"https:\\\/\\\/secure.gravatar.com\\\/avatar\\\/8a09ac165600ce2e1c38fe593c63928eb1e6e7ba5c5a907d67787c41b3d00c14?s=96&d=mm&r=g\",\"url\":\"https:\\\/\\\/secure.gravatar.com\\\/avatar\\\/8a09ac165600ce2e1c38fe593c63928eb1e6e7ba5c5a907d67787c41b3d00c14?s=96&d=mm&r=g\",\"contentUrl\":\"https:\\\/\\\/secure.gravatar.com\\\/avatar\\\/8a09ac165600ce2e1c38fe593c63928eb1e6e7ba5c5a907d67787c41b3d00c14?s=96&d=mm&r=g\",\"caption\":\"hotnewsinworld\"},\"url\":\"https:\\\/\\\/hotnewsinworld.com\\\/pt\\\/author\\\/pt\\\/\"}]}<\/script>\n<!-- \/ Yoast SEO plugin. -->","yoast_head_json":{"title":"Norte regista primeiro aumento nas exporta\u00e7\u00f5es desde o in\u00edcio da pandemia - Hot News in World","robots":{"index":"index","follow":"follow","max-snippet":"max-snippet:-1","max-image-preview":"max-image-preview:large","max-video-preview":"max-video-preview:-1"},"canonical":"https:\/\/hotnewsinworld.com\/pt\/norte-regista-primeiro-aumento-nas-exportacoes-desde-o-inicio-da-pandemia\/","og_locale":"pt_PT","og_type":"article","og_title":"Norte regista primeiro aumento nas exporta\u00e7\u00f5es desde o in\u00edcio da pandemia - Hot News in World","og_description":"JN\/Ag\u00eanciasHoje\u00a0\u00e0s\u00a013:45As exporta\u00e7\u00f5es de bens na regi\u00e3o Norte aumentaram 3,4% no primeiro trimestre deste ano, comparativamente ao mesmo trimestre de 2020, registando assim &#8220;o primeiro aumento&#8221; em termos hom\u00f3logos desde o in\u00edcio da pandemia da covid-19.O relat\u00f3rio trimestral Norte Conjuntura, elaborado pela Comiss\u00e3o de Coordena\u00e7\u00e3o e Desenvolvimento Regional do Norte (CCDR-N) e a que a Lusa [&hellip;]","og_url":"https:\/\/hotnewsinworld.com\/pt\/norte-regista-primeiro-aumento-nas-exportacoes-desde-o-inicio-da-pandemia\/","og_site_name":"Hot News in World","article_published_time":"2021-08-02T18:31:39+00:00","article_modified_time":"2021-08-02T18:31:42+00:00","og_image":[{"width":800,"height":420,"url":"https:\/\/hotnewsinworld.com\/pt\/wp-content\/uploads\/sites\/2\/2021\/08\/Norte-regista-primeiro-aumento-nas-exportacoes-desde-o-inicio-da.jpg","type":"image\/jpeg"}],"author":"hotnewsinworld","twitter_card":"summary_large_image","twitter_misc":{"Escrito por":"hotnewsinworld","Tempo estimado de leitura":"4 minutos"},"schema":{"@context":"https:\/\/schema.org","@graph":[{"@type":"Article","@id":"https:\/\/hotnewsinworld.com\/pt\/norte-regista-primeiro-aumento-nas-exportacoes-desde-o-inicio-da-pandemia\/#article","isPartOf":{"@id":"https:\/\/hotnewsinworld.com\/pt\/norte-regista-primeiro-aumento-nas-exportacoes-desde-o-inicio-da-pandemia\/"},"author":{"name":"hotnewsinworld","@id":"https:\/\/hotnewsinworld.com\/pt\/#\/schema\/person\/fe61448b21c0d59086e75fcc1f9d8f6b"},"headline":"Norte regista primeiro aumento nas exporta\u00e7\u00f5es desde o in\u00edcio da pandemia","datePublished":"2021-08-02T18:31:39+00:00","dateModified":"2021-08-02T18:31:42+00:00","mainEntityOfPage":{"@id":"https:\/\/hotnewsinworld.com\/pt\/norte-regista-primeiro-aumento-nas-exportacoes-desde-o-inicio-da-pandemia\/"},"wordCount":719,"commentCount":0,"image":{"@id":"https:\/\/hotnewsinworld.com\/pt\/norte-regista-primeiro-aumento-nas-exportacoes-desde-o-inicio-da-pandemia\/#primaryimage"},"thumbnailUrl":"https:\/\/hotnewsinworld.com\/pt\/wp-content\/uploads\/sites\/2\/2021\/08\/Norte-regista-primeiro-aumento-nas-exportacoes-desde-o-inicio-da.jpg","articleSection":["\u00daLTIMAS NOT\u00cdCIAS FINANCEIRAS"],"inLanguage":"pt-PT","potentialAction":[{"@type":"CommentAction","name":"Comment","target":["https:\/\/hotnewsinworld.com\/pt\/norte-regista-primeiro-aumento-nas-exportacoes-desde-o-inicio-da-pandemia\/#respond"]}]},{"@type":"WebPage","@id":"https:\/\/hotnewsinworld.com\/pt\/norte-regista-primeiro-aumento-nas-exportacoes-desde-o-inicio-da-pandemia\/","url":"https:\/\/hotnewsinworld.com\/pt\/norte-regista-primeiro-aumento-nas-exportacoes-desde-o-inicio-da-pandemia\/","name":"Norte regista primeiro aumento nas exporta\u00e7\u00f5es desde o in\u00edcio da pandemia - Hot News in World","isPartOf":{"@id":"https:\/\/hotnewsinworld.com\/pt\/#website"},"primaryImageOfPage":{"@id":"https:\/\/hotnewsinworld.com\/pt\/norte-regista-primeiro-aumento-nas-exportacoes-desde-o-inicio-da-pandemia\/#primaryimage"},"image":{"@id":"https:\/\/hotnewsinworld.com\/pt\/norte-regista-primeiro-aumento-nas-exportacoes-desde-o-inicio-da-pandemia\/#primaryimage"},"thumbnailUrl":"https:\/\/hotnewsinworld.com\/pt\/wp-content\/uploads\/sites\/2\/2021\/08\/Norte-regista-primeiro-aumento-nas-exportacoes-desde-o-inicio-da.jpg","datePublished":"2021-08-02T18:31:39+00:00","dateModified":"2021-08-02T18:31:42+00:00","author":{"@id":"https:\/\/hotnewsinworld.com\/pt\/#\/schema\/person\/fe61448b21c0d59086e75fcc1f9d8f6b"},"breadcrumb":{"@id":"https:\/\/hotnewsinworld.com\/pt\/norte-regista-primeiro-aumento-nas-exportacoes-desde-o-inicio-da-pandemia\/#breadcrumb"},"inLanguage":"pt-PT","potentialAction":[{"@type":"ReadAction","target":["https:\/\/hotnewsinworld.com\/pt\/norte-regista-primeiro-aumento-nas-exportacoes-desde-o-inicio-da-pandemia\/"]}]},{"@type":"ImageObject","inLanguage":"pt-PT","@id":"https:\/\/hotnewsinworld.com\/pt\/norte-regista-primeiro-aumento-nas-exportacoes-desde-o-inicio-da-pandemia\/#primaryimage","url":"https:\/\/hotnewsinworld.com\/pt\/wp-content\/uploads\/sites\/2\/2021\/08\/Norte-regista-primeiro-aumento-nas-exportacoes-desde-o-inicio-da.jpg","contentUrl":"https:\/\/hotnewsinworld.com\/pt\/wp-content\/uploads\/sites\/2\/2021\/08\/Norte-regista-primeiro-aumento-nas-exportacoes-desde-o-inicio-da.jpg","width":800,"height":420,"caption":"Norte regista primeiro aumento nas exporta\u00e7\u00f5es desde o in\u00edcio da pandemia"},{"@type":"BreadcrumbList","@id":"https:\/\/hotnewsinworld.com\/pt\/norte-regista-primeiro-aumento-nas-exportacoes-desde-o-inicio-da-pandemia\/#breadcrumb","itemListElement":[{"@type":"ListItem","position":1,"name":"\u0413\u043b\u0430\u0432\u043d\u0430\u044f \u0441\u0442\u0440\u0430\u043d\u0438\u0446\u0430","item":"https:\/\/hotnewsinworld.com\/pt\/"},{"@type":"ListItem","position":2,"name":"Norte regista primeiro aumento nas exporta\u00e7\u00f5es desde o in\u00edcio da pandemia"}]},{"@type":"WebSite","@id":"https:\/\/hotnewsinworld.com\/pt\/#website","url":"https:\/\/hotnewsinworld.com\/pt\/","name":"Hot News in World","description":"Hot News in World Portugal","potentialAction":[{"@type":"SearchAction","target":{"@type":"EntryPoint","urlTemplate":"https:\/\/hotnewsinworld.com\/pt\/?s={search_term_string}"},"query-input":{"@type":"PropertyValueSpecification","valueRequired":true,"valueName":"search_term_string"}}],"inLanguage":"pt-PT"},{"@type":"Person","@id":"https:\/\/hotnewsinworld.com\/pt\/#\/schema\/person\/fe61448b21c0d59086e75fcc1f9d8f6b","name":"hotnewsinworld","image":{"@type":"ImageObject","inLanguage":"pt-PT","@id":"https:\/\/secure.gravatar.com\/avatar\/8a09ac165600ce2e1c38fe593c63928eb1e6e7ba5c5a907d67787c41b3d00c14?s=96&d=mm&r=g","url":"https:\/\/secure.gravatar.com\/avatar\/8a09ac165600ce2e1c38fe593c63928eb1e6e7ba5c5a907d67787c41b3d00c14?s=96&d=mm&r=g","contentUrl":"https:\/\/secure.gravatar.com\/avatar\/8a09ac165600ce2e1c38fe593c63928eb1e6e7ba5c5a907d67787c41b3d00c14?s=96&d=mm&r=g","caption":"hotnewsinworld"},"url":"https:\/\/hotnewsinworld.com\/pt\/author\/pt\/"}]}},"_links":{"self":[{"href":"https:\/\/hotnewsinworld.com\/pt\/wp-json\/wp\/v2\/posts\/4101","targetHints":{"allow":["GET"]}}],"collection":[{"href":"https:\/\/hotnewsinworld.com\/pt\/wp-json\/wp\/v2\/posts"}],"about":[{"href":"https:\/\/hotnewsinworld.com\/pt\/wp-json\/wp\/v2\/types\/post"}],"author":[{"embeddable":true,"href":"https:\/\/hotnewsinworld.com\/pt\/wp-json\/wp\/v2\/users\/2"}],"replies":[{"embeddable":true,"href":"https:\/\/hotnewsinworld.com\/pt\/wp-json\/wp\/v2\/comments?post=4101"}],"version-history":[{"count":1,"href":"https:\/\/hotnewsinworld.com\/pt\/wp-json\/wp\/v2\/posts\/4101\/revisions"}],"predecessor-version":[{"id":4103,"href":"https:\/\/hotnewsinworld.com\/pt\/wp-json\/wp\/v2\/posts\/4101\/revisions\/4103"}],"wp:featuredmedia":[{"embeddable":true,"href":"https:\/\/hotnewsinworld.com\/pt\/wp-json\/wp\/v2\/media\/4102"}],"wp:attachment":[{"href":"https:\/\/hotnewsinworld.com\/pt\/wp-json\/wp\/v2\/media?parent=4101"}],"wp:term":[{"taxonomy":"category","embeddable":true,"href":"https:\/\/hotnewsinworld.com\/pt\/wp-json\/wp\/v2\/categories?post=4101"},{"taxonomy":"post_tag","embeddable":true,"href":"https:\/\/hotnewsinworld.com\/pt\/wp-json\/wp\/v2\/tags?post=4101"}],"curies":[{"name":"wp","href":"https:\/\/api.w.org\/{rel}","templated":true}]}}