{"id":4104,"date":"2021-08-03T09:39:27","date_gmt":"2021-08-03T06:39:27","guid":{"rendered":"https:\/\/hotnewsinworld.com\/pt\/35-milhoes-de-europeus-sem-verba-para-ferias-de-verao\/"},"modified":"2021-08-03T09:39:32","modified_gmt":"2021-08-03T06:39:32","slug":"35-milhoes-de-europeus-sem-verba-para-ferias-de-verao","status":"publish","type":"post","link":"https:\/\/hotnewsinworld.com\/pt\/35-milhoes-de-europeus-sem-verba-para-ferias-de-verao\/","title":{"rendered":"35 milh\u00f5es de europeus sem verba para f\u00e9rias de ver\u00e3o"},"content":{"rendered":"<p>JN\/Ag\u00eanciasOntem\u00a0\u00e0s\u00a013:41Os trabalhadores com sal\u00e1rios baixos est\u00e3o entre os 35 milh\u00f5es de cidad\u00e3os da Uni\u00e3o Europeia (UE) que n\u00e3o t\u00eam verbas para pagar f\u00e9rias de ver\u00e3o, segundo dados divulgados pela Confedera\u00e7\u00e3o Europeia de Sindicatos (CES).Usando dados do gabinete estat\u00edstico europeu (Eurostat), a CES refere que, em termos globais, 28% dos cidad\u00e3os da UE n\u00e3o podem pagar uma semana de f\u00e9rias fora de casa, subindo para 59,5% entre as pessoas cujo rendimento \u00e9 inferior ao limiar do risco de pobreza.A Gr\u00e9cia \u00e9 o Estado-membro que apresenta a pior situa\u00e7\u00e3o, com 88,9% das pessoas em risco de pobreza incapazes de pagar as suas f\u00e9rias, seguida da Rom\u00e9nia (86,8%), Cro\u00e1cia (84,7%), Chipre (79,2%) e Eslov\u00e1quia (76,1%). Em Portugal, s\u00e3o 72,6% de pessoas em risco de pobreza que n\u00e3o conseguem pagar f\u00e9rias, sendo a m\u00e9dia da UE de 59,5%.No outro extremo da tabela est\u00e3o a Finl\u00e2ndia (30%), o Luxemburgo (30,8%), a Dinamarca (31,7%) e a Su\u00e9cia (32,3%).Segundo a CES, muitos europeus com rendimentos abaixo da mediana est\u00e3o desempregados ou reformados, mas este grupo inclui tamb\u00e9m milh\u00f5es de trabalhadores com baixos sal\u00e1rios, especialmente os que auferem o sal\u00e1rio m\u00ednimo legal.A popula\u00e7\u00e3o em risco de pobreza \u00e9 aquela cujo rendimento equivalente se encontra abaixo da linha de pobreza definida como 60% do rendimento mediano por adulto equivalente.<br \/>\n<br \/>\n<!--noindex--><br \/>\n<a href=\"http:\/\/feeds.jn.pt\/~r\/JN-ECONOMIA\/~3\/hDaPcSAfTPk\/35-milhoes-de-europeus-sem-verba-para-ferias-de-verao-13999288.html\" rel=\"nofollow\">Source link <\/a><br \/>\n<!--\/noindex--><\/p>\n","protected":false},"excerpt":{"rendered":"<p>JN\/Ag\u00eanciasOntem\u00a0\u00e0s\u00a013:41Os trabalhadores com sal\u00e1rios baixos est\u00e3o entre os 35 milh\u00f5es de cidad\u00e3os da Uni\u00e3o Europeia (UE) que n\u00e3o t\u00eam verbas para pagar f\u00e9rias de ver\u00e3o, segundo dados divulgados pela Confedera\u00e7\u00e3o Europeia de Sindicatos (CES).Usando dados do gabinete estat\u00edstico europeu (Eurostat), a CES refere que, em termos globais, 28% dos cidad\u00e3os da UE n\u00e3o podem pagar [&hellip;]<\/p>\n","protected":false},"author":2,"featured_media":4105,"comment_status":"open","ping_status":"open","sticky":false,"template":"","format":"standard","meta":{"footnotes":""},"categories":[1],"tags":[],"class_list":["post-4104","post","type-post","status-publish","format-standard","has-post-thumbnail","hentry","category-ultimas-noticias-financeiras"],"yoast_head":"<!-- This site is optimized with the Yoast SEO plugin v27.4 - https:\/\/yoast.com\/product\/yoast-seo-wordpress\/ -->\n<title>35 milh\u00f5es de europeus sem verba para f\u00e9rias de ver\u00e3o - Hot News in World<\/title>\n<meta name=\"robots\" content=\"index, follow, max-snippet:-1, max-image-preview:large, max-video-preview:-1\" \/>\n<link rel=\"canonical\" href=\"https:\/\/hotnewsinworld.com\/pt\/35-milhoes-de-europeus-sem-verba-para-ferias-de-verao\/\" \/>\n<meta property=\"og:locale\" content=\"pt_PT\" \/>\n<meta property=\"og:type\" content=\"article\" \/>\n<meta property=\"og:title\" content=\"35 milh\u00f5es de europeus sem verba para f\u00e9rias de ver\u00e3o - Hot News in World\" \/>\n<meta property=\"og:description\" content=\"JN\/Ag\u00eanciasOntem\u00a0\u00e0s\u00a013:41Os trabalhadores com sal\u00e1rios baixos est\u00e3o entre os 35 milh\u00f5es de cidad\u00e3os da Uni\u00e3o Europeia (UE) que n\u00e3o t\u00eam verbas para pagar f\u00e9rias de ver\u00e3o, segundo dados divulgados pela Confedera\u00e7\u00e3o Europeia de Sindicatos (CES).Usando dados do gabinete estat\u00edstico europeu (Eurostat), a CES refere que, em termos globais, 28% dos cidad\u00e3os da UE n\u00e3o podem pagar [&hellip;]\" \/>\n<meta property=\"og:url\" content=\"https:\/\/hotnewsinworld.com\/pt\/35-milhoes-de-europeus-sem-verba-para-ferias-de-verao\/\" \/>\n<meta property=\"og:site_name\" content=\"Hot News in World\" \/>\n<meta property=\"article:published_time\" content=\"2021-08-03T06:39:27+00:00\" \/>\n<meta property=\"article:modified_time\" content=\"2021-08-03T06:39:32+00:00\" \/>\n<meta property=\"og:image\" content=\"https:\/\/hotnewsinworld.com\/pt\/wp-content\/uploads\/sites\/2\/2021\/08\/35-milhoes-de-europeus-sem-verba-para-ferias-de-verao.jpg\" \/>\n\t<meta property=\"og:image:width\" content=\"799\" \/>\n\t<meta property=\"og:image:height\" content=\"420\" \/>\n\t<meta property=\"og:image:type\" content=\"image\/jpeg\" \/>\n<meta name=\"author\" content=\"hotnewsinworld\" \/>\n<meta name=\"twitter:card\" content=\"summary_large_image\" \/>\n<meta name=\"twitter:label1\" content=\"Escrito por\" \/>\n\t<meta name=\"twitter:data1\" content=\"hotnewsinworld\" \/>\n\t<meta name=\"twitter:label2\" content=\"Tempo estimado de leitura\" \/>\n\t<meta name=\"twitter:data2\" content=\"1 minuto\" \/>\n<script type=\"application\/ld+json\" class=\"yoast-schema-graph\">{\"@context\":\"https:\\\/\\\/schema.org\",\"@graph\":[{\"@type\":\"Article\",\"@id\":\"https:\\\/\\\/hotnewsinworld.com\\\/pt\\\/35-milhoes-de-europeus-sem-verba-para-ferias-de-verao\\\/#article\",\"isPartOf\":{\"@id\":\"https:\\\/\\\/hotnewsinworld.com\\\/pt\\\/35-milhoes-de-europeus-sem-verba-para-ferias-de-verao\\\/\"},\"author\":{\"name\":\"hotnewsinworld\",\"@id\":\"https:\\\/\\\/hotnewsinworld.com\\\/pt\\\/#\\\/schema\\\/person\\\/fe61448b21c0d59086e75fcc1f9d8f6b\"},\"headline\":\"35 milh\u00f5es de europeus sem verba para f\u00e9rias de ver\u00e3o\",\"datePublished\":\"2021-08-03T06:39:27+00:00\",\"dateModified\":\"2021-08-03T06:39:32+00:00\",\"mainEntityOfPage\":{\"@id\":\"https:\\\/\\\/hotnewsinworld.com\\\/pt\\\/35-milhoes-de-europeus-sem-verba-para-ferias-de-verao\\\/\"},\"wordCount\":249,\"commentCount\":0,\"image\":{\"@id\":\"https:\\\/\\\/hotnewsinworld.com\\\/pt\\\/35-milhoes-de-europeus-sem-verba-para-ferias-de-verao\\\/#primaryimage\"},\"thumbnailUrl\":\"https:\\\/\\\/hotnewsinworld.com\\\/pt\\\/wp-content\\\/uploads\\\/sites\\\/2\\\/2021\\\/08\\\/35-milhoes-de-europeus-sem-verba-para-ferias-de-verao.jpg\",\"articleSection\":[\"\u00daLTIMAS NOT\u00cdCIAS FINANCEIRAS\"],\"inLanguage\":\"pt-PT\",\"potentialAction\":[{\"@type\":\"CommentAction\",\"name\":\"Comment\",\"target\":[\"https:\\\/\\\/hotnewsinworld.com\\\/pt\\\/35-milhoes-de-europeus-sem-verba-para-ferias-de-verao\\\/#respond\"]}]},{\"@type\":\"WebPage\",\"@id\":\"https:\\\/\\\/hotnewsinworld.com\\\/pt\\\/35-milhoes-de-europeus-sem-verba-para-ferias-de-verao\\\/\",\"url\":\"https:\\\/\\\/hotnewsinworld.com\\\/pt\\\/35-milhoes-de-europeus-sem-verba-para-ferias-de-verao\\\/\",\"name\":\"35 milh\u00f5es de europeus sem verba para f\u00e9rias de ver\u00e3o - Hot News in World\",\"isPartOf\":{\"@id\":\"https:\\\/\\\/hotnewsinworld.com\\\/pt\\\/#website\"},\"primaryImageOfPage\":{\"@id\":\"https:\\\/\\\/hotnewsinworld.com\\\/pt\\\/35-milhoes-de-europeus-sem-verba-para-ferias-de-verao\\\/#primaryimage\"},\"image\":{\"@id\":\"https:\\\/\\\/hotnewsinworld.com\\\/pt\\\/35-milhoes-de-europeus-sem-verba-para-ferias-de-verao\\\/#primaryimage\"},\"thumbnailUrl\":\"https:\\\/\\\/hotnewsinworld.com\\\/pt\\\/wp-content\\\/uploads\\\/sites\\\/2\\\/2021\\\/08\\\/35-milhoes-de-europeus-sem-verba-para-ferias-de-verao.jpg\",\"datePublished\":\"2021-08-03T06:39:27+00:00\",\"dateModified\":\"2021-08-03T06:39:32+00:00\",\"author\":{\"@id\":\"https:\\\/\\\/hotnewsinworld.com\\\/pt\\\/#\\\/schema\\\/person\\\/fe61448b21c0d59086e75fcc1f9d8f6b\"},\"breadcrumb\":{\"@id\":\"https:\\\/\\\/hotnewsinworld.com\\\/pt\\\/35-milhoes-de-europeus-sem-verba-para-ferias-de-verao\\\/#breadcrumb\"},\"inLanguage\":\"pt-PT\",\"potentialAction\":[{\"@type\":\"ReadAction\",\"target\":[\"https:\\\/\\\/hotnewsinworld.com\\\/pt\\\/35-milhoes-de-europeus-sem-verba-para-ferias-de-verao\\\/\"]}]},{\"@type\":\"ImageObject\",\"inLanguage\":\"pt-PT\",\"@id\":\"https:\\\/\\\/hotnewsinworld.com\\\/pt\\\/35-milhoes-de-europeus-sem-verba-para-ferias-de-verao\\\/#primaryimage\",\"url\":\"https:\\\/\\\/hotnewsinworld.com\\\/pt\\\/wp-content\\\/uploads\\\/sites\\\/2\\\/2021\\\/08\\\/35-milhoes-de-europeus-sem-verba-para-ferias-de-verao.jpg\",\"contentUrl\":\"https:\\\/\\\/hotnewsinworld.com\\\/pt\\\/wp-content\\\/uploads\\\/sites\\\/2\\\/2021\\\/08\\\/35-milhoes-de-europeus-sem-verba-para-ferias-de-verao.jpg\",\"width\":799,\"height\":420,\"caption\":\"35 milh\u00f5es de europeus sem verba para f\u00e9rias de ver\u00e3o\"},{\"@type\":\"BreadcrumbList\",\"@id\":\"https:\\\/\\\/hotnewsinworld.com\\\/pt\\\/35-milhoes-de-europeus-sem-verba-para-ferias-de-verao\\\/#breadcrumb\",\"itemListElement\":[{\"@type\":\"ListItem\",\"position\":1,\"name\":\"\u0413\u043b\u0430\u0432\u043d\u0430\u044f \u0441\u0442\u0440\u0430\u043d\u0438\u0446\u0430\",\"item\":\"https:\\\/\\\/hotnewsinworld.com\\\/pt\\\/\"},{\"@type\":\"ListItem\",\"position\":2,\"name\":\"35 milh\u00f5es de europeus sem verba para f\u00e9rias de ver\u00e3o\"}]},{\"@type\":\"WebSite\",\"@id\":\"https:\\\/\\\/hotnewsinworld.com\\\/pt\\\/#website\",\"url\":\"https:\\\/\\\/hotnewsinworld.com\\\/pt\\\/\",\"name\":\"Hot News in World\",\"description\":\"Hot News in World Portugal\",\"potentialAction\":[{\"@type\":\"SearchAction\",\"target\":{\"@type\":\"EntryPoint\",\"urlTemplate\":\"https:\\\/\\\/hotnewsinworld.com\\\/pt\\\/?s={search_term_string}\"},\"query-input\":{\"@type\":\"PropertyValueSpecification\",\"valueRequired\":true,\"valueName\":\"search_term_string\"}}],\"inLanguage\":\"pt-PT\"},{\"@type\":\"Person\",\"@id\":\"https:\\\/\\\/hotnewsinworld.com\\\/pt\\\/#\\\/schema\\\/person\\\/fe61448b21c0d59086e75fcc1f9d8f6b\",\"name\":\"hotnewsinworld\",\"image\":{\"@type\":\"ImageObject\",\"inLanguage\":\"pt-PT\",\"@id\":\"https:\\\/\\\/secure.gravatar.com\\\/avatar\\\/8a09ac165600ce2e1c38fe593c63928eb1e6e7ba5c5a907d67787c41b3d00c14?s=96&d=mm&r=g\",\"url\":\"https:\\\/\\\/secure.gravatar.com\\\/avatar\\\/8a09ac165600ce2e1c38fe593c63928eb1e6e7ba5c5a907d67787c41b3d00c14?s=96&d=mm&r=g\",\"contentUrl\":\"https:\\\/\\\/secure.gravatar.com\\\/avatar\\\/8a09ac165600ce2e1c38fe593c63928eb1e6e7ba5c5a907d67787c41b3d00c14?s=96&d=mm&r=g\",\"caption\":\"hotnewsinworld\"},\"url\":\"https:\\\/\\\/hotnewsinworld.com\\\/pt\\\/author\\\/pt\\\/\"}]}<\/script>\n<!-- \/ Yoast SEO plugin. -->","yoast_head_json":{"title":"35 milh\u00f5es de europeus sem verba para f\u00e9rias de ver\u00e3o - Hot News in World","robots":{"index":"index","follow":"follow","max-snippet":"max-snippet:-1","max-image-preview":"max-image-preview:large","max-video-preview":"max-video-preview:-1"},"canonical":"https:\/\/hotnewsinworld.com\/pt\/35-milhoes-de-europeus-sem-verba-para-ferias-de-verao\/","og_locale":"pt_PT","og_type":"article","og_title":"35 milh\u00f5es de europeus sem verba para f\u00e9rias de ver\u00e3o - Hot News in World","og_description":"JN\/Ag\u00eanciasOntem\u00a0\u00e0s\u00a013:41Os trabalhadores com sal\u00e1rios baixos est\u00e3o entre os 35 milh\u00f5es de cidad\u00e3os da Uni\u00e3o Europeia (UE) que n\u00e3o t\u00eam verbas para pagar f\u00e9rias de ver\u00e3o, segundo dados divulgados pela Confedera\u00e7\u00e3o Europeia de Sindicatos (CES).Usando dados do gabinete estat\u00edstico europeu (Eurostat), a CES refere que, em termos globais, 28% dos cidad\u00e3os da UE n\u00e3o podem pagar [&hellip;]","og_url":"https:\/\/hotnewsinworld.com\/pt\/35-milhoes-de-europeus-sem-verba-para-ferias-de-verao\/","og_site_name":"Hot News in World","article_published_time":"2021-08-03T06:39:27+00:00","article_modified_time":"2021-08-03T06:39:32+00:00","og_image":[{"width":799,"height":420,"url":"https:\/\/hotnewsinworld.com\/pt\/wp-content\/uploads\/sites\/2\/2021\/08\/35-milhoes-de-europeus-sem-verba-para-ferias-de-verao.jpg","type":"image\/jpeg"}],"author":"hotnewsinworld","twitter_card":"summary_large_image","twitter_misc":{"Escrito por":"hotnewsinworld","Tempo estimado de leitura":"1 minuto"},"schema":{"@context":"https:\/\/schema.org","@graph":[{"@type":"Article","@id":"https:\/\/hotnewsinworld.com\/pt\/35-milhoes-de-europeus-sem-verba-para-ferias-de-verao\/#article","isPartOf":{"@id":"https:\/\/hotnewsinworld.com\/pt\/35-milhoes-de-europeus-sem-verba-para-ferias-de-verao\/"},"author":{"name":"hotnewsinworld","@id":"https:\/\/hotnewsinworld.com\/pt\/#\/schema\/person\/fe61448b21c0d59086e75fcc1f9d8f6b"},"headline":"35 milh\u00f5es de europeus sem verba para f\u00e9rias de ver\u00e3o","datePublished":"2021-08-03T06:39:27+00:00","dateModified":"2021-08-03T06:39:32+00:00","mainEntityOfPage":{"@id":"https:\/\/hotnewsinworld.com\/pt\/35-milhoes-de-europeus-sem-verba-para-ferias-de-verao\/"},"wordCount":249,"commentCount":0,"image":{"@id":"https:\/\/hotnewsinworld.com\/pt\/35-milhoes-de-europeus-sem-verba-para-ferias-de-verao\/#primaryimage"},"thumbnailUrl":"https:\/\/hotnewsinworld.com\/pt\/wp-content\/uploads\/sites\/2\/2021\/08\/35-milhoes-de-europeus-sem-verba-para-ferias-de-verao.jpg","articleSection":["\u00daLTIMAS NOT\u00cdCIAS FINANCEIRAS"],"inLanguage":"pt-PT","potentialAction":[{"@type":"CommentAction","name":"Comment","target":["https:\/\/hotnewsinworld.com\/pt\/35-milhoes-de-europeus-sem-verba-para-ferias-de-verao\/#respond"]}]},{"@type":"WebPage","@id":"https:\/\/hotnewsinworld.com\/pt\/35-milhoes-de-europeus-sem-verba-para-ferias-de-verao\/","url":"https:\/\/hotnewsinworld.com\/pt\/35-milhoes-de-europeus-sem-verba-para-ferias-de-verao\/","name":"35 milh\u00f5es de europeus sem verba para f\u00e9rias de ver\u00e3o - Hot News in World","isPartOf":{"@id":"https:\/\/hotnewsinworld.com\/pt\/#website"},"primaryImageOfPage":{"@id":"https:\/\/hotnewsinworld.com\/pt\/35-milhoes-de-europeus-sem-verba-para-ferias-de-verao\/#primaryimage"},"image":{"@id":"https:\/\/hotnewsinworld.com\/pt\/35-milhoes-de-europeus-sem-verba-para-ferias-de-verao\/#primaryimage"},"thumbnailUrl":"https:\/\/hotnewsinworld.com\/pt\/wp-content\/uploads\/sites\/2\/2021\/08\/35-milhoes-de-europeus-sem-verba-para-ferias-de-verao.jpg","datePublished":"2021-08-03T06:39:27+00:00","dateModified":"2021-08-03T06:39:32+00:00","author":{"@id":"https:\/\/hotnewsinworld.com\/pt\/#\/schema\/person\/fe61448b21c0d59086e75fcc1f9d8f6b"},"breadcrumb":{"@id":"https:\/\/hotnewsinworld.com\/pt\/35-milhoes-de-europeus-sem-verba-para-ferias-de-verao\/#breadcrumb"},"inLanguage":"pt-PT","potentialAction":[{"@type":"ReadAction","target":["https:\/\/hotnewsinworld.com\/pt\/35-milhoes-de-europeus-sem-verba-para-ferias-de-verao\/"]}]},{"@type":"ImageObject","inLanguage":"pt-PT","@id":"https:\/\/hotnewsinworld.com\/pt\/35-milhoes-de-europeus-sem-verba-para-ferias-de-verao\/#primaryimage","url":"https:\/\/hotnewsinworld.com\/pt\/wp-content\/uploads\/sites\/2\/2021\/08\/35-milhoes-de-europeus-sem-verba-para-ferias-de-verao.jpg","contentUrl":"https:\/\/hotnewsinworld.com\/pt\/wp-content\/uploads\/sites\/2\/2021\/08\/35-milhoes-de-europeus-sem-verba-para-ferias-de-verao.jpg","width":799,"height":420,"caption":"35 milh\u00f5es de europeus sem verba para f\u00e9rias de ver\u00e3o"},{"@type":"BreadcrumbList","@id":"https:\/\/hotnewsinworld.com\/pt\/35-milhoes-de-europeus-sem-verba-para-ferias-de-verao\/#breadcrumb","itemListElement":[{"@type":"ListItem","position":1,"name":"\u0413\u043b\u0430\u0432\u043d\u0430\u044f \u0441\u0442\u0440\u0430\u043d\u0438\u0446\u0430","item":"https:\/\/hotnewsinworld.com\/pt\/"},{"@type":"ListItem","position":2,"name":"35 milh\u00f5es de europeus sem verba para f\u00e9rias de ver\u00e3o"}]},{"@type":"WebSite","@id":"https:\/\/hotnewsinworld.com\/pt\/#website","url":"https:\/\/hotnewsinworld.com\/pt\/","name":"Hot News in World","description":"Hot News in World Portugal","potentialAction":[{"@type":"SearchAction","target":{"@type":"EntryPoint","urlTemplate":"https:\/\/hotnewsinworld.com\/pt\/?s={search_term_string}"},"query-input":{"@type":"PropertyValueSpecification","valueRequired":true,"valueName":"search_term_string"}}],"inLanguage":"pt-PT"},{"@type":"Person","@id":"https:\/\/hotnewsinworld.com\/pt\/#\/schema\/person\/fe61448b21c0d59086e75fcc1f9d8f6b","name":"hotnewsinworld","image":{"@type":"ImageObject","inLanguage":"pt-PT","@id":"https:\/\/secure.gravatar.com\/avatar\/8a09ac165600ce2e1c38fe593c63928eb1e6e7ba5c5a907d67787c41b3d00c14?s=96&d=mm&r=g","url":"https:\/\/secure.gravatar.com\/avatar\/8a09ac165600ce2e1c38fe593c63928eb1e6e7ba5c5a907d67787c41b3d00c14?s=96&d=mm&r=g","contentUrl":"https:\/\/secure.gravatar.com\/avatar\/8a09ac165600ce2e1c38fe593c63928eb1e6e7ba5c5a907d67787c41b3d00c14?s=96&d=mm&r=g","caption":"hotnewsinworld"},"url":"https:\/\/hotnewsinworld.com\/pt\/author\/pt\/"}]}},"_links":{"self":[{"href":"https:\/\/hotnewsinworld.com\/pt\/wp-json\/wp\/v2\/posts\/4104","targetHints":{"allow":["GET"]}}],"collection":[{"href":"https:\/\/hotnewsinworld.com\/pt\/wp-json\/wp\/v2\/posts"}],"about":[{"href":"https:\/\/hotnewsinworld.com\/pt\/wp-json\/wp\/v2\/types\/post"}],"author":[{"embeddable":true,"href":"https:\/\/hotnewsinworld.com\/pt\/wp-json\/wp\/v2\/users\/2"}],"replies":[{"embeddable":true,"href":"https:\/\/hotnewsinworld.com\/pt\/wp-json\/wp\/v2\/comments?post=4104"}],"version-history":[{"count":1,"href":"https:\/\/hotnewsinworld.com\/pt\/wp-json\/wp\/v2\/posts\/4104\/revisions"}],"predecessor-version":[{"id":4106,"href":"https:\/\/hotnewsinworld.com\/pt\/wp-json\/wp\/v2\/posts\/4104\/revisions\/4106"}],"wp:featuredmedia":[{"embeddable":true,"href":"https:\/\/hotnewsinworld.com\/pt\/wp-json\/wp\/v2\/media\/4105"}],"wp:attachment":[{"href":"https:\/\/hotnewsinworld.com\/pt\/wp-json\/wp\/v2\/media?parent=4104"}],"wp:term":[{"taxonomy":"category","embeddable":true,"href":"https:\/\/hotnewsinworld.com\/pt\/wp-json\/wp\/v2\/categories?post=4104"},{"taxonomy":"post_tag","embeddable":true,"href":"https:\/\/hotnewsinworld.com\/pt\/wp-json\/wp\/v2\/tags?post=4104"}],"curies":[{"name":"wp","href":"https:\/\/api.w.org\/{rel}","templated":true}]}}