{"id":4122,"date":"2021-08-06T10:16:07","date_gmt":"2021-08-06T07:16:07","guid":{"rendered":"https:\/\/hotnewsinworld.com\/pt\/super-bock-a-greve-e-o-duelo-de-perspetivas\/"},"modified":"2021-08-06T10:16:10","modified_gmt":"2021-08-06T07:16:10","slug":"super-bock-a-greve-e-o-duelo-de-perspetivas","status":"publish","type":"post","link":"https:\/\/hotnewsinworld.com\/pt\/super-bock-a-greve-e-o-duelo-de-perspetivas\/","title":{"rendered":"Super Bock: a greve e o duelo de perspetivas"},"content":{"rendered":"<p>Almiro FerreiraOntem\u00a0\u00e0s\u00a020:41Sindicato nota &#8220;grande ades\u00e3o&#8221;, &#8220;viola\u00e7\u00f5es \u00e0 lei&#8221; e &#8220;cad\u00eancia de trabalho muito baixa&#8221;. Cervejeira de Le\u00e7a do Balio nega acusa\u00e7\u00f5es e regista &#8220;apenas 13&#8221; grevistas entre 800 funcion\u00e1rios da empresa.Paragens parciais de duas horas, em todos os turnos e durante cinco dias, desta quinta-feira at\u00e9 ter\u00e7a-feira, mobilizam os trabalhadores da cervejeira Super Bock por aumentos salariais de 90 euros, direito a 25 dias de f\u00e9rias e 35 horas de trabalho semanal, reivindica\u00e7\u00f5es mantidas desde dezembro do ano passado e que j\u00e1 originaram greves em mar\u00e7o e junho.O Sindicato dos Trabalhadores da Agricultura e das Ind\u00fastrias de Alimenta\u00e7\u00e3o, Bebidas e Tabacos de Portugal (SINTAB) junta \u00e0 causa de duas centenas de operacionais da produ\u00e7\u00e3o mais 600 trabalhadores, administrativos, em teletrabalho, &#8220;que anunciaram a inten\u00e7\u00e3o de fazer greve&#8221;. Denuncia, ainda, &#8220;press\u00f5es exercidas sobre os trabalhadores&#8221; e &#8220;alguns incidentes identificados como viola\u00e7\u00e3o do direito \u00e0 greve&#8221;, &#8220;que ser\u00e3o denunciados \u00e0s autoridades&#8221;.Segundo o SINTAB, no servi\u00e7o de enchimento, durante a manh\u00e3 desta segunda-feira, &#8220;as linhas estiveram quase totalmente paradas e s\u00f3 algumas funcionaram, com recurso a trabalhadores tempor\u00e1rios&#8221;. Noutros setores, de acordo com o sindicato, &#8220;a cad\u00eancia de trabalho foi muito baixa, por falta de pessoal qualificado&#8221;.&#8221;No servi\u00e7o de produ\u00e7\u00e3o (adega e fabrico de cerveja), em que uma paragem exige procedimentos com seis horas de antecipa\u00e7\u00e3o, a dire\u00e7\u00e3o do servi\u00e7o n\u00e3o precaveu a greve, impossibilitando que os trabalhadores a ela pudessem aderir sem p\u00f4r em causa, quer a seguran\u00e7a das instala\u00e7\u00f5es e equipamentos quer a qualidade do produto&#8221;, acrescentou o sindicato. &#8220;Ou seja, os trabalhadores tiveram de abdicar do direito \u00e0 greve&#8221;, atalha Pedro Nuno Silva, da Comiss\u00e3o de Trabalhadores.A Super Bock refuta as acusa\u00e7\u00f5es do SINTAB e reafirma que &#8220;sempre pautou e continuar\u00e1 a pautar a sua atua\u00e7\u00e3o pelo cumprimento escrupuloso da lei&#8221;.&#8221;Neste primeiro dia, e at\u00e9 ao momento, foram 13 os trabalhadores que optaram por exercer o seu direito \u00e0 greve. De recordar que o universo do pr\u00e9-aviso s\u00e3o, aproximadamente, 800 trabalhadores. Significa, pois, que uma larga maioria dos trabalhadores da Super Bock Bebidas n\u00e3o se rev\u00ea nesta greve, penalizadora da atividade da empresa, das suas marcas e dos seus colaboradores. Relativamente \u00e0s afirma\u00e7\u00f5es que s\u00e3o veiculadas sobre a substitui\u00e7\u00e3o de trabalhadores em greve, a empresa n\u00e3o pode deixar de afirmar que se trata de uma clamorosa inverdade&#8221;, disse ao JN fonte da empresa.Em dezembro de 2020, os sindicatos reivindicaram aumentos salariais de 90 euros, direito a 25 dias de f\u00e9rias e 35 horas de trabalho semanal. O SINTAB diz que, numa primeira fase, a empresa recusou negociar, &#8220;na desculpa da pandemia&#8221;, e que s\u00f3 aceitou sentar-se \u00e0 mesa em fevereiro deste ano, quando apresentou uma proposta considerada como &#8220;aumento zero&#8221; para 2021.&#8221;Os trabalhadores pediam aumento de 1%, com retroativos a janeiro. A empresa sugeriu um aumento de 25 euros, a partir de julho, sem retroativos em janeiro, o que n\u00e3o era aceit\u00e1vel&#8221;, relembra Pedro Nuno Silva, que reclama a revis\u00e3o do Acordo Coletivo de Trabalho, numa empresa onde &#8220;o sal\u00e1rio m\u00e9dio bruto ronda os 1200 euros&#8221;.&#8221;Essa postura da empresa levou j\u00e1 a que os trabalhadores tenham estado em greve, durante o m\u00eas de junho, e deliberado, em plen\u00e1rio, a necessidade de a empresa apresentar propostas de aumento salarial condizentes com a distribui\u00e7\u00e3o de lucros aos acionistas que, em anos de pandemia, atingiram os valores mais altos de sempre&#8221;, insiste o sindicato.<br \/>\n<br \/>\n<!--noindex--><br \/>\n<a href=\"http:\/\/feeds.jn.pt\/~r\/JN-ECONOMIA\/~3\/NKorRucPbe4\/super-bock-a-greve-e-o-duelo-de-perspetivas-14010806.html\" rel=\"nofollow\">Source link <\/a><br \/>\n<!--\/noindex--><\/p>\n","protected":false},"excerpt":{"rendered":"<p>Almiro FerreiraOntem\u00a0\u00e0s\u00a020:41Sindicato nota &#8220;grande ades\u00e3o&#8221;, &#8220;viola\u00e7\u00f5es \u00e0 lei&#8221; e &#8220;cad\u00eancia de trabalho muito baixa&#8221;. Cervejeira de Le\u00e7a do Balio nega acusa\u00e7\u00f5es e regista &#8220;apenas 13&#8221; grevistas entre 800 funcion\u00e1rios da empresa.Paragens parciais de duas horas, em todos os turnos e durante cinco dias, desta quinta-feira at\u00e9 ter\u00e7a-feira, mobilizam os trabalhadores da cervejeira Super Bock por [&hellip;]<\/p>\n","protected":false},"author":2,"featured_media":4123,"comment_status":"open","ping_status":"open","sticky":false,"template":"","format":"standard","meta":{"footnotes":""},"categories":[1],"tags":[],"class_list":["post-4122","post","type-post","status-publish","format-standard","has-post-thumbnail","hentry","category-ultimas-noticias-financeiras"],"yoast_head":"<!-- This site is optimized with the Yoast SEO plugin v27.4 - https:\/\/yoast.com\/product\/yoast-seo-wordpress\/ -->\n<title>Super Bock: a greve e o duelo de perspetivas - Hot News in World<\/title>\n<meta name=\"robots\" content=\"index, follow, max-snippet:-1, max-image-preview:large, max-video-preview:-1\" \/>\n<link rel=\"canonical\" href=\"https:\/\/hotnewsinworld.com\/pt\/super-bock-a-greve-e-o-duelo-de-perspetivas\/\" \/>\n<meta property=\"og:locale\" content=\"pt_PT\" \/>\n<meta property=\"og:type\" content=\"article\" \/>\n<meta property=\"og:title\" content=\"Super Bock: a greve e o duelo de perspetivas - Hot News in World\" \/>\n<meta property=\"og:description\" content=\"Almiro FerreiraOntem\u00a0\u00e0s\u00a020:41Sindicato nota &#8220;grande ades\u00e3o&#8221;, &#8220;viola\u00e7\u00f5es \u00e0 lei&#8221; e &#8220;cad\u00eancia de trabalho muito baixa&#8221;. Cervejeira de Le\u00e7a do Balio nega acusa\u00e7\u00f5es e regista &#8220;apenas 13&#8221; grevistas entre 800 funcion\u00e1rios da empresa.Paragens parciais de duas horas, em todos os turnos e durante cinco dias, desta quinta-feira at\u00e9 ter\u00e7a-feira, mobilizam os trabalhadores da cervejeira Super Bock por [&hellip;]\" \/>\n<meta property=\"og:url\" content=\"https:\/\/hotnewsinworld.com\/pt\/super-bock-a-greve-e-o-duelo-de-perspetivas\/\" \/>\n<meta property=\"og:site_name\" content=\"Hot News in World\" \/>\n<meta property=\"article:published_time\" content=\"2021-08-06T07:16:07+00:00\" \/>\n<meta property=\"article:modified_time\" content=\"2021-08-06T07:16:10+00:00\" \/>\n<meta property=\"og:image\" content=\"https:\/\/hotnewsinworld.com\/pt\/wp-content\/uploads\/sites\/2\/2021\/08\/Super-Bock-a-greve-e-o-duelo-de-perspetivas.jpg\" \/>\n\t<meta property=\"og:image:width\" content=\"799\" \/>\n\t<meta property=\"og:image:height\" content=\"420\" \/>\n\t<meta property=\"og:image:type\" content=\"image\/jpeg\" \/>\n<meta name=\"author\" content=\"hotnewsinworld\" \/>\n<meta name=\"twitter:card\" content=\"summary_large_image\" \/>\n<meta name=\"twitter:label1\" content=\"Escrito por\" \/>\n\t<meta name=\"twitter:data1\" content=\"hotnewsinworld\" \/>\n\t<meta name=\"twitter:label2\" content=\"Tempo estimado de leitura\" \/>\n\t<meta name=\"twitter:data2\" content=\"3 minutos\" \/>\n<script type=\"application\/ld+json\" class=\"yoast-schema-graph\">{\"@context\":\"https:\\\/\\\/schema.org\",\"@graph\":[{\"@type\":\"Article\",\"@id\":\"https:\\\/\\\/hotnewsinworld.com\\\/pt\\\/super-bock-a-greve-e-o-duelo-de-perspetivas\\\/#article\",\"isPartOf\":{\"@id\":\"https:\\\/\\\/hotnewsinworld.com\\\/pt\\\/super-bock-a-greve-e-o-duelo-de-perspetivas\\\/\"},\"author\":{\"name\":\"hotnewsinworld\",\"@id\":\"https:\\\/\\\/hotnewsinworld.com\\\/pt\\\/#\\\/schema\\\/person\\\/fe61448b21c0d59086e75fcc1f9d8f6b\"},\"headline\":\"Super Bock: a greve e o duelo de perspetivas\",\"datePublished\":\"2021-08-06T07:16:07+00:00\",\"dateModified\":\"2021-08-06T07:16:10+00:00\",\"mainEntityOfPage\":{\"@id\":\"https:\\\/\\\/hotnewsinworld.com\\\/pt\\\/super-bock-a-greve-e-o-duelo-de-perspetivas\\\/\"},\"wordCount\":599,\"commentCount\":0,\"image\":{\"@id\":\"https:\\\/\\\/hotnewsinworld.com\\\/pt\\\/super-bock-a-greve-e-o-duelo-de-perspetivas\\\/#primaryimage\"},\"thumbnailUrl\":\"https:\\\/\\\/hotnewsinworld.com\\\/pt\\\/wp-content\\\/uploads\\\/sites\\\/2\\\/2021\\\/08\\\/Super-Bock-a-greve-e-o-duelo-de-perspetivas.jpg\",\"articleSection\":[\"\u00daLTIMAS NOT\u00cdCIAS FINANCEIRAS\"],\"inLanguage\":\"pt-PT\",\"potentialAction\":[{\"@type\":\"CommentAction\",\"name\":\"Comment\",\"target\":[\"https:\\\/\\\/hotnewsinworld.com\\\/pt\\\/super-bock-a-greve-e-o-duelo-de-perspetivas\\\/#respond\"]}]},{\"@type\":\"WebPage\",\"@id\":\"https:\\\/\\\/hotnewsinworld.com\\\/pt\\\/super-bock-a-greve-e-o-duelo-de-perspetivas\\\/\",\"url\":\"https:\\\/\\\/hotnewsinworld.com\\\/pt\\\/super-bock-a-greve-e-o-duelo-de-perspetivas\\\/\",\"name\":\"Super Bock: a greve e o duelo de perspetivas - Hot News in World\",\"isPartOf\":{\"@id\":\"https:\\\/\\\/hotnewsinworld.com\\\/pt\\\/#website\"},\"primaryImageOfPage\":{\"@id\":\"https:\\\/\\\/hotnewsinworld.com\\\/pt\\\/super-bock-a-greve-e-o-duelo-de-perspetivas\\\/#primaryimage\"},\"image\":{\"@id\":\"https:\\\/\\\/hotnewsinworld.com\\\/pt\\\/super-bock-a-greve-e-o-duelo-de-perspetivas\\\/#primaryimage\"},\"thumbnailUrl\":\"https:\\\/\\\/hotnewsinworld.com\\\/pt\\\/wp-content\\\/uploads\\\/sites\\\/2\\\/2021\\\/08\\\/Super-Bock-a-greve-e-o-duelo-de-perspetivas.jpg\",\"datePublished\":\"2021-08-06T07:16:07+00:00\",\"dateModified\":\"2021-08-06T07:16:10+00:00\",\"author\":{\"@id\":\"https:\\\/\\\/hotnewsinworld.com\\\/pt\\\/#\\\/schema\\\/person\\\/fe61448b21c0d59086e75fcc1f9d8f6b\"},\"breadcrumb\":{\"@id\":\"https:\\\/\\\/hotnewsinworld.com\\\/pt\\\/super-bock-a-greve-e-o-duelo-de-perspetivas\\\/#breadcrumb\"},\"inLanguage\":\"pt-PT\",\"potentialAction\":[{\"@type\":\"ReadAction\",\"target\":[\"https:\\\/\\\/hotnewsinworld.com\\\/pt\\\/super-bock-a-greve-e-o-duelo-de-perspetivas\\\/\"]}]},{\"@type\":\"ImageObject\",\"inLanguage\":\"pt-PT\",\"@id\":\"https:\\\/\\\/hotnewsinworld.com\\\/pt\\\/super-bock-a-greve-e-o-duelo-de-perspetivas\\\/#primaryimage\",\"url\":\"https:\\\/\\\/hotnewsinworld.com\\\/pt\\\/wp-content\\\/uploads\\\/sites\\\/2\\\/2021\\\/08\\\/Super-Bock-a-greve-e-o-duelo-de-perspetivas.jpg\",\"contentUrl\":\"https:\\\/\\\/hotnewsinworld.com\\\/pt\\\/wp-content\\\/uploads\\\/sites\\\/2\\\/2021\\\/08\\\/Super-Bock-a-greve-e-o-duelo-de-perspetivas.jpg\",\"width\":799,\"height\":420,\"caption\":\"Super Bock: a greve e o duelo de perspetivas\"},{\"@type\":\"BreadcrumbList\",\"@id\":\"https:\\\/\\\/hotnewsinworld.com\\\/pt\\\/super-bock-a-greve-e-o-duelo-de-perspetivas\\\/#breadcrumb\",\"itemListElement\":[{\"@type\":\"ListItem\",\"position\":1,\"name\":\"\u0413\u043b\u0430\u0432\u043d\u0430\u044f \u0441\u0442\u0440\u0430\u043d\u0438\u0446\u0430\",\"item\":\"https:\\\/\\\/hotnewsinworld.com\\\/pt\\\/\"},{\"@type\":\"ListItem\",\"position\":2,\"name\":\"Super Bock: a greve e o duelo de perspetivas\"}]},{\"@type\":\"WebSite\",\"@id\":\"https:\\\/\\\/hotnewsinworld.com\\\/pt\\\/#website\",\"url\":\"https:\\\/\\\/hotnewsinworld.com\\\/pt\\\/\",\"name\":\"Hot News in World\",\"description\":\"Hot News in World Portugal\",\"potentialAction\":[{\"@type\":\"SearchAction\",\"target\":{\"@type\":\"EntryPoint\",\"urlTemplate\":\"https:\\\/\\\/hotnewsinworld.com\\\/pt\\\/?s={search_term_string}\"},\"query-input\":{\"@type\":\"PropertyValueSpecification\",\"valueRequired\":true,\"valueName\":\"search_term_string\"}}],\"inLanguage\":\"pt-PT\"},{\"@type\":\"Person\",\"@id\":\"https:\\\/\\\/hotnewsinworld.com\\\/pt\\\/#\\\/schema\\\/person\\\/fe61448b21c0d59086e75fcc1f9d8f6b\",\"name\":\"hotnewsinworld\",\"image\":{\"@type\":\"ImageObject\",\"inLanguage\":\"pt-PT\",\"@id\":\"https:\\\/\\\/secure.gravatar.com\\\/avatar\\\/8a09ac165600ce2e1c38fe593c63928eb1e6e7ba5c5a907d67787c41b3d00c14?s=96&d=mm&r=g\",\"url\":\"https:\\\/\\\/secure.gravatar.com\\\/avatar\\\/8a09ac165600ce2e1c38fe593c63928eb1e6e7ba5c5a907d67787c41b3d00c14?s=96&d=mm&r=g\",\"contentUrl\":\"https:\\\/\\\/secure.gravatar.com\\\/avatar\\\/8a09ac165600ce2e1c38fe593c63928eb1e6e7ba5c5a907d67787c41b3d00c14?s=96&d=mm&r=g\",\"caption\":\"hotnewsinworld\"},\"url\":\"https:\\\/\\\/hotnewsinworld.com\\\/pt\\\/author\\\/pt\\\/\"}]}<\/script>\n<!-- \/ Yoast SEO plugin. -->","yoast_head_json":{"title":"Super Bock: a greve e o duelo de perspetivas - Hot News in World","robots":{"index":"index","follow":"follow","max-snippet":"max-snippet:-1","max-image-preview":"max-image-preview:large","max-video-preview":"max-video-preview:-1"},"canonical":"https:\/\/hotnewsinworld.com\/pt\/super-bock-a-greve-e-o-duelo-de-perspetivas\/","og_locale":"pt_PT","og_type":"article","og_title":"Super Bock: a greve e o duelo de perspetivas - Hot News in World","og_description":"Almiro FerreiraOntem\u00a0\u00e0s\u00a020:41Sindicato nota &#8220;grande ades\u00e3o&#8221;, &#8220;viola\u00e7\u00f5es \u00e0 lei&#8221; e &#8220;cad\u00eancia de trabalho muito baixa&#8221;. Cervejeira de Le\u00e7a do Balio nega acusa\u00e7\u00f5es e regista &#8220;apenas 13&#8221; grevistas entre 800 funcion\u00e1rios da empresa.Paragens parciais de duas horas, em todos os turnos e durante cinco dias, desta quinta-feira at\u00e9 ter\u00e7a-feira, mobilizam os trabalhadores da cervejeira Super Bock por [&hellip;]","og_url":"https:\/\/hotnewsinworld.com\/pt\/super-bock-a-greve-e-o-duelo-de-perspetivas\/","og_site_name":"Hot News in World","article_published_time":"2021-08-06T07:16:07+00:00","article_modified_time":"2021-08-06T07:16:10+00:00","og_image":[{"width":799,"height":420,"url":"https:\/\/hotnewsinworld.com\/pt\/wp-content\/uploads\/sites\/2\/2021\/08\/Super-Bock-a-greve-e-o-duelo-de-perspetivas.jpg","type":"image\/jpeg"}],"author":"hotnewsinworld","twitter_card":"summary_large_image","twitter_misc":{"Escrito por":"hotnewsinworld","Tempo estimado de leitura":"3 minutos"},"schema":{"@context":"https:\/\/schema.org","@graph":[{"@type":"Article","@id":"https:\/\/hotnewsinworld.com\/pt\/super-bock-a-greve-e-o-duelo-de-perspetivas\/#article","isPartOf":{"@id":"https:\/\/hotnewsinworld.com\/pt\/super-bock-a-greve-e-o-duelo-de-perspetivas\/"},"author":{"name":"hotnewsinworld","@id":"https:\/\/hotnewsinworld.com\/pt\/#\/schema\/person\/fe61448b21c0d59086e75fcc1f9d8f6b"},"headline":"Super Bock: a greve e o duelo de perspetivas","datePublished":"2021-08-06T07:16:07+00:00","dateModified":"2021-08-06T07:16:10+00:00","mainEntityOfPage":{"@id":"https:\/\/hotnewsinworld.com\/pt\/super-bock-a-greve-e-o-duelo-de-perspetivas\/"},"wordCount":599,"commentCount":0,"image":{"@id":"https:\/\/hotnewsinworld.com\/pt\/super-bock-a-greve-e-o-duelo-de-perspetivas\/#primaryimage"},"thumbnailUrl":"https:\/\/hotnewsinworld.com\/pt\/wp-content\/uploads\/sites\/2\/2021\/08\/Super-Bock-a-greve-e-o-duelo-de-perspetivas.jpg","articleSection":["\u00daLTIMAS NOT\u00cdCIAS FINANCEIRAS"],"inLanguage":"pt-PT","potentialAction":[{"@type":"CommentAction","name":"Comment","target":["https:\/\/hotnewsinworld.com\/pt\/super-bock-a-greve-e-o-duelo-de-perspetivas\/#respond"]}]},{"@type":"WebPage","@id":"https:\/\/hotnewsinworld.com\/pt\/super-bock-a-greve-e-o-duelo-de-perspetivas\/","url":"https:\/\/hotnewsinworld.com\/pt\/super-bock-a-greve-e-o-duelo-de-perspetivas\/","name":"Super Bock: a greve e o duelo de perspetivas - Hot News in World","isPartOf":{"@id":"https:\/\/hotnewsinworld.com\/pt\/#website"},"primaryImageOfPage":{"@id":"https:\/\/hotnewsinworld.com\/pt\/super-bock-a-greve-e-o-duelo-de-perspetivas\/#primaryimage"},"image":{"@id":"https:\/\/hotnewsinworld.com\/pt\/super-bock-a-greve-e-o-duelo-de-perspetivas\/#primaryimage"},"thumbnailUrl":"https:\/\/hotnewsinworld.com\/pt\/wp-content\/uploads\/sites\/2\/2021\/08\/Super-Bock-a-greve-e-o-duelo-de-perspetivas.jpg","datePublished":"2021-08-06T07:16:07+00:00","dateModified":"2021-08-06T07:16:10+00:00","author":{"@id":"https:\/\/hotnewsinworld.com\/pt\/#\/schema\/person\/fe61448b21c0d59086e75fcc1f9d8f6b"},"breadcrumb":{"@id":"https:\/\/hotnewsinworld.com\/pt\/super-bock-a-greve-e-o-duelo-de-perspetivas\/#breadcrumb"},"inLanguage":"pt-PT","potentialAction":[{"@type":"ReadAction","target":["https:\/\/hotnewsinworld.com\/pt\/super-bock-a-greve-e-o-duelo-de-perspetivas\/"]}]},{"@type":"ImageObject","inLanguage":"pt-PT","@id":"https:\/\/hotnewsinworld.com\/pt\/super-bock-a-greve-e-o-duelo-de-perspetivas\/#primaryimage","url":"https:\/\/hotnewsinworld.com\/pt\/wp-content\/uploads\/sites\/2\/2021\/08\/Super-Bock-a-greve-e-o-duelo-de-perspetivas.jpg","contentUrl":"https:\/\/hotnewsinworld.com\/pt\/wp-content\/uploads\/sites\/2\/2021\/08\/Super-Bock-a-greve-e-o-duelo-de-perspetivas.jpg","width":799,"height":420,"caption":"Super Bock: a greve e o duelo de perspetivas"},{"@type":"BreadcrumbList","@id":"https:\/\/hotnewsinworld.com\/pt\/super-bock-a-greve-e-o-duelo-de-perspetivas\/#breadcrumb","itemListElement":[{"@type":"ListItem","position":1,"name":"\u0413\u043b\u0430\u0432\u043d\u0430\u044f \u0441\u0442\u0440\u0430\u043d\u0438\u0446\u0430","item":"https:\/\/hotnewsinworld.com\/pt\/"},{"@type":"ListItem","position":2,"name":"Super Bock: a greve e o duelo de perspetivas"}]},{"@type":"WebSite","@id":"https:\/\/hotnewsinworld.com\/pt\/#website","url":"https:\/\/hotnewsinworld.com\/pt\/","name":"Hot News in World","description":"Hot News in World Portugal","potentialAction":[{"@type":"SearchAction","target":{"@type":"EntryPoint","urlTemplate":"https:\/\/hotnewsinworld.com\/pt\/?s={search_term_string}"},"query-input":{"@type":"PropertyValueSpecification","valueRequired":true,"valueName":"search_term_string"}}],"inLanguage":"pt-PT"},{"@type":"Person","@id":"https:\/\/hotnewsinworld.com\/pt\/#\/schema\/person\/fe61448b21c0d59086e75fcc1f9d8f6b","name":"hotnewsinworld","image":{"@type":"ImageObject","inLanguage":"pt-PT","@id":"https:\/\/secure.gravatar.com\/avatar\/8a09ac165600ce2e1c38fe593c63928eb1e6e7ba5c5a907d67787c41b3d00c14?s=96&d=mm&r=g","url":"https:\/\/secure.gravatar.com\/avatar\/8a09ac165600ce2e1c38fe593c63928eb1e6e7ba5c5a907d67787c41b3d00c14?s=96&d=mm&r=g","contentUrl":"https:\/\/secure.gravatar.com\/avatar\/8a09ac165600ce2e1c38fe593c63928eb1e6e7ba5c5a907d67787c41b3d00c14?s=96&d=mm&r=g","caption":"hotnewsinworld"},"url":"https:\/\/hotnewsinworld.com\/pt\/author\/pt\/"}]}},"_links":{"self":[{"href":"https:\/\/hotnewsinworld.com\/pt\/wp-json\/wp\/v2\/posts\/4122","targetHints":{"allow":["GET"]}}],"collection":[{"href":"https:\/\/hotnewsinworld.com\/pt\/wp-json\/wp\/v2\/posts"}],"about":[{"href":"https:\/\/hotnewsinworld.com\/pt\/wp-json\/wp\/v2\/types\/post"}],"author":[{"embeddable":true,"href":"https:\/\/hotnewsinworld.com\/pt\/wp-json\/wp\/v2\/users\/2"}],"replies":[{"embeddable":true,"href":"https:\/\/hotnewsinworld.com\/pt\/wp-json\/wp\/v2\/comments?post=4122"}],"version-history":[{"count":1,"href":"https:\/\/hotnewsinworld.com\/pt\/wp-json\/wp\/v2\/posts\/4122\/revisions"}],"predecessor-version":[{"id":4124,"href":"https:\/\/hotnewsinworld.com\/pt\/wp-json\/wp\/v2\/posts\/4122\/revisions\/4124"}],"wp:featuredmedia":[{"embeddable":true,"href":"https:\/\/hotnewsinworld.com\/pt\/wp-json\/wp\/v2\/media\/4123"}],"wp:attachment":[{"href":"https:\/\/hotnewsinworld.com\/pt\/wp-json\/wp\/v2\/media?parent=4122"}],"wp:term":[{"taxonomy":"category","embeddable":true,"href":"https:\/\/hotnewsinworld.com\/pt\/wp-json\/wp\/v2\/categories?post=4122"},{"taxonomy":"post_tag","embeddable":true,"href":"https:\/\/hotnewsinworld.com\/pt\/wp-json\/wp\/v2\/tags?post=4122"}],"curies":[{"name":"wp","href":"https:\/\/api.w.org\/{rel}","templated":true}]}}