{"id":4288,"date":"2021-09-03T14:44:32","date_gmt":"2021-09-03T11:44:32","guid":{"rendered":"https:\/\/hotnewsinworld.com\/pt\/turismo-alerta-que-nova-agenda-laboral-implica-mais-custos\/"},"modified":"2021-09-03T14:44:39","modified_gmt":"2021-09-03T11:44:39","slug":"turismo-alerta-que-nova-agenda-laboral-implica-mais-custos","status":"publish","type":"post","link":"https:\/\/hotnewsinworld.com\/pt\/turismo-alerta-que-nova-agenda-laboral-implica-mais-custos\/","title":{"rendered":"Turismo alerta que nova agenda laboral implica mais custos"},"content":{"rendered":"<p>S\u00f3nia Santos Pereira (JN\/Dinheiro Vivo)Hoje\u00a0\u00e0s\u00a007:41Arrancam esta sexta-feira as negocia\u00e7\u00f5es entre o Governo e os parceiros sociais das propostas inscritas na Agenda do Trabalho Digno e Valoriza\u00e7\u00e3o dos Jovens no Mercado de Trabalho, num clima onde o consenso est\u00e1 longe de ser alcan\u00e7ado.Em cima da mesa, est\u00e3o 64 propostas do Executivo de altera\u00e7\u00e3o \u00e0s leis do trabalho. S\u00e3o mat\u00e9rias como a contrata\u00e7\u00e3o tempor\u00e1ria, o combate aos falsos empres\u00e1rios em nome individual ou o reconhecimento dos trabalhadores das plataformas digitais, entre outras, que est\u00e3o a dividir patr\u00f5es, sindicatos e Governo.Para a Confedera\u00e7\u00e3o do Turismo de Portugal (CTP), &#8220;muitas medidas contempladas no documento implicam um aumento dos custos para as empresas&#8221;, uma situa\u00e7\u00e3o que considera &#8220;incomport\u00e1vel&#8221; num momento em que necessitam &#8220;de apoios estatais para a manuten\u00e7\u00e3o dos postos de trabalho&#8221;.Ao JN\/Dinheiro Vivo, o organismo presidido por Francisco Calheiros frisa que &#8220;n\u00e3o est\u00e1 dispon\u00edvel para viabilizar altera\u00e7\u00f5es \u00e0 legisla\u00e7\u00e3o laboral que fa\u00e7am regredir ainda mais as normas do C\u00f3digo do Trabalho&#8221;. A CTP considera mesmo que a Agenda do Trabalho Digno proposta pelo Governo vem &#8220;promover uma excessiva regula\u00e7\u00e3o atrav\u00e9s da interven\u00e7\u00e3o do Estado no mercado de trabalho&#8221;.H\u00e1, pois, indiscutivelmente algumas linhas a ajustar entre patr\u00f5es e Governo. A proposta governamental de desincentivo ao recurso de trabalho n\u00e3o permanente levanta d\u00favidas \u00e0 CTP. Se, por um lado, considera que a utiliza\u00e7\u00e3o desta modalidade laboral dever\u00e1 ser justificada e assente em raz\u00f5es objetivas, por outro, lembra que &#8220;\u00e9 essencial que este &#8220;desincentivo&#8221; seja feito de forma clara e de forma a salvaguardar sempre e em qualquer circunst\u00e2ncia a possibilidade de utiliza\u00e7\u00e3o desta forma de trabalho, j\u00e1 que muitos s\u00e3o os setores da atividade tur\u00edstica que para trabalhar a ela t\u00eam de recorrer&#8221;.Quanto \u00e0s normas relativas ao falso trabalho independente, a CTP defende que devem ser &#8220;totalmente claras e transparentes&#8221;. Pede ainda menos burocracia na inscri\u00e7\u00e3o de um trabalhador na Seguran\u00e7a Social.Com\u00e9rcioA Confedera\u00e7\u00e3o do Com\u00e9rcio e Servi\u00e7os de Portugal (CCP) critica, por exemplo, que o Governo siga a &#8220;tradi\u00e7\u00e3o da execra\u00e7\u00e3o do trabalho tempor\u00e1rio&#8221;, contrapondo que esta modalidade est\u00e1 &#8220;regulada na lei h\u00e1 anos&#8221;.Outras posi\u00e7\u00f5esO JN\/Dinheiro Vivo procurou ouvir as outras confedera\u00e7\u00f5es patronais e os sindicatos, mas sem sucesso. A UGT fez saber que s\u00f3 divulgar\u00e1 as suas posi\u00e7\u00f5es a 16 de setembro.<br \/>\n<br \/>\n<!--noindex--><br \/>\n<a href=\"http:\/\/feeds.jn.pt\/~r\/JN-ECONOMIA\/~3\/F9GvjqlCmQs\/turismo-alerta-que-nova-agenda-laboral-implica-mais-custos-14085696.html\" rel=\"nofollow\">Source link <\/a><br \/>\n<!--\/noindex--><\/p>\n","protected":false},"excerpt":{"rendered":"<p>S\u00f3nia Santos Pereira (JN\/Dinheiro Vivo)Hoje\u00a0\u00e0s\u00a007:41Arrancam esta sexta-feira as negocia\u00e7\u00f5es entre o Governo e os parceiros sociais das propostas inscritas na Agenda do Trabalho Digno e Valoriza\u00e7\u00e3o dos Jovens no Mercado de Trabalho, num clima onde o consenso est\u00e1 longe de ser alcan\u00e7ado.Em cima da mesa, est\u00e3o 64 propostas do Executivo de altera\u00e7\u00e3o \u00e0s leis do [&hellip;]<\/p>\n","protected":false},"author":2,"featured_media":4289,"comment_status":"open","ping_status":"open","sticky":false,"template":"","format":"standard","meta":{"footnotes":""},"categories":[1],"tags":[],"class_list":["post-4288","post","type-post","status-publish","format-standard","has-post-thumbnail","hentry","category-ultimas-noticias-financeiras"],"yoast_head":"<!-- This site is optimized with the Yoast SEO plugin v27.4 - https:\/\/yoast.com\/product\/yoast-seo-wordpress\/ -->\n<title>Turismo alerta que nova agenda laboral implica mais custos - Hot News in World<\/title>\n<meta name=\"robots\" content=\"index, follow, max-snippet:-1, max-image-preview:large, max-video-preview:-1\" \/>\n<link rel=\"canonical\" href=\"https:\/\/hotnewsinworld.com\/pt\/turismo-alerta-que-nova-agenda-laboral-implica-mais-custos\/\" \/>\n<meta property=\"og:locale\" content=\"pt_PT\" \/>\n<meta property=\"og:type\" content=\"article\" \/>\n<meta property=\"og:title\" content=\"Turismo alerta que nova agenda laboral implica mais custos - Hot News in World\" \/>\n<meta property=\"og:description\" content=\"S\u00f3nia Santos Pereira (JN\/Dinheiro Vivo)Hoje\u00a0\u00e0s\u00a007:41Arrancam esta sexta-feira as negocia\u00e7\u00f5es entre o Governo e os parceiros sociais das propostas inscritas na Agenda do Trabalho Digno e Valoriza\u00e7\u00e3o dos Jovens no Mercado de Trabalho, num clima onde o consenso est\u00e1 longe de ser alcan\u00e7ado.Em cima da mesa, est\u00e3o 64 propostas do Executivo de altera\u00e7\u00e3o \u00e0s leis do [&hellip;]\" \/>\n<meta property=\"og:url\" content=\"https:\/\/hotnewsinworld.com\/pt\/turismo-alerta-que-nova-agenda-laboral-implica-mais-custos\/\" \/>\n<meta property=\"og:site_name\" content=\"Hot News in World\" \/>\n<meta property=\"article:published_time\" content=\"2021-09-03T11:44:32+00:00\" \/>\n<meta property=\"article:modified_time\" content=\"2021-09-03T11:44:39+00:00\" \/>\n<meta property=\"og:image\" content=\"https:\/\/hotnewsinworld.com\/pt\/wp-content\/uploads\/sites\/2\/2021\/09\/Turismo-alerta-que-nova-agenda-laboral-implica-mais-custos.jpg\" \/>\n\t<meta property=\"og:image:width\" content=\"800\" \/>\n\t<meta property=\"og:image:height\" content=\"420\" \/>\n\t<meta property=\"og:image:type\" content=\"image\/jpeg\" \/>\n<meta name=\"author\" content=\"hotnewsinworld\" \/>\n<meta name=\"twitter:card\" content=\"summary_large_image\" \/>\n<meta name=\"twitter:label1\" content=\"Escrito por\" \/>\n\t<meta name=\"twitter:data1\" content=\"hotnewsinworld\" \/>\n\t<meta name=\"twitter:label2\" content=\"Tempo estimado de leitura\" \/>\n\t<meta name=\"twitter:data2\" content=\"2 minutos\" \/>\n<script type=\"application\/ld+json\" class=\"yoast-schema-graph\">{\"@context\":\"https:\\\/\\\/schema.org\",\"@graph\":[{\"@type\":\"Article\",\"@id\":\"https:\\\/\\\/hotnewsinworld.com\\\/pt\\\/turismo-alerta-que-nova-agenda-laboral-implica-mais-custos\\\/#article\",\"isPartOf\":{\"@id\":\"https:\\\/\\\/hotnewsinworld.com\\\/pt\\\/turismo-alerta-que-nova-agenda-laboral-implica-mais-custos\\\/\"},\"author\":{\"name\":\"hotnewsinworld\",\"@id\":\"https:\\\/\\\/hotnewsinworld.com\\\/pt\\\/#\\\/schema\\\/person\\\/fe61448b21c0d59086e75fcc1f9d8f6b\"},\"headline\":\"Turismo alerta que nova agenda laboral implica mais custos\",\"datePublished\":\"2021-09-03T11:44:32+00:00\",\"dateModified\":\"2021-09-03T11:44:39+00:00\",\"mainEntityOfPage\":{\"@id\":\"https:\\\/\\\/hotnewsinworld.com\\\/pt\\\/turismo-alerta-que-nova-agenda-laboral-implica-mais-custos\\\/\"},\"wordCount\":435,\"commentCount\":0,\"image\":{\"@id\":\"https:\\\/\\\/hotnewsinworld.com\\\/pt\\\/turismo-alerta-que-nova-agenda-laboral-implica-mais-custos\\\/#primaryimage\"},\"thumbnailUrl\":\"https:\\\/\\\/hotnewsinworld.com\\\/pt\\\/wp-content\\\/uploads\\\/sites\\\/2\\\/2021\\\/09\\\/Turismo-alerta-que-nova-agenda-laboral-implica-mais-custos.jpg\",\"articleSection\":[\"\u00daLTIMAS NOT\u00cdCIAS FINANCEIRAS\"],\"inLanguage\":\"pt-PT\",\"potentialAction\":[{\"@type\":\"CommentAction\",\"name\":\"Comment\",\"target\":[\"https:\\\/\\\/hotnewsinworld.com\\\/pt\\\/turismo-alerta-que-nova-agenda-laboral-implica-mais-custos\\\/#respond\"]}]},{\"@type\":\"WebPage\",\"@id\":\"https:\\\/\\\/hotnewsinworld.com\\\/pt\\\/turismo-alerta-que-nova-agenda-laboral-implica-mais-custos\\\/\",\"url\":\"https:\\\/\\\/hotnewsinworld.com\\\/pt\\\/turismo-alerta-que-nova-agenda-laboral-implica-mais-custos\\\/\",\"name\":\"Turismo alerta que nova agenda laboral implica mais custos - Hot News in World\",\"isPartOf\":{\"@id\":\"https:\\\/\\\/hotnewsinworld.com\\\/pt\\\/#website\"},\"primaryImageOfPage\":{\"@id\":\"https:\\\/\\\/hotnewsinworld.com\\\/pt\\\/turismo-alerta-que-nova-agenda-laboral-implica-mais-custos\\\/#primaryimage\"},\"image\":{\"@id\":\"https:\\\/\\\/hotnewsinworld.com\\\/pt\\\/turismo-alerta-que-nova-agenda-laboral-implica-mais-custos\\\/#primaryimage\"},\"thumbnailUrl\":\"https:\\\/\\\/hotnewsinworld.com\\\/pt\\\/wp-content\\\/uploads\\\/sites\\\/2\\\/2021\\\/09\\\/Turismo-alerta-que-nova-agenda-laboral-implica-mais-custos.jpg\",\"datePublished\":\"2021-09-03T11:44:32+00:00\",\"dateModified\":\"2021-09-03T11:44:39+00:00\",\"author\":{\"@id\":\"https:\\\/\\\/hotnewsinworld.com\\\/pt\\\/#\\\/schema\\\/person\\\/fe61448b21c0d59086e75fcc1f9d8f6b\"},\"breadcrumb\":{\"@id\":\"https:\\\/\\\/hotnewsinworld.com\\\/pt\\\/turismo-alerta-que-nova-agenda-laboral-implica-mais-custos\\\/#breadcrumb\"},\"inLanguage\":\"pt-PT\",\"potentialAction\":[{\"@type\":\"ReadAction\",\"target\":[\"https:\\\/\\\/hotnewsinworld.com\\\/pt\\\/turismo-alerta-que-nova-agenda-laboral-implica-mais-custos\\\/\"]}]},{\"@type\":\"ImageObject\",\"inLanguage\":\"pt-PT\",\"@id\":\"https:\\\/\\\/hotnewsinworld.com\\\/pt\\\/turismo-alerta-que-nova-agenda-laboral-implica-mais-custos\\\/#primaryimage\",\"url\":\"https:\\\/\\\/hotnewsinworld.com\\\/pt\\\/wp-content\\\/uploads\\\/sites\\\/2\\\/2021\\\/09\\\/Turismo-alerta-que-nova-agenda-laboral-implica-mais-custos.jpg\",\"contentUrl\":\"https:\\\/\\\/hotnewsinworld.com\\\/pt\\\/wp-content\\\/uploads\\\/sites\\\/2\\\/2021\\\/09\\\/Turismo-alerta-que-nova-agenda-laboral-implica-mais-custos.jpg\",\"width\":800,\"height\":420,\"caption\":\"Turismo alerta que nova agenda laboral implica mais custos\"},{\"@type\":\"BreadcrumbList\",\"@id\":\"https:\\\/\\\/hotnewsinworld.com\\\/pt\\\/turismo-alerta-que-nova-agenda-laboral-implica-mais-custos\\\/#breadcrumb\",\"itemListElement\":[{\"@type\":\"ListItem\",\"position\":1,\"name\":\"\u0413\u043b\u0430\u0432\u043d\u0430\u044f \u0441\u0442\u0440\u0430\u043d\u0438\u0446\u0430\",\"item\":\"https:\\\/\\\/hotnewsinworld.com\\\/pt\\\/\"},{\"@type\":\"ListItem\",\"position\":2,\"name\":\"Turismo alerta que nova agenda laboral implica mais custos\"}]},{\"@type\":\"WebSite\",\"@id\":\"https:\\\/\\\/hotnewsinworld.com\\\/pt\\\/#website\",\"url\":\"https:\\\/\\\/hotnewsinworld.com\\\/pt\\\/\",\"name\":\"Hot News in World\",\"description\":\"Hot News in World Portugal\",\"potentialAction\":[{\"@type\":\"SearchAction\",\"target\":{\"@type\":\"EntryPoint\",\"urlTemplate\":\"https:\\\/\\\/hotnewsinworld.com\\\/pt\\\/?s={search_term_string}\"},\"query-input\":{\"@type\":\"PropertyValueSpecification\",\"valueRequired\":true,\"valueName\":\"search_term_string\"}}],\"inLanguage\":\"pt-PT\"},{\"@type\":\"Person\",\"@id\":\"https:\\\/\\\/hotnewsinworld.com\\\/pt\\\/#\\\/schema\\\/person\\\/fe61448b21c0d59086e75fcc1f9d8f6b\",\"name\":\"hotnewsinworld\",\"image\":{\"@type\":\"ImageObject\",\"inLanguage\":\"pt-PT\",\"@id\":\"https:\\\/\\\/secure.gravatar.com\\\/avatar\\\/8a09ac165600ce2e1c38fe593c63928eb1e6e7ba5c5a907d67787c41b3d00c14?s=96&d=mm&r=g\",\"url\":\"https:\\\/\\\/secure.gravatar.com\\\/avatar\\\/8a09ac165600ce2e1c38fe593c63928eb1e6e7ba5c5a907d67787c41b3d00c14?s=96&d=mm&r=g\",\"contentUrl\":\"https:\\\/\\\/secure.gravatar.com\\\/avatar\\\/8a09ac165600ce2e1c38fe593c63928eb1e6e7ba5c5a907d67787c41b3d00c14?s=96&d=mm&r=g\",\"caption\":\"hotnewsinworld\"},\"url\":\"https:\\\/\\\/hotnewsinworld.com\\\/pt\\\/author\\\/pt\\\/\"}]}<\/script>\n<!-- \/ Yoast SEO plugin. -->","yoast_head_json":{"title":"Turismo alerta que nova agenda laboral implica mais custos - Hot News in World","robots":{"index":"index","follow":"follow","max-snippet":"max-snippet:-1","max-image-preview":"max-image-preview:large","max-video-preview":"max-video-preview:-1"},"canonical":"https:\/\/hotnewsinworld.com\/pt\/turismo-alerta-que-nova-agenda-laboral-implica-mais-custos\/","og_locale":"pt_PT","og_type":"article","og_title":"Turismo alerta que nova agenda laboral implica mais custos - Hot News in World","og_description":"S\u00f3nia Santos Pereira (JN\/Dinheiro Vivo)Hoje\u00a0\u00e0s\u00a007:41Arrancam esta sexta-feira as negocia\u00e7\u00f5es entre o Governo e os parceiros sociais das propostas inscritas na Agenda do Trabalho Digno e Valoriza\u00e7\u00e3o dos Jovens no Mercado de Trabalho, num clima onde o consenso est\u00e1 longe de ser alcan\u00e7ado.Em cima da mesa, est\u00e3o 64 propostas do Executivo de altera\u00e7\u00e3o \u00e0s leis do [&hellip;]","og_url":"https:\/\/hotnewsinworld.com\/pt\/turismo-alerta-que-nova-agenda-laboral-implica-mais-custos\/","og_site_name":"Hot News in World","article_published_time":"2021-09-03T11:44:32+00:00","article_modified_time":"2021-09-03T11:44:39+00:00","og_image":[{"width":800,"height":420,"url":"https:\/\/hotnewsinworld.com\/pt\/wp-content\/uploads\/sites\/2\/2021\/09\/Turismo-alerta-que-nova-agenda-laboral-implica-mais-custos.jpg","type":"image\/jpeg"}],"author":"hotnewsinworld","twitter_card":"summary_large_image","twitter_misc":{"Escrito por":"hotnewsinworld","Tempo estimado de leitura":"2 minutos"},"schema":{"@context":"https:\/\/schema.org","@graph":[{"@type":"Article","@id":"https:\/\/hotnewsinworld.com\/pt\/turismo-alerta-que-nova-agenda-laboral-implica-mais-custos\/#article","isPartOf":{"@id":"https:\/\/hotnewsinworld.com\/pt\/turismo-alerta-que-nova-agenda-laboral-implica-mais-custos\/"},"author":{"name":"hotnewsinworld","@id":"https:\/\/hotnewsinworld.com\/pt\/#\/schema\/person\/fe61448b21c0d59086e75fcc1f9d8f6b"},"headline":"Turismo alerta que nova agenda laboral implica mais custos","datePublished":"2021-09-03T11:44:32+00:00","dateModified":"2021-09-03T11:44:39+00:00","mainEntityOfPage":{"@id":"https:\/\/hotnewsinworld.com\/pt\/turismo-alerta-que-nova-agenda-laboral-implica-mais-custos\/"},"wordCount":435,"commentCount":0,"image":{"@id":"https:\/\/hotnewsinworld.com\/pt\/turismo-alerta-que-nova-agenda-laboral-implica-mais-custos\/#primaryimage"},"thumbnailUrl":"https:\/\/hotnewsinworld.com\/pt\/wp-content\/uploads\/sites\/2\/2021\/09\/Turismo-alerta-que-nova-agenda-laboral-implica-mais-custos.jpg","articleSection":["\u00daLTIMAS NOT\u00cdCIAS FINANCEIRAS"],"inLanguage":"pt-PT","potentialAction":[{"@type":"CommentAction","name":"Comment","target":["https:\/\/hotnewsinworld.com\/pt\/turismo-alerta-que-nova-agenda-laboral-implica-mais-custos\/#respond"]}]},{"@type":"WebPage","@id":"https:\/\/hotnewsinworld.com\/pt\/turismo-alerta-que-nova-agenda-laboral-implica-mais-custos\/","url":"https:\/\/hotnewsinworld.com\/pt\/turismo-alerta-que-nova-agenda-laboral-implica-mais-custos\/","name":"Turismo alerta que nova agenda laboral implica mais custos - Hot News in World","isPartOf":{"@id":"https:\/\/hotnewsinworld.com\/pt\/#website"},"primaryImageOfPage":{"@id":"https:\/\/hotnewsinworld.com\/pt\/turismo-alerta-que-nova-agenda-laboral-implica-mais-custos\/#primaryimage"},"image":{"@id":"https:\/\/hotnewsinworld.com\/pt\/turismo-alerta-que-nova-agenda-laboral-implica-mais-custos\/#primaryimage"},"thumbnailUrl":"https:\/\/hotnewsinworld.com\/pt\/wp-content\/uploads\/sites\/2\/2021\/09\/Turismo-alerta-que-nova-agenda-laboral-implica-mais-custos.jpg","datePublished":"2021-09-03T11:44:32+00:00","dateModified":"2021-09-03T11:44:39+00:00","author":{"@id":"https:\/\/hotnewsinworld.com\/pt\/#\/schema\/person\/fe61448b21c0d59086e75fcc1f9d8f6b"},"breadcrumb":{"@id":"https:\/\/hotnewsinworld.com\/pt\/turismo-alerta-que-nova-agenda-laboral-implica-mais-custos\/#breadcrumb"},"inLanguage":"pt-PT","potentialAction":[{"@type":"ReadAction","target":["https:\/\/hotnewsinworld.com\/pt\/turismo-alerta-que-nova-agenda-laboral-implica-mais-custos\/"]}]},{"@type":"ImageObject","inLanguage":"pt-PT","@id":"https:\/\/hotnewsinworld.com\/pt\/turismo-alerta-que-nova-agenda-laboral-implica-mais-custos\/#primaryimage","url":"https:\/\/hotnewsinworld.com\/pt\/wp-content\/uploads\/sites\/2\/2021\/09\/Turismo-alerta-que-nova-agenda-laboral-implica-mais-custos.jpg","contentUrl":"https:\/\/hotnewsinworld.com\/pt\/wp-content\/uploads\/sites\/2\/2021\/09\/Turismo-alerta-que-nova-agenda-laboral-implica-mais-custos.jpg","width":800,"height":420,"caption":"Turismo alerta que nova agenda laboral implica mais custos"},{"@type":"BreadcrumbList","@id":"https:\/\/hotnewsinworld.com\/pt\/turismo-alerta-que-nova-agenda-laboral-implica-mais-custos\/#breadcrumb","itemListElement":[{"@type":"ListItem","position":1,"name":"\u0413\u043b\u0430\u0432\u043d\u0430\u044f \u0441\u0442\u0440\u0430\u043d\u0438\u0446\u0430","item":"https:\/\/hotnewsinworld.com\/pt\/"},{"@type":"ListItem","position":2,"name":"Turismo alerta que nova agenda laboral implica mais custos"}]},{"@type":"WebSite","@id":"https:\/\/hotnewsinworld.com\/pt\/#website","url":"https:\/\/hotnewsinworld.com\/pt\/","name":"Hot News in World","description":"Hot News in World Portugal","potentialAction":[{"@type":"SearchAction","target":{"@type":"EntryPoint","urlTemplate":"https:\/\/hotnewsinworld.com\/pt\/?s={search_term_string}"},"query-input":{"@type":"PropertyValueSpecification","valueRequired":true,"valueName":"search_term_string"}}],"inLanguage":"pt-PT"},{"@type":"Person","@id":"https:\/\/hotnewsinworld.com\/pt\/#\/schema\/person\/fe61448b21c0d59086e75fcc1f9d8f6b","name":"hotnewsinworld","image":{"@type":"ImageObject","inLanguage":"pt-PT","@id":"https:\/\/secure.gravatar.com\/avatar\/8a09ac165600ce2e1c38fe593c63928eb1e6e7ba5c5a907d67787c41b3d00c14?s=96&d=mm&r=g","url":"https:\/\/secure.gravatar.com\/avatar\/8a09ac165600ce2e1c38fe593c63928eb1e6e7ba5c5a907d67787c41b3d00c14?s=96&d=mm&r=g","contentUrl":"https:\/\/secure.gravatar.com\/avatar\/8a09ac165600ce2e1c38fe593c63928eb1e6e7ba5c5a907d67787c41b3d00c14?s=96&d=mm&r=g","caption":"hotnewsinworld"},"url":"https:\/\/hotnewsinworld.com\/pt\/author\/pt\/"}]}},"_links":{"self":[{"href":"https:\/\/hotnewsinworld.com\/pt\/wp-json\/wp\/v2\/posts\/4288","targetHints":{"allow":["GET"]}}],"collection":[{"href":"https:\/\/hotnewsinworld.com\/pt\/wp-json\/wp\/v2\/posts"}],"about":[{"href":"https:\/\/hotnewsinworld.com\/pt\/wp-json\/wp\/v2\/types\/post"}],"author":[{"embeddable":true,"href":"https:\/\/hotnewsinworld.com\/pt\/wp-json\/wp\/v2\/users\/2"}],"replies":[{"embeddable":true,"href":"https:\/\/hotnewsinworld.com\/pt\/wp-json\/wp\/v2\/comments?post=4288"}],"version-history":[{"count":1,"href":"https:\/\/hotnewsinworld.com\/pt\/wp-json\/wp\/v2\/posts\/4288\/revisions"}],"predecessor-version":[{"id":4290,"href":"https:\/\/hotnewsinworld.com\/pt\/wp-json\/wp\/v2\/posts\/4288\/revisions\/4290"}],"wp:featuredmedia":[{"embeddable":true,"href":"https:\/\/hotnewsinworld.com\/pt\/wp-json\/wp\/v2\/media\/4289"}],"wp:attachment":[{"href":"https:\/\/hotnewsinworld.com\/pt\/wp-json\/wp\/v2\/media?parent=4288"}],"wp:term":[{"taxonomy":"category","embeddable":true,"href":"https:\/\/hotnewsinworld.com\/pt\/wp-json\/wp\/v2\/categories?post=4288"},{"taxonomy":"post_tag","embeddable":true,"href":"https:\/\/hotnewsinworld.com\/pt\/wp-json\/wp\/v2\/tags?post=4288"}],"curies":[{"name":"wp","href":"https:\/\/api.w.org\/{rel}","templated":true}]}}