{"id":710,"date":"2019-07-17T01:50:21","date_gmt":"2019-07-16T22:50:21","guid":{"rendered":"https:\/\/hotnewsinworld.com\/pt\/lista-nao-perturbe-que-barra-operadoras-entra-em-vigor-nesta-terca-16\/"},"modified":"2019-07-17T01:50:22","modified_gmt":"2019-07-16T22:50:22","slug":"lista-nao-perturbe-que-barra-operadoras-entra-em-vigor-nesta-terca-16","status":"publish","type":"post","link":"https:\/\/hotnewsinworld.com\/pt\/lista-nao-perturbe-que-barra-operadoras-entra-em-vigor-nesta-terca-16\/","title":{"rendered":"Lista \u2018N\u00e3o Perturbe\u2019 que barra operadoras entra em vigor nesta ter\u00e7a (16)"},"content":{"rendered":"<p> [ad_1]<br \/>\n<\/p>\n<div>\n<p>\n                <span class=\"tooltip\" style=\"position: absolute; bottom: 33px;\"><br \/>\n                Clique para copiar<br \/>\n                <\/span><i class=\"icon-23 icon\"\/><br \/>\n                <span class=\"link\">https:\/\/itmidia.com\/lista-nao-perturbe-que-barra-operadoras-entra-em-vigor-nesta-terca-16\/<\/span>\n            <\/p>\n<p>            <!-- DESCOMENTAR QUANDO ESTIVER FUNCIONAL\n            <span class=\"btn-favoritar p-relative\">\n                \n\n<div class=\"p-relative\">\n                    <input type=\"checkbox\" name=\"\">\n                    <i class=\"icon\"><\/i>\n                <\/div>\n\n\n            <\/span>--><br \/>\n            <i class=\"icon-compartilhamento icon-25\"\/><\/p><\/div>\n<div>\n<p>Entra em vigor nesta ter\u00e7a-feira (16) a lista &#8220;N\u00e3o Perturbe&#8221; para as operadoras de telecomunica\u00e7\u00f5es. Os clientes inclu\u00eddos nesse grupo n\u00e3o poder\u00e3o ser objeto de liga\u00e7\u00f5es de telemarketing de empresas para a venda de servi\u00e7os, como pacotes de telefonia, acesso \u00e0 internet e TV paga. A medida foi uma determina\u00e7\u00e3o da Ag\u00eancia Nacional de Telecomunica\u00e7\u00f5es (Anatel).<\/p>\n<p>As pessoas que n\u00e3o desejarem receber esse tipo de chamada podem incluir seu nome no site criado para a iniciativa, no ar a partir desta ter\u00e7a-feira (16).<\/p>\n<p>A lista vai ser \u00fanica e atingir\u00e1 as principais empresas do setor: Algar, Claro\/Net, Nextel, Oi, Sercomtel, Sky, TIM e Vivo. Essas empresas tamb\u00e9m dever\u00e3o, nesse prazo, criar e divulgar amplamente um canal por meio do qual o consumidor possa manifestar o seu desejo de n\u00e3o receber liga\u00e7\u00f5es.<\/p>\n<p>Segundo a Anatel, se uma pessoa solicitar a sua inclus\u00e3o e continuar recebendo liga\u00e7\u00f5es de oferta de bens e servi\u00e7os de telecomunica\u00e7\u00f5es, ele pode ligar para o n\u00famero 1331 e fazer uma reclama\u00e7\u00e3o. As san\u00e7\u00f5es podem variar de advert\u00eancia a multa de at\u00e9 R$ 50 milh\u00f5es.<\/p>\n<p><strong>Outras medidas<\/strong><\/p>\n<p>Outra decis\u00e3o da Anatel \u00e9 que essas empresas n\u00e3o poder\u00e3o mais efetuar liga\u00e7\u00f5es telef\u00f4nicas com o objetivo de oferecer seus pacotes ou servi\u00e7os de telecomunica\u00e7\u00f5es para os consumidores que registrarem o n\u00famero na lista nacional a ser criada.<\/p>\n<p>As companhias v\u00e3o ter de abrir canais para que seus clientes possam solicitar a inclus\u00e3o no grupo, que passar\u00e1 a n\u00e3o poder mais receber liga\u00e7\u00f5es com ofertas de servi\u00e7os de telecomunica\u00e7\u00f5es. Assim, na pr\u00e1tica, as empresas ficam impedidas se oferecer seus produtos e servi\u00e7os utilizando o telemarketing.<\/p>\n<p>A ag\u00eancia determinou ainda que as \u00e1reas t\u00e9cnicas estudem medidas para combater os inc\u00f4modos gerados por liga\u00e7\u00f5es mudas e realizadas por rob\u00f4s, mesmo as que tenham por objetivo vender servi\u00e7os de empresas de setores n\u00e3o regulados pela Anatel. Segundo a Anatel, estudos de mercado estimam que pelo menos um ter\u00e7o das liga\u00e7\u00f5es indesejadas no Brasil s\u00e3o realizadas com o objetivo de vender servi\u00e7os de telecomunica\u00e7\u00f5es.<\/p>\n<p>Al\u00e9m dessa iniciativa, a Anatel deve discutir novas a\u00e7\u00f5es relacionadas \u00e0 pr\u00e1tica do telemarketing. De acordo com o comunicado do \u00f3rg\u00e3o, o Conselho Diretor da autoridade solicitou que a \u00e1rea t\u00e9cnica elabore propostas para limitar os abusos nessas chamadas, mesmo que de outros servi\u00e7os fora da \u00e1rea de telecomunica\u00e7\u00f5es.<\/p>\n<p><em>*Da\u00a0Ag\u00eancia Brasil<\/em><\/p>\n<p>\u00a0<\/p>\n<\/p><\/div>\n<p>[ad_2]<br \/>\n<br \/><a href=\"https:\/\/itmidia.com\/lista-nao-perturbe-que-barra-operadoras-entra-em-vigor-nesta-terca-16\/\">Source link <\/a><\/p>\n","protected":false},"excerpt":{"rendered":"<p>[ad_1] Clique para copiar https:\/\/itmidia.com\/lista-nao-perturbe-que-barra-operadoras-entra-em-vigor-nesta-terca-16\/ Entra em vigor nesta ter\u00e7a-feira (16) a lista &#8220;N\u00e3o Perturbe&#8221; para as operadoras de telecomunica\u00e7\u00f5es. Os clientes inclu\u00eddos nesse grupo n\u00e3o poder\u00e3o ser objeto de liga\u00e7\u00f5es de telemarketing de empresas para a venda de servi\u00e7os, como pacotes de telefonia, acesso \u00e0 internet e TV paga. A medida foi uma determina\u00e7\u00e3o [&hellip;]<\/p>\n","protected":false},"author":2,"featured_media":711,"comment_status":"open","ping_status":"open","sticky":false,"template":"","format":"standard","meta":{"footnotes":""},"categories":[3],"tags":[],"class_list":["post-710","post","type-post","status-publish","format-standard","has-post-thumbnail","hentry","category-noticias-da-midia-social"],"yoast_head":"<!-- This site is optimized with the Yoast SEO plugin v27.4 - https:\/\/yoast.com\/product\/yoast-seo-wordpress\/ -->\n<title>Lista \u2018N\u00e3o Perturbe\u2019 que barra operadoras entra em vigor nesta ter\u00e7a (16) - Hot News in World<\/title>\n<meta name=\"robots\" content=\"index, follow, max-snippet:-1, max-image-preview:large, max-video-preview:-1\" \/>\n<link rel=\"canonical\" href=\"https:\/\/hotnewsinworld.com\/pt\/lista-nao-perturbe-que-barra-operadoras-entra-em-vigor-nesta-terca-16\/\" \/>\n<meta property=\"og:locale\" content=\"pt_PT\" \/>\n<meta property=\"og:type\" content=\"article\" \/>\n<meta property=\"og:title\" content=\"Lista \u2018N\u00e3o Perturbe\u2019 que barra operadoras entra em vigor nesta ter\u00e7a (16) - Hot News in World\" \/>\n<meta property=\"og:description\" content=\"[ad_1] Clique para copiar https:\/\/itmidia.com\/lista-nao-perturbe-que-barra-operadoras-entra-em-vigor-nesta-terca-16\/ Entra em vigor nesta ter\u00e7a-feira (16) a lista &#8220;N\u00e3o Perturbe&#8221; para as operadoras de telecomunica\u00e7\u00f5es. Os clientes inclu\u00eddos nesse grupo n\u00e3o poder\u00e3o ser objeto de liga\u00e7\u00f5es de telemarketing de empresas para a venda de servi\u00e7os, como pacotes de telefonia, acesso \u00e0 internet e TV paga. A medida foi uma determina\u00e7\u00e3o [&hellip;]\" \/>\n<meta property=\"og:url\" content=\"https:\/\/hotnewsinworld.com\/pt\/lista-nao-perturbe-que-barra-operadoras-entra-em-vigor-nesta-terca-16\/\" \/>\n<meta property=\"og:site_name\" content=\"Hot News in World\" \/>\n<meta property=\"article:published_time\" content=\"2019-07-16T22:50:21+00:00\" \/>\n<meta property=\"article:modified_time\" content=\"2019-07-16T22:50:22+00:00\" \/>\n<meta property=\"og:image\" content=\"https:\/\/hotnewsinworld.com\/pt\/wp-content\/uploads\/sites\/2\/2019\/07\/Lista-\u2018N\u00e3o-Perturbe\u2019-que-barra-operadoras-entra-em-vigor-nesta.jpg\" \/>\n\t<meta property=\"og:image:width\" content=\"952\" \/>\n\t<meta property=\"og:image:height\" content=\"453\" \/>\n\t<meta property=\"og:image:type\" content=\"image\/jpeg\" \/>\n<meta name=\"author\" content=\"hotnewsinworld\" \/>\n<meta name=\"twitter:card\" content=\"summary_large_image\" \/>\n<meta name=\"twitter:label1\" content=\"Escrito por\" \/>\n\t<meta name=\"twitter:data1\" content=\"hotnewsinworld\" \/>\n\t<meta name=\"twitter:label2\" content=\"Tempo estimado de leitura\" \/>\n\t<meta name=\"twitter:data2\" content=\"2 minutos\" \/>\n<script type=\"application\/ld+json\" class=\"yoast-schema-graph\">{\"@context\":\"https:\\\/\\\/schema.org\",\"@graph\":[{\"@type\":\"Article\",\"@id\":\"https:\\\/\\\/hotnewsinworld.com\\\/pt\\\/lista-nao-perturbe-que-barra-operadoras-entra-em-vigor-nesta-terca-16\\\/#article\",\"isPartOf\":{\"@id\":\"https:\\\/\\\/hotnewsinworld.com\\\/pt\\\/lista-nao-perturbe-que-barra-operadoras-entra-em-vigor-nesta-terca-16\\\/\"},\"author\":{\"name\":\"hotnewsinworld\",\"@id\":\"https:\\\/\\\/hotnewsinworld.com\\\/pt\\\/#\\\/schema\\\/person\\\/fe61448b21c0d59086e75fcc1f9d8f6b\"},\"headline\":\"Lista \u2018N\u00e3o Perturbe\u2019 que barra operadoras entra em vigor nesta ter\u00e7a (16)\",\"datePublished\":\"2019-07-16T22:50:21+00:00\",\"dateModified\":\"2019-07-16T22:50:22+00:00\",\"mainEntityOfPage\":{\"@id\":\"https:\\\/\\\/hotnewsinworld.com\\\/pt\\\/lista-nao-perturbe-que-barra-operadoras-entra-em-vigor-nesta-terca-16\\\/\"},\"wordCount\":461,\"commentCount\":0,\"image\":{\"@id\":\"https:\\\/\\\/hotnewsinworld.com\\\/pt\\\/lista-nao-perturbe-que-barra-operadoras-entra-em-vigor-nesta-terca-16\\\/#primaryimage\"},\"thumbnailUrl\":\"https:\\\/\\\/hotnewsinworld.com\\\/pt\\\/wp-content\\\/uploads\\\/sites\\\/2\\\/2019\\\/07\\\/Lista-\u2018N\u00e3o-Perturbe\u2019-que-barra-operadoras-entra-em-vigor-nesta.jpg\",\"articleSection\":[\"NOT\u00cdCIAS DA M\u00cdDIA SOCIAL\"],\"inLanguage\":\"pt-PT\",\"potentialAction\":[{\"@type\":\"CommentAction\",\"name\":\"Comment\",\"target\":[\"https:\\\/\\\/hotnewsinworld.com\\\/pt\\\/lista-nao-perturbe-que-barra-operadoras-entra-em-vigor-nesta-terca-16\\\/#respond\"]}]},{\"@type\":\"WebPage\",\"@id\":\"https:\\\/\\\/hotnewsinworld.com\\\/pt\\\/lista-nao-perturbe-que-barra-operadoras-entra-em-vigor-nesta-terca-16\\\/\",\"url\":\"https:\\\/\\\/hotnewsinworld.com\\\/pt\\\/lista-nao-perturbe-que-barra-operadoras-entra-em-vigor-nesta-terca-16\\\/\",\"name\":\"Lista \u2018N\u00e3o Perturbe\u2019 que barra operadoras entra em vigor nesta ter\u00e7a (16) - Hot News in World\",\"isPartOf\":{\"@id\":\"https:\\\/\\\/hotnewsinworld.com\\\/pt\\\/#website\"},\"primaryImageOfPage\":{\"@id\":\"https:\\\/\\\/hotnewsinworld.com\\\/pt\\\/lista-nao-perturbe-que-barra-operadoras-entra-em-vigor-nesta-terca-16\\\/#primaryimage\"},\"image\":{\"@id\":\"https:\\\/\\\/hotnewsinworld.com\\\/pt\\\/lista-nao-perturbe-que-barra-operadoras-entra-em-vigor-nesta-terca-16\\\/#primaryimage\"},\"thumbnailUrl\":\"https:\\\/\\\/hotnewsinworld.com\\\/pt\\\/wp-content\\\/uploads\\\/sites\\\/2\\\/2019\\\/07\\\/Lista-\u2018N\u00e3o-Perturbe\u2019-que-barra-operadoras-entra-em-vigor-nesta.jpg\",\"datePublished\":\"2019-07-16T22:50:21+00:00\",\"dateModified\":\"2019-07-16T22:50:22+00:00\",\"author\":{\"@id\":\"https:\\\/\\\/hotnewsinworld.com\\\/pt\\\/#\\\/schema\\\/person\\\/fe61448b21c0d59086e75fcc1f9d8f6b\"},\"breadcrumb\":{\"@id\":\"https:\\\/\\\/hotnewsinworld.com\\\/pt\\\/lista-nao-perturbe-que-barra-operadoras-entra-em-vigor-nesta-terca-16\\\/#breadcrumb\"},\"inLanguage\":\"pt-PT\",\"potentialAction\":[{\"@type\":\"ReadAction\",\"target\":[\"https:\\\/\\\/hotnewsinworld.com\\\/pt\\\/lista-nao-perturbe-que-barra-operadoras-entra-em-vigor-nesta-terca-16\\\/\"]}]},{\"@type\":\"ImageObject\",\"inLanguage\":\"pt-PT\",\"@id\":\"https:\\\/\\\/hotnewsinworld.com\\\/pt\\\/lista-nao-perturbe-que-barra-operadoras-entra-em-vigor-nesta-terca-16\\\/#primaryimage\",\"url\":\"https:\\\/\\\/hotnewsinworld.com\\\/pt\\\/wp-content\\\/uploads\\\/sites\\\/2\\\/2019\\\/07\\\/Lista-\u2018N\u00e3o-Perturbe\u2019-que-barra-operadoras-entra-em-vigor-nesta.jpg\",\"contentUrl\":\"https:\\\/\\\/hotnewsinworld.com\\\/pt\\\/wp-content\\\/uploads\\\/sites\\\/2\\\/2019\\\/07\\\/Lista-\u2018N\u00e3o-Perturbe\u2019-que-barra-operadoras-entra-em-vigor-nesta.jpg\",\"width\":952,\"height\":453,\"caption\":\"Lista \u2018N\u00e3o Perturbe\u2019 que barra operadoras entra em vigor nesta ter\u00e7a (16)\"},{\"@type\":\"BreadcrumbList\",\"@id\":\"https:\\\/\\\/hotnewsinworld.com\\\/pt\\\/lista-nao-perturbe-que-barra-operadoras-entra-em-vigor-nesta-terca-16\\\/#breadcrumb\",\"itemListElement\":[{\"@type\":\"ListItem\",\"position\":1,\"name\":\"\u0413\u043b\u0430\u0432\u043d\u0430\u044f \u0441\u0442\u0440\u0430\u043d\u0438\u0446\u0430\",\"item\":\"https:\\\/\\\/hotnewsinworld.com\\\/pt\\\/\"},{\"@type\":\"ListItem\",\"position\":2,\"name\":\"Lista \u2018N\u00e3o Perturbe\u2019 que barra operadoras entra em vigor nesta ter\u00e7a (16)\"}]},{\"@type\":\"WebSite\",\"@id\":\"https:\\\/\\\/hotnewsinworld.com\\\/pt\\\/#website\",\"url\":\"https:\\\/\\\/hotnewsinworld.com\\\/pt\\\/\",\"name\":\"Hot News in World\",\"description\":\"Hot News in World Portugal\",\"potentialAction\":[{\"@type\":\"SearchAction\",\"target\":{\"@type\":\"EntryPoint\",\"urlTemplate\":\"https:\\\/\\\/hotnewsinworld.com\\\/pt\\\/?s={search_term_string}\"},\"query-input\":{\"@type\":\"PropertyValueSpecification\",\"valueRequired\":true,\"valueName\":\"search_term_string\"}}],\"inLanguage\":\"pt-PT\"},{\"@type\":\"Person\",\"@id\":\"https:\\\/\\\/hotnewsinworld.com\\\/pt\\\/#\\\/schema\\\/person\\\/fe61448b21c0d59086e75fcc1f9d8f6b\",\"name\":\"hotnewsinworld\",\"image\":{\"@type\":\"ImageObject\",\"inLanguage\":\"pt-PT\",\"@id\":\"https:\\\/\\\/secure.gravatar.com\\\/avatar\\\/8a09ac165600ce2e1c38fe593c63928eb1e6e7ba5c5a907d67787c41b3d00c14?s=96&d=mm&r=g\",\"url\":\"https:\\\/\\\/secure.gravatar.com\\\/avatar\\\/8a09ac165600ce2e1c38fe593c63928eb1e6e7ba5c5a907d67787c41b3d00c14?s=96&d=mm&r=g\",\"contentUrl\":\"https:\\\/\\\/secure.gravatar.com\\\/avatar\\\/8a09ac165600ce2e1c38fe593c63928eb1e6e7ba5c5a907d67787c41b3d00c14?s=96&d=mm&r=g\",\"caption\":\"hotnewsinworld\"},\"url\":\"https:\\\/\\\/hotnewsinworld.com\\\/pt\\\/author\\\/pt\\\/\"}]}<\/script>\n<!-- \/ Yoast SEO plugin. -->","yoast_head_json":{"title":"Lista \u2018N\u00e3o Perturbe\u2019 que barra operadoras entra em vigor nesta ter\u00e7a (16) - Hot News in World","robots":{"index":"index","follow":"follow","max-snippet":"max-snippet:-1","max-image-preview":"max-image-preview:large","max-video-preview":"max-video-preview:-1"},"canonical":"https:\/\/hotnewsinworld.com\/pt\/lista-nao-perturbe-que-barra-operadoras-entra-em-vigor-nesta-terca-16\/","og_locale":"pt_PT","og_type":"article","og_title":"Lista \u2018N\u00e3o Perturbe\u2019 que barra operadoras entra em vigor nesta ter\u00e7a (16) - Hot News in World","og_description":"[ad_1] Clique para copiar https:\/\/itmidia.com\/lista-nao-perturbe-que-barra-operadoras-entra-em-vigor-nesta-terca-16\/ Entra em vigor nesta ter\u00e7a-feira (16) a lista &#8220;N\u00e3o Perturbe&#8221; para as operadoras de telecomunica\u00e7\u00f5es. Os clientes inclu\u00eddos nesse grupo n\u00e3o poder\u00e3o ser objeto de liga\u00e7\u00f5es de telemarketing de empresas para a venda de servi\u00e7os, como pacotes de telefonia, acesso \u00e0 internet e TV paga. A medida foi uma determina\u00e7\u00e3o [&hellip;]","og_url":"https:\/\/hotnewsinworld.com\/pt\/lista-nao-perturbe-que-barra-operadoras-entra-em-vigor-nesta-terca-16\/","og_site_name":"Hot News in World","article_published_time":"2019-07-16T22:50:21+00:00","article_modified_time":"2019-07-16T22:50:22+00:00","og_image":[{"width":952,"height":453,"url":"https:\/\/hotnewsinworld.com\/pt\/wp-content\/uploads\/sites\/2\/2019\/07\/Lista-\u2018N\u00e3o-Perturbe\u2019-que-barra-operadoras-entra-em-vigor-nesta.jpg","type":"image\/jpeg"}],"author":"hotnewsinworld","twitter_card":"summary_large_image","twitter_misc":{"Escrito por":"hotnewsinworld","Tempo estimado de leitura":"2 minutos"},"schema":{"@context":"https:\/\/schema.org","@graph":[{"@type":"Article","@id":"https:\/\/hotnewsinworld.com\/pt\/lista-nao-perturbe-que-barra-operadoras-entra-em-vigor-nesta-terca-16\/#article","isPartOf":{"@id":"https:\/\/hotnewsinworld.com\/pt\/lista-nao-perturbe-que-barra-operadoras-entra-em-vigor-nesta-terca-16\/"},"author":{"name":"hotnewsinworld","@id":"https:\/\/hotnewsinworld.com\/pt\/#\/schema\/person\/fe61448b21c0d59086e75fcc1f9d8f6b"},"headline":"Lista \u2018N\u00e3o Perturbe\u2019 que barra operadoras entra em vigor nesta ter\u00e7a (16)","datePublished":"2019-07-16T22:50:21+00:00","dateModified":"2019-07-16T22:50:22+00:00","mainEntityOfPage":{"@id":"https:\/\/hotnewsinworld.com\/pt\/lista-nao-perturbe-que-barra-operadoras-entra-em-vigor-nesta-terca-16\/"},"wordCount":461,"commentCount":0,"image":{"@id":"https:\/\/hotnewsinworld.com\/pt\/lista-nao-perturbe-que-barra-operadoras-entra-em-vigor-nesta-terca-16\/#primaryimage"},"thumbnailUrl":"https:\/\/hotnewsinworld.com\/pt\/wp-content\/uploads\/sites\/2\/2019\/07\/Lista-\u2018N\u00e3o-Perturbe\u2019-que-barra-operadoras-entra-em-vigor-nesta.jpg","articleSection":["NOT\u00cdCIAS DA M\u00cdDIA SOCIAL"],"inLanguage":"pt-PT","potentialAction":[{"@type":"CommentAction","name":"Comment","target":["https:\/\/hotnewsinworld.com\/pt\/lista-nao-perturbe-que-barra-operadoras-entra-em-vigor-nesta-terca-16\/#respond"]}]},{"@type":"WebPage","@id":"https:\/\/hotnewsinworld.com\/pt\/lista-nao-perturbe-que-barra-operadoras-entra-em-vigor-nesta-terca-16\/","url":"https:\/\/hotnewsinworld.com\/pt\/lista-nao-perturbe-que-barra-operadoras-entra-em-vigor-nesta-terca-16\/","name":"Lista \u2018N\u00e3o Perturbe\u2019 que barra operadoras entra em vigor nesta ter\u00e7a (16) - Hot News in World","isPartOf":{"@id":"https:\/\/hotnewsinworld.com\/pt\/#website"},"primaryImageOfPage":{"@id":"https:\/\/hotnewsinworld.com\/pt\/lista-nao-perturbe-que-barra-operadoras-entra-em-vigor-nesta-terca-16\/#primaryimage"},"image":{"@id":"https:\/\/hotnewsinworld.com\/pt\/lista-nao-perturbe-que-barra-operadoras-entra-em-vigor-nesta-terca-16\/#primaryimage"},"thumbnailUrl":"https:\/\/hotnewsinworld.com\/pt\/wp-content\/uploads\/sites\/2\/2019\/07\/Lista-\u2018N\u00e3o-Perturbe\u2019-que-barra-operadoras-entra-em-vigor-nesta.jpg","datePublished":"2019-07-16T22:50:21+00:00","dateModified":"2019-07-16T22:50:22+00:00","author":{"@id":"https:\/\/hotnewsinworld.com\/pt\/#\/schema\/person\/fe61448b21c0d59086e75fcc1f9d8f6b"},"breadcrumb":{"@id":"https:\/\/hotnewsinworld.com\/pt\/lista-nao-perturbe-que-barra-operadoras-entra-em-vigor-nesta-terca-16\/#breadcrumb"},"inLanguage":"pt-PT","potentialAction":[{"@type":"ReadAction","target":["https:\/\/hotnewsinworld.com\/pt\/lista-nao-perturbe-que-barra-operadoras-entra-em-vigor-nesta-terca-16\/"]}]},{"@type":"ImageObject","inLanguage":"pt-PT","@id":"https:\/\/hotnewsinworld.com\/pt\/lista-nao-perturbe-que-barra-operadoras-entra-em-vigor-nesta-terca-16\/#primaryimage","url":"https:\/\/hotnewsinworld.com\/pt\/wp-content\/uploads\/sites\/2\/2019\/07\/Lista-\u2018N\u00e3o-Perturbe\u2019-que-barra-operadoras-entra-em-vigor-nesta.jpg","contentUrl":"https:\/\/hotnewsinworld.com\/pt\/wp-content\/uploads\/sites\/2\/2019\/07\/Lista-\u2018N\u00e3o-Perturbe\u2019-que-barra-operadoras-entra-em-vigor-nesta.jpg","width":952,"height":453,"caption":"Lista \u2018N\u00e3o Perturbe\u2019 que barra operadoras entra em vigor nesta ter\u00e7a (16)"},{"@type":"BreadcrumbList","@id":"https:\/\/hotnewsinworld.com\/pt\/lista-nao-perturbe-que-barra-operadoras-entra-em-vigor-nesta-terca-16\/#breadcrumb","itemListElement":[{"@type":"ListItem","position":1,"name":"\u0413\u043b\u0430\u0432\u043d\u0430\u044f \u0441\u0442\u0440\u0430\u043d\u0438\u0446\u0430","item":"https:\/\/hotnewsinworld.com\/pt\/"},{"@type":"ListItem","position":2,"name":"Lista \u2018N\u00e3o Perturbe\u2019 que barra operadoras entra em vigor nesta ter\u00e7a (16)"}]},{"@type":"WebSite","@id":"https:\/\/hotnewsinworld.com\/pt\/#website","url":"https:\/\/hotnewsinworld.com\/pt\/","name":"Hot News in World","description":"Hot News in World Portugal","potentialAction":[{"@type":"SearchAction","target":{"@type":"EntryPoint","urlTemplate":"https:\/\/hotnewsinworld.com\/pt\/?s={search_term_string}"},"query-input":{"@type":"PropertyValueSpecification","valueRequired":true,"valueName":"search_term_string"}}],"inLanguage":"pt-PT"},{"@type":"Person","@id":"https:\/\/hotnewsinworld.com\/pt\/#\/schema\/person\/fe61448b21c0d59086e75fcc1f9d8f6b","name":"hotnewsinworld","image":{"@type":"ImageObject","inLanguage":"pt-PT","@id":"https:\/\/secure.gravatar.com\/avatar\/8a09ac165600ce2e1c38fe593c63928eb1e6e7ba5c5a907d67787c41b3d00c14?s=96&d=mm&r=g","url":"https:\/\/secure.gravatar.com\/avatar\/8a09ac165600ce2e1c38fe593c63928eb1e6e7ba5c5a907d67787c41b3d00c14?s=96&d=mm&r=g","contentUrl":"https:\/\/secure.gravatar.com\/avatar\/8a09ac165600ce2e1c38fe593c63928eb1e6e7ba5c5a907d67787c41b3d00c14?s=96&d=mm&r=g","caption":"hotnewsinworld"},"url":"https:\/\/hotnewsinworld.com\/pt\/author\/pt\/"}]}},"_links":{"self":[{"href":"https:\/\/hotnewsinworld.com\/pt\/wp-json\/wp\/v2\/posts\/710","targetHints":{"allow":["GET"]}}],"collection":[{"href":"https:\/\/hotnewsinworld.com\/pt\/wp-json\/wp\/v2\/posts"}],"about":[{"href":"https:\/\/hotnewsinworld.com\/pt\/wp-json\/wp\/v2\/types\/post"}],"author":[{"embeddable":true,"href":"https:\/\/hotnewsinworld.com\/pt\/wp-json\/wp\/v2\/users\/2"}],"replies":[{"embeddable":true,"href":"https:\/\/hotnewsinworld.com\/pt\/wp-json\/wp\/v2\/comments?post=710"}],"version-history":[{"count":1,"href":"https:\/\/hotnewsinworld.com\/pt\/wp-json\/wp\/v2\/posts\/710\/revisions"}],"predecessor-version":[{"id":712,"href":"https:\/\/hotnewsinworld.com\/pt\/wp-json\/wp\/v2\/posts\/710\/revisions\/712"}],"wp:featuredmedia":[{"embeddable":true,"href":"https:\/\/hotnewsinworld.com\/pt\/wp-json\/wp\/v2\/media\/711"}],"wp:attachment":[{"href":"https:\/\/hotnewsinworld.com\/pt\/wp-json\/wp\/v2\/media?parent=710"}],"wp:term":[{"taxonomy":"category","embeddable":true,"href":"https:\/\/hotnewsinworld.com\/pt\/wp-json\/wp\/v2\/categories?post=710"},{"taxonomy":"post_tag","embeddable":true,"href":"https:\/\/hotnewsinworld.com\/pt\/wp-json\/wp\/v2\/tags?post=710"}],"curies":[{"name":"wp","href":"https:\/\/api.w.org\/{rel}","templated":true}]}}