{"id":754,"date":"2019-07-19T17:38:29","date_gmt":"2019-07-19T14:38:29","guid":{"rendered":"https:\/\/hotnewsinworld.com\/pt\/procon-notifica-apple-e-google-por-aplicativo-faceapp\/"},"modified":"2020-03-03T18:44:00","modified_gmt":"2020-03-03T15:44:00","slug":"procon-notifica-apple-e-google-por-aplicativo-faceapp","status":"publish","type":"post","link":"https:\/\/hotnewsinworld.com\/pt\/procon-notifica-apple-e-google-por-aplicativo-faceapp\/","title":{"rendered":"Procon notifica Apple e Google por aplicativo FaceApp"},"content":{"rendered":"<p>A Funda\u00e7\u00e3o Procon de S\u00e3o Paulo notificou na quinta-feira (18) o aplicativo <strong>FaceApp<\/strong> e as empresas <strong>Apple<\/strong> e <strong>Google<\/strong>, propriet\u00e1rias das lojas virtuais que disponibilizam o aplicativo. De acordo com o Procon, as empresas dever\u00e3o esclarecer a a pol\u00edticas de coleta, armazenamento e uso dos dados dos consumidores que utilizam o aplicativo de celular.<\/p>\n<p>\u201cInforma\u00e7\u00f5es divulgadas na imprensa afirmam que a licen\u00e7a para uso do aplicativo cont\u00e9m cl\u00e1usula que autoriza a empresa a coletar e compartilhar imagens e dados do consumidor, sem explicar de que forma, por quanto tempo e como ser\u00e3o usados. E ainda, essas permiss\u00f5es n\u00e3o est\u00e3o dispon\u00edveis em l\u00edngua portuguesa\u201d, destacou a entidade em nota.<\/p>\n<p>O FaceApp, dispon\u00edvel nas lojas de aplicativos Play Store (para o sistema operacional Android, da Google) e Apple Store (para o sistema operacional iOS), virou febre nas redes sociais. O aplicativo faz edi\u00e7\u00e3o e aplica\u00e7\u00e3o de filtros em imagens, como a simula\u00e7\u00e3o das faces em idades mais avan\u00e7adas ou em outros g\u00eaneros.<\/p>\n<p>O programa \u00e9 anunciado como uma ferramenta para melhorar fotos e criar simula\u00e7\u00f5es por meio de filtros. Especialistas apontam que o aplicativo pode trazer uma s\u00e9rie de riscos \u00e0 privacidade do usu\u00e1rio e viola a legisla\u00e7\u00e3o brasileira ao afirmar que poder\u00e1 ser regido por leis de outros pa\u00edses.<\/p>\n<p><\/p>\n<p><a href=\"https:\/\/itmidia.com\/procon-notifica-apple-e-google-por-aplicativo-faceapp\/\">Source link <\/a><\/p>\n","protected":false},"excerpt":{"rendered":"<p>A Funda\u00e7\u00e3o Procon de S\u00e3o Paulo notificou na quinta-feira (18) o aplicativo FaceApp e as empresas Apple e Google, propriet\u00e1rias das lojas virtuais que disponibilizam o aplicativo. De acordo com o Procon, as empresas dever\u00e3o esclarecer a a pol\u00edticas de coleta, armazenamento e uso dos dados dos consumidores que utilizam o aplicativo de celular. \u201cInforma\u00e7\u00f5es [&hellip;]<\/p>\n","protected":false},"author":2,"featured_media":755,"comment_status":"open","ping_status":"open","sticky":false,"template":"","format":"standard","meta":{"footnotes":""},"categories":[3],"tags":[],"class_list":["post-754","post","type-post","status-publish","format-standard","has-post-thumbnail","hentry","category-noticias-da-midia-social"],"yoast_head":"<!-- This site is optimized with the Yoast SEO plugin v27.4 - https:\/\/yoast.com\/product\/yoast-seo-wordpress\/ -->\n<title>Procon notifica Apple e Google por aplicativo FaceApp - Hot News in World<\/title>\n<meta name=\"robots\" content=\"index, follow, max-snippet:-1, max-image-preview:large, max-video-preview:-1\" \/>\n<link rel=\"canonical\" href=\"https:\/\/hotnewsinworld.com\/pt\/procon-notifica-apple-e-google-por-aplicativo-faceapp\/\" \/>\n<meta property=\"og:locale\" content=\"pt_PT\" \/>\n<meta property=\"og:type\" content=\"article\" \/>\n<meta property=\"og:title\" content=\"Procon notifica Apple e Google por aplicativo FaceApp - Hot News in World\" \/>\n<meta property=\"og:description\" content=\"A Funda\u00e7\u00e3o Procon de S\u00e3o Paulo notificou na quinta-feira (18) o aplicativo FaceApp e as empresas Apple e Google, propriet\u00e1rias das lojas virtuais que disponibilizam o aplicativo. De acordo com o Procon, as empresas dever\u00e3o esclarecer a a pol\u00edticas de coleta, armazenamento e uso dos dados dos consumidores que utilizam o aplicativo de celular. \u201cInforma\u00e7\u00f5es [&hellip;]\" \/>\n<meta property=\"og:url\" content=\"https:\/\/hotnewsinworld.com\/pt\/procon-notifica-apple-e-google-por-aplicativo-faceapp\/\" \/>\n<meta property=\"og:site_name\" content=\"Hot News in World\" \/>\n<meta property=\"article:published_time\" content=\"2019-07-19T14:38:29+00:00\" \/>\n<meta property=\"article:modified_time\" content=\"2020-03-03T15:44:00+00:00\" \/>\n<meta property=\"og:image\" content=\"https:\/\/hotnewsinworld.com\/pt\/wp-content\/uploads\/sites\/2\/2019\/07\/Procon-notifica-Apple-e-Google-por-aplicativo-FaceApp.jpg\" \/>\n\t<meta property=\"og:image:width\" content=\"952\" \/>\n\t<meta property=\"og:image:height\" content=\"453\" \/>\n\t<meta property=\"og:image:type\" content=\"image\/jpeg\" \/>\n<meta name=\"author\" content=\"hotnewsinworld\" \/>\n<meta name=\"twitter:card\" content=\"summary_large_image\" \/>\n<meta name=\"twitter:label1\" content=\"Escrito por\" \/>\n\t<meta name=\"twitter:data1\" content=\"hotnewsinworld\" \/>\n\t<meta name=\"twitter:label2\" content=\"Tempo estimado de leitura\" \/>\n\t<meta name=\"twitter:data2\" content=\"1 minuto\" \/>\n<script type=\"application\/ld+json\" class=\"yoast-schema-graph\">{\"@context\":\"https:\\\/\\\/schema.org\",\"@graph\":[{\"@type\":\"Article\",\"@id\":\"https:\\\/\\\/hotnewsinworld.com\\\/pt\\\/procon-notifica-apple-e-google-por-aplicativo-faceapp\\\/#article\",\"isPartOf\":{\"@id\":\"https:\\\/\\\/hotnewsinworld.com\\\/pt\\\/procon-notifica-apple-e-google-por-aplicativo-faceapp\\\/\"},\"author\":{\"name\":\"hotnewsinworld\",\"@id\":\"https:\\\/\\\/hotnewsinworld.com\\\/pt\\\/#\\\/schema\\\/person\\\/fe61448b21c0d59086e75fcc1f9d8f6b\"},\"headline\":\"Procon notifica Apple e Google por aplicativo FaceApp\",\"datePublished\":\"2019-07-19T14:38:29+00:00\",\"dateModified\":\"2020-03-03T15:44:00+00:00\",\"mainEntityOfPage\":{\"@id\":\"https:\\\/\\\/hotnewsinworld.com\\\/pt\\\/procon-notifica-apple-e-google-por-aplicativo-faceapp\\\/\"},\"wordCount\":241,\"commentCount\":0,\"image\":{\"@id\":\"https:\\\/\\\/hotnewsinworld.com\\\/pt\\\/procon-notifica-apple-e-google-por-aplicativo-faceapp\\\/#primaryimage\"},\"thumbnailUrl\":\"https:\\\/\\\/hotnewsinworld.com\\\/pt\\\/wp-content\\\/uploads\\\/sites\\\/2\\\/2019\\\/07\\\/Procon-notifica-Apple-e-Google-por-aplicativo-FaceApp.jpg\",\"articleSection\":[\"NOT\u00cdCIAS DA M\u00cdDIA SOCIAL\"],\"inLanguage\":\"pt-PT\",\"potentialAction\":[{\"@type\":\"CommentAction\",\"name\":\"Comment\",\"target\":[\"https:\\\/\\\/hotnewsinworld.com\\\/pt\\\/procon-notifica-apple-e-google-por-aplicativo-faceapp\\\/#respond\"]}]},{\"@type\":\"WebPage\",\"@id\":\"https:\\\/\\\/hotnewsinworld.com\\\/pt\\\/procon-notifica-apple-e-google-por-aplicativo-faceapp\\\/\",\"url\":\"https:\\\/\\\/hotnewsinworld.com\\\/pt\\\/procon-notifica-apple-e-google-por-aplicativo-faceapp\\\/\",\"name\":\"Procon notifica Apple e Google por aplicativo FaceApp - Hot News in World\",\"isPartOf\":{\"@id\":\"https:\\\/\\\/hotnewsinworld.com\\\/pt\\\/#website\"},\"primaryImageOfPage\":{\"@id\":\"https:\\\/\\\/hotnewsinworld.com\\\/pt\\\/procon-notifica-apple-e-google-por-aplicativo-faceapp\\\/#primaryimage\"},\"image\":{\"@id\":\"https:\\\/\\\/hotnewsinworld.com\\\/pt\\\/procon-notifica-apple-e-google-por-aplicativo-faceapp\\\/#primaryimage\"},\"thumbnailUrl\":\"https:\\\/\\\/hotnewsinworld.com\\\/pt\\\/wp-content\\\/uploads\\\/sites\\\/2\\\/2019\\\/07\\\/Procon-notifica-Apple-e-Google-por-aplicativo-FaceApp.jpg\",\"datePublished\":\"2019-07-19T14:38:29+00:00\",\"dateModified\":\"2020-03-03T15:44:00+00:00\",\"author\":{\"@id\":\"https:\\\/\\\/hotnewsinworld.com\\\/pt\\\/#\\\/schema\\\/person\\\/fe61448b21c0d59086e75fcc1f9d8f6b\"},\"breadcrumb\":{\"@id\":\"https:\\\/\\\/hotnewsinworld.com\\\/pt\\\/procon-notifica-apple-e-google-por-aplicativo-faceapp\\\/#breadcrumb\"},\"inLanguage\":\"pt-PT\",\"potentialAction\":[{\"@type\":\"ReadAction\",\"target\":[\"https:\\\/\\\/hotnewsinworld.com\\\/pt\\\/procon-notifica-apple-e-google-por-aplicativo-faceapp\\\/\"]}]},{\"@type\":\"ImageObject\",\"inLanguage\":\"pt-PT\",\"@id\":\"https:\\\/\\\/hotnewsinworld.com\\\/pt\\\/procon-notifica-apple-e-google-por-aplicativo-faceapp\\\/#primaryimage\",\"url\":\"https:\\\/\\\/hotnewsinworld.com\\\/pt\\\/wp-content\\\/uploads\\\/sites\\\/2\\\/2019\\\/07\\\/Procon-notifica-Apple-e-Google-por-aplicativo-FaceApp.jpg\",\"contentUrl\":\"https:\\\/\\\/hotnewsinworld.com\\\/pt\\\/wp-content\\\/uploads\\\/sites\\\/2\\\/2019\\\/07\\\/Procon-notifica-Apple-e-Google-por-aplicativo-FaceApp.jpg\",\"width\":952,\"height\":453,\"caption\":\"Procon notifica Apple e Google por aplicativo FaceApp\"},{\"@type\":\"BreadcrumbList\",\"@id\":\"https:\\\/\\\/hotnewsinworld.com\\\/pt\\\/procon-notifica-apple-e-google-por-aplicativo-faceapp\\\/#breadcrumb\",\"itemListElement\":[{\"@type\":\"ListItem\",\"position\":1,\"name\":\"\u0413\u043b\u0430\u0432\u043d\u0430\u044f \u0441\u0442\u0440\u0430\u043d\u0438\u0446\u0430\",\"item\":\"https:\\\/\\\/hotnewsinworld.com\\\/pt\\\/\"},{\"@type\":\"ListItem\",\"position\":2,\"name\":\"Procon notifica Apple e Google por aplicativo FaceApp\"}]},{\"@type\":\"WebSite\",\"@id\":\"https:\\\/\\\/hotnewsinworld.com\\\/pt\\\/#website\",\"url\":\"https:\\\/\\\/hotnewsinworld.com\\\/pt\\\/\",\"name\":\"Hot News in World\",\"description\":\"Hot News in World Portugal\",\"potentialAction\":[{\"@type\":\"SearchAction\",\"target\":{\"@type\":\"EntryPoint\",\"urlTemplate\":\"https:\\\/\\\/hotnewsinworld.com\\\/pt\\\/?s={search_term_string}\"},\"query-input\":{\"@type\":\"PropertyValueSpecification\",\"valueRequired\":true,\"valueName\":\"search_term_string\"}}],\"inLanguage\":\"pt-PT\"},{\"@type\":\"Person\",\"@id\":\"https:\\\/\\\/hotnewsinworld.com\\\/pt\\\/#\\\/schema\\\/person\\\/fe61448b21c0d59086e75fcc1f9d8f6b\",\"name\":\"hotnewsinworld\",\"image\":{\"@type\":\"ImageObject\",\"inLanguage\":\"pt-PT\",\"@id\":\"https:\\\/\\\/secure.gravatar.com\\\/avatar\\\/8a09ac165600ce2e1c38fe593c63928eb1e6e7ba5c5a907d67787c41b3d00c14?s=96&d=mm&r=g\",\"url\":\"https:\\\/\\\/secure.gravatar.com\\\/avatar\\\/8a09ac165600ce2e1c38fe593c63928eb1e6e7ba5c5a907d67787c41b3d00c14?s=96&d=mm&r=g\",\"contentUrl\":\"https:\\\/\\\/secure.gravatar.com\\\/avatar\\\/8a09ac165600ce2e1c38fe593c63928eb1e6e7ba5c5a907d67787c41b3d00c14?s=96&d=mm&r=g\",\"caption\":\"hotnewsinworld\"},\"url\":\"https:\\\/\\\/hotnewsinworld.com\\\/pt\\\/author\\\/pt\\\/\"}]}<\/script>\n<!-- \/ Yoast SEO plugin. -->","yoast_head_json":{"title":"Procon notifica Apple e Google por aplicativo FaceApp - Hot News in World","robots":{"index":"index","follow":"follow","max-snippet":"max-snippet:-1","max-image-preview":"max-image-preview:large","max-video-preview":"max-video-preview:-1"},"canonical":"https:\/\/hotnewsinworld.com\/pt\/procon-notifica-apple-e-google-por-aplicativo-faceapp\/","og_locale":"pt_PT","og_type":"article","og_title":"Procon notifica Apple e Google por aplicativo FaceApp - Hot News in World","og_description":"A Funda\u00e7\u00e3o Procon de S\u00e3o Paulo notificou na quinta-feira (18) o aplicativo FaceApp e as empresas Apple e Google, propriet\u00e1rias das lojas virtuais que disponibilizam o aplicativo. De acordo com o Procon, as empresas dever\u00e3o esclarecer a a pol\u00edticas de coleta, armazenamento e uso dos dados dos consumidores que utilizam o aplicativo de celular. \u201cInforma\u00e7\u00f5es [&hellip;]","og_url":"https:\/\/hotnewsinworld.com\/pt\/procon-notifica-apple-e-google-por-aplicativo-faceapp\/","og_site_name":"Hot News in World","article_published_time":"2019-07-19T14:38:29+00:00","article_modified_time":"2020-03-03T15:44:00+00:00","og_image":[{"width":952,"height":453,"url":"https:\/\/hotnewsinworld.com\/pt\/wp-content\/uploads\/sites\/2\/2019\/07\/Procon-notifica-Apple-e-Google-por-aplicativo-FaceApp.jpg","type":"image\/jpeg"}],"author":"hotnewsinworld","twitter_card":"summary_large_image","twitter_misc":{"Escrito por":"hotnewsinworld","Tempo estimado de leitura":"1 minuto"},"schema":{"@context":"https:\/\/schema.org","@graph":[{"@type":"Article","@id":"https:\/\/hotnewsinworld.com\/pt\/procon-notifica-apple-e-google-por-aplicativo-faceapp\/#article","isPartOf":{"@id":"https:\/\/hotnewsinworld.com\/pt\/procon-notifica-apple-e-google-por-aplicativo-faceapp\/"},"author":{"name":"hotnewsinworld","@id":"https:\/\/hotnewsinworld.com\/pt\/#\/schema\/person\/fe61448b21c0d59086e75fcc1f9d8f6b"},"headline":"Procon notifica Apple e Google por aplicativo FaceApp","datePublished":"2019-07-19T14:38:29+00:00","dateModified":"2020-03-03T15:44:00+00:00","mainEntityOfPage":{"@id":"https:\/\/hotnewsinworld.com\/pt\/procon-notifica-apple-e-google-por-aplicativo-faceapp\/"},"wordCount":241,"commentCount":0,"image":{"@id":"https:\/\/hotnewsinworld.com\/pt\/procon-notifica-apple-e-google-por-aplicativo-faceapp\/#primaryimage"},"thumbnailUrl":"https:\/\/hotnewsinworld.com\/pt\/wp-content\/uploads\/sites\/2\/2019\/07\/Procon-notifica-Apple-e-Google-por-aplicativo-FaceApp.jpg","articleSection":["NOT\u00cdCIAS DA M\u00cdDIA SOCIAL"],"inLanguage":"pt-PT","potentialAction":[{"@type":"CommentAction","name":"Comment","target":["https:\/\/hotnewsinworld.com\/pt\/procon-notifica-apple-e-google-por-aplicativo-faceapp\/#respond"]}]},{"@type":"WebPage","@id":"https:\/\/hotnewsinworld.com\/pt\/procon-notifica-apple-e-google-por-aplicativo-faceapp\/","url":"https:\/\/hotnewsinworld.com\/pt\/procon-notifica-apple-e-google-por-aplicativo-faceapp\/","name":"Procon notifica Apple e Google por aplicativo FaceApp - Hot News in World","isPartOf":{"@id":"https:\/\/hotnewsinworld.com\/pt\/#website"},"primaryImageOfPage":{"@id":"https:\/\/hotnewsinworld.com\/pt\/procon-notifica-apple-e-google-por-aplicativo-faceapp\/#primaryimage"},"image":{"@id":"https:\/\/hotnewsinworld.com\/pt\/procon-notifica-apple-e-google-por-aplicativo-faceapp\/#primaryimage"},"thumbnailUrl":"https:\/\/hotnewsinworld.com\/pt\/wp-content\/uploads\/sites\/2\/2019\/07\/Procon-notifica-Apple-e-Google-por-aplicativo-FaceApp.jpg","datePublished":"2019-07-19T14:38:29+00:00","dateModified":"2020-03-03T15:44:00+00:00","author":{"@id":"https:\/\/hotnewsinworld.com\/pt\/#\/schema\/person\/fe61448b21c0d59086e75fcc1f9d8f6b"},"breadcrumb":{"@id":"https:\/\/hotnewsinworld.com\/pt\/procon-notifica-apple-e-google-por-aplicativo-faceapp\/#breadcrumb"},"inLanguage":"pt-PT","potentialAction":[{"@type":"ReadAction","target":["https:\/\/hotnewsinworld.com\/pt\/procon-notifica-apple-e-google-por-aplicativo-faceapp\/"]}]},{"@type":"ImageObject","inLanguage":"pt-PT","@id":"https:\/\/hotnewsinworld.com\/pt\/procon-notifica-apple-e-google-por-aplicativo-faceapp\/#primaryimage","url":"https:\/\/hotnewsinworld.com\/pt\/wp-content\/uploads\/sites\/2\/2019\/07\/Procon-notifica-Apple-e-Google-por-aplicativo-FaceApp.jpg","contentUrl":"https:\/\/hotnewsinworld.com\/pt\/wp-content\/uploads\/sites\/2\/2019\/07\/Procon-notifica-Apple-e-Google-por-aplicativo-FaceApp.jpg","width":952,"height":453,"caption":"Procon notifica Apple e Google por aplicativo FaceApp"},{"@type":"BreadcrumbList","@id":"https:\/\/hotnewsinworld.com\/pt\/procon-notifica-apple-e-google-por-aplicativo-faceapp\/#breadcrumb","itemListElement":[{"@type":"ListItem","position":1,"name":"\u0413\u043b\u0430\u0432\u043d\u0430\u044f \u0441\u0442\u0440\u0430\u043d\u0438\u0446\u0430","item":"https:\/\/hotnewsinworld.com\/pt\/"},{"@type":"ListItem","position":2,"name":"Procon notifica Apple e Google por aplicativo FaceApp"}]},{"@type":"WebSite","@id":"https:\/\/hotnewsinworld.com\/pt\/#website","url":"https:\/\/hotnewsinworld.com\/pt\/","name":"Hot News in World","description":"Hot News in World Portugal","potentialAction":[{"@type":"SearchAction","target":{"@type":"EntryPoint","urlTemplate":"https:\/\/hotnewsinworld.com\/pt\/?s={search_term_string}"},"query-input":{"@type":"PropertyValueSpecification","valueRequired":true,"valueName":"search_term_string"}}],"inLanguage":"pt-PT"},{"@type":"Person","@id":"https:\/\/hotnewsinworld.com\/pt\/#\/schema\/person\/fe61448b21c0d59086e75fcc1f9d8f6b","name":"hotnewsinworld","image":{"@type":"ImageObject","inLanguage":"pt-PT","@id":"https:\/\/secure.gravatar.com\/avatar\/8a09ac165600ce2e1c38fe593c63928eb1e6e7ba5c5a907d67787c41b3d00c14?s=96&d=mm&r=g","url":"https:\/\/secure.gravatar.com\/avatar\/8a09ac165600ce2e1c38fe593c63928eb1e6e7ba5c5a907d67787c41b3d00c14?s=96&d=mm&r=g","contentUrl":"https:\/\/secure.gravatar.com\/avatar\/8a09ac165600ce2e1c38fe593c63928eb1e6e7ba5c5a907d67787c41b3d00c14?s=96&d=mm&r=g","caption":"hotnewsinworld"},"url":"https:\/\/hotnewsinworld.com\/pt\/author\/pt\/"}]}},"_links":{"self":[{"href":"https:\/\/hotnewsinworld.com\/pt\/wp-json\/wp\/v2\/posts\/754","targetHints":{"allow":["GET"]}}],"collection":[{"href":"https:\/\/hotnewsinworld.com\/pt\/wp-json\/wp\/v2\/posts"}],"about":[{"href":"https:\/\/hotnewsinworld.com\/pt\/wp-json\/wp\/v2\/types\/post"}],"author":[{"embeddable":true,"href":"https:\/\/hotnewsinworld.com\/pt\/wp-json\/wp\/v2\/users\/2"}],"replies":[{"embeddable":true,"href":"https:\/\/hotnewsinworld.com\/pt\/wp-json\/wp\/v2\/comments?post=754"}],"version-history":[{"count":2,"href":"https:\/\/hotnewsinworld.com\/pt\/wp-json\/wp\/v2\/posts\/754\/revisions"}],"predecessor-version":[{"id":2164,"href":"https:\/\/hotnewsinworld.com\/pt\/wp-json\/wp\/v2\/posts\/754\/revisions\/2164"}],"wp:featuredmedia":[{"embeddable":true,"href":"https:\/\/hotnewsinworld.com\/pt\/wp-json\/wp\/v2\/media\/755"}],"wp:attachment":[{"href":"https:\/\/hotnewsinworld.com\/pt\/wp-json\/wp\/v2\/media?parent=754"}],"wp:term":[{"taxonomy":"category","embeddable":true,"href":"https:\/\/hotnewsinworld.com\/pt\/wp-json\/wp\/v2\/categories?post=754"},{"taxonomy":"post_tag","embeddable":true,"href":"https:\/\/hotnewsinworld.com\/pt\/wp-json\/wp\/v2\/tags?post=754"}],"curies":[{"name":"wp","href":"https:\/\/api.w.org\/{rel}","templated":true}]}}